{"id":5927,"date":"2020-12-09T00:00:00","date_gmt":"2020-12-08T23:00:00","guid":{"rendered":"https:\/\/www.monlau.com\/formacion-profesional\/quieres-estudiar-la-fp-de-informatica-pero-no-sabes-donde\/"},"modified":"2020-12-09T00:00:00","modified_gmt":"2020-12-08T23:00:00","slug":"quieres-estudiar-la-fp-de-informatica-pero-no-sabes-donde","status":"publish","type":"post","link":"https:\/\/www.monlau.com\/fp\/2020\/12\/09\/quieres-estudiar-la-fp-de-informatica-pero-no-sabes-donde\/","title":{"rendered":"\u00bfQuieres estudiar la FP de inform\u00e1tica pero no sabes d\u00f3nde?"},"content":{"rendered":"<h1>\u00bfQuieres aprender de verdad una profesi\u00f3n para mejorar tu futuro laboral?<\/h1>\n<p>En Monlau puedes estudiar la FP Inform\u00e1tica tanto de grado medio como de Grado Superior en el\u00a0 <a href=\"https:\/\/www.monlau.com\/formacio-professional\/area-informatica\/\">sector.<\/a><br \/>\nEn Grado Medio entra<a href=\"https:\/\/www.monlau.com\/formacio-professional\/project\/grado-medio-sistemas-microinformaticos-redes-smx\/\"> Sistemas Microinform\u00e1ticos y Redes (SMX)<\/a> y en Grado superior tenemos <a href=\"https:\/\/www.monlau.com\/formacio-professional\/project\/grado-superior-adminsitracion-sistemas-informaticos-redes-asix\/\">Administraci\u00f3n de Sistemas Inform\u00e1ticos<\/a> <a href=\"https:\/\/www.monlau.com\/formacio-professional\/project\/grado-superior-adminsitracion-sistemas-informaticos-redes-asix\/\">y Redes (ASIX)<\/a> y el Grado Superior en<a href=\"https:\/\/www.monlau.com\/formacio-professional\/project\/grado-superior-desarrollo-aplicaciones-multiplataforma-dam\/\"> Desarrollo de<\/a> <a href=\"https:\/\/www.monlau.com\/formacio-professional\/project\/grado-superior-desarrollo-aplicaciones-multiplataforma-dam\/\">Aplicaciones Multiplataforma.<\/a><\/p>\n<p>Todo esto en modalidad tan presencial como en l\u00ednea a trav\u00e9s de <strong>Linkia FP.<\/strong><\/p>\n<h2><strong>\u00bfY por qu\u00e9 estudiar FP Inform\u00e1tica en Monlau?<\/strong><\/h2>\n<p>Ofrecemos un enfoque muy pr\u00e1ctico y talleres de hardware, en las aulas del centro y con las empresas con las que contamos.<\/p>\n<p>Adem\u00e1s, somos una de las pocas instituciones que cuentan con el apoyo de <a href=\"https:\/\/www.microsoft.com\/en-us\/education\/school-leaders\/showcase-schools\">Microsoft como<\/a> <a href=\"https:\/\/www.microsoft.com\/en-us\/education\/school-leaders\/showcase-schools\">Showcase School<\/a> cosa que demuestra el buen uso que hacemos de las TIC dentro de la educaci\u00f3n.<\/p>\n<p><strong>Los cambios tecnol\u00f3gicos son el motor de la innovaci\u00f3n<\/strong> y por eso queremos formar a personas que puedan adquirir unas competencias profesionales que de verdad sirvan para tener un buen futuro laboral al sector.<\/p>\n<p>Contar con un enfoque pr\u00e1ctico es muy importante puesto que, el aprendizaje por exploraci\u00f3n o por descubrimiento se basa en que el alumno asimile los conocimientos a partir de una exploraci\u00f3n activa. <strong>Este enfoque metodol\u00f3gico convierte la transmisi\u00f3n de informaci\u00f3n y contenidos del profesor al alumno en un proceso en que el alumno es el protagonista y tiene que encontrar las respuestas para construir su propio aprendizaje.<\/strong><\/p>\n<p>Desde peque\u00f1os aprendemos por exploraci\u00f3n, un proceso esencial en nuestro desarrollo cognitivo. Nos enfrentamos a los elementos que nos rodean y a las actividades que tenemos que llevar a cabo haciendo preguntas y utilizando descubrimiento, experiencia, el ensayo y error para responderlos.<\/p>\n<h3><strong>Ventajas de estudiar FP Inform\u00e1tica de forma pr\u00e1ctica<\/strong><\/h3>\n<p>Estas son algunas de las ventajas de utilizar<strong> la pr\u00e1ctica en la Formaci\u00f3n Profesional:<\/strong><br \/>\n1. Esta manera de hacerlo resulta m\u00e1s motivadora porque aprovecha la curiosidad y los intereses que tienen los alumnos a explorar.<br \/>\n2. <strong>Enriquece el proceso de ense\u00f1anza-aprendizaje y los conocimientos adquiridos.<\/strong> El conocimiento asimilado a trav\u00e9s del aprendizaje de descubrimiento es mucho m\u00e1s rico, m\u00e1s eficaz y m\u00e1s profundo que los transmitidos al estudiante de una manera unidireccional y pasiva.<br \/>\n3. Trabajar la competencia para <strong>aprender a aprender<\/strong> y no solo estudiar para aprobar.<br \/>\n4. Aprovecha el potencial educativo de las TIC. Una de las \u00e1reas m\u00e1s interesantes en que se puede desarrollar el aprendizaje de exploraci\u00f3n son las TIC e Internet. El estudiante puede aprovechar todas las posibilidades que ofrecen los nuevos dispositivos, las nuevas herramientas tecnol\u00f3gicas y, con seguridad y est\u00e1ndares b\u00e1sicos, construir sus conocimientos conectados y en l\u00ednea.<br \/>\n5. Promueve el aprendizaje a lo largo de la vida. El aprendizaje de descubrimientos proporciona a los estudiantes herramientas para investigar, interesarse y prepararse sobre cualquier tema. Es una manera muy valiosa de <strong>afrontar el aprendizaje<\/strong> que crea h\u00e1bitos que tus alumnos podr\u00e1n seguir implementando no solo en la etapa educativa sino a lo largo de su vida, en el \u00e1mbito personal y profesional.<\/p>\n<p>Una vez finalizados los estudios superiores, Monlau ofrece el optar a hacer un m\u00e1ster oficial en<a href=\"https:\/\/www.monlau.com\/formacio-professional\/project\/curso-de-especializacion-de-ciberseguridad-en-entornos-de-las-tecnologias-de-la-informacion-ceti\/\"> Ciberseguridad<\/a>. Tambi\u00e9n disponemos en la actualidad del <a href=\"https:\/\/www.monlau.com\/formacio-professional\/cursos\/master-desarrollo-videojuegos-realidad-virtual-barcelona\/\">m\u00e1ster de Videojuegos y Realidad Virtual<\/a>, y del <a href=\"https:\/\/www.monlau.com\/formacio-professional\/project\/ce-inteligencia-artificial-big-data\/\">m\u00e1ster en Inteligencia Artificial y Big Data<\/a>.<\/p>\n<p><strong>En Monlau no somos un punto y final, sino el pistoletazo de salida para hacer de los aprendizajes i el conocimiento, un est\u00edmulo que nos acompa\u00f1e durante el resto de nuestras vidas.<\/strong><\/p>\n","protected":false},"excerpt":{"rendered":"<p>\u00bfQuieres aprender de verdad una profesi\u00f3n para mejorar tu futuro laboral? En Monlau puedes estudiar la FP Inform\u00e1tica tanto de grado medio como de Grado Superior en el\u00a0 sector. En Grado Medio entra Sistemas Microinform\u00e1ticos y Redes (SMX) y en Grado superior tenemos Administraci\u00f3n de Sistemas Inform\u00e1ticos y Redes (ASIX) y el Grado Superior en [&hellip;]<\/p>\n","protected":false},"author":1,"featured_media":3422,"comment_status":"closed","ping_status":"closed","sticky":false,"template":"","format":"standard","meta":{"footnotes":""},"categories":[38],"tags":[53,54,176,49,84],"class_list":["post-5927","post","type-post","status-publish","format-standard","has-post-thumbnail","hentry","category-informatica","tag-asix","tag-dam","tag-estudios-profesionales","tag-formacion-profesional","tag-smx"],"yoast_head":"<!-- This site is optimized with the Yoast SEO plugin v27.2 - https:\/\/yoast.com\/product\/yoast-seo-wordpress\/ -->\n<title>\u00bfQuieres estudiar la FP de inform\u00e1tica pero no sabes d\u00f3nde? - Formaci\u00f3n profesional<\/title>\n<meta name=\"robots\" content=\"index, follow, max-snippet:-1, max-image-preview:large, max-video-preview:-1\" \/>\n<link rel=\"canonical\" href=\"https:\/\/www.monlau.com\/fp\/2020\/12\/09\/quieres-estudiar-la-fp-de-informatica-pero-no-sabes-donde\/\" \/>\n<meta property=\"og:locale\" content=\"es_ES\" \/>\n<meta property=\"og:type\" content=\"article\" \/>\n<meta property=\"og:title\" content=\"\u00bfQuieres estudiar la FP de inform\u00e1tica pero no sabes d\u00f3nde? - Formaci\u00f3n profesional\" \/>\n<meta property=\"og:description\" content=\"\u00bfQuieres aprender de verdad una profesi\u00f3n para mejorar tu futuro laboral? En Monlau puedes estudiar la FP Inform\u00e1tica tanto de grado medio como de Grado Superior en el\u00a0 sector. En Grado Medio entra Sistemas Microinform\u00e1ticos y Redes (SMX) y en Grado superior tenemos Administraci\u00f3n de Sistemas Inform\u00e1ticos y Redes (ASIX) y el Grado Superior en [&hellip;]\" \/>\n<meta property=\"og:url\" content=\"https:\/\/www.monlau.com\/fp\/2020\/12\/09\/quieres-estudiar-la-fp-de-informatica-pero-no-sabes-donde\/\" \/>\n<meta property=\"og:site_name\" content=\"Formaci\u00f3n profesional\" \/>\n<meta property=\"article:published_time\" content=\"2020-12-08T23:00:00+00:00\" \/>\n<meta property=\"og:image\" content=\"https:\/\/www.monlau.com\/app\/uploads\/sites\/3\/2026\/03\/20230224_082642250_iOS-scaled.jpg\" \/>\n\t<meta property=\"og:image:width\" content=\"2560\" \/>\n\t<meta property=\"og:image:height\" content=\"1920\" \/>\n\t<meta property=\"og:image:type\" content=\"image\/jpeg\" \/>\n<meta name=\"author\" content=\"adsmurai\" \/>\n<meta name=\"twitter:card\" content=\"summary_large_image\" \/>\n<meta name=\"twitter:label1\" content=\"Escrito por\" \/>\n\t<meta name=\"twitter:data1\" content=\"adsmurai\" \/>\n\t<meta name=\"twitter:label2\" content=\"Tiempo de lectura\" \/>\n\t<meta name=\"twitter:data2\" content=\"3 minutos\" \/>\n<script type=\"application\/ld+json\" class=\"yoast-schema-graph\">{\"@context\":\"https:\/\/schema.org\",\"@graph\":[{\"@type\":\"Article\",\"@id\":\"https:\/\/www.monlau.com\/fp\/2020\/12\/09\/quieres-estudiar-la-fp-de-informatica-pero-no-sabes-donde\/#article\",\"isPartOf\":{\"@id\":\"https:\/\/www.monlau.com\/fp\/2020\/12\/09\/quieres-estudiar-la-fp-de-informatica-pero-no-sabes-donde\/\"},\"author\":{\"name\":\"adsmurai\",\"@id\":\"https:\/\/www.monlau.com\/fp\/#\/schema\/person\/419cfdf054323e24e0a2ef1d8597f051\"},\"headline\":\"\u00bfQuieres estudiar la FP de inform\u00e1tica pero no sabes d\u00f3nde?\",\"datePublished\":\"2020-12-08T23:00:00+00:00\",\"mainEntityOfPage\":{\"@id\":\"https:\/\/www.monlau.com\/fp\/2020\/12\/09\/quieres-estudiar-la-fp-de-informatica-pero-no-sabes-donde\/\"},\"wordCount\":617,\"publisher\":{\"@id\":\"https:\/\/www.monlau.com\/fp\/#organization\"},\"image\":{\"@id\":\"https:\/\/www.monlau.com\/fp\/2020\/12\/09\/quieres-estudiar-la-fp-de-informatica-pero-no-sabes-donde\/#primaryimage\"},\"thumbnailUrl\":\"https:\/\/www.monlau.com\/app\/uploads\/sites\/3\/2026\/03\/20230224_082642250_iOS-scaled.jpg\",\"keywords\":[\"ASIX\",\"DAM\",\"estudios profesionales\",\"formaci\u00f3n profesional\",\"SMX\"],\"articleSection\":[\"Inform\u00e1tica\"],\"inLanguage\":\"es\"},{\"@type\":\"WebPage\",\"@id\":\"https:\/\/www.monlau.com\/fp\/2020\/12\/09\/quieres-estudiar-la-fp-de-informatica-pero-no-sabes-donde\/\",\"url\":\"https:\/\/www.monlau.com\/fp\/2020\/12\/09\/quieres-estudiar-la-fp-de-informatica-pero-no-sabes-donde\/\",\"name\":\"\u00bfQuieres estudiar la FP de inform\u00e1tica pero no sabes d\u00f3nde? - Formaci\u00f3n profesional\",\"isPartOf\":{\"@id\":\"https:\/\/www.monlau.com\/fp\/#website\"},\"primaryImageOfPage\":{\"@id\":\"https:\/\/www.monlau.com\/fp\/2020\/12\/09\/quieres-estudiar-la-fp-de-informatica-pero-no-sabes-donde\/#primaryimage\"},\"image\":{\"@id\":\"https:\/\/www.monlau.com\/fp\/2020\/12\/09\/quieres-estudiar-la-fp-de-informatica-pero-no-sabes-donde\/#primaryimage\"},\"thumbnailUrl\":\"https:\/\/www.monlau.com\/app\/uploads\/sites\/3\/2026\/03\/20230224_082642250_iOS-scaled.jpg\",\"datePublished\":\"2020-12-08T23:00:00+00:00\",\"breadcrumb\":{\"@id\":\"https:\/\/www.monlau.com\/fp\/2020\/12\/09\/quieres-estudiar-la-fp-de-informatica-pero-no-sabes-donde\/#breadcrumb\"},\"inLanguage\":\"es\",\"potentialAction\":[{\"@type\":\"ReadAction\",\"target\":[\"https:\/\/www.monlau.com\/fp\/2020\/12\/09\/quieres-estudiar-la-fp-de-informatica-pero-no-sabes-donde\/\"]}]},{\"@type\":\"ImageObject\",\"inLanguage\":\"es\",\"@id\":\"https:\/\/www.monlau.com\/fp\/2020\/12\/09\/quieres-estudiar-la-fp-de-informatica-pero-no-sabes-donde\/#primaryimage\",\"url\":\"https:\/\/www.monlau.com\/app\/uploads\/sites\/3\/2026\/03\/20230224_082642250_iOS-scaled.jpg\",\"contentUrl\":\"https:\/\/www.monlau.com\/app\/uploads\/sites\/3\/2026\/03\/20230224_082642250_iOS-scaled.jpg\",\"width\":2560,\"height\":1920},{\"@type\":\"BreadcrumbList\",\"@id\":\"https:\/\/www.monlau.com\/fp\/2020\/12\/09\/quieres-estudiar-la-fp-de-informatica-pero-no-sabes-donde\/#breadcrumb\",\"itemListElement\":[{\"@type\":\"ListItem\",\"position\":1,\"name\":\"Portada\",\"item\":\"https:\/\/www.monlau.com\/fp\/\"},{\"@type\":\"ListItem\",\"position\":2,\"name\":\"\u00bfQuieres estudiar la FP de inform\u00e1tica pero no sabes d\u00f3nde?\"}]},{\"@type\":\"WebSite\",\"@id\":\"https:\/\/www.monlau.com\/fp\/#website\",\"url\":\"https:\/\/www.monlau.com\/fp\/\",\"name\":\"Formaci\u00f3n profesional\",\"description\":\"Monlau\",\"publisher\":{\"@id\":\"https:\/\/www.monlau.com\/fp\/#organization\"},\"potentialAction\":[{\"@type\":\"SearchAction\",\"target\":{\"@type\":\"EntryPoint\",\"urlTemplate\":\"https:\/\/www.monlau.com\/fp\/?s={search_term_string}\"},\"query-input\":{\"@type\":\"PropertyValueSpecification\",\"valueRequired\":true,\"valueName\":\"search_term_string\"}}],\"inLanguage\":\"es\"},{\"@type\":\"Organization\",\"@id\":\"https:\/\/www.monlau.com\/fp\/#organization\",\"name\":\"Formaci\u00f3n profesional\",\"url\":\"https:\/\/www.monlau.com\/fp\/\",\"logo\":{\"@type\":\"ImageObject\",\"inLanguage\":\"es\",\"@id\":\"https:\/\/www.monlau.com\/fp\/#\/schema\/logo\/image\/\",\"url\":\"https:\/\/www.monlau.com\/app\/uploads\/sites\/3\/2026\/01\/fp.png\",\"contentUrl\":\"https:\/\/www.monlau.com\/app\/uploads\/sites\/3\/2026\/01\/fp.png\",\"width\":1024,\"height\":878,\"caption\":\"Formaci\u00f3n profesional\"},\"image\":{\"@id\":\"https:\/\/www.monlau.com\/fp\/#\/schema\/logo\/image\/\"}},{\"@type\":\"Person\",\"@id\":\"https:\/\/www.monlau.com\/fp\/#\/schema\/person\/419cfdf054323e24e0a2ef1d8597f051\",\"name\":\"adsmurai\",\"image\":{\"@type\":\"ImageObject\",\"inLanguage\":\"es\",\"@id\":\"https:\/\/secure.gravatar.com\/avatar\/0748788578f91786454454fa3b4c295644edb991ad6caadc70b41d26790d38fc?s=96&d=mm&r=g\",\"url\":\"https:\/\/secure.gravatar.com\/avatar\/0748788578f91786454454fa3b4c295644edb991ad6caadc70b41d26790d38fc?s=96&d=mm&r=g\",\"contentUrl\":\"https:\/\/secure.gravatar.com\/avatar\/0748788578f91786454454fa3b4c295644edb991ad6caadc70b41d26790d38fc?s=96&d=mm&r=g\",\"caption\":\"adsmurai\"},\"sameAs\":[\"https:\/\/www.monlau.com\"],\"url\":\"https:\/\/www.monlau.com\/fp\/author\/adsmurai\/\"}]}<\/script>\n<!-- \/ Yoast SEO plugin. -->","yoast_head_json":{"title":"\u00bfQuieres estudiar la FP de inform\u00e1tica pero no sabes d\u00f3nde? - Formaci\u00f3n profesional","robots":{"index":"index","follow":"follow","max-snippet":"max-snippet:-1","max-image-preview":"max-image-preview:large","max-video-preview":"max-video-preview:-1"},"canonical":"https:\/\/www.monlau.com\/fp\/2020\/12\/09\/quieres-estudiar-la-fp-de-informatica-pero-no-sabes-donde\/","og_locale":"es_ES","og_type":"article","og_title":"\u00bfQuieres estudiar la FP de inform\u00e1tica pero no sabes d\u00f3nde? - Formaci\u00f3n profesional","og_description":"\u00bfQuieres aprender de verdad una profesi\u00f3n para mejorar tu futuro laboral? En Monlau puedes estudiar la FP Inform\u00e1tica tanto de grado medio como de Grado Superior en el\u00a0 sector. En Grado Medio entra Sistemas Microinform\u00e1ticos y Redes (SMX) y en Grado superior tenemos Administraci\u00f3n de Sistemas Inform\u00e1ticos y Redes (ASIX) y el Grado Superior en [&hellip;]","og_url":"https:\/\/www.monlau.com\/fp\/2020\/12\/09\/quieres-estudiar-la-fp-de-informatica-pero-no-sabes-donde\/","og_site_name":"Formaci\u00f3n profesional","article_published_time":"2020-12-08T23:00:00+00:00","og_image":[{"width":2560,"height":1920,"url":"https:\/\/www.monlau.com\/app\/uploads\/sites\/3\/2026\/03\/20230224_082642250_iOS-scaled.jpg","type":"image\/jpeg"}],"author":"adsmurai","twitter_card":"summary_large_image","twitter_misc":{"Escrito por":"adsmurai","Tiempo de lectura":"3 minutos"},"schema":{"@context":"https:\/\/schema.org","@graph":[{"@type":"Article","@id":"https:\/\/www.monlau.com\/fp\/2020\/12\/09\/quieres-estudiar-la-fp-de-informatica-pero-no-sabes-donde\/#article","isPartOf":{"@id":"https:\/\/www.monlau.com\/fp\/2020\/12\/09\/quieres-estudiar-la-fp-de-informatica-pero-no-sabes-donde\/"},"author":{"name":"adsmurai","@id":"https:\/\/www.monlau.com\/fp\/#\/schema\/person\/419cfdf054323e24e0a2ef1d8597f051"},"headline":"\u00bfQuieres estudiar la FP de inform\u00e1tica pero no sabes d\u00f3nde?","datePublished":"2020-12-08T23:00:00+00:00","mainEntityOfPage":{"@id":"https:\/\/www.monlau.com\/fp\/2020\/12\/09\/quieres-estudiar-la-fp-de-informatica-pero-no-sabes-donde\/"},"wordCount":617,"publisher":{"@id":"https:\/\/www.monlau.com\/fp\/#organization"},"image":{"@id":"https:\/\/www.monlau.com\/fp\/2020\/12\/09\/quieres-estudiar-la-fp-de-informatica-pero-no-sabes-donde\/#primaryimage"},"thumbnailUrl":"https:\/\/www.monlau.com\/app\/uploads\/sites\/3\/2026\/03\/20230224_082642250_iOS-scaled.jpg","keywords":["ASIX","DAM","estudios profesionales","formaci\u00f3n profesional","SMX"],"articleSection":["Inform\u00e1tica"],"inLanguage":"es"},{"@type":"WebPage","@id":"https:\/\/www.monlau.com\/fp\/2020\/12\/09\/quieres-estudiar-la-fp-de-informatica-pero-no-sabes-donde\/","url":"https:\/\/www.monlau.com\/fp\/2020\/12\/09\/quieres-estudiar-la-fp-de-informatica-pero-no-sabes-donde\/","name":"\u00bfQuieres estudiar la FP de inform\u00e1tica pero no sabes d\u00f3nde? - Formaci\u00f3n profesional","isPartOf":{"@id":"https:\/\/www.monlau.com\/fp\/#website"},"primaryImageOfPage":{"@id":"https:\/\/www.monlau.com\/fp\/2020\/12\/09\/quieres-estudiar-la-fp-de-informatica-pero-no-sabes-donde\/#primaryimage"},"image":{"@id":"https:\/\/www.monlau.com\/fp\/2020\/12\/09\/quieres-estudiar-la-fp-de-informatica-pero-no-sabes-donde\/#primaryimage"},"thumbnailUrl":"https:\/\/www.monlau.com\/app\/uploads\/sites\/3\/2026\/03\/20230224_082642250_iOS-scaled.jpg","datePublished":"2020-12-08T23:00:00+00:00","breadcrumb":{"@id":"https:\/\/www.monlau.com\/fp\/2020\/12\/09\/quieres-estudiar-la-fp-de-informatica-pero-no-sabes-donde\/#breadcrumb"},"inLanguage":"es","potentialAction":[{"@type":"ReadAction","target":["https:\/\/www.monlau.com\/fp\/2020\/12\/09\/quieres-estudiar-la-fp-de-informatica-pero-no-sabes-donde\/"]}]},{"@type":"ImageObject","inLanguage":"es","@id":"https:\/\/www.monlau.com\/fp\/2020\/12\/09\/quieres-estudiar-la-fp-de-informatica-pero-no-sabes-donde\/#primaryimage","url":"https:\/\/www.monlau.com\/app\/uploads\/sites\/3\/2026\/03\/20230224_082642250_iOS-scaled.jpg","contentUrl":"https:\/\/www.monlau.com\/app\/uploads\/sites\/3\/2026\/03\/20230224_082642250_iOS-scaled.jpg","width":2560,"height":1920},{"@type":"BreadcrumbList","@id":"https:\/\/www.monlau.com\/fp\/2020\/12\/09\/quieres-estudiar-la-fp-de-informatica-pero-no-sabes-donde\/#breadcrumb","itemListElement":[{"@type":"ListItem","position":1,"name":"Portada","item":"https:\/\/www.monlau.com\/fp\/"},{"@type":"ListItem","position":2,"name":"\u00bfQuieres estudiar la FP de inform\u00e1tica pero no sabes d\u00f3nde?"}]},{"@type":"WebSite","@id":"https:\/\/www.monlau.com\/fp\/#website","url":"https:\/\/www.monlau.com\/fp\/","name":"Formaci\u00f3n profesional","description":"Monlau","publisher":{"@id":"https:\/\/www.monlau.com\/fp\/#organization"},"potentialAction":[{"@type":"SearchAction","target":{"@type":"EntryPoint","urlTemplate":"https:\/\/www.monlau.com\/fp\/?s={search_term_string}"},"query-input":{"@type":"PropertyValueSpecification","valueRequired":true,"valueName":"search_term_string"}}],"inLanguage":"es"},{"@type":"Organization","@id":"https:\/\/www.monlau.com\/fp\/#organization","name":"Formaci\u00f3n profesional","url":"https:\/\/www.monlau.com\/fp\/","logo":{"@type":"ImageObject","inLanguage":"es","@id":"https:\/\/www.monlau.com\/fp\/#\/schema\/logo\/image\/","url":"https:\/\/www.monlau.com\/app\/uploads\/sites\/3\/2026\/01\/fp.png","contentUrl":"https:\/\/www.monlau.com\/app\/uploads\/sites\/3\/2026\/01\/fp.png","width":1024,"height":878,"caption":"Formaci\u00f3n profesional"},"image":{"@id":"https:\/\/www.monlau.com\/fp\/#\/schema\/logo\/image\/"}},{"@type":"Person","@id":"https:\/\/www.monlau.com\/fp\/#\/schema\/person\/419cfdf054323e24e0a2ef1d8597f051","name":"adsmurai","image":{"@type":"ImageObject","inLanguage":"es","@id":"https:\/\/secure.gravatar.com\/avatar\/0748788578f91786454454fa3b4c295644edb991ad6caadc70b41d26790d38fc?s=96&d=mm&r=g","url":"https:\/\/secure.gravatar.com\/avatar\/0748788578f91786454454fa3b4c295644edb991ad6caadc70b41d26790d38fc?s=96&d=mm&r=g","contentUrl":"https:\/\/secure.gravatar.com\/avatar\/0748788578f91786454454fa3b4c295644edb991ad6caadc70b41d26790d38fc?s=96&d=mm&r=g","caption":"adsmurai"},"sameAs":["https:\/\/www.monlau.com"],"url":"https:\/\/www.monlau.com\/fp\/author\/adsmurai\/"}]}},"_links":{"self":[{"href":"https:\/\/www.monlau.com\/fp\/wp-json\/wp\/v2\/posts\/5927","targetHints":{"allow":["GET"]}}],"collection":[{"href":"https:\/\/www.monlau.com\/fp\/wp-json\/wp\/v2\/posts"}],"about":[{"href":"https:\/\/www.monlau.com\/fp\/wp-json\/wp\/v2\/types\/post"}],"author":[{"embeddable":true,"href":"https:\/\/www.monlau.com\/fp\/wp-json\/wp\/v2\/users\/1"}],"replies":[{"embeddable":true,"href":"https:\/\/www.monlau.com\/fp\/wp-json\/wp\/v2\/comments?post=5927"}],"version-history":[{"count":0,"href":"https:\/\/www.monlau.com\/fp\/wp-json\/wp\/v2\/posts\/5927\/revisions"}],"wp:featuredmedia":[{"embeddable":true,"href":"https:\/\/www.monlau.com\/fp\/wp-json\/wp\/v2\/media\/3422"}],"wp:attachment":[{"href":"https:\/\/www.monlau.com\/fp\/wp-json\/wp\/v2\/media?parent=5927"}],"wp:term":[{"taxonomy":"category","embeddable":true,"href":"https:\/\/www.monlau.com\/fp\/wp-json\/wp\/v2\/categories?post=5927"},{"taxonomy":"post_tag","embeddable":true,"href":"https:\/\/www.monlau.com\/fp\/wp-json\/wp\/v2\/tags?post=5927"}],"curies":[{"name":"wp","href":"https:\/\/api.w.org\/{rel}","templated":true}]}}