{"id":5926,"date":"2020-11-20T00:00:00","date_gmt":"2020-11-19T23:00:00","guid":{"rendered":"https:\/\/www.monlau.com\/formacion-profesional\/como-son-las-asignaturas-transversales-de-los-ciclos-de-automocion\/"},"modified":"2020-11-20T00:00:00","modified_gmt":"2020-11-19T23:00:00","slug":"como-son-las-asignaturas-transversales-de-los-ciclos-de-automocion","status":"publish","type":"post","link":"https:\/\/www.monlau.com\/fp\/2020\/11\/20\/como-son-las-asignaturas-transversales-de-los-ciclos-de-automocion\/","title":{"rendered":"\u00bfC\u00f3mo son las asignaturas transversales de los ciclos de Automoci\u00f3n?"},"content":{"rendered":"<p><span style=\"color: #000000\">En todos los <strong>ciclos de formaci\u00f3n profesional<\/strong> se incluyen <strong>asignaturas transversales<\/strong> que fomentan la formaci\u00f3n en centros de trabajo y prepara al alumnado para las diferentes situaciones que encontrar\u00e1n en el mundo laboral.<\/span><\/p>\n<p><span style=\"color: #000000\"><strong>Javier Loscos<\/strong>, profesor de estas asignaturas en el centro<strong> Monlau de la Maquinista<\/strong>, nos comenta en el video la importancia y los contenidos que se imparten en este tipo de clases. Tambi\u00e9n, nos cita varias salidas profesionales que ofrece el ciclo superior de automoci\u00f3n y la posibilidad de continuar form\u00e1ndose en diferentes \u00e1mbitos dentro de Monlau. <\/span><\/p>\n<p><span style=\"color: #000000\">Son estas por ejemplo, los nuevos <strong>posgrados de h\u00edbridos y el\u00e9ctricos, asesor comercial o asesor de servicio.<\/strong><\/span><\/p>\n<p><iframe title=\"C\u00d3MO SON LAS ASIGNATURAS TRANSVERSALES EN AUTOMOCI\u00d3N | MONLAU FP\" width=\"1200\" height=\"675\" src=\"https:\/\/www.youtube.com\/embed\/qIJq7sKDHxE?feature=oembed\" frameborder=\"0\" allow=\"accelerometer; autoplay; clipboard-write; encrypted-media; gyroscope; picture-in-picture; web-share\" referrerpolicy=\"strict-origin-when-cross-origin\" allowfullscreen><\/iframe><\/p>\n<p><span style=\"color: #000000\">En este tipo de asignaturas se trabaja la importancia disponer de <strong>un buen CV<\/strong> as\u00ed como preparar adecuadamente una entrevista de trabajo, cuestiones que se trabajan intensamente. <\/span><\/p>\n<p><span style=\"color: #000000\">Tambi\u00e9n, recomienda estar siempre en el d\u00eda de las noticias del sector de la automoci\u00f3n y las nuevas tendencias as\u00ed como disponer, no solo de un nivel de ingl\u00e9s alto, sino incluso de una segunda lengua que los ayudar\u00e1 a conseguir sus <strong>objetivos profesionales.<\/strong><\/span><\/p>\n","protected":false},"excerpt":{"rendered":"<p>En todos los ciclos de formaci\u00f3n profesional se incluyen asignaturas transversales que fomentan la formaci\u00f3n en centros de trabajo y prepara al alumnado para las diferentes situaciones que encontrar\u00e1n en el mundo laboral. Javier Loscos, profesor de estas asignaturas en el centro Monlau de la Maquinista, nos comenta en el video la importancia y los [&hellip;]<\/p>\n","protected":false},"author":1,"featured_media":3414,"comment_status":"closed","ping_status":"closed","sticky":false,"template":"","format":"standard","meta":{"footnotes":""},"categories":[36],"tags":[175,107,44],"class_list":["post-5926","post","type-post","status-publish","format-standard","has-post-thumbnail","hentry","category-automocion","tag-asignaturas-transversales","tag-automocion","tag-sector-automovilistico"],"yoast_head":"<!-- This site is optimized with the Yoast SEO plugin v27.2 - https:\/\/yoast.com\/product\/yoast-seo-wordpress\/ -->\n<title>\u00bfC\u00f3mo son las asignaturas transversales de los ciclos de Automoci\u00f3n? - Formaci\u00f3n profesional<\/title>\n<meta name=\"robots\" content=\"index, follow, max-snippet:-1, max-image-preview:large, max-video-preview:-1\" \/>\n<link rel=\"canonical\" href=\"https:\/\/www.monlau.com\/fp\/2020\/11\/20\/como-son-las-asignaturas-transversales-de-los-ciclos-de-automocion\/\" \/>\n<meta property=\"og:locale\" content=\"es_ES\" \/>\n<meta property=\"og:type\" content=\"article\" \/>\n<meta property=\"og:title\" content=\"\u00bfC\u00f3mo son las asignaturas transversales de los ciclos de Automoci\u00f3n? - Formaci\u00f3n profesional\" \/>\n<meta property=\"og:description\" content=\"En todos los ciclos de formaci\u00f3n profesional se incluyen asignaturas transversales que fomentan la formaci\u00f3n en centros de trabajo y prepara al alumnado para las diferentes situaciones que encontrar\u00e1n en el mundo laboral. Javier Loscos, profesor de estas asignaturas en el centro Monlau de la Maquinista, nos comenta en el video la importancia y los [&hellip;]\" \/>\n<meta property=\"og:url\" content=\"https:\/\/www.monlau.com\/fp\/2020\/11\/20\/como-son-las-asignaturas-transversales-de-los-ciclos-de-automocion\/\" \/>\n<meta property=\"og:site_name\" content=\"Formaci\u00f3n profesional\" \/>\n<meta property=\"article:published_time\" content=\"2020-11-19T23:00:00+00:00\" \/>\n<meta property=\"og:image\" content=\"https:\/\/www.monlau.com\/app\/uploads\/sites\/3\/2026\/03\/transversales.jpg\" \/>\n\t<meta property=\"og:image:width\" content=\"1500\" \/>\n\t<meta property=\"og:image:height\" content=\"844\" \/>\n\t<meta property=\"og:image:type\" content=\"image\/jpeg\" \/>\n<meta name=\"author\" content=\"adsmurai\" \/>\n<meta name=\"twitter:card\" content=\"summary_large_image\" \/>\n<meta name=\"twitter:label1\" content=\"Escrito por\" \/>\n\t<meta name=\"twitter:data1\" content=\"adsmurai\" \/>\n\t<meta name=\"twitter:label2\" content=\"Tiempo de lectura\" \/>\n\t<meta name=\"twitter:data2\" content=\"1 minuto\" \/>\n<script type=\"application\/ld+json\" class=\"yoast-schema-graph\">{\"@context\":\"https:\/\/schema.org\",\"@graph\":[{\"@type\":\"Article\",\"@id\":\"https:\/\/www.monlau.com\/fp\/2020\/11\/20\/como-son-las-asignaturas-transversales-de-los-ciclos-de-automocion\/#article\",\"isPartOf\":{\"@id\":\"https:\/\/www.monlau.com\/fp\/2020\/11\/20\/como-son-las-asignaturas-transversales-de-los-ciclos-de-automocion\/\"},\"author\":{\"name\":\"adsmurai\",\"@id\":\"https:\/\/www.monlau.com\/fp\/#\/schema\/person\/419cfdf054323e24e0a2ef1d8597f051\"},\"headline\":\"\u00bfC\u00f3mo son las asignaturas transversales de los ciclos de Automoci\u00f3n?\",\"datePublished\":\"2020-11-19T23:00:00+00:00\",\"mainEntityOfPage\":{\"@id\":\"https:\/\/www.monlau.com\/fp\/2020\/11\/20\/como-son-las-asignaturas-transversales-de-los-ciclos-de-automocion\/\"},\"wordCount\":211,\"publisher\":{\"@id\":\"https:\/\/www.monlau.com\/fp\/#organization\"},\"image\":{\"@id\":\"https:\/\/www.monlau.com\/fp\/2020\/11\/20\/como-son-las-asignaturas-transversales-de-los-ciclos-de-automocion\/#primaryimage\"},\"thumbnailUrl\":\"https:\/\/www.monlau.com\/app\/uploads\/sites\/3\/2026\/03\/transversales.jpg\",\"keywords\":[\"Asignaturas transversales\",\"Automoci\u00f3n\",\"sector automovil\u00edstico\"],\"articleSection\":[\"Automoci\u00f3n\"],\"inLanguage\":\"es\"},{\"@type\":\"WebPage\",\"@id\":\"https:\/\/www.monlau.com\/fp\/2020\/11\/20\/como-son-las-asignaturas-transversales-de-los-ciclos-de-automocion\/\",\"url\":\"https:\/\/www.monlau.com\/fp\/2020\/11\/20\/como-son-las-asignaturas-transversales-de-los-ciclos-de-automocion\/\",\"name\":\"\u00bfC\u00f3mo son las asignaturas transversales de los ciclos de Automoci\u00f3n? - Formaci\u00f3n profesional\",\"isPartOf\":{\"@id\":\"https:\/\/www.monlau.com\/fp\/#website\"},\"primaryImageOfPage\":{\"@id\":\"https:\/\/www.monlau.com\/fp\/2020\/11\/20\/como-son-las-asignaturas-transversales-de-los-ciclos-de-automocion\/#primaryimage\"},\"image\":{\"@id\":\"https:\/\/www.monlau.com\/fp\/2020\/11\/20\/como-son-las-asignaturas-transversales-de-los-ciclos-de-automocion\/#primaryimage\"},\"thumbnailUrl\":\"https:\/\/www.monlau.com\/app\/uploads\/sites\/3\/2026\/03\/transversales.jpg\",\"datePublished\":\"2020-11-19T23:00:00+00:00\",\"breadcrumb\":{\"@id\":\"https:\/\/www.monlau.com\/fp\/2020\/11\/20\/como-son-las-asignaturas-transversales-de-los-ciclos-de-automocion\/#breadcrumb\"},\"inLanguage\":\"es\",\"potentialAction\":[{\"@type\":\"ReadAction\",\"target\":[\"https:\/\/www.monlau.com\/fp\/2020\/11\/20\/como-son-las-asignaturas-transversales-de-los-ciclos-de-automocion\/\"]}]},{\"@type\":\"ImageObject\",\"inLanguage\":\"es\",\"@id\":\"https:\/\/www.monlau.com\/fp\/2020\/11\/20\/como-son-las-asignaturas-transversales-de-los-ciclos-de-automocion\/#primaryimage\",\"url\":\"https:\/\/www.monlau.com\/app\/uploads\/sites\/3\/2026\/03\/transversales.jpg\",\"contentUrl\":\"https:\/\/www.monlau.com\/app\/uploads\/sites\/3\/2026\/03\/transversales.jpg\",\"width\":1500,\"height\":844},{\"@type\":\"BreadcrumbList\",\"@id\":\"https:\/\/www.monlau.com\/fp\/2020\/11\/20\/como-son-las-asignaturas-transversales-de-los-ciclos-de-automocion\/#breadcrumb\",\"itemListElement\":[{\"@type\":\"ListItem\",\"position\":1,\"name\":\"Portada\",\"item\":\"https:\/\/www.monlau.com\/fp\/\"},{\"@type\":\"ListItem\",\"position\":2,\"name\":\"\u00bfC\u00f3mo son las asignaturas transversales de los ciclos de Automoci\u00f3n?\"}]},{\"@type\":\"WebSite\",\"@id\":\"https:\/\/www.monlau.com\/fp\/#website\",\"url\":\"https:\/\/www.monlau.com\/fp\/\",\"name\":\"Formaci\u00f3n profesional\",\"description\":\"Monlau\",\"publisher\":{\"@id\":\"https:\/\/www.monlau.com\/fp\/#organization\"},\"potentialAction\":[{\"@type\":\"SearchAction\",\"target\":{\"@type\":\"EntryPoint\",\"urlTemplate\":\"https:\/\/www.monlau.com\/fp\/?s={search_term_string}\"},\"query-input\":{\"@type\":\"PropertyValueSpecification\",\"valueRequired\":true,\"valueName\":\"search_term_string\"}}],\"inLanguage\":\"es\"},{\"@type\":\"Organization\",\"@id\":\"https:\/\/www.monlau.com\/fp\/#organization\",\"name\":\"Formaci\u00f3n profesional\",\"url\":\"https:\/\/www.monlau.com\/fp\/\",\"logo\":{\"@type\":\"ImageObject\",\"inLanguage\":\"es\",\"@id\":\"https:\/\/www.monlau.com\/fp\/#\/schema\/logo\/image\/\",\"url\":\"https:\/\/www.monlau.com\/app\/uploads\/sites\/3\/2026\/01\/fp.png\",\"contentUrl\":\"https:\/\/www.monlau.com\/app\/uploads\/sites\/3\/2026\/01\/fp.png\",\"width\":1024,\"height\":878,\"caption\":\"Formaci\u00f3n profesional\"},\"image\":{\"@id\":\"https:\/\/www.monlau.com\/fp\/#\/schema\/logo\/image\/\"}},{\"@type\":\"Person\",\"@id\":\"https:\/\/www.monlau.com\/fp\/#\/schema\/person\/419cfdf054323e24e0a2ef1d8597f051\",\"name\":\"adsmurai\",\"image\":{\"@type\":\"ImageObject\",\"inLanguage\":\"es\",\"@id\":\"https:\/\/secure.gravatar.com\/avatar\/0748788578f91786454454fa3b4c295644edb991ad6caadc70b41d26790d38fc?s=96&d=mm&r=g\",\"url\":\"https:\/\/secure.gravatar.com\/avatar\/0748788578f91786454454fa3b4c295644edb991ad6caadc70b41d26790d38fc?s=96&d=mm&r=g\",\"contentUrl\":\"https:\/\/secure.gravatar.com\/avatar\/0748788578f91786454454fa3b4c295644edb991ad6caadc70b41d26790d38fc?s=96&d=mm&r=g\",\"caption\":\"adsmurai\"},\"sameAs\":[\"https:\/\/www.monlau.com\"],\"url\":\"https:\/\/www.monlau.com\/fp\/author\/adsmurai\/\"}]}<\/script>\n<!-- \/ Yoast SEO plugin. -->","yoast_head_json":{"title":"\u00bfC\u00f3mo son las asignaturas transversales de los ciclos de Automoci\u00f3n? - Formaci\u00f3n profesional","robots":{"index":"index","follow":"follow","max-snippet":"max-snippet:-1","max-image-preview":"max-image-preview:large","max-video-preview":"max-video-preview:-1"},"canonical":"https:\/\/www.monlau.com\/fp\/2020\/11\/20\/como-son-las-asignaturas-transversales-de-los-ciclos-de-automocion\/","og_locale":"es_ES","og_type":"article","og_title":"\u00bfC\u00f3mo son las asignaturas transversales de los ciclos de Automoci\u00f3n? - Formaci\u00f3n profesional","og_description":"En todos los ciclos de formaci\u00f3n profesional se incluyen asignaturas transversales que fomentan la formaci\u00f3n en centros de trabajo y prepara al alumnado para las diferentes situaciones que encontrar\u00e1n en el mundo laboral. Javier Loscos, profesor de estas asignaturas en el centro Monlau de la Maquinista, nos comenta en el video la importancia y los [&hellip;]","og_url":"https:\/\/www.monlau.com\/fp\/2020\/11\/20\/como-son-las-asignaturas-transversales-de-los-ciclos-de-automocion\/","og_site_name":"Formaci\u00f3n profesional","article_published_time":"2020-11-19T23:00:00+00:00","og_image":[{"width":1500,"height":844,"url":"https:\/\/www.monlau.com\/app\/uploads\/sites\/3\/2026\/03\/transversales.jpg","type":"image\/jpeg"}],"author":"adsmurai","twitter_card":"summary_large_image","twitter_misc":{"Escrito por":"adsmurai","Tiempo de lectura":"1 minuto"},"schema":{"@context":"https:\/\/schema.org","@graph":[{"@type":"Article","@id":"https:\/\/www.monlau.com\/fp\/2020\/11\/20\/como-son-las-asignaturas-transversales-de-los-ciclos-de-automocion\/#article","isPartOf":{"@id":"https:\/\/www.monlau.com\/fp\/2020\/11\/20\/como-son-las-asignaturas-transversales-de-los-ciclos-de-automocion\/"},"author":{"name":"adsmurai","@id":"https:\/\/www.monlau.com\/fp\/#\/schema\/person\/419cfdf054323e24e0a2ef1d8597f051"},"headline":"\u00bfC\u00f3mo son las asignaturas transversales de los ciclos de Automoci\u00f3n?","datePublished":"2020-11-19T23:00:00+00:00","mainEntityOfPage":{"@id":"https:\/\/www.monlau.com\/fp\/2020\/11\/20\/como-son-las-asignaturas-transversales-de-los-ciclos-de-automocion\/"},"wordCount":211,"publisher":{"@id":"https:\/\/www.monlau.com\/fp\/#organization"},"image":{"@id":"https:\/\/www.monlau.com\/fp\/2020\/11\/20\/como-son-las-asignaturas-transversales-de-los-ciclos-de-automocion\/#primaryimage"},"thumbnailUrl":"https:\/\/www.monlau.com\/app\/uploads\/sites\/3\/2026\/03\/transversales.jpg","keywords":["Asignaturas transversales","Automoci\u00f3n","sector automovil\u00edstico"],"articleSection":["Automoci\u00f3n"],"inLanguage":"es"},{"@type":"WebPage","@id":"https:\/\/www.monlau.com\/fp\/2020\/11\/20\/como-son-las-asignaturas-transversales-de-los-ciclos-de-automocion\/","url":"https:\/\/www.monlau.com\/fp\/2020\/11\/20\/como-son-las-asignaturas-transversales-de-los-ciclos-de-automocion\/","name":"\u00bfC\u00f3mo son las asignaturas transversales de los ciclos de Automoci\u00f3n? - Formaci\u00f3n profesional","isPartOf":{"@id":"https:\/\/www.monlau.com\/fp\/#website"},"primaryImageOfPage":{"@id":"https:\/\/www.monlau.com\/fp\/2020\/11\/20\/como-son-las-asignaturas-transversales-de-los-ciclos-de-automocion\/#primaryimage"},"image":{"@id":"https:\/\/www.monlau.com\/fp\/2020\/11\/20\/como-son-las-asignaturas-transversales-de-los-ciclos-de-automocion\/#primaryimage"},"thumbnailUrl":"https:\/\/www.monlau.com\/app\/uploads\/sites\/3\/2026\/03\/transversales.jpg","datePublished":"2020-11-19T23:00:00+00:00","breadcrumb":{"@id":"https:\/\/www.monlau.com\/fp\/2020\/11\/20\/como-son-las-asignaturas-transversales-de-los-ciclos-de-automocion\/#breadcrumb"},"inLanguage":"es","potentialAction":[{"@type":"ReadAction","target":["https:\/\/www.monlau.com\/fp\/2020\/11\/20\/como-son-las-asignaturas-transversales-de-los-ciclos-de-automocion\/"]}]},{"@type":"ImageObject","inLanguage":"es","@id":"https:\/\/www.monlau.com\/fp\/2020\/11\/20\/como-son-las-asignaturas-transversales-de-los-ciclos-de-automocion\/#primaryimage","url":"https:\/\/www.monlau.com\/app\/uploads\/sites\/3\/2026\/03\/transversales.jpg","contentUrl":"https:\/\/www.monlau.com\/app\/uploads\/sites\/3\/2026\/03\/transversales.jpg","width":1500,"height":844},{"@type":"BreadcrumbList","@id":"https:\/\/www.monlau.com\/fp\/2020\/11\/20\/como-son-las-asignaturas-transversales-de-los-ciclos-de-automocion\/#breadcrumb","itemListElement":[{"@type":"ListItem","position":1,"name":"Portada","item":"https:\/\/www.monlau.com\/fp\/"},{"@type":"ListItem","position":2,"name":"\u00bfC\u00f3mo son las asignaturas transversales de los ciclos de Automoci\u00f3n?"}]},{"@type":"WebSite","@id":"https:\/\/www.monlau.com\/fp\/#website","url":"https:\/\/www.monlau.com\/fp\/","name":"Formaci\u00f3n profesional","description":"Monlau","publisher":{"@id":"https:\/\/www.monlau.com\/fp\/#organization"},"potentialAction":[{"@type":"SearchAction","target":{"@type":"EntryPoint","urlTemplate":"https:\/\/www.monlau.com\/fp\/?s={search_term_string}"},"query-input":{"@type":"PropertyValueSpecification","valueRequired":true,"valueName":"search_term_string"}}],"inLanguage":"es"},{"@type":"Organization","@id":"https:\/\/www.monlau.com\/fp\/#organization","name":"Formaci\u00f3n profesional","url":"https:\/\/www.monlau.com\/fp\/","logo":{"@type":"ImageObject","inLanguage":"es","@id":"https:\/\/www.monlau.com\/fp\/#\/schema\/logo\/image\/","url":"https:\/\/www.monlau.com\/app\/uploads\/sites\/3\/2026\/01\/fp.png","contentUrl":"https:\/\/www.monlau.com\/app\/uploads\/sites\/3\/2026\/01\/fp.png","width":1024,"height":878,"caption":"Formaci\u00f3n profesional"},"image":{"@id":"https:\/\/www.monlau.com\/fp\/#\/schema\/logo\/image\/"}},{"@type":"Person","@id":"https:\/\/www.monlau.com\/fp\/#\/schema\/person\/419cfdf054323e24e0a2ef1d8597f051","name":"adsmurai","image":{"@type":"ImageObject","inLanguage":"es","@id":"https:\/\/secure.gravatar.com\/avatar\/0748788578f91786454454fa3b4c295644edb991ad6caadc70b41d26790d38fc?s=96&d=mm&r=g","url":"https:\/\/secure.gravatar.com\/avatar\/0748788578f91786454454fa3b4c295644edb991ad6caadc70b41d26790d38fc?s=96&d=mm&r=g","contentUrl":"https:\/\/secure.gravatar.com\/avatar\/0748788578f91786454454fa3b4c295644edb991ad6caadc70b41d26790d38fc?s=96&d=mm&r=g","caption":"adsmurai"},"sameAs":["https:\/\/www.monlau.com"],"url":"https:\/\/www.monlau.com\/fp\/author\/adsmurai\/"}]}},"_links":{"self":[{"href":"https:\/\/www.monlau.com\/fp\/wp-json\/wp\/v2\/posts\/5926","targetHints":{"allow":["GET"]}}],"collection":[{"href":"https:\/\/www.monlau.com\/fp\/wp-json\/wp\/v2\/posts"}],"about":[{"href":"https:\/\/www.monlau.com\/fp\/wp-json\/wp\/v2\/types\/post"}],"author":[{"embeddable":true,"href":"https:\/\/www.monlau.com\/fp\/wp-json\/wp\/v2\/users\/1"}],"replies":[{"embeddable":true,"href":"https:\/\/www.monlau.com\/fp\/wp-json\/wp\/v2\/comments?post=5926"}],"version-history":[{"count":0,"href":"https:\/\/www.monlau.com\/fp\/wp-json\/wp\/v2\/posts\/5926\/revisions"}],"wp:featuredmedia":[{"embeddable":true,"href":"https:\/\/www.monlau.com\/fp\/wp-json\/wp\/v2\/media\/3414"}],"wp:attachment":[{"href":"https:\/\/www.monlau.com\/fp\/wp-json\/wp\/v2\/media?parent=5926"}],"wp:term":[{"taxonomy":"category","embeddable":true,"href":"https:\/\/www.monlau.com\/fp\/wp-json\/wp\/v2\/categories?post=5926"},{"taxonomy":"post_tag","embeddable":true,"href":"https:\/\/www.monlau.com\/fp\/wp-json\/wp\/v2\/tags?post=5926"}],"curies":[{"name":"wp","href":"https:\/\/api.w.org\/{rel}","templated":true}]}}