{"id":5925,"date":"2020-07-23T00:00:00","date_gmt":"2020-07-22T22:00:00","guid":{"rendered":"https:\/\/www.monlau.com\/formacion-profesional\/automocion-vehiculo-electrico-compartido\/"},"modified":"2026-03-10T10:03:33","modified_gmt":"2026-03-10T09:03:33","slug":"automocion-vehiculo-electrico-compartido","status":"publish","type":"post","link":"https:\/\/www.monlau.com\/fp\/2020\/07\/23\/automocion-vehiculo-electrico-compartido\/","title":{"rendered":"\u00bfC\u00f3mo cambiar\u00e1 el negocio de la automoci\u00f3n hacia el veh\u00edculo el\u00e9ctrico y compartido?"},"content":{"rendered":"<p>De todos es sabido que las tendencias del mercado est\u00e1n cambiando muy r\u00e1pidamente debido, sobre todo, a la necesidad de reducir las emisiones contaminantes de los veh\u00edculos y al cambio en las necesidades de los clientes (hablamos de nuevo de veh\u00edculo el\u00e9ctrico, coche conectado, coche aut\u00f3nomo, coche compartido &#8230;).<\/p>\n<p>Seg\u00fan <a href=\"https:\/\/www.pwc.es\/es\/strategyand\/coche-digital-2019.html\">uno de los \u00faltimos informes de la compa\u00f1\u00eda Price Waterhouse Coopers<\/a>, una de las firmas de consultor\u00eda profesional dentro de las llamadas \u00abBIG FOUR\u00bb, se prev\u00e9 que en Europa el a\u00f1o 2030 (dentro de s\u00f3lo 10 a\u00f1os), se reducir\u00e1 un 29% el parque m\u00f3vil, aumentar\u00e1n un 34% las matriculaciones y la media de kilometraje total pasar\u00e1 de 3,7 billones de kil\u00f3metros a 4,2 billones.<\/p>\n<p><strong>\u00bfC\u00f3mo entienden estos datos?<\/strong><\/p>\n<p>Para la transformaci\u00f3n del mercado y de los consumidores. Hasta hace relativamente pocos a\u00f1os, despu\u00e9s de la vivienda, la segunda prioridad de compra era el coche. Esto est\u00e1 dejando de ser as\u00ed, y se est\u00e1 notando en el mercado que los consumidores actuales se decantan por sistemas de movilidad compartida y las nuevas tecnolog\u00edas que conllevan evoluciones constantes (mucho m\u00e1s r\u00e1pidas que el tiempo \u00ab<em>de amortizaci\u00f3n de un veh\u00edculo propio<\/em>\u00ab), dejando de lado el sentimiento de propiedad. Esta tendencia la podemos experimentar con el desarrollo de los negocios de <em>carsharing<\/em>, <em>motosharing<\/em> y propuestas como el <em>Bicing<\/em> en la ciudad de Barcelona.<\/p>\n<p>Desde esta posici\u00f3n se entiende la tendencia de disminuci\u00f3n de las compras y al mismo tiempo el incremento de renovaci\u00f3n del parque para veh\u00edculos m\u00e1s modernos y menos contaminantes y el aumento de kil\u00f3metros de media por veh\u00edculo, dado que el mismo veh\u00edculo lo utilizar\u00e1n m\u00e1s personas, sea quien sea el propietario real del coche o la moto o la bici o &#8230;<\/p>\n<p>A ello hay que a\u00f1adir las nuevas medidas de circulaci\u00f3n propuestas por diferentes ayuntamientos, que generan la duda de si comprar un veh\u00edculo el\u00e9ctrico \/ h\u00edbrido (aunque sin un despliegue significativo \u00abde electrolineras\u00bb) o comprar un veh\u00edculo con motor de combusti\u00f3n. (Ahora se vuelve a poner en cuesti\u00f3n si a nivel de contaminaci\u00f3n es mejor el motor de gasolina o di\u00e9sel).<\/p>\n<p>Referente al motor di\u00e9sel y seg\u00fan el diario El Pa\u00eds, \u00ab<em>un motor di\u00e9sel moderno (EU6) emite hasta un 90% menos de part\u00edculas contaminantes que otro hace 15 a\u00f1os y sus emisiones de CO2 son un 15% inferiores a su equivalencia en gasolina<\/em>\u00ab. De todas formas, est\u00e1 claro que hay que rebajar los contaminantes emitidos.<\/p>\n<p>La combinaci\u00f3n de todo esto nos hace entender los datos publicados por \u00abel Observatorio CETELEM\u00bb, que destaca que 6 de cada 10 veh\u00edculos en Espa\u00f1a est\u00e1n por encima de los 10 a\u00f1os de antig\u00fcedad, y que a la hora de la elecci\u00f3n del veh\u00edculo , despu\u00e9s de la marca, hay otras circunstancias que los clientes tienen en cuenta que son, por este orden, que no da\u00f1e el medio ambiente, el propio dise\u00f1o del veh\u00edculo y el hecho de que la empresa fabricante realice acciones de solidaridad.<\/p>\n<p>De aqu\u00ed podemos extraer que, por un lado, tendremos veh\u00edculos \u00abantiguos\u00bb que tendremos que mantener hasta que la situaci\u00f3n de cambio de combustible se normalice; y por otra parte, que tendremos muchos veh\u00edculos nuevos que necesitar\u00e1n menos mantenimientos, siendo \u00abel grupo minoritario\u00bb los veh\u00edculos del llamado segmento II.<\/p>\n<p><strong>Pero, \u00bfestamos preparados para continuar con el negocio del taller reparador?<\/strong><\/p>\n<p>Podr\u00edamos concluir que la evoluci\u00f3n de las tecnolog\u00edas har\u00e1 que los profesionales actuales necesiten un reciclaje constante ya que muchos de los conocimientos acumulados hasta ahora, quedar\u00e1n desplazados por las nuevas tecnolog\u00edas.<\/p>\n<p>Por ejemplo y referente a las tecnolog\u00edas, debemos destacar que en t\u00e9rminos de seguridad, no es lo mismo trabajar sobre un veh\u00edculo con una bater\u00eda tradicional de 12V que un veh\u00edculo con un bater\u00eda de 250 o 500V (a partir de 60 voltios de corriente continua podemos tener problemas muy serios para la seguridad personal).<\/p>\n<p>Por otra parte, los servicios tradicionales de mantenimiento o popularmente el cambio de aceite y filtros va desapareciendo, porque el veh\u00edculo el\u00e9ctrico 100% no utiliza estos componentes. Por eso es cada vez m\u00e1s importante identificar el \u00abpr\u00f3ximo futuro\u00bb de modelo de negocio y qui\u00e9n ser\u00e1 nuestro cliente (un cliente particular o una empresa de <em>Carsharing<\/em> por ejemplo).<\/p>\n<p>El cambio de modelo de negocio no s\u00f3lo tiene que cambiar la formaci\u00f3n de los futuros profesionales, sino tambi\u00e9n la de los actuales.<\/p>\n<p>Para concretar hacia d\u00f3nde vamos y qu\u00e9 necesitamos saber, debemos identificar las tendencias actuales del mundo del Autom\u00f3vil. Seg\u00fan el art\u00edculo de las p\u00e1ginas del motor del diario La Vanguardia, hay cinco pilares en los que se basar\u00e1n estas tendencias:<\/p>\n<ol>\n<li>La electrificaci\u00f3n del autom\u00f3vil.<\/li>\n<li>La conectividad del veh\u00edculo.<\/li>\n<li>La conducci\u00f3n aut\u00f3noma.<\/li>\n<li>El <em>Carsharing<\/em>.<\/li>\n<li>La sostenibilidad.<\/li>\n<\/ol>\n<p>Todo ello conllevar\u00e1 que los talleres reparadores tendremos que ofrecer nuevos servicios y, por tanto, nos obligar\u00e1 a ponernos al d\u00eda en varias disciplinas diferentes de los \u00e1mbitos estrictamente t\u00e9cnicos. Habr\u00e1, por ejemplo, actualizarnos en la prevenci\u00f3n de riesgos laborales a la hora de reparar un veh\u00edculo el\u00e9ctrico o hacer el diagn\u00f3stico y la reparaci\u00f3n tomando las medidas de seguridad adecuadas<\/p>\n<p>Tambi\u00e9n necesitaremos conocimientos sobre c\u00f3mo poner en marcha una campa\u00f1a de marketing para la captaci\u00f3n activa de clientes y para fomentar la venta cruzada y diferida, digitalizar nuestro negocio y actualizarlo a las redes sociales, analizar la rentabilidad del taller para actualizar y sacar m\u00e1s provecho de nuestras actividades, explorar la posibilidad de transformar coches tradicionales en coches h\u00edbridos a gas, efectuar reparaciones est\u00e9ticas del veh\u00edculo tanto del exterior como del interior en poco tiempo, preparar el taller para poder abastecer de electricidad a nuestros clientes o la posibilidad, a\u00fan en estudio, de los sistemas de escape de gases para obtener la acreditaci\u00f3n para poder circular en zonas de bajas emisiones. Incluso, tendremos que volver a <a href=\"https:\/\/www.monlau.com\/corporate\/postgrados\/\">estudiar postgrados para poder actualizar el proceso de venta o recepci\u00f3n del taller<\/a>.<\/p>\n<p>Consultor de formaci\u00f3n en Automoci\u00f3n en <a href=\"http:\/\/www.monlau.com\/corporate\">Monlau Corporate<\/a>.<\/p>\n","protected":false},"excerpt":{"rendered":"<p>De todos es sabido que las tendencias del mercado est\u00e1n cambiando muy r\u00e1pidamente debido, sobre todo, a la necesidad de reducir las emisiones contaminantes de los veh\u00edculos y al cambio en las necesidades de los clientes (hablamos de nuevo de veh\u00edculo el\u00e9ctrico, coche conectado, coche aut\u00f3nomo, coche compartido &#8230;). Seg\u00fan uno de los \u00faltimos informes [&hellip;]<\/p>\n","protected":false},"author":1,"featured_media":3411,"comment_status":"closed","ping_status":"closed","sticky":false,"template":"","format":"standard","meta":{"footnotes":""},"categories":[36,57,41],"tags":[115,164,107,165,166,170,171,172,168,173,174,169],"class_list":["post-5925","post","type-post","status-publish","format-standard","has-post-thumbnail","hentry","category-automocion","category-monlau","category-postgrado","tag-asesor-comercial","tag-asesor-de-servicio","tag-automocion","tag-automoviles","tag-barcelona","tag-carsharing","tag-conectividad","tag-motosharing","tag-postgrados","tag-sostenibilidad","tag-vehiculo-compartido","tag-vehiculos-electricos"],"yoast_head":"<!-- This site is optimized with the Yoast SEO plugin v27.2 - https:\/\/yoast.com\/product\/yoast-seo-wordpress\/ -->\n<title>\u00bfC\u00f3mo cambiar\u00e1 el negocio de la automoci\u00f3n hacia el veh\u00edculo el\u00e9ctrico y compartido? - Formaci\u00f3n profesional<\/title>\n<meta name=\"robots\" content=\"index, follow, max-snippet:-1, max-image-preview:large, max-video-preview:-1\" \/>\n<link rel=\"canonical\" href=\"https:\/\/www.monlau.com\/fp\/2020\/07\/23\/automocion-vehiculo-electrico-compartido\/\" \/>\n<meta property=\"og:locale\" content=\"es_ES\" \/>\n<meta property=\"og:type\" content=\"article\" \/>\n<meta property=\"og:title\" content=\"\u00bfC\u00f3mo cambiar\u00e1 el negocio de la automoci\u00f3n hacia el veh\u00edculo el\u00e9ctrico y compartido? - Formaci\u00f3n profesional\" \/>\n<meta property=\"og:description\" content=\"De todos es sabido que las tendencias del mercado est\u00e1n cambiando muy r\u00e1pidamente debido, sobre todo, a la necesidad de reducir las emisiones contaminantes de los veh\u00edculos y al cambio en las necesidades de los clientes (hablamos de nuevo de veh\u00edculo el\u00e9ctrico, coche conectado, coche aut\u00f3nomo, coche compartido &#8230;). Seg\u00fan uno de los \u00faltimos informes [&hellip;]\" \/>\n<meta property=\"og:url\" content=\"https:\/\/www.monlau.com\/fp\/2020\/07\/23\/automocion-vehiculo-electrico-compartido\/\" \/>\n<meta property=\"og:site_name\" content=\"Formaci\u00f3n profesional\" \/>\n<meta property=\"article:published_time\" content=\"2020-07-22T22:00:00+00:00\" \/>\n<meta property=\"article:modified_time\" content=\"2026-03-10T09:03:33+00:00\" \/>\n<meta property=\"og:image\" content=\"https:\/\/www.monlau.com\/app\/uploads\/sites\/3\/2026\/03\/automocion-vehiculo-electrico.jpg\" \/>\n\t<meta property=\"og:image:width\" content=\"1000\" \/>\n\t<meta property=\"og:image:height\" content=\"667\" \/>\n\t<meta property=\"og:image:type\" content=\"image\/jpeg\" \/>\n<meta name=\"author\" content=\"adsmurai\" \/>\n<meta name=\"twitter:card\" content=\"summary_large_image\" \/>\n<meta name=\"twitter:label1\" content=\"Escrito por\" \/>\n\t<meta name=\"twitter:data1\" content=\"adsmurai\" \/>\n\t<meta name=\"twitter:label2\" content=\"Tiempo de lectura\" \/>\n\t<meta name=\"twitter:data2\" content=\"5 minutos\" \/>\n<script type=\"application\/ld+json\" class=\"yoast-schema-graph\">{\"@context\":\"https:\/\/schema.org\",\"@graph\":[{\"@type\":\"Article\",\"@id\":\"https:\/\/www.monlau.com\/fp\/2020\/07\/23\/automocion-vehiculo-electrico-compartido\/#article\",\"isPartOf\":{\"@id\":\"https:\/\/www.monlau.com\/fp\/2020\/07\/23\/automocion-vehiculo-electrico-compartido\/\"},\"author\":{\"name\":\"adsmurai\",\"@id\":\"https:\/\/www.monlau.com\/fp\/#\/schema\/person\/419cfdf054323e24e0a2ef1d8597f051\"},\"headline\":\"\u00bfC\u00f3mo cambiar\u00e1 el negocio de la automoci\u00f3n hacia el veh\u00edculo el\u00e9ctrico y compartido?\",\"datePublished\":\"2020-07-22T22:00:00+00:00\",\"dateModified\":\"2026-03-10T09:03:33+00:00\",\"mainEntityOfPage\":{\"@id\":\"https:\/\/www.monlau.com\/fp\/2020\/07\/23\/automocion-vehiculo-electrico-compartido\/\"},\"wordCount\":1077,\"publisher\":{\"@id\":\"https:\/\/www.monlau.com\/fp\/#organization\"},\"image\":{\"@id\":\"https:\/\/www.monlau.com\/fp\/2020\/07\/23\/automocion-vehiculo-electrico-compartido\/#primaryimage\"},\"thumbnailUrl\":\"https:\/\/www.monlau.com\/app\/uploads\/sites\/3\/2026\/03\/automocion-vehiculo-electrico.jpg\",\"keywords\":[\"Asesor Comercial\",\"asesor de servicio\",\"Automoci\u00f3n\",\"autom\u00f3viles\",\"barcelona\",\"carsharing\",\"conectividad\",\"motosharing\",\"postgrados\",\"sostenibilidad\",\"veh\u00edculo compartido\",\"veh\u00edculos el\u00e9ctricos\"],\"articleSection\":[\"Automoci\u00f3n\",\"Monlau\",\"Postgrado\"],\"inLanguage\":\"es\"},{\"@type\":\"WebPage\",\"@id\":\"https:\/\/www.monlau.com\/fp\/2020\/07\/23\/automocion-vehiculo-electrico-compartido\/\",\"url\":\"https:\/\/www.monlau.com\/fp\/2020\/07\/23\/automocion-vehiculo-electrico-compartido\/\",\"name\":\"\u00bfC\u00f3mo cambiar\u00e1 el negocio de la automoci\u00f3n hacia el veh\u00edculo el\u00e9ctrico y compartido? - Formaci\u00f3n profesional\",\"isPartOf\":{\"@id\":\"https:\/\/www.monlau.com\/fp\/#website\"},\"primaryImageOfPage\":{\"@id\":\"https:\/\/www.monlau.com\/fp\/2020\/07\/23\/automocion-vehiculo-electrico-compartido\/#primaryimage\"},\"image\":{\"@id\":\"https:\/\/www.monlau.com\/fp\/2020\/07\/23\/automocion-vehiculo-electrico-compartido\/#primaryimage\"},\"thumbnailUrl\":\"https:\/\/www.monlau.com\/app\/uploads\/sites\/3\/2026\/03\/automocion-vehiculo-electrico.jpg\",\"datePublished\":\"2020-07-22T22:00:00+00:00\",\"dateModified\":\"2026-03-10T09:03:33+00:00\",\"breadcrumb\":{\"@id\":\"https:\/\/www.monlau.com\/fp\/2020\/07\/23\/automocion-vehiculo-electrico-compartido\/#breadcrumb\"},\"inLanguage\":\"es\",\"potentialAction\":[{\"@type\":\"ReadAction\",\"target\":[\"https:\/\/www.monlau.com\/fp\/2020\/07\/23\/automocion-vehiculo-electrico-compartido\/\"]}]},{\"@type\":\"ImageObject\",\"inLanguage\":\"es\",\"@id\":\"https:\/\/www.monlau.com\/fp\/2020\/07\/23\/automocion-vehiculo-electrico-compartido\/#primaryimage\",\"url\":\"https:\/\/www.monlau.com\/app\/uploads\/sites\/3\/2026\/03\/automocion-vehiculo-electrico.jpg\",\"contentUrl\":\"https:\/\/www.monlau.com\/app\/uploads\/sites\/3\/2026\/03\/automocion-vehiculo-electrico.jpg\",\"width\":1000,\"height\":667},{\"@type\":\"BreadcrumbList\",\"@id\":\"https:\/\/www.monlau.com\/fp\/2020\/07\/23\/automocion-vehiculo-electrico-compartido\/#breadcrumb\",\"itemListElement\":[{\"@type\":\"ListItem\",\"position\":1,\"name\":\"Portada\",\"item\":\"https:\/\/www.monlau.com\/fp\/\"},{\"@type\":\"ListItem\",\"position\":2,\"name\":\"\u00bfC\u00f3mo cambiar\u00e1 el negocio de la automoci\u00f3n hacia el veh\u00edculo el\u00e9ctrico y compartido?\"}]},{\"@type\":\"WebSite\",\"@id\":\"https:\/\/www.monlau.com\/fp\/#website\",\"url\":\"https:\/\/www.monlau.com\/fp\/\",\"name\":\"Formaci\u00f3n profesional\",\"description\":\"Monlau\",\"publisher\":{\"@id\":\"https:\/\/www.monlau.com\/fp\/#organization\"},\"potentialAction\":[{\"@type\":\"SearchAction\",\"target\":{\"@type\":\"EntryPoint\",\"urlTemplate\":\"https:\/\/www.monlau.com\/fp\/?s={search_term_string}\"},\"query-input\":{\"@type\":\"PropertyValueSpecification\",\"valueRequired\":true,\"valueName\":\"search_term_string\"}}],\"inLanguage\":\"es\"},{\"@type\":\"Organization\",\"@id\":\"https:\/\/www.monlau.com\/fp\/#organization\",\"name\":\"Formaci\u00f3n profesional\",\"url\":\"https:\/\/www.monlau.com\/fp\/\",\"logo\":{\"@type\":\"ImageObject\",\"inLanguage\":\"es\",\"@id\":\"https:\/\/www.monlau.com\/fp\/#\/schema\/logo\/image\/\",\"url\":\"https:\/\/www.monlau.com\/app\/uploads\/sites\/3\/2026\/01\/fp.png\",\"contentUrl\":\"https:\/\/www.monlau.com\/app\/uploads\/sites\/3\/2026\/01\/fp.png\",\"width\":1024,\"height\":878,\"caption\":\"Formaci\u00f3n profesional\"},\"image\":{\"@id\":\"https:\/\/www.monlau.com\/fp\/#\/schema\/logo\/image\/\"}},{\"@type\":\"Person\",\"@id\":\"https:\/\/www.monlau.com\/fp\/#\/schema\/person\/419cfdf054323e24e0a2ef1d8597f051\",\"name\":\"adsmurai\",\"image\":{\"@type\":\"ImageObject\",\"inLanguage\":\"es\",\"@id\":\"https:\/\/secure.gravatar.com\/avatar\/0748788578f91786454454fa3b4c295644edb991ad6caadc70b41d26790d38fc?s=96&d=mm&r=g\",\"url\":\"https:\/\/secure.gravatar.com\/avatar\/0748788578f91786454454fa3b4c295644edb991ad6caadc70b41d26790d38fc?s=96&d=mm&r=g\",\"contentUrl\":\"https:\/\/secure.gravatar.com\/avatar\/0748788578f91786454454fa3b4c295644edb991ad6caadc70b41d26790d38fc?s=96&d=mm&r=g\",\"caption\":\"adsmurai\"},\"sameAs\":[\"https:\/\/www.monlau.com\"],\"url\":\"https:\/\/www.monlau.com\/fp\/author\/adsmurai\/\"}]}<\/script>\n<!-- \/ Yoast SEO plugin. -->","yoast_head_json":{"title":"\u00bfC\u00f3mo cambiar\u00e1 el negocio de la automoci\u00f3n hacia el veh\u00edculo el\u00e9ctrico y compartido? - Formaci\u00f3n profesional","robots":{"index":"index","follow":"follow","max-snippet":"max-snippet:-1","max-image-preview":"max-image-preview:large","max-video-preview":"max-video-preview:-1"},"canonical":"https:\/\/www.monlau.com\/fp\/2020\/07\/23\/automocion-vehiculo-electrico-compartido\/","og_locale":"es_ES","og_type":"article","og_title":"\u00bfC\u00f3mo cambiar\u00e1 el negocio de la automoci\u00f3n hacia el veh\u00edculo el\u00e9ctrico y compartido? - Formaci\u00f3n profesional","og_description":"De todos es sabido que las tendencias del mercado est\u00e1n cambiando muy r\u00e1pidamente debido, sobre todo, a la necesidad de reducir las emisiones contaminantes de los veh\u00edculos y al cambio en las necesidades de los clientes (hablamos de nuevo de veh\u00edculo el\u00e9ctrico, coche conectado, coche aut\u00f3nomo, coche compartido &#8230;). Seg\u00fan uno de los \u00faltimos informes [&hellip;]","og_url":"https:\/\/www.monlau.com\/fp\/2020\/07\/23\/automocion-vehiculo-electrico-compartido\/","og_site_name":"Formaci\u00f3n profesional","article_published_time":"2020-07-22T22:00:00+00:00","article_modified_time":"2026-03-10T09:03:33+00:00","og_image":[{"width":1000,"height":667,"url":"https:\/\/www.monlau.com\/app\/uploads\/sites\/3\/2026\/03\/automocion-vehiculo-electrico.jpg","type":"image\/jpeg"}],"author":"adsmurai","twitter_card":"summary_large_image","twitter_misc":{"Escrito por":"adsmurai","Tiempo de lectura":"5 minutos"},"schema":{"@context":"https:\/\/schema.org","@graph":[{"@type":"Article","@id":"https:\/\/www.monlau.com\/fp\/2020\/07\/23\/automocion-vehiculo-electrico-compartido\/#article","isPartOf":{"@id":"https:\/\/www.monlau.com\/fp\/2020\/07\/23\/automocion-vehiculo-electrico-compartido\/"},"author":{"name":"adsmurai","@id":"https:\/\/www.monlau.com\/fp\/#\/schema\/person\/419cfdf054323e24e0a2ef1d8597f051"},"headline":"\u00bfC\u00f3mo cambiar\u00e1 el negocio de la automoci\u00f3n hacia el veh\u00edculo el\u00e9ctrico y compartido?","datePublished":"2020-07-22T22:00:00+00:00","dateModified":"2026-03-10T09:03:33+00:00","mainEntityOfPage":{"@id":"https:\/\/www.monlau.com\/fp\/2020\/07\/23\/automocion-vehiculo-electrico-compartido\/"},"wordCount":1077,"publisher":{"@id":"https:\/\/www.monlau.com\/fp\/#organization"},"image":{"@id":"https:\/\/www.monlau.com\/fp\/2020\/07\/23\/automocion-vehiculo-electrico-compartido\/#primaryimage"},"thumbnailUrl":"https:\/\/www.monlau.com\/app\/uploads\/sites\/3\/2026\/03\/automocion-vehiculo-electrico.jpg","keywords":["Asesor Comercial","asesor de servicio","Automoci\u00f3n","autom\u00f3viles","barcelona","carsharing","conectividad","motosharing","postgrados","sostenibilidad","veh\u00edculo compartido","veh\u00edculos el\u00e9ctricos"],"articleSection":["Automoci\u00f3n","Monlau","Postgrado"],"inLanguage":"es"},{"@type":"WebPage","@id":"https:\/\/www.monlau.com\/fp\/2020\/07\/23\/automocion-vehiculo-electrico-compartido\/","url":"https:\/\/www.monlau.com\/fp\/2020\/07\/23\/automocion-vehiculo-electrico-compartido\/","name":"\u00bfC\u00f3mo cambiar\u00e1 el negocio de la automoci\u00f3n hacia el veh\u00edculo el\u00e9ctrico y compartido? - Formaci\u00f3n profesional","isPartOf":{"@id":"https:\/\/www.monlau.com\/fp\/#website"},"primaryImageOfPage":{"@id":"https:\/\/www.monlau.com\/fp\/2020\/07\/23\/automocion-vehiculo-electrico-compartido\/#primaryimage"},"image":{"@id":"https:\/\/www.monlau.com\/fp\/2020\/07\/23\/automocion-vehiculo-electrico-compartido\/#primaryimage"},"thumbnailUrl":"https:\/\/www.monlau.com\/app\/uploads\/sites\/3\/2026\/03\/automocion-vehiculo-electrico.jpg","datePublished":"2020-07-22T22:00:00+00:00","dateModified":"2026-03-10T09:03:33+00:00","breadcrumb":{"@id":"https:\/\/www.monlau.com\/fp\/2020\/07\/23\/automocion-vehiculo-electrico-compartido\/#breadcrumb"},"inLanguage":"es","potentialAction":[{"@type":"ReadAction","target":["https:\/\/www.monlau.com\/fp\/2020\/07\/23\/automocion-vehiculo-electrico-compartido\/"]}]},{"@type":"ImageObject","inLanguage":"es","@id":"https:\/\/www.monlau.com\/fp\/2020\/07\/23\/automocion-vehiculo-electrico-compartido\/#primaryimage","url":"https:\/\/www.monlau.com\/app\/uploads\/sites\/3\/2026\/03\/automocion-vehiculo-electrico.jpg","contentUrl":"https:\/\/www.monlau.com\/app\/uploads\/sites\/3\/2026\/03\/automocion-vehiculo-electrico.jpg","width":1000,"height":667},{"@type":"BreadcrumbList","@id":"https:\/\/www.monlau.com\/fp\/2020\/07\/23\/automocion-vehiculo-electrico-compartido\/#breadcrumb","itemListElement":[{"@type":"ListItem","position":1,"name":"Portada","item":"https:\/\/www.monlau.com\/fp\/"},{"@type":"ListItem","position":2,"name":"\u00bfC\u00f3mo cambiar\u00e1 el negocio de la automoci\u00f3n hacia el veh\u00edculo el\u00e9ctrico y compartido?"}]},{"@type":"WebSite","@id":"https:\/\/www.monlau.com\/fp\/#website","url":"https:\/\/www.monlau.com\/fp\/","name":"Formaci\u00f3n profesional","description":"Monlau","publisher":{"@id":"https:\/\/www.monlau.com\/fp\/#organization"},"potentialAction":[{"@type":"SearchAction","target":{"@type":"EntryPoint","urlTemplate":"https:\/\/www.monlau.com\/fp\/?s={search_term_string}"},"query-input":{"@type":"PropertyValueSpecification","valueRequired":true,"valueName":"search_term_string"}}],"inLanguage":"es"},{"@type":"Organization","@id":"https:\/\/www.monlau.com\/fp\/#organization","name":"Formaci\u00f3n profesional","url":"https:\/\/www.monlau.com\/fp\/","logo":{"@type":"ImageObject","inLanguage":"es","@id":"https:\/\/www.monlau.com\/fp\/#\/schema\/logo\/image\/","url":"https:\/\/www.monlau.com\/app\/uploads\/sites\/3\/2026\/01\/fp.png","contentUrl":"https:\/\/www.monlau.com\/app\/uploads\/sites\/3\/2026\/01\/fp.png","width":1024,"height":878,"caption":"Formaci\u00f3n profesional"},"image":{"@id":"https:\/\/www.monlau.com\/fp\/#\/schema\/logo\/image\/"}},{"@type":"Person","@id":"https:\/\/www.monlau.com\/fp\/#\/schema\/person\/419cfdf054323e24e0a2ef1d8597f051","name":"adsmurai","image":{"@type":"ImageObject","inLanguage":"es","@id":"https:\/\/secure.gravatar.com\/avatar\/0748788578f91786454454fa3b4c295644edb991ad6caadc70b41d26790d38fc?s=96&d=mm&r=g","url":"https:\/\/secure.gravatar.com\/avatar\/0748788578f91786454454fa3b4c295644edb991ad6caadc70b41d26790d38fc?s=96&d=mm&r=g","contentUrl":"https:\/\/secure.gravatar.com\/avatar\/0748788578f91786454454fa3b4c295644edb991ad6caadc70b41d26790d38fc?s=96&d=mm&r=g","caption":"adsmurai"},"sameAs":["https:\/\/www.monlau.com"],"url":"https:\/\/www.monlau.com\/fp\/author\/adsmurai\/"}]}},"_links":{"self":[{"href":"https:\/\/www.monlau.com\/fp\/wp-json\/wp\/v2\/posts\/5925","targetHints":{"allow":["GET"]}}],"collection":[{"href":"https:\/\/www.monlau.com\/fp\/wp-json\/wp\/v2\/posts"}],"about":[{"href":"https:\/\/www.monlau.com\/fp\/wp-json\/wp\/v2\/types\/post"}],"author":[{"embeddable":true,"href":"https:\/\/www.monlau.com\/fp\/wp-json\/wp\/v2\/users\/1"}],"replies":[{"embeddable":true,"href":"https:\/\/www.monlau.com\/fp\/wp-json\/wp\/v2\/comments?post=5925"}],"version-history":[{"count":1,"href":"https:\/\/www.monlau.com\/fp\/wp-json\/wp\/v2\/posts\/5925\/revisions"}],"predecessor-version":[{"id":6471,"href":"https:\/\/www.monlau.com\/fp\/wp-json\/wp\/v2\/posts\/5925\/revisions\/6471"}],"wp:featuredmedia":[{"embeddable":true,"href":"https:\/\/www.monlau.com\/fp\/wp-json\/wp\/v2\/media\/3411"}],"wp:attachment":[{"href":"https:\/\/www.monlau.com\/fp\/wp-json\/wp\/v2\/media?parent=5925"}],"wp:term":[{"taxonomy":"category","embeddable":true,"href":"https:\/\/www.monlau.com\/fp\/wp-json\/wp\/v2\/categories?post=5925"},{"taxonomy":"post_tag","embeddable":true,"href":"https:\/\/www.monlau.com\/fp\/wp-json\/wp\/v2\/tags?post=5925"}],"curies":[{"name":"wp","href":"https:\/\/api.w.org\/{rel}","templated":true}]}}