{"id":5922,"date":"2020-05-14T00:00:00","date_gmt":"2020-05-13T22:00:00","guid":{"rendered":"https:\/\/www.monlau.com\/formacion-profesional\/feedback-palabra-clave-marketing\/"},"modified":"2026-03-10T10:03:33","modified_gmt":"2026-03-10T09:03:33","slug":"feedback-palabra-clave-marketing","status":"publish","type":"post","link":"https:\/\/www.monlau.com\/fp\/2020\/05\/14\/feedback-palabra-clave-marketing\/","title":{"rendered":"Feedback: la palabra clave del marketing"},"content":{"rendered":"<p>Los estudios de formaci\u00f3n profesional deben ser sin\u00f3nimo de <strong>aprendizajes flexibles y adaptados a lo que las empresas y el mercado laboral demandan<\/strong> en cada momento. Con esta idea en mente desde el <a href=\"https:\/\/www.monlau.com\/estudis-professionals\/area-empresa-y-marketing\/\">\u00c1rea de Empresa y Marketing de Monlau Estudios Profesionales<\/a> dise\u00f1amos y programamos nuestros ciclos formativos.<\/p>\n<p>En tan s\u00f3lo 2 a\u00f1os tenemos que garantizar, y as\u00ed lo hacemos, que nuestro alumnado del <strong><a href=\"https:\/\/www.monlau.com\/estudis-professionals\/project\/grado-superior-marketing-publicidad\/\">Grado Superior de Marketing y Publicidad<\/a><\/strong> sea un t\u00e9cnico superior de garant\u00edas para cualquier organizaci\u00f3n y en especial, en el m\u00f3dulo de medios de comunicaci\u00f3n y publicidad, para los cientos de agencias de medios, publicidad, comunicaci\u00f3n y\/o eventos que existen en el ecosistema barcelon\u00e9s.<\/p>\n<p>La primera palabra que escuchas, pero no aprendes, cuando empiezas a trabajar de junior en una empresa es <strong><em>FEEDBACK<\/em>. \u00a1Es literalmente el monotema, para lo bueno y para lo malo!<\/strong> \u00bfDe qu\u00e9 estamos hablando? Pues muy sencillo: de una metodolog\u00eda de trabajo, de c\u00f3mo relacionarnos con otros profesionales, sean clientes externos o compa\u00f1eros y compa\u00f1eras de la agencia.<\/p>\n<h2>\u00bfPor qu\u00e9 es importante el <em>feedback<\/em> para un profesional del marketing?<\/h2>\n<p>En primer lugar, porque es una filosof\u00eda de vida de mejora continua en todo lo que hacemos. Pero en concreto porque nos ayuda a trabajar con nuestros futuros clientes:<\/p>\n<ul>\n<li>Es una gran oportunidad para <strong>detectar errores y \u00e1reas de mejora<\/strong> en lo que presentamos, ya sea una estrategia en redes social o una creatividad para una publicidad, por ejemplo.<\/li>\n<li>Nos puede proporcionar <strong>ventajas frente a la competencia<\/strong> incorporando estrategias que nosotros no sab\u00edamos, pero de las que el cliente tiene mucha informaci\u00f3n.<\/li>\n<li>Nos ayuda a <strong>fidelizar clientes y conseguir otros nuevos<\/strong>. Una empresa que hable bien de nuestro trabajo y de la agencia es un tesoro, adem\u00e1s seguro que nos recomienda a muchos otros que vendr\u00e1n a nosotros.<\/li>\n<li>Nos permite <strong>corregir errores<\/strong> que a veces pasamos por alto a nivel t\u00e9cnico o log\u00edstico. Saberlos gestionar ser\u00e1 la clave para prestar un buen servicio y convertirse en buenos profesionales.<\/li>\n<li>Un aprendizaje adecuado de los <em>feedback<\/em> de nuestros clientes nos permitir\u00e1 <strong>mejorar nuestras propuestas futuras<\/strong>.<\/li>\n<\/ul>\n<p>El objetivo en marketing y comunicaci\u00f3n no es hacerlo de 10 a la primera, sino escuchar qu\u00e9 quieren los clientes y las marcas para ofrecer el mejor servicio y hacer crecer nuestras propuestas. Con esta mentalidad es la con la trabajamos en Monlau.<\/p>\n<p><span style=\"color: #44e3b3;\"><strong>\u00bfTe sumas?<\/strong> Pide informaci\u00f3n para <span style=\"text-decoration: underline; color: #29c496;\"><a style=\"color: #29c496; text-decoration: underline;\" href=\"https:\/\/www.monlau.com\/estudis-professionals\/puertas-abiertas-desde-casa\/\">asistir a las puertas abiertas desde casa<\/a><\/span> y venir a estudiar Grado Medio o Grado Superior el pr\u00f3ximo curso 2020\/21.<\/span><\/p>\n<p>Profesora del \u00e1rea de Empresa y Marketing<\/p>\n","protected":false},"excerpt":{"rendered":"<p>Los estudios de formaci\u00f3n profesional deben ser sin\u00f3nimo de aprendizajes flexibles y adaptados a lo que las empresas y el mercado laboral demandan en cada momento. Con esta idea en mente desde el \u00c1rea de Empresa y Marketing de Monlau Estudios Profesionales dise\u00f1amos y programamos nuestros ciclos formativos. En tan s\u00f3lo 2 a\u00f1os tenemos que [&hellip;]<\/p>\n","protected":false},"author":1,"featured_media":3398,"comment_status":"closed","ping_status":"closed","sticky":false,"template":"","format":"standard","meta":{"footnotes":""},"categories":[32],"tags":[158,110,88,159,89],"class_list":["post-5922","post","type-post","status-publish","format-standard","has-post-thumbnail","hentry","category-empresa-y-marketing","tag-feedback","tag-grado-superior","tag-marketing","tag-palabra-clave","tag-publicidad"],"yoast_head":"<!-- This site is optimized with the Yoast SEO plugin v27.2 - https:\/\/yoast.com\/product\/yoast-seo-wordpress\/ -->\n<title>Feedback: la palabra clave del marketing - Formaci\u00f3n profesional<\/title>\n<meta name=\"robots\" content=\"index, follow, max-snippet:-1, max-image-preview:large, max-video-preview:-1\" \/>\n<link rel=\"canonical\" href=\"https:\/\/www.monlau.com\/fp\/2020\/05\/14\/feedback-palabra-clave-marketing\/\" \/>\n<meta property=\"og:locale\" content=\"es_ES\" \/>\n<meta property=\"og:type\" content=\"article\" \/>\n<meta property=\"og:title\" content=\"Feedback: la palabra clave del marketing - Formaci\u00f3n profesional\" \/>\n<meta property=\"og:description\" content=\"Los estudios de formaci\u00f3n profesional deben ser sin\u00f3nimo de aprendizajes flexibles y adaptados a lo que las empresas y el mercado laboral demandan en cada momento. Con esta idea en mente desde el \u00c1rea de Empresa y Marketing de Monlau Estudios Profesionales dise\u00f1amos y programamos nuestros ciclos formativos. En tan s\u00f3lo 2 a\u00f1os tenemos que [&hellip;]\" \/>\n<meta property=\"og:url\" content=\"https:\/\/www.monlau.com\/fp\/2020\/05\/14\/feedback-palabra-clave-marketing\/\" \/>\n<meta property=\"og:site_name\" content=\"Formaci\u00f3n profesional\" \/>\n<meta property=\"article:published_time\" content=\"2020-05-13T22:00:00+00:00\" \/>\n<meta property=\"article:modified_time\" content=\"2026-03-10T09:03:33+00:00\" \/>\n<meta property=\"og:image\" content=\"https:\/\/www.monlau.com\/app\/uploads\/sites\/3\/2026\/03\/feedback-palabraclave-marketing.jpg\" \/>\n\t<meta property=\"og:image:width\" content=\"1200\" \/>\n\t<meta property=\"og:image:height\" content=\"800\" \/>\n\t<meta property=\"og:image:type\" content=\"image\/jpeg\" \/>\n<meta name=\"author\" content=\"adsmurai\" \/>\n<meta name=\"twitter:card\" content=\"summary_large_image\" \/>\n<meta name=\"twitter:label1\" content=\"Escrito por\" \/>\n\t<meta name=\"twitter:data1\" content=\"adsmurai\" \/>\n\t<meta name=\"twitter:label2\" content=\"Tiempo de lectura\" \/>\n\t<meta name=\"twitter:data2\" content=\"2 minutos\" \/>\n<script type=\"application\/ld+json\" class=\"yoast-schema-graph\">{\"@context\":\"https:\/\/schema.org\",\"@graph\":[{\"@type\":\"Article\",\"@id\":\"https:\/\/www.monlau.com\/fp\/2020\/05\/14\/feedback-palabra-clave-marketing\/#article\",\"isPartOf\":{\"@id\":\"https:\/\/www.monlau.com\/fp\/2020\/05\/14\/feedback-palabra-clave-marketing\/\"},\"author\":{\"name\":\"adsmurai\",\"@id\":\"https:\/\/www.monlau.com\/fp\/#\/schema\/person\/419cfdf054323e24e0a2ef1d8597f051\"},\"headline\":\"Feedback: la palabra clave del marketing\",\"datePublished\":\"2020-05-13T22:00:00+00:00\",\"dateModified\":\"2026-03-10T09:03:33+00:00\",\"mainEntityOfPage\":{\"@id\":\"https:\/\/www.monlau.com\/fp\/2020\/05\/14\/feedback-palabra-clave-marketing\/\"},\"wordCount\":445,\"publisher\":{\"@id\":\"https:\/\/www.monlau.com\/fp\/#organization\"},\"image\":{\"@id\":\"https:\/\/www.monlau.com\/fp\/2020\/05\/14\/feedback-palabra-clave-marketing\/#primaryimage\"},\"thumbnailUrl\":\"https:\/\/www.monlau.com\/app\/uploads\/sites\/3\/2026\/03\/feedback-palabraclave-marketing.jpg\",\"keywords\":[\"feedback\",\"Grado Superior\",\"Marketing\",\"palabra clave\",\"Publicidad\"],\"articleSection\":[\"Empresa y Marketing\"],\"inLanguage\":\"es\"},{\"@type\":\"WebPage\",\"@id\":\"https:\/\/www.monlau.com\/fp\/2020\/05\/14\/feedback-palabra-clave-marketing\/\",\"url\":\"https:\/\/www.monlau.com\/fp\/2020\/05\/14\/feedback-palabra-clave-marketing\/\",\"name\":\"Feedback: la palabra clave del marketing - Formaci\u00f3n profesional\",\"isPartOf\":{\"@id\":\"https:\/\/www.monlau.com\/fp\/#website\"},\"primaryImageOfPage\":{\"@id\":\"https:\/\/www.monlau.com\/fp\/2020\/05\/14\/feedback-palabra-clave-marketing\/#primaryimage\"},\"image\":{\"@id\":\"https:\/\/www.monlau.com\/fp\/2020\/05\/14\/feedback-palabra-clave-marketing\/#primaryimage\"},\"thumbnailUrl\":\"https:\/\/www.monlau.com\/app\/uploads\/sites\/3\/2026\/03\/feedback-palabraclave-marketing.jpg\",\"datePublished\":\"2020-05-13T22:00:00+00:00\",\"dateModified\":\"2026-03-10T09:03:33+00:00\",\"breadcrumb\":{\"@id\":\"https:\/\/www.monlau.com\/fp\/2020\/05\/14\/feedback-palabra-clave-marketing\/#breadcrumb\"},\"inLanguage\":\"es\",\"potentialAction\":[{\"@type\":\"ReadAction\",\"target\":[\"https:\/\/www.monlau.com\/fp\/2020\/05\/14\/feedback-palabra-clave-marketing\/\"]}]},{\"@type\":\"ImageObject\",\"inLanguage\":\"es\",\"@id\":\"https:\/\/www.monlau.com\/fp\/2020\/05\/14\/feedback-palabra-clave-marketing\/#primaryimage\",\"url\":\"https:\/\/www.monlau.com\/app\/uploads\/sites\/3\/2026\/03\/feedback-palabraclave-marketing.jpg\",\"contentUrl\":\"https:\/\/www.monlau.com\/app\/uploads\/sites\/3\/2026\/03\/feedback-palabraclave-marketing.jpg\",\"width\":1200,\"height\":800},{\"@type\":\"BreadcrumbList\",\"@id\":\"https:\/\/www.monlau.com\/fp\/2020\/05\/14\/feedback-palabra-clave-marketing\/#breadcrumb\",\"itemListElement\":[{\"@type\":\"ListItem\",\"position\":1,\"name\":\"Portada\",\"item\":\"https:\/\/www.monlau.com\/fp\/\"},{\"@type\":\"ListItem\",\"position\":2,\"name\":\"Feedback: la palabra clave del marketing\"}]},{\"@type\":\"WebSite\",\"@id\":\"https:\/\/www.monlau.com\/fp\/#website\",\"url\":\"https:\/\/www.monlau.com\/fp\/\",\"name\":\"Formaci\u00f3n profesional\",\"description\":\"Monlau\",\"publisher\":{\"@id\":\"https:\/\/www.monlau.com\/fp\/#organization\"},\"potentialAction\":[{\"@type\":\"SearchAction\",\"target\":{\"@type\":\"EntryPoint\",\"urlTemplate\":\"https:\/\/www.monlau.com\/fp\/?s={search_term_string}\"},\"query-input\":{\"@type\":\"PropertyValueSpecification\",\"valueRequired\":true,\"valueName\":\"search_term_string\"}}],\"inLanguage\":\"es\"},{\"@type\":\"Organization\",\"@id\":\"https:\/\/www.monlau.com\/fp\/#organization\",\"name\":\"Formaci\u00f3n profesional\",\"url\":\"https:\/\/www.monlau.com\/fp\/\",\"logo\":{\"@type\":\"ImageObject\",\"inLanguage\":\"es\",\"@id\":\"https:\/\/www.monlau.com\/fp\/#\/schema\/logo\/image\/\",\"url\":\"https:\/\/www.monlau.com\/app\/uploads\/sites\/3\/2026\/01\/fp.png\",\"contentUrl\":\"https:\/\/www.monlau.com\/app\/uploads\/sites\/3\/2026\/01\/fp.png\",\"width\":1024,\"height\":878,\"caption\":\"Formaci\u00f3n profesional\"},\"image\":{\"@id\":\"https:\/\/www.monlau.com\/fp\/#\/schema\/logo\/image\/\"}},{\"@type\":\"Person\",\"@id\":\"https:\/\/www.monlau.com\/fp\/#\/schema\/person\/419cfdf054323e24e0a2ef1d8597f051\",\"name\":\"adsmurai\",\"image\":{\"@type\":\"ImageObject\",\"inLanguage\":\"es\",\"@id\":\"https:\/\/secure.gravatar.com\/avatar\/0748788578f91786454454fa3b4c295644edb991ad6caadc70b41d26790d38fc?s=96&d=mm&r=g\",\"url\":\"https:\/\/secure.gravatar.com\/avatar\/0748788578f91786454454fa3b4c295644edb991ad6caadc70b41d26790d38fc?s=96&d=mm&r=g\",\"contentUrl\":\"https:\/\/secure.gravatar.com\/avatar\/0748788578f91786454454fa3b4c295644edb991ad6caadc70b41d26790d38fc?s=96&d=mm&r=g\",\"caption\":\"adsmurai\"},\"sameAs\":[\"https:\/\/www.monlau.com\"],\"url\":\"https:\/\/www.monlau.com\/fp\/author\/adsmurai\/\"}]}<\/script>\n<!-- \/ Yoast SEO plugin. -->","yoast_head_json":{"title":"Feedback: la palabra clave del marketing - Formaci\u00f3n profesional","robots":{"index":"index","follow":"follow","max-snippet":"max-snippet:-1","max-image-preview":"max-image-preview:large","max-video-preview":"max-video-preview:-1"},"canonical":"https:\/\/www.monlau.com\/fp\/2020\/05\/14\/feedback-palabra-clave-marketing\/","og_locale":"es_ES","og_type":"article","og_title":"Feedback: la palabra clave del marketing - Formaci\u00f3n profesional","og_description":"Los estudios de formaci\u00f3n profesional deben ser sin\u00f3nimo de aprendizajes flexibles y adaptados a lo que las empresas y el mercado laboral demandan en cada momento. Con esta idea en mente desde el \u00c1rea de Empresa y Marketing de Monlau Estudios Profesionales dise\u00f1amos y programamos nuestros ciclos formativos. En tan s\u00f3lo 2 a\u00f1os tenemos que [&hellip;]","og_url":"https:\/\/www.monlau.com\/fp\/2020\/05\/14\/feedback-palabra-clave-marketing\/","og_site_name":"Formaci\u00f3n profesional","article_published_time":"2020-05-13T22:00:00+00:00","article_modified_time":"2026-03-10T09:03:33+00:00","og_image":[{"width":1200,"height":800,"url":"https:\/\/www.monlau.com\/app\/uploads\/sites\/3\/2026\/03\/feedback-palabraclave-marketing.jpg","type":"image\/jpeg"}],"author":"adsmurai","twitter_card":"summary_large_image","twitter_misc":{"Escrito por":"adsmurai","Tiempo de lectura":"2 minutos"},"schema":{"@context":"https:\/\/schema.org","@graph":[{"@type":"Article","@id":"https:\/\/www.monlau.com\/fp\/2020\/05\/14\/feedback-palabra-clave-marketing\/#article","isPartOf":{"@id":"https:\/\/www.monlau.com\/fp\/2020\/05\/14\/feedback-palabra-clave-marketing\/"},"author":{"name":"adsmurai","@id":"https:\/\/www.monlau.com\/fp\/#\/schema\/person\/419cfdf054323e24e0a2ef1d8597f051"},"headline":"Feedback: la palabra clave del marketing","datePublished":"2020-05-13T22:00:00+00:00","dateModified":"2026-03-10T09:03:33+00:00","mainEntityOfPage":{"@id":"https:\/\/www.monlau.com\/fp\/2020\/05\/14\/feedback-palabra-clave-marketing\/"},"wordCount":445,"publisher":{"@id":"https:\/\/www.monlau.com\/fp\/#organization"},"image":{"@id":"https:\/\/www.monlau.com\/fp\/2020\/05\/14\/feedback-palabra-clave-marketing\/#primaryimage"},"thumbnailUrl":"https:\/\/www.monlau.com\/app\/uploads\/sites\/3\/2026\/03\/feedback-palabraclave-marketing.jpg","keywords":["feedback","Grado Superior","Marketing","palabra clave","Publicidad"],"articleSection":["Empresa y Marketing"],"inLanguage":"es"},{"@type":"WebPage","@id":"https:\/\/www.monlau.com\/fp\/2020\/05\/14\/feedback-palabra-clave-marketing\/","url":"https:\/\/www.monlau.com\/fp\/2020\/05\/14\/feedback-palabra-clave-marketing\/","name":"Feedback: la palabra clave del marketing - Formaci\u00f3n profesional","isPartOf":{"@id":"https:\/\/www.monlau.com\/fp\/#website"},"primaryImageOfPage":{"@id":"https:\/\/www.monlau.com\/fp\/2020\/05\/14\/feedback-palabra-clave-marketing\/#primaryimage"},"image":{"@id":"https:\/\/www.monlau.com\/fp\/2020\/05\/14\/feedback-palabra-clave-marketing\/#primaryimage"},"thumbnailUrl":"https:\/\/www.monlau.com\/app\/uploads\/sites\/3\/2026\/03\/feedback-palabraclave-marketing.jpg","datePublished":"2020-05-13T22:00:00+00:00","dateModified":"2026-03-10T09:03:33+00:00","breadcrumb":{"@id":"https:\/\/www.monlau.com\/fp\/2020\/05\/14\/feedback-palabra-clave-marketing\/#breadcrumb"},"inLanguage":"es","potentialAction":[{"@type":"ReadAction","target":["https:\/\/www.monlau.com\/fp\/2020\/05\/14\/feedback-palabra-clave-marketing\/"]}]},{"@type":"ImageObject","inLanguage":"es","@id":"https:\/\/www.monlau.com\/fp\/2020\/05\/14\/feedback-palabra-clave-marketing\/#primaryimage","url":"https:\/\/www.monlau.com\/app\/uploads\/sites\/3\/2026\/03\/feedback-palabraclave-marketing.jpg","contentUrl":"https:\/\/www.monlau.com\/app\/uploads\/sites\/3\/2026\/03\/feedback-palabraclave-marketing.jpg","width":1200,"height":800},{"@type":"BreadcrumbList","@id":"https:\/\/www.monlau.com\/fp\/2020\/05\/14\/feedback-palabra-clave-marketing\/#breadcrumb","itemListElement":[{"@type":"ListItem","position":1,"name":"Portada","item":"https:\/\/www.monlau.com\/fp\/"},{"@type":"ListItem","position":2,"name":"Feedback: la palabra clave del marketing"}]},{"@type":"WebSite","@id":"https:\/\/www.monlau.com\/fp\/#website","url":"https:\/\/www.monlau.com\/fp\/","name":"Formaci\u00f3n profesional","description":"Monlau","publisher":{"@id":"https:\/\/www.monlau.com\/fp\/#organization"},"potentialAction":[{"@type":"SearchAction","target":{"@type":"EntryPoint","urlTemplate":"https:\/\/www.monlau.com\/fp\/?s={search_term_string}"},"query-input":{"@type":"PropertyValueSpecification","valueRequired":true,"valueName":"search_term_string"}}],"inLanguage":"es"},{"@type":"Organization","@id":"https:\/\/www.monlau.com\/fp\/#organization","name":"Formaci\u00f3n profesional","url":"https:\/\/www.monlau.com\/fp\/","logo":{"@type":"ImageObject","inLanguage":"es","@id":"https:\/\/www.monlau.com\/fp\/#\/schema\/logo\/image\/","url":"https:\/\/www.monlau.com\/app\/uploads\/sites\/3\/2026\/01\/fp.png","contentUrl":"https:\/\/www.monlau.com\/app\/uploads\/sites\/3\/2026\/01\/fp.png","width":1024,"height":878,"caption":"Formaci\u00f3n profesional"},"image":{"@id":"https:\/\/www.monlau.com\/fp\/#\/schema\/logo\/image\/"}},{"@type":"Person","@id":"https:\/\/www.monlau.com\/fp\/#\/schema\/person\/419cfdf054323e24e0a2ef1d8597f051","name":"adsmurai","image":{"@type":"ImageObject","inLanguage":"es","@id":"https:\/\/secure.gravatar.com\/avatar\/0748788578f91786454454fa3b4c295644edb991ad6caadc70b41d26790d38fc?s=96&d=mm&r=g","url":"https:\/\/secure.gravatar.com\/avatar\/0748788578f91786454454fa3b4c295644edb991ad6caadc70b41d26790d38fc?s=96&d=mm&r=g","contentUrl":"https:\/\/secure.gravatar.com\/avatar\/0748788578f91786454454fa3b4c295644edb991ad6caadc70b41d26790d38fc?s=96&d=mm&r=g","caption":"adsmurai"},"sameAs":["https:\/\/www.monlau.com"],"url":"https:\/\/www.monlau.com\/fp\/author\/adsmurai\/"}]}},"_links":{"self":[{"href":"https:\/\/www.monlau.com\/fp\/wp-json\/wp\/v2\/posts\/5922","targetHints":{"allow":["GET"]}}],"collection":[{"href":"https:\/\/www.monlau.com\/fp\/wp-json\/wp\/v2\/posts"}],"about":[{"href":"https:\/\/www.monlau.com\/fp\/wp-json\/wp\/v2\/types\/post"}],"author":[{"embeddable":true,"href":"https:\/\/www.monlau.com\/fp\/wp-json\/wp\/v2\/users\/1"}],"replies":[{"embeddable":true,"href":"https:\/\/www.monlau.com\/fp\/wp-json\/wp\/v2\/comments?post=5922"}],"version-history":[{"count":1,"href":"https:\/\/www.monlau.com\/fp\/wp-json\/wp\/v2\/posts\/5922\/revisions"}],"predecessor-version":[{"id":6476,"href":"https:\/\/www.monlau.com\/fp\/wp-json\/wp\/v2\/posts\/5922\/revisions\/6476"}],"wp:featuredmedia":[{"embeddable":true,"href":"https:\/\/www.monlau.com\/fp\/wp-json\/wp\/v2\/media\/3398"}],"wp:attachment":[{"href":"https:\/\/www.monlau.com\/fp\/wp-json\/wp\/v2\/media?parent=5922"}],"wp:term":[{"taxonomy":"category","embeddable":true,"href":"https:\/\/www.monlau.com\/fp\/wp-json\/wp\/v2\/categories?post=5922"},{"taxonomy":"post_tag","embeddable":true,"href":"https:\/\/www.monlau.com\/fp\/wp-json\/wp\/v2\/tags?post=5922"}],"curies":[{"name":"wp","href":"https:\/\/api.w.org\/{rel}","templated":true}]}}