{"id":5917,"date":"2020-03-12T00:00:00","date_gmt":"2020-03-11T23:00:00","guid":{"rendered":"https:\/\/www.monlau.com\/formacion-profesional\/hoteleria-turismo-como-trabajamos-aula\/"},"modified":"2026-03-10T10:03:34","modified_gmt":"2026-03-10T09:03:34","slug":"hoteleria-turismo-como-trabajamos-aula","status":"publish","type":"post","link":"https:\/\/www.monlau.com\/fp\/2020\/03\/12\/hoteleria-turismo-como-trabajamos-aula\/","title":{"rendered":"\u00bfC\u00f3mo trabajamos en el aula del ciclo formativo de Turismo?"},"content":{"rendered":"<p>El paso del mundo educativo al \u00e1mbito profesional es uno de los cambios m\u00e1s importantes para un estudiante. Ya hace a\u00f1os que desde las aulas de Formaci\u00f3n Profesional trabajamos para intentar que su inserci\u00f3n laboral sea lo m\u00e1s f\u00e1cil posible. La manera de conseguirlo es, sin duda, <strong>integrando en el aula todo lo que encontrar\u00e1n en un futuro en su entorno profesional.<\/strong> En nuestras clases de <a href=\"https:\/\/www.monlau.com\/estudis-professionals\/project\/ciclo-formativo-de-grado-superior-de-gestion-del-alojamiento-turistico\/\">Hoteler\u00eda y Turismo<\/a> lo hacemos gracias a un equilibrio entre contenidos te\u00f3ricos y pr\u00e1cticos, talleres, seminarios y salidas para conocer las diferentes empresas y profesionales del sector.<\/p>\n<h2>En el aula de Hoteler\u00eda y Turismo<\/h2>\n<p>Todo lo anterior no es nuevo y ya hace varios a\u00f1os que lo venimos desarrollando, por eso hoy os quiero hablar de otro aspecto que nos hace diferentes: como bien saben mis alumnos (muchos de ellos ya lo han sufrido), algo que les pido es que <strong>el aula sea un espacio donde el aprendizaje no sea unidireccional.<\/strong> Nuestros estudiantes se convierten, gracias a sus pr\u00e1cticas en empresas o, posteriormente, una vez ya en el mundo laboral, en especialistas en materias concretas, que luego explican a sus propios compa\u00f1eros. Sin ir m\u00e1s lejos, este mes de enero hemos tenido a <strong>Ariadna Tarr\u00e9s, exalumna y Revenue Manager en una cadena hotelera, explicando c\u00f3mo es su trabajo y los principales puntos para tener en cuenta para conseguir gestionar bien los precios de un hotel.<\/strong> Tambi\u00e9n hemos tenido una sesi\u00f3n pr\u00e1ctica con nuestra alumna actual, <strong>Marta Molero, explicando a todos los compa\u00f1eros el funcionamiento de un Channel Manager, herramienta indispensable en la actualidad para cualquier alojamiento que quiera trabajar con diferentes canales de comercializaci\u00f3n.<\/strong> Ya veis que el aula no deja de ser un escenario donde el aprendizaje tiene m\u00faltiples entradas.<\/p>\n<figure id=\"attachment_7720\" aria-describedby=\"caption-attachment-7720\" style=\"width: 1000px\" class=\"wp-caption aligncenter\"><img fetchpriority=\"high\" decoding=\"async\" class=\"wp-image-7720 size-full\" src=\"https:\/\/www.monlau.com\/estudis-professionals\/wp-content\/uploads\/sites\/3\/2020\/03\/PRUEBA4.png\" alt=\"\" width=\"1000\" height=\"367\" \/><figcaption id=\"caption-attachment-7720\" class=\"wp-caption-text\">Ariadna explicando las funciones de una Revenue Manager. | Marta explicando el funcionamiento de un Channel Manager.<\/figcaption><\/figure>\n<p>Por todo ello, no es extra\u00f1o que la Formaci\u00f3n Profesional tenga cada a\u00f1o m\u00e1s alumnos matriculados, pues en menos tiempo consiguen una mayor especializaci\u00f3n y mejores ratios de inserci\u00f3n laboral <strong>(seg\u00fan c\u00e1lculos de la <a href=\"https:\/\/www.oecd.org\/acerca\/\">OCDE<\/a>, cerca de dos tercios del crecimiento laboral del pr\u00f3ximo a\u00f1o, la ocupar\u00e1n t\u00e9cnicos titulados en FP de grado medio y superior).<\/strong> Y si a\u00f1adimos que, adem\u00e1s lo pasan bien&#8230; \u00bfqu\u00e9 m\u00e1s podemos pedir?<\/p>\n<p><a href=\"https:\/\/www.monlau.com\/estudis-professionals\/project\/ciclo-formativo-de-grado-superior-de-gestion-del-alojamiento-turistico\/\"><img decoding=\"async\" class=\"aligncenter wp-image-6312 size-full\" src=\"https:\/\/www.monlau.com\/estudis-professionals\/wp-content\/uploads\/sites\/3\/2020\/01\/Banner-GAT-cast.png\" alt=\"\" width=\"1200\" height=\"372\" \/><\/a><\/p>\n<h4>David Casanellas<\/h4>\n<p>Responsable del \u00e1rea de Hoteler\u00eda y Turismo<\/p>\n","protected":false},"excerpt":{"rendered":"<p>El paso del mundo educativo al \u00e1mbito profesional es uno de los cambios m\u00e1s importantes para un estudiante. Ya hace a\u00f1os que desde las aulas de Formaci\u00f3n Profesional trabajamos para intentar que su inserci\u00f3n laboral sea lo m\u00e1s f\u00e1cil posible. La manera de conseguirlo es, sin duda, integrando en el aula todo lo que encontrar\u00e1n [&hellip;]<\/p>\n","protected":false},"author":1,"featured_media":3378,"comment_status":"closed","ping_status":"closed","sticky":false,"template":"","format":"standard","meta":{"footnotes":""},"categories":[37],"tags":[136,96,49,137,117,83,98,138,139,140,141],"class_list":["post-5917","post","type-post","status-publish","format-standard","has-post-thumbnail","hentry","category-hoteleria-y-turismo","tag-channel-manager","tag-empresas","tag-formacion-profesional","tag-hoteleria-y-turismo","tag-insercion-laboral","tag-monlau","tag-mundo-laboral","tag-ocde","tag-practicas","tag-revenue-manager","tag-turisme"],"yoast_head":"<!-- This site is optimized with the Yoast SEO plugin v27.2 - https:\/\/yoast.com\/product\/yoast-seo-wordpress\/ -->\n<title>\u00bfC\u00f3mo trabajamos en el aula del ciclo formativo de Turismo? - Formaci\u00f3n profesional<\/title>\n<meta name=\"robots\" content=\"index, follow, max-snippet:-1, max-image-preview:large, max-video-preview:-1\" \/>\n<link rel=\"canonical\" href=\"https:\/\/www.monlau.com\/fp\/2020\/03\/12\/hoteleria-turismo-como-trabajamos-aula\/\" \/>\n<meta property=\"og:locale\" content=\"es_ES\" \/>\n<meta property=\"og:type\" content=\"article\" \/>\n<meta property=\"og:title\" content=\"\u00bfC\u00f3mo trabajamos en el aula del ciclo formativo de Turismo? - Formaci\u00f3n profesional\" \/>\n<meta property=\"og:description\" content=\"El paso del mundo educativo al \u00e1mbito profesional es uno de los cambios m\u00e1s importantes para un estudiante. Ya hace a\u00f1os que desde las aulas de Formaci\u00f3n Profesional trabajamos para intentar que su inserci\u00f3n laboral sea lo m\u00e1s f\u00e1cil posible. La manera de conseguirlo es, sin duda, integrando en el aula todo lo que encontrar\u00e1n [&hellip;]\" \/>\n<meta property=\"og:url\" content=\"https:\/\/www.monlau.com\/fp\/2020\/03\/12\/hoteleria-turismo-como-trabajamos-aula\/\" \/>\n<meta property=\"og:site_name\" content=\"Formaci\u00f3n profesional\" \/>\n<meta property=\"article:published_time\" content=\"2020-03-11T23:00:00+00:00\" \/>\n<meta property=\"article:modified_time\" content=\"2026-03-10T09:03:34+00:00\" \/>\n<meta property=\"og:image\" content=\"https:\/\/www.monlau.com\/app\/uploads\/sites\/3\/2026\/03\/MG_165222-scaled.jpg\" \/>\n\t<meta property=\"og:image:width\" content=\"2560\" \/>\n\t<meta property=\"og:image:height\" content=\"1707\" \/>\n\t<meta property=\"og:image:type\" content=\"image\/jpeg\" \/>\n<meta name=\"author\" content=\"adsmurai\" \/>\n<meta name=\"twitter:card\" content=\"summary_large_image\" \/>\n<meta name=\"twitter:label1\" content=\"Escrito por\" \/>\n\t<meta name=\"twitter:data1\" content=\"adsmurai\" \/>\n\t<meta name=\"twitter:label2\" content=\"Tiempo de lectura\" \/>\n\t<meta name=\"twitter:data2\" content=\"2 minutos\" \/>\n<script type=\"application\/ld+json\" class=\"yoast-schema-graph\">{\"@context\":\"https:\/\/schema.org\",\"@graph\":[{\"@type\":\"Article\",\"@id\":\"https:\/\/www.monlau.com\/fp\/2020\/03\/12\/hoteleria-turismo-como-trabajamos-aula\/#article\",\"isPartOf\":{\"@id\":\"https:\/\/www.monlau.com\/fp\/2020\/03\/12\/hoteleria-turismo-como-trabajamos-aula\/\"},\"author\":{\"name\":\"adsmurai\",\"@id\":\"https:\/\/www.monlau.com\/fp\/#\/schema\/person\/419cfdf054323e24e0a2ef1d8597f051\"},\"headline\":\"\u00bfC\u00f3mo trabajamos en el aula del ciclo formativo de Turismo?\",\"datePublished\":\"2020-03-11T23:00:00+00:00\",\"dateModified\":\"2026-03-10T09:03:34+00:00\",\"mainEntityOfPage\":{\"@id\":\"https:\/\/www.monlau.com\/fp\/2020\/03\/12\/hoteleria-turismo-como-trabajamos-aula\/\"},\"wordCount\":437,\"publisher\":{\"@id\":\"https:\/\/www.monlau.com\/fp\/#organization\"},\"image\":{\"@id\":\"https:\/\/www.monlau.com\/fp\/2020\/03\/12\/hoteleria-turismo-como-trabajamos-aula\/#primaryimage\"},\"thumbnailUrl\":\"https:\/\/www.monlau.com\/app\/uploads\/sites\/3\/2026\/03\/MG_165222-scaled.jpg\",\"keywords\":[\"Channel Manager\",\"empresas\",\"formaci\u00f3n profesional\",\"Hoteler\u00eda y Turismo\",\"Inserci\u00f3n laboral\",\"Monlau\",\"mundo laboral\",\"OCDE\",\"Pr\u00e1cticas\",\"Revenue Manager\",\"Turisme\"],\"articleSection\":[\"Hoteler\u00eda y Turismo\"],\"inLanguage\":\"es\"},{\"@type\":\"WebPage\",\"@id\":\"https:\/\/www.monlau.com\/fp\/2020\/03\/12\/hoteleria-turismo-como-trabajamos-aula\/\",\"url\":\"https:\/\/www.monlau.com\/fp\/2020\/03\/12\/hoteleria-turismo-como-trabajamos-aula\/\",\"name\":\"\u00bfC\u00f3mo trabajamos en el aula del ciclo formativo de Turismo? - Formaci\u00f3n profesional\",\"isPartOf\":{\"@id\":\"https:\/\/www.monlau.com\/fp\/#website\"},\"primaryImageOfPage\":{\"@id\":\"https:\/\/www.monlau.com\/fp\/2020\/03\/12\/hoteleria-turismo-como-trabajamos-aula\/#primaryimage\"},\"image\":{\"@id\":\"https:\/\/www.monlau.com\/fp\/2020\/03\/12\/hoteleria-turismo-como-trabajamos-aula\/#primaryimage\"},\"thumbnailUrl\":\"https:\/\/www.monlau.com\/app\/uploads\/sites\/3\/2026\/03\/MG_165222-scaled.jpg\",\"datePublished\":\"2020-03-11T23:00:00+00:00\",\"dateModified\":\"2026-03-10T09:03:34+00:00\",\"breadcrumb\":{\"@id\":\"https:\/\/www.monlau.com\/fp\/2020\/03\/12\/hoteleria-turismo-como-trabajamos-aula\/#breadcrumb\"},\"inLanguage\":\"es\",\"potentialAction\":[{\"@type\":\"ReadAction\",\"target\":[\"https:\/\/www.monlau.com\/fp\/2020\/03\/12\/hoteleria-turismo-como-trabajamos-aula\/\"]}]},{\"@type\":\"ImageObject\",\"inLanguage\":\"es\",\"@id\":\"https:\/\/www.monlau.com\/fp\/2020\/03\/12\/hoteleria-turismo-como-trabajamos-aula\/#primaryimage\",\"url\":\"https:\/\/www.monlau.com\/app\/uploads\/sites\/3\/2026\/03\/MG_165222-scaled.jpg\",\"contentUrl\":\"https:\/\/www.monlau.com\/app\/uploads\/sites\/3\/2026\/03\/MG_165222-scaled.jpg\",\"width\":2560,\"height\":1707},{\"@type\":\"BreadcrumbList\",\"@id\":\"https:\/\/www.monlau.com\/fp\/2020\/03\/12\/hoteleria-turismo-como-trabajamos-aula\/#breadcrumb\",\"itemListElement\":[{\"@type\":\"ListItem\",\"position\":1,\"name\":\"Portada\",\"item\":\"https:\/\/www.monlau.com\/fp\/\"},{\"@type\":\"ListItem\",\"position\":2,\"name\":\"\u00bfC\u00f3mo trabajamos en el aula del ciclo formativo de Turismo?\"}]},{\"@type\":\"WebSite\",\"@id\":\"https:\/\/www.monlau.com\/fp\/#website\",\"url\":\"https:\/\/www.monlau.com\/fp\/\",\"name\":\"Formaci\u00f3n profesional\",\"description\":\"Monlau\",\"publisher\":{\"@id\":\"https:\/\/www.monlau.com\/fp\/#organization\"},\"potentialAction\":[{\"@type\":\"SearchAction\",\"target\":{\"@type\":\"EntryPoint\",\"urlTemplate\":\"https:\/\/www.monlau.com\/fp\/?s={search_term_string}\"},\"query-input\":{\"@type\":\"PropertyValueSpecification\",\"valueRequired\":true,\"valueName\":\"search_term_string\"}}],\"inLanguage\":\"es\"},{\"@type\":\"Organization\",\"@id\":\"https:\/\/www.monlau.com\/fp\/#organization\",\"name\":\"Formaci\u00f3n profesional\",\"url\":\"https:\/\/www.monlau.com\/fp\/\",\"logo\":{\"@type\":\"ImageObject\",\"inLanguage\":\"es\",\"@id\":\"https:\/\/www.monlau.com\/fp\/#\/schema\/logo\/image\/\",\"url\":\"https:\/\/www.monlau.com\/app\/uploads\/sites\/3\/2026\/01\/fp.png\",\"contentUrl\":\"https:\/\/www.monlau.com\/app\/uploads\/sites\/3\/2026\/01\/fp.png\",\"width\":1024,\"height\":878,\"caption\":\"Formaci\u00f3n profesional\"},\"image\":{\"@id\":\"https:\/\/www.monlau.com\/fp\/#\/schema\/logo\/image\/\"}},{\"@type\":\"Person\",\"@id\":\"https:\/\/www.monlau.com\/fp\/#\/schema\/person\/419cfdf054323e24e0a2ef1d8597f051\",\"name\":\"adsmurai\",\"image\":{\"@type\":\"ImageObject\",\"inLanguage\":\"es\",\"@id\":\"https:\/\/secure.gravatar.com\/avatar\/0748788578f91786454454fa3b4c295644edb991ad6caadc70b41d26790d38fc?s=96&d=mm&r=g\",\"url\":\"https:\/\/secure.gravatar.com\/avatar\/0748788578f91786454454fa3b4c295644edb991ad6caadc70b41d26790d38fc?s=96&d=mm&r=g\",\"contentUrl\":\"https:\/\/secure.gravatar.com\/avatar\/0748788578f91786454454fa3b4c295644edb991ad6caadc70b41d26790d38fc?s=96&d=mm&r=g\",\"caption\":\"adsmurai\"},\"sameAs\":[\"https:\/\/www.monlau.com\"],\"url\":\"https:\/\/www.monlau.com\/fp\/author\/adsmurai\/\"}]}<\/script>\n<!-- \/ Yoast SEO plugin. -->","yoast_head_json":{"title":"\u00bfC\u00f3mo trabajamos en el aula del ciclo formativo de Turismo? - Formaci\u00f3n profesional","robots":{"index":"index","follow":"follow","max-snippet":"max-snippet:-1","max-image-preview":"max-image-preview:large","max-video-preview":"max-video-preview:-1"},"canonical":"https:\/\/www.monlau.com\/fp\/2020\/03\/12\/hoteleria-turismo-como-trabajamos-aula\/","og_locale":"es_ES","og_type":"article","og_title":"\u00bfC\u00f3mo trabajamos en el aula del ciclo formativo de Turismo? - Formaci\u00f3n profesional","og_description":"El paso del mundo educativo al \u00e1mbito profesional es uno de los cambios m\u00e1s importantes para un estudiante. Ya hace a\u00f1os que desde las aulas de Formaci\u00f3n Profesional trabajamos para intentar que su inserci\u00f3n laboral sea lo m\u00e1s f\u00e1cil posible. La manera de conseguirlo es, sin duda, integrando en el aula todo lo que encontrar\u00e1n [&hellip;]","og_url":"https:\/\/www.monlau.com\/fp\/2020\/03\/12\/hoteleria-turismo-como-trabajamos-aula\/","og_site_name":"Formaci\u00f3n profesional","article_published_time":"2020-03-11T23:00:00+00:00","article_modified_time":"2026-03-10T09:03:34+00:00","og_image":[{"width":2560,"height":1707,"url":"https:\/\/www.monlau.com\/app\/uploads\/sites\/3\/2026\/03\/MG_165222-scaled.jpg","type":"image\/jpeg"}],"author":"adsmurai","twitter_card":"summary_large_image","twitter_misc":{"Escrito por":"adsmurai","Tiempo de lectura":"2 minutos"},"schema":{"@context":"https:\/\/schema.org","@graph":[{"@type":"Article","@id":"https:\/\/www.monlau.com\/fp\/2020\/03\/12\/hoteleria-turismo-como-trabajamos-aula\/#article","isPartOf":{"@id":"https:\/\/www.monlau.com\/fp\/2020\/03\/12\/hoteleria-turismo-como-trabajamos-aula\/"},"author":{"name":"adsmurai","@id":"https:\/\/www.monlau.com\/fp\/#\/schema\/person\/419cfdf054323e24e0a2ef1d8597f051"},"headline":"\u00bfC\u00f3mo trabajamos en el aula del ciclo formativo de Turismo?","datePublished":"2020-03-11T23:00:00+00:00","dateModified":"2026-03-10T09:03:34+00:00","mainEntityOfPage":{"@id":"https:\/\/www.monlau.com\/fp\/2020\/03\/12\/hoteleria-turismo-como-trabajamos-aula\/"},"wordCount":437,"publisher":{"@id":"https:\/\/www.monlau.com\/fp\/#organization"},"image":{"@id":"https:\/\/www.monlau.com\/fp\/2020\/03\/12\/hoteleria-turismo-como-trabajamos-aula\/#primaryimage"},"thumbnailUrl":"https:\/\/www.monlau.com\/app\/uploads\/sites\/3\/2026\/03\/MG_165222-scaled.jpg","keywords":["Channel Manager","empresas","formaci\u00f3n profesional","Hoteler\u00eda y Turismo","Inserci\u00f3n laboral","Monlau","mundo laboral","OCDE","Pr\u00e1cticas","Revenue Manager","Turisme"],"articleSection":["Hoteler\u00eda y Turismo"],"inLanguage":"es"},{"@type":"WebPage","@id":"https:\/\/www.monlau.com\/fp\/2020\/03\/12\/hoteleria-turismo-como-trabajamos-aula\/","url":"https:\/\/www.monlau.com\/fp\/2020\/03\/12\/hoteleria-turismo-como-trabajamos-aula\/","name":"\u00bfC\u00f3mo trabajamos en el aula del ciclo formativo de Turismo? - Formaci\u00f3n profesional","isPartOf":{"@id":"https:\/\/www.monlau.com\/fp\/#website"},"primaryImageOfPage":{"@id":"https:\/\/www.monlau.com\/fp\/2020\/03\/12\/hoteleria-turismo-como-trabajamos-aula\/#primaryimage"},"image":{"@id":"https:\/\/www.monlau.com\/fp\/2020\/03\/12\/hoteleria-turismo-como-trabajamos-aula\/#primaryimage"},"thumbnailUrl":"https:\/\/www.monlau.com\/app\/uploads\/sites\/3\/2026\/03\/MG_165222-scaled.jpg","datePublished":"2020-03-11T23:00:00+00:00","dateModified":"2026-03-10T09:03:34+00:00","breadcrumb":{"@id":"https:\/\/www.monlau.com\/fp\/2020\/03\/12\/hoteleria-turismo-como-trabajamos-aula\/#breadcrumb"},"inLanguage":"es","potentialAction":[{"@type":"ReadAction","target":["https:\/\/www.monlau.com\/fp\/2020\/03\/12\/hoteleria-turismo-como-trabajamos-aula\/"]}]},{"@type":"ImageObject","inLanguage":"es","@id":"https:\/\/www.monlau.com\/fp\/2020\/03\/12\/hoteleria-turismo-como-trabajamos-aula\/#primaryimage","url":"https:\/\/www.monlau.com\/app\/uploads\/sites\/3\/2026\/03\/MG_165222-scaled.jpg","contentUrl":"https:\/\/www.monlau.com\/app\/uploads\/sites\/3\/2026\/03\/MG_165222-scaled.jpg","width":2560,"height":1707},{"@type":"BreadcrumbList","@id":"https:\/\/www.monlau.com\/fp\/2020\/03\/12\/hoteleria-turismo-como-trabajamos-aula\/#breadcrumb","itemListElement":[{"@type":"ListItem","position":1,"name":"Portada","item":"https:\/\/www.monlau.com\/fp\/"},{"@type":"ListItem","position":2,"name":"\u00bfC\u00f3mo trabajamos en el aula del ciclo formativo de Turismo?"}]},{"@type":"WebSite","@id":"https:\/\/www.monlau.com\/fp\/#website","url":"https:\/\/www.monlau.com\/fp\/","name":"Formaci\u00f3n profesional","description":"Monlau","publisher":{"@id":"https:\/\/www.monlau.com\/fp\/#organization"},"potentialAction":[{"@type":"SearchAction","target":{"@type":"EntryPoint","urlTemplate":"https:\/\/www.monlau.com\/fp\/?s={search_term_string}"},"query-input":{"@type":"PropertyValueSpecification","valueRequired":true,"valueName":"search_term_string"}}],"inLanguage":"es"},{"@type":"Organization","@id":"https:\/\/www.monlau.com\/fp\/#organization","name":"Formaci\u00f3n profesional","url":"https:\/\/www.monlau.com\/fp\/","logo":{"@type":"ImageObject","inLanguage":"es","@id":"https:\/\/www.monlau.com\/fp\/#\/schema\/logo\/image\/","url":"https:\/\/www.monlau.com\/app\/uploads\/sites\/3\/2026\/01\/fp.png","contentUrl":"https:\/\/www.monlau.com\/app\/uploads\/sites\/3\/2026\/01\/fp.png","width":1024,"height":878,"caption":"Formaci\u00f3n profesional"},"image":{"@id":"https:\/\/www.monlau.com\/fp\/#\/schema\/logo\/image\/"}},{"@type":"Person","@id":"https:\/\/www.monlau.com\/fp\/#\/schema\/person\/419cfdf054323e24e0a2ef1d8597f051","name":"adsmurai","image":{"@type":"ImageObject","inLanguage":"es","@id":"https:\/\/secure.gravatar.com\/avatar\/0748788578f91786454454fa3b4c295644edb991ad6caadc70b41d26790d38fc?s=96&d=mm&r=g","url":"https:\/\/secure.gravatar.com\/avatar\/0748788578f91786454454fa3b4c295644edb991ad6caadc70b41d26790d38fc?s=96&d=mm&r=g","contentUrl":"https:\/\/secure.gravatar.com\/avatar\/0748788578f91786454454fa3b4c295644edb991ad6caadc70b41d26790d38fc?s=96&d=mm&r=g","caption":"adsmurai"},"sameAs":["https:\/\/www.monlau.com"],"url":"https:\/\/www.monlau.com\/fp\/author\/adsmurai\/"}]}},"_links":{"self":[{"href":"https:\/\/www.monlau.com\/fp\/wp-json\/wp\/v2\/posts\/5917","targetHints":{"allow":["GET"]}}],"collection":[{"href":"https:\/\/www.monlau.com\/fp\/wp-json\/wp\/v2\/posts"}],"about":[{"href":"https:\/\/www.monlau.com\/fp\/wp-json\/wp\/v2\/types\/post"}],"author":[{"embeddable":true,"href":"https:\/\/www.monlau.com\/fp\/wp-json\/wp\/v2\/users\/1"}],"replies":[{"embeddable":true,"href":"https:\/\/www.monlau.com\/fp\/wp-json\/wp\/v2\/comments?post=5917"}],"version-history":[{"count":1,"href":"https:\/\/www.monlau.com\/fp\/wp-json\/wp\/v2\/posts\/5917\/revisions"}],"predecessor-version":[{"id":6486,"href":"https:\/\/www.monlau.com\/fp\/wp-json\/wp\/v2\/posts\/5917\/revisions\/6486"}],"wp:featuredmedia":[{"embeddable":true,"href":"https:\/\/www.monlau.com\/fp\/wp-json\/wp\/v2\/media\/3378"}],"wp:attachment":[{"href":"https:\/\/www.monlau.com\/fp\/wp-json\/wp\/v2\/media?parent=5917"}],"wp:term":[{"taxonomy":"category","embeddable":true,"href":"https:\/\/www.monlau.com\/fp\/wp-json\/wp\/v2\/categories?post=5917"},{"taxonomy":"post_tag","embeddable":true,"href":"https:\/\/www.monlau.com\/fp\/wp-json\/wp\/v2\/tags?post=5917"}],"curies":[{"name":"wp","href":"https:\/\/api.w.org\/{rel}","templated":true}]}}