{"id":5916,"date":"2020-03-02T00:00:00","date_gmt":"2020-03-01T23:00:00","guid":{"rendered":"https:\/\/www.monlau.com\/formacion-profesional\/formacion-dual-automocion\/"},"modified":"2026-03-10T10:03:34","modified_gmt":"2026-03-10T09:03:34","slug":"formacion-dual-automocion","status":"publish","type":"post","link":"https:\/\/www.monlau.com\/fp\/2020\/03\/02\/formacion-dual-automocion\/","title":{"rendered":"FP Dual en Automoci\u00f3n, la formaci\u00f3n compartida con la empresa"},"content":{"rendered":"<p>El sector de la <a href=\"https:\/\/www.monlau.com\/estudis-professionals\/area-automocion\/\">automoci\u00f3n<\/a> est\u00e1 en un momento de grandes cambios y con gran incertidumbre acerca del modelo de futuro, conocimientos necesarios, perfiles profesionales\u2026 y por supuesto con una redefinici\u00f3n casi a diario de la formaci\u00f3n que es necesaria.<\/p>\n<p>Con este escenario, <strong>la formaci\u00f3n dual est\u00e1 ayudando tanto a las empresas como a las escuelas a actualizar los conocimientos de manera r\u00e1pida y de calidad<\/strong>, por lo que las dos partes sacan provecho del sistema.<\/p>\n<p><strong>La FP Dual es un modelo que cuenta con una inserci\u00f3n laboral del 70%<\/strong>, cosa que motiva a los alumnos y familias a tomar la decisi\u00f3n de cursar esta modalidad de estudio.<\/p>\n<p>Pero \u00bfQu\u00e9 es la formaci\u00f3n profesional dual?; es una modalidad que alterna el aprendizaje entre el centro educativo y la empresa.<\/p>\n<p>El \u00e9xito de esta modalidad se basa en una <strong>mayor flexibilidad y adaptaci\u00f3n a lo que las empresas necesitan<\/strong>, tanto a nivel t\u00e9cnico como en competencias personales. \u00a0El hecho de compartir la formaci\u00f3n genera que las empresas pueden complementar y moldear los conocimientos generales que se imparten en el centro educativo acerc\u00e1ndolos a las necesidades del mercado.<\/p>\n<p>Desde <a href=\"https:\/\/www.monlau.com\/\">Monlau<\/a> estamos trabajando en el modelo dual para reforzar la relaci\u00f3n Alumno-Empresa y tambi\u00e9n potenciar el contacto entre la escuela y el mercado de manera que se <strong>facilite la confecci\u00f3n de un itinerario formativo acorde a las necesidades.<\/strong><\/p>\n<p>Las principales caracter\u00edsticas que queremos desarrollar en el modelo son:<\/p>\n<ul>\n<li>Ayudar al alumno a conocer de cerca el sector.<\/li>\n<li>Facilitar la incorporaci\u00f3n laboral.<\/li>\n<li>Incorporar un aprendizaje pr\u00e1ctico y progresivo en la empresa. Mejora de capacitaci\u00f3n.<\/li>\n<li>Aumentar la vinculaci\u00f3n y la responsabilidad de la empresa con la formaci\u00f3n de nuestros alumnos.<\/li>\n<li>Potenciar la relaci\u00f3n del profesorado con el sector.<\/li>\n<\/ul>\n<p>&nbsp;<\/p>\n<p><a href=\"https:\/\/www.monlau.com\/estudis-professionals\/area-automocion\/\"><img fetchpriority=\"high\" decoding=\"async\" class=\"aligncenter wp-image-7280 size-full\" src=\"https:\/\/www.monlau.com\/estudis-professionals\/wp-content\/uploads\/sites\/3\/2020\/03\/Banner-auomoci\u00f3n-ES.png\" alt=\"\" width=\"1200\" height=\"372\" \/><\/a><\/p>\n<h4>Carlos Salazar<\/h4>\n<p>Director del \u00c1rea de Automoci\u00f3n<\/p>\n<p>&nbsp;<\/p>\n","protected":false},"excerpt":{"rendered":"<p>El sector de la automoci\u00f3n est\u00e1 en un momento de grandes cambios y con gran incertidumbre acerca del modelo de futuro, conocimientos necesarios, perfiles profesionales\u2026 y por supuesto con una redefinici\u00f3n casi a diario de la formaci\u00f3n que es necesaria. Con este escenario, la formaci\u00f3n dual est\u00e1 ayudando tanto a las empresas como a las [&hellip;]<\/p>\n","protected":false},"author":1,"featured_media":3368,"comment_status":"closed","ping_status":"closed","sticky":false,"template":"","format":"standard","meta":{"footnotes":""},"categories":[36],"tags":[107,96,135,117,83],"class_list":["post-5916","post","type-post","status-publish","format-standard","has-post-thumbnail","hentry","category-automocion","tag-automocion","tag-empresas","tag-formacion-dual","tag-insercion-laboral","tag-monlau"],"yoast_head":"<!-- This site is optimized with the Yoast SEO plugin v27.2 - https:\/\/yoast.com\/product\/yoast-seo-wordpress\/ -->\n<title>FP Dual en Automoci\u00f3n, la formaci\u00f3n compartida con la empresa - Formaci\u00f3n profesional<\/title>\n<meta name=\"robots\" content=\"index, follow, max-snippet:-1, max-image-preview:large, max-video-preview:-1\" \/>\n<link rel=\"canonical\" href=\"https:\/\/www.monlau.com\/fp\/2020\/03\/02\/formacion-dual-automocion\/\" \/>\n<meta property=\"og:locale\" content=\"es_ES\" \/>\n<meta property=\"og:type\" content=\"article\" \/>\n<meta property=\"og:title\" content=\"FP Dual en Automoci\u00f3n, la formaci\u00f3n compartida con la empresa - Formaci\u00f3n profesional\" \/>\n<meta property=\"og:description\" content=\"El sector de la automoci\u00f3n est\u00e1 en un momento de grandes cambios y con gran incertidumbre acerca del modelo de futuro, conocimientos necesarios, perfiles profesionales\u2026 y por supuesto con una redefinici\u00f3n casi a diario de la formaci\u00f3n que es necesaria. Con este escenario, la formaci\u00f3n dual est\u00e1 ayudando tanto a las empresas como a las [&hellip;]\" \/>\n<meta property=\"og:url\" content=\"https:\/\/www.monlau.com\/fp\/2020\/03\/02\/formacion-dual-automocion\/\" \/>\n<meta property=\"og:site_name\" content=\"Formaci\u00f3n profesional\" \/>\n<meta property=\"article:published_time\" content=\"2020-03-01T23:00:00+00:00\" \/>\n<meta property=\"article:modified_time\" content=\"2026-03-10T09:03:34+00:00\" \/>\n<meta property=\"og:image\" content=\"https:\/\/www.monlau.com\/app\/uploads\/sites\/3\/2026\/03\/MG_14262-scaled.jpg\" \/>\n\t<meta property=\"og:image:width\" content=\"2560\" \/>\n\t<meta property=\"og:image:height\" content=\"1707\" \/>\n\t<meta property=\"og:image:type\" content=\"image\/jpeg\" \/>\n<meta name=\"author\" content=\"adsmurai\" \/>\n<meta name=\"twitter:card\" content=\"summary_large_image\" \/>\n<meta name=\"twitter:label1\" content=\"Escrito por\" \/>\n\t<meta name=\"twitter:data1\" content=\"adsmurai\" \/>\n\t<meta name=\"twitter:label2\" content=\"Tiempo de lectura\" \/>\n\t<meta name=\"twitter:data2\" content=\"2 minutos\" \/>\n<script type=\"application\/ld+json\" class=\"yoast-schema-graph\">{\"@context\":\"https:\/\/schema.org\",\"@graph\":[{\"@type\":\"Article\",\"@id\":\"https:\/\/www.monlau.com\/fp\/2020\/03\/02\/formacion-dual-automocion\/#article\",\"isPartOf\":{\"@id\":\"https:\/\/www.monlau.com\/fp\/2020\/03\/02\/formacion-dual-automocion\/\"},\"author\":{\"name\":\"adsmurai\",\"@id\":\"https:\/\/www.monlau.com\/fp\/#\/schema\/person\/419cfdf054323e24e0a2ef1d8597f051\"},\"headline\":\"FP Dual en Automoci\u00f3n, la formaci\u00f3n compartida con la empresa\",\"datePublished\":\"2020-03-01T23:00:00+00:00\",\"dateModified\":\"2026-03-10T09:03:34+00:00\",\"mainEntityOfPage\":{\"@id\":\"https:\/\/www.monlau.com\/fp\/2020\/03\/02\/formacion-dual-automocion\/\"},\"wordCount\":326,\"publisher\":{\"@id\":\"https:\/\/www.monlau.com\/fp\/#organization\"},\"image\":{\"@id\":\"https:\/\/www.monlau.com\/fp\/2020\/03\/02\/formacion-dual-automocion\/#primaryimage\"},\"thumbnailUrl\":\"https:\/\/www.monlau.com\/app\/uploads\/sites\/3\/2026\/03\/MG_14262-scaled.jpg\",\"keywords\":[\"Automoci\u00f3n\",\"empresas\",\"Formaci\u00f3n Dual\",\"Inserci\u00f3n laboral\",\"Monlau\"],\"articleSection\":[\"Automoci\u00f3n\"],\"inLanguage\":\"es\"},{\"@type\":\"WebPage\",\"@id\":\"https:\/\/www.monlau.com\/fp\/2020\/03\/02\/formacion-dual-automocion\/\",\"url\":\"https:\/\/www.monlau.com\/fp\/2020\/03\/02\/formacion-dual-automocion\/\",\"name\":\"FP Dual en Automoci\u00f3n, la formaci\u00f3n compartida con la empresa - Formaci\u00f3n profesional\",\"isPartOf\":{\"@id\":\"https:\/\/www.monlau.com\/fp\/#website\"},\"primaryImageOfPage\":{\"@id\":\"https:\/\/www.monlau.com\/fp\/2020\/03\/02\/formacion-dual-automocion\/#primaryimage\"},\"image\":{\"@id\":\"https:\/\/www.monlau.com\/fp\/2020\/03\/02\/formacion-dual-automocion\/#primaryimage\"},\"thumbnailUrl\":\"https:\/\/www.monlau.com\/app\/uploads\/sites\/3\/2026\/03\/MG_14262-scaled.jpg\",\"datePublished\":\"2020-03-01T23:00:00+00:00\",\"dateModified\":\"2026-03-10T09:03:34+00:00\",\"breadcrumb\":{\"@id\":\"https:\/\/www.monlau.com\/fp\/2020\/03\/02\/formacion-dual-automocion\/#breadcrumb\"},\"inLanguage\":\"es\",\"potentialAction\":[{\"@type\":\"ReadAction\",\"target\":[\"https:\/\/www.monlau.com\/fp\/2020\/03\/02\/formacion-dual-automocion\/\"]}]},{\"@type\":\"ImageObject\",\"inLanguage\":\"es\",\"@id\":\"https:\/\/www.monlau.com\/fp\/2020\/03\/02\/formacion-dual-automocion\/#primaryimage\",\"url\":\"https:\/\/www.monlau.com\/app\/uploads\/sites\/3\/2026\/03\/MG_14262-scaled.jpg\",\"contentUrl\":\"https:\/\/www.monlau.com\/app\/uploads\/sites\/3\/2026\/03\/MG_14262-scaled.jpg\",\"width\":2560,\"height\":1707},{\"@type\":\"BreadcrumbList\",\"@id\":\"https:\/\/www.monlau.com\/fp\/2020\/03\/02\/formacion-dual-automocion\/#breadcrumb\",\"itemListElement\":[{\"@type\":\"ListItem\",\"position\":1,\"name\":\"Portada\",\"item\":\"https:\/\/www.monlau.com\/fp\/\"},{\"@type\":\"ListItem\",\"position\":2,\"name\":\"FP Dual en Automoci\u00f3n, la formaci\u00f3n compartida con la empresa\"}]},{\"@type\":\"WebSite\",\"@id\":\"https:\/\/www.monlau.com\/fp\/#website\",\"url\":\"https:\/\/www.monlau.com\/fp\/\",\"name\":\"Formaci\u00f3n profesional\",\"description\":\"Monlau\",\"publisher\":{\"@id\":\"https:\/\/www.monlau.com\/fp\/#organization\"},\"potentialAction\":[{\"@type\":\"SearchAction\",\"target\":{\"@type\":\"EntryPoint\",\"urlTemplate\":\"https:\/\/www.monlau.com\/fp\/?s={search_term_string}\"},\"query-input\":{\"@type\":\"PropertyValueSpecification\",\"valueRequired\":true,\"valueName\":\"search_term_string\"}}],\"inLanguage\":\"es\"},{\"@type\":\"Organization\",\"@id\":\"https:\/\/www.monlau.com\/fp\/#organization\",\"name\":\"Formaci\u00f3n profesional\",\"url\":\"https:\/\/www.monlau.com\/fp\/\",\"logo\":{\"@type\":\"ImageObject\",\"inLanguage\":\"es\",\"@id\":\"https:\/\/www.monlau.com\/fp\/#\/schema\/logo\/image\/\",\"url\":\"https:\/\/www.monlau.com\/app\/uploads\/sites\/3\/2026\/01\/fp.png\",\"contentUrl\":\"https:\/\/www.monlau.com\/app\/uploads\/sites\/3\/2026\/01\/fp.png\",\"width\":1024,\"height\":878,\"caption\":\"Formaci\u00f3n profesional\"},\"image\":{\"@id\":\"https:\/\/www.monlau.com\/fp\/#\/schema\/logo\/image\/\"}},{\"@type\":\"Person\",\"@id\":\"https:\/\/www.monlau.com\/fp\/#\/schema\/person\/419cfdf054323e24e0a2ef1d8597f051\",\"name\":\"adsmurai\",\"image\":{\"@type\":\"ImageObject\",\"inLanguage\":\"es\",\"@id\":\"https:\/\/secure.gravatar.com\/avatar\/0748788578f91786454454fa3b4c295644edb991ad6caadc70b41d26790d38fc?s=96&d=mm&r=g\",\"url\":\"https:\/\/secure.gravatar.com\/avatar\/0748788578f91786454454fa3b4c295644edb991ad6caadc70b41d26790d38fc?s=96&d=mm&r=g\",\"contentUrl\":\"https:\/\/secure.gravatar.com\/avatar\/0748788578f91786454454fa3b4c295644edb991ad6caadc70b41d26790d38fc?s=96&d=mm&r=g\",\"caption\":\"adsmurai\"},\"sameAs\":[\"https:\/\/www.monlau.com\"],\"url\":\"https:\/\/www.monlau.com\/fp\/author\/adsmurai\/\"}]}<\/script>\n<!-- \/ Yoast SEO plugin. -->","yoast_head_json":{"title":"FP Dual en Automoci\u00f3n, la formaci\u00f3n compartida con la empresa - Formaci\u00f3n profesional","robots":{"index":"index","follow":"follow","max-snippet":"max-snippet:-1","max-image-preview":"max-image-preview:large","max-video-preview":"max-video-preview:-1"},"canonical":"https:\/\/www.monlau.com\/fp\/2020\/03\/02\/formacion-dual-automocion\/","og_locale":"es_ES","og_type":"article","og_title":"FP Dual en Automoci\u00f3n, la formaci\u00f3n compartida con la empresa - Formaci\u00f3n profesional","og_description":"El sector de la automoci\u00f3n est\u00e1 en un momento de grandes cambios y con gran incertidumbre acerca del modelo de futuro, conocimientos necesarios, perfiles profesionales\u2026 y por supuesto con una redefinici\u00f3n casi a diario de la formaci\u00f3n que es necesaria. Con este escenario, la formaci\u00f3n dual est\u00e1 ayudando tanto a las empresas como a las [&hellip;]","og_url":"https:\/\/www.monlau.com\/fp\/2020\/03\/02\/formacion-dual-automocion\/","og_site_name":"Formaci\u00f3n profesional","article_published_time":"2020-03-01T23:00:00+00:00","article_modified_time":"2026-03-10T09:03:34+00:00","og_image":[{"width":2560,"height":1707,"url":"https:\/\/www.monlau.com\/app\/uploads\/sites\/3\/2026\/03\/MG_14262-scaled.jpg","type":"image\/jpeg"}],"author":"adsmurai","twitter_card":"summary_large_image","twitter_misc":{"Escrito por":"adsmurai","Tiempo de lectura":"2 minutos"},"schema":{"@context":"https:\/\/schema.org","@graph":[{"@type":"Article","@id":"https:\/\/www.monlau.com\/fp\/2020\/03\/02\/formacion-dual-automocion\/#article","isPartOf":{"@id":"https:\/\/www.monlau.com\/fp\/2020\/03\/02\/formacion-dual-automocion\/"},"author":{"name":"adsmurai","@id":"https:\/\/www.monlau.com\/fp\/#\/schema\/person\/419cfdf054323e24e0a2ef1d8597f051"},"headline":"FP Dual en Automoci\u00f3n, la formaci\u00f3n compartida con la empresa","datePublished":"2020-03-01T23:00:00+00:00","dateModified":"2026-03-10T09:03:34+00:00","mainEntityOfPage":{"@id":"https:\/\/www.monlau.com\/fp\/2020\/03\/02\/formacion-dual-automocion\/"},"wordCount":326,"publisher":{"@id":"https:\/\/www.monlau.com\/fp\/#organization"},"image":{"@id":"https:\/\/www.monlau.com\/fp\/2020\/03\/02\/formacion-dual-automocion\/#primaryimage"},"thumbnailUrl":"https:\/\/www.monlau.com\/app\/uploads\/sites\/3\/2026\/03\/MG_14262-scaled.jpg","keywords":["Automoci\u00f3n","empresas","Formaci\u00f3n Dual","Inserci\u00f3n laboral","Monlau"],"articleSection":["Automoci\u00f3n"],"inLanguage":"es"},{"@type":"WebPage","@id":"https:\/\/www.monlau.com\/fp\/2020\/03\/02\/formacion-dual-automocion\/","url":"https:\/\/www.monlau.com\/fp\/2020\/03\/02\/formacion-dual-automocion\/","name":"FP Dual en Automoci\u00f3n, la formaci\u00f3n compartida con la empresa - Formaci\u00f3n profesional","isPartOf":{"@id":"https:\/\/www.monlau.com\/fp\/#website"},"primaryImageOfPage":{"@id":"https:\/\/www.monlau.com\/fp\/2020\/03\/02\/formacion-dual-automocion\/#primaryimage"},"image":{"@id":"https:\/\/www.monlau.com\/fp\/2020\/03\/02\/formacion-dual-automocion\/#primaryimage"},"thumbnailUrl":"https:\/\/www.monlau.com\/app\/uploads\/sites\/3\/2026\/03\/MG_14262-scaled.jpg","datePublished":"2020-03-01T23:00:00+00:00","dateModified":"2026-03-10T09:03:34+00:00","breadcrumb":{"@id":"https:\/\/www.monlau.com\/fp\/2020\/03\/02\/formacion-dual-automocion\/#breadcrumb"},"inLanguage":"es","potentialAction":[{"@type":"ReadAction","target":["https:\/\/www.monlau.com\/fp\/2020\/03\/02\/formacion-dual-automocion\/"]}]},{"@type":"ImageObject","inLanguage":"es","@id":"https:\/\/www.monlau.com\/fp\/2020\/03\/02\/formacion-dual-automocion\/#primaryimage","url":"https:\/\/www.monlau.com\/app\/uploads\/sites\/3\/2026\/03\/MG_14262-scaled.jpg","contentUrl":"https:\/\/www.monlau.com\/app\/uploads\/sites\/3\/2026\/03\/MG_14262-scaled.jpg","width":2560,"height":1707},{"@type":"BreadcrumbList","@id":"https:\/\/www.monlau.com\/fp\/2020\/03\/02\/formacion-dual-automocion\/#breadcrumb","itemListElement":[{"@type":"ListItem","position":1,"name":"Portada","item":"https:\/\/www.monlau.com\/fp\/"},{"@type":"ListItem","position":2,"name":"FP Dual en Automoci\u00f3n, la formaci\u00f3n compartida con la empresa"}]},{"@type":"WebSite","@id":"https:\/\/www.monlau.com\/fp\/#website","url":"https:\/\/www.monlau.com\/fp\/","name":"Formaci\u00f3n profesional","description":"Monlau","publisher":{"@id":"https:\/\/www.monlau.com\/fp\/#organization"},"potentialAction":[{"@type":"SearchAction","target":{"@type":"EntryPoint","urlTemplate":"https:\/\/www.monlau.com\/fp\/?s={search_term_string}"},"query-input":{"@type":"PropertyValueSpecification","valueRequired":true,"valueName":"search_term_string"}}],"inLanguage":"es"},{"@type":"Organization","@id":"https:\/\/www.monlau.com\/fp\/#organization","name":"Formaci\u00f3n profesional","url":"https:\/\/www.monlau.com\/fp\/","logo":{"@type":"ImageObject","inLanguage":"es","@id":"https:\/\/www.monlau.com\/fp\/#\/schema\/logo\/image\/","url":"https:\/\/www.monlau.com\/app\/uploads\/sites\/3\/2026\/01\/fp.png","contentUrl":"https:\/\/www.monlau.com\/app\/uploads\/sites\/3\/2026\/01\/fp.png","width":1024,"height":878,"caption":"Formaci\u00f3n profesional"},"image":{"@id":"https:\/\/www.monlau.com\/fp\/#\/schema\/logo\/image\/"}},{"@type":"Person","@id":"https:\/\/www.monlau.com\/fp\/#\/schema\/person\/419cfdf054323e24e0a2ef1d8597f051","name":"adsmurai","image":{"@type":"ImageObject","inLanguage":"es","@id":"https:\/\/secure.gravatar.com\/avatar\/0748788578f91786454454fa3b4c295644edb991ad6caadc70b41d26790d38fc?s=96&d=mm&r=g","url":"https:\/\/secure.gravatar.com\/avatar\/0748788578f91786454454fa3b4c295644edb991ad6caadc70b41d26790d38fc?s=96&d=mm&r=g","contentUrl":"https:\/\/secure.gravatar.com\/avatar\/0748788578f91786454454fa3b4c295644edb991ad6caadc70b41d26790d38fc?s=96&d=mm&r=g","caption":"adsmurai"},"sameAs":["https:\/\/www.monlau.com"],"url":"https:\/\/www.monlau.com\/fp\/author\/adsmurai\/"}]}},"_links":{"self":[{"href":"https:\/\/www.monlau.com\/fp\/wp-json\/wp\/v2\/posts\/5916","targetHints":{"allow":["GET"]}}],"collection":[{"href":"https:\/\/www.monlau.com\/fp\/wp-json\/wp\/v2\/posts"}],"about":[{"href":"https:\/\/www.monlau.com\/fp\/wp-json\/wp\/v2\/types\/post"}],"author":[{"embeddable":true,"href":"https:\/\/www.monlau.com\/fp\/wp-json\/wp\/v2\/users\/1"}],"replies":[{"embeddable":true,"href":"https:\/\/www.monlau.com\/fp\/wp-json\/wp\/v2\/comments?post=5916"}],"version-history":[{"count":1,"href":"https:\/\/www.monlau.com\/fp\/wp-json\/wp\/v2\/posts\/5916\/revisions"}],"predecessor-version":[{"id":6488,"href":"https:\/\/www.monlau.com\/fp\/wp-json\/wp\/v2\/posts\/5916\/revisions\/6488"}],"wp:featuredmedia":[{"embeddable":true,"href":"https:\/\/www.monlau.com\/fp\/wp-json\/wp\/v2\/media\/3368"}],"wp:attachment":[{"href":"https:\/\/www.monlau.com\/fp\/wp-json\/wp\/v2\/media?parent=5916"}],"wp:term":[{"taxonomy":"category","embeddable":true,"href":"https:\/\/www.monlau.com\/fp\/wp-json\/wp\/v2\/categories?post=5916"},{"taxonomy":"post_tag","embeddable":true,"href":"https:\/\/www.monlau.com\/fp\/wp-json\/wp\/v2\/tags?post=5916"}],"curies":[{"name":"wp","href":"https:\/\/api.w.org\/{rel}","templated":true}]}}