{"id":5914,"date":"2020-02-13T00:00:00","date_gmt":"2020-02-12T23:00:00","guid":{"rendered":"https:\/\/www.monlau.com\/formacion-profesional\/alumnos-segundo-asix-instalan-primeros-servidores-web-profesionales\/"},"modified":"2026-03-23T16:46:09","modified_gmt":"2026-03-23T15:46:09","slug":"alumnos-segundo-asix-instalan-primeros-servidores-web-profesionales","status":"publish","type":"post","link":"https:\/\/www.monlau.com\/fp\/2020\/02\/13\/alumnos-segundo-asix-instalan-primeros-servidores-web-profesionales\/","title":{"rendered":"Los alumnos de segundo de ASIX instalan sus primeros servidores web profesionales"},"content":{"rendered":"<p>Antes de las vacaciones de Navidad, los alumnos de segundo del <a href=\"https:\/\/www.monlau.com\/estudis-professionals\/project\/ciclo-formativo-de-grado-superior-en-administracion-de-sistemas-informaticos-y-redes-asix\/\">Ciclo Superior de Administraci\u00f3n de Sistemas Inform\u00e1ticos y Redes<\/a> inciaron la Unidad Formativa 2 del M\u00f3dulo 08 \u2013 Serveis de Xarxa i Internet.<\/p>\n<p>El principal objetivo de la segunda Unidad Formativa de esta asignatura era capacitar a los alumnos para que aprendan a gestionar Servidores Web profesionales y seguros, con capacidad para albergar m\u00faltiples <em>websites (p\u00e1ginas web)<\/em> de manera simult\u00e1nea, segura y robusta.<\/p>\n<p>Estas primeras semanas los alumnos han estado realizando actividades que consisten en la instalaci\u00f3n del software IIS (Internet Information Server), que es el software de servidor web que <a href=\"https:\/\/www.microsoft.com\/es-es\">Microsoft<\/a> incluye en sus Sistemas Operativos profesionales de servidor. En este caso, se utiliza IIS 10.0, que viene incluido en <strong>Microsoft Windows Server 2016<\/strong>. Como la mayor\u00eda de las pr\u00e1cticas de esta materia, se realizan en laboratorios virtualizados con <strong>Hyper-V<\/strong>.<\/p>\n<p><img fetchpriority=\"high\" decoding=\"async\" class=\"size-full wp-image-6972 aligncenter\" src=\"https:\/\/www.monlau.com\/estudis-professionals\/wp-content\/uploads\/sites\/3\/2020\/02\/collage3.png\" alt=\"\" width=\"1000\" height=\"334\" \/><\/p>\n<p>A continuaci\u00f3n, se crean y configuran diferentes sitios <em>web<\/em>, que en su momento ser\u00e1n encriptados y securizados mediante el uso de protocolo SSL y certificados digitales.<\/p>\n<p>Durante las pr\u00f3ximas semanas el alumnado de segundo de Administraci\u00f3n de Sistemas Inform\u00e0ticos y Redes aprender\u00e1 tambi\u00e9n a realizar estas mismas tareas utilizando el servidor <em>web<\/em> Apache, n\u00famero uno mundial en entornos UNIX \/ Linux.<\/p>\n<p><a href=\"https:\/\/www.monlau.com\/estudis-professionals\/area-informatica\/\"><img decoding=\"async\" class=\"aligncenter wp-image-6958 size-full\" src=\"https:\/\/www.monlau.com\/estudis-professionals\/wp-content\/uploads\/sites\/3\/2020\/02\/Banner-informatica-es.png\" alt=\"\" width=\"1200\" height=\"372\" \/><\/a><\/p>\n","protected":false},"excerpt":{"rendered":"<p>Antes de las vacaciones de Navidad, los alumnos de segundo del Ciclo Superior de Administraci\u00f3n de Sistemas Inform\u00e1ticos y Redes inciaron la Unidad Formativa 2 del M\u00f3dulo 08 \u2013 Serveis de Xarxa i Internet. El principal objetivo de la segunda Unidad Formativa de esta asignatura era capacitar a los alumnos para que aprendan a gestionar [&hellip;]<\/p>\n","protected":false},"author":1,"featured_media":3346,"comment_status":"closed","ping_status":"closed","sticky":false,"template":"","format":"standard","meta":{"footnotes":""},"categories":[38],"tags":[53,125,126,127,128,129],"class_list":["post-5914","post","type-post","status-publish","format-standard","has-post-thumbnail","hentry","category-informatica","tag-asix","tag-microsoft","tag-paginas-web","tag-servidores-web","tag-software","tag-websites"],"yoast_head":"<!-- This site is optimized with the Yoast SEO plugin v27.2 - https:\/\/yoast.com\/product\/yoast-seo-wordpress\/ -->\n<title>Los alumnos de segundo de ASIX instalan sus primeros servidores web profesionales - Formaci\u00f3n profesional<\/title>\n<meta name=\"description\" content=\"Antes de las vacaciones de Navidad, los alumnos de segundo del Ciclo Superior de Administraci\u00f3n de Sistemas Inform\u00e1ticos y Redes inciaron la UF 2.\" \/>\n<meta name=\"robots\" content=\"index, follow, max-snippet:-1, max-image-preview:large, max-video-preview:-1\" \/>\n<link rel=\"canonical\" href=\"https:\/\/www.monlau.com\/fp\/2020\/02\/13\/alumnos-segundo-asix-instalan-primeros-servidores-web-profesionales\/\" \/>\n<meta property=\"og:locale\" content=\"es_ES\" \/>\n<meta property=\"og:type\" content=\"article\" \/>\n<meta property=\"og:title\" content=\"Los alumnos de segundo de ASIX instalan sus primeros servidores web profesionales - Formaci\u00f3n profesional\" \/>\n<meta property=\"og:description\" content=\"Antes de las vacaciones de Navidad, los alumnos de segundo del Ciclo Superior de Administraci\u00f3n de Sistemas Inform\u00e1ticos y Redes inciaron la UF 2.\" \/>\n<meta property=\"og:url\" content=\"https:\/\/www.monlau.com\/fp\/2020\/02\/13\/alumnos-segundo-asix-instalan-primeros-servidores-web-profesionales\/\" \/>\n<meta property=\"og:site_name\" content=\"Formaci\u00f3n profesional\" \/>\n<meta property=\"article:published_time\" content=\"2020-02-12T23:00:00+00:00\" \/>\n<meta property=\"article:modified_time\" content=\"2026-03-23T15:46:09+00:00\" \/>\n<meta property=\"og:image\" content=\"https:\/\/www.monlau.com\/app\/uploads\/sites\/3\/2026\/03\/WhatsApp-Image-2020-01-14-at-15.15.39.jpeg\" \/>\n\t<meta property=\"og:image:width\" content=\"1600\" \/>\n\t<meta property=\"og:image:height\" content=\"1200\" \/>\n\t<meta property=\"og:image:type\" content=\"image\/jpeg\" \/>\n<meta name=\"author\" content=\"adsmurai\" \/>\n<meta name=\"twitter:card\" content=\"summary_large_image\" \/>\n<meta name=\"twitter:label1\" content=\"Escrito por\" \/>\n\t<meta name=\"twitter:data1\" content=\"adsmurai\" \/>\n\t<meta name=\"twitter:label2\" content=\"Tiempo de lectura\" \/>\n\t<meta name=\"twitter:data2\" content=\"2 minutos\" \/>\n<script type=\"application\/ld+json\" class=\"yoast-schema-graph\">{\"@context\":\"https:\/\/schema.org\",\"@graph\":[{\"@type\":\"Article\",\"@id\":\"https:\/\/www.monlau.com\/fp\/2020\/02\/13\/alumnos-segundo-asix-instalan-primeros-servidores-web-profesionales\/#article\",\"isPartOf\":{\"@id\":\"https:\/\/www.monlau.com\/fp\/2020\/02\/13\/alumnos-segundo-asix-instalan-primeros-servidores-web-profesionales\/\"},\"author\":{\"name\":\"adsmurai\",\"@id\":\"https:\/\/www.monlau.com\/fp\/#\/schema\/person\/419cfdf054323e24e0a2ef1d8597f051\"},\"headline\":\"Los alumnos de segundo de ASIX instalan sus primeros servidores web profesionales\",\"datePublished\":\"2020-02-12T23:00:00+00:00\",\"dateModified\":\"2026-03-23T15:46:09+00:00\",\"mainEntityOfPage\":{\"@id\":\"https:\/\/www.monlau.com\/fp\/2020\/02\/13\/alumnos-segundo-asix-instalan-primeros-servidores-web-profesionales\/\"},\"wordCount\":225,\"publisher\":{\"@id\":\"https:\/\/www.monlau.com\/fp\/#organization\"},\"image\":{\"@id\":\"https:\/\/www.monlau.com\/fp\/2020\/02\/13\/alumnos-segundo-asix-instalan-primeros-servidores-web-profesionales\/#primaryimage\"},\"thumbnailUrl\":\"https:\/\/www.monlau.com\/app\/uploads\/sites\/3\/2026\/03\/WhatsApp-Image-2020-01-14-at-15.15.39.jpeg\",\"keywords\":[\"ASIX\",\"Microsoft\",\"P\u00e1ginas web\",\"Servidores web\",\"Software\",\"Websites\"],\"articleSection\":[\"Inform\u00e1tica\"],\"inLanguage\":\"es\"},{\"@type\":\"WebPage\",\"@id\":\"https:\/\/www.monlau.com\/fp\/2020\/02\/13\/alumnos-segundo-asix-instalan-primeros-servidores-web-profesionales\/\",\"url\":\"https:\/\/www.monlau.com\/fp\/2020\/02\/13\/alumnos-segundo-asix-instalan-primeros-servidores-web-profesionales\/\",\"name\":\"Los alumnos de segundo de ASIX instalan sus primeros servidores web profesionales - Formaci\u00f3n profesional\",\"isPartOf\":{\"@id\":\"https:\/\/www.monlau.com\/fp\/#website\"},\"primaryImageOfPage\":{\"@id\":\"https:\/\/www.monlau.com\/fp\/2020\/02\/13\/alumnos-segundo-asix-instalan-primeros-servidores-web-profesionales\/#primaryimage\"},\"image\":{\"@id\":\"https:\/\/www.monlau.com\/fp\/2020\/02\/13\/alumnos-segundo-asix-instalan-primeros-servidores-web-profesionales\/#primaryimage\"},\"thumbnailUrl\":\"https:\/\/www.monlau.com\/app\/uploads\/sites\/3\/2026\/03\/WhatsApp-Image-2020-01-14-at-15.15.39.jpeg\",\"datePublished\":\"2020-02-12T23:00:00+00:00\",\"dateModified\":\"2026-03-23T15:46:09+00:00\",\"description\":\"Antes de las vacaciones de Navidad, los alumnos de segundo del Ciclo Superior de Administraci\u00f3n de Sistemas Inform\u00e1ticos y Redes inciaron la UF 2.\",\"breadcrumb\":{\"@id\":\"https:\/\/www.monlau.com\/fp\/2020\/02\/13\/alumnos-segundo-asix-instalan-primeros-servidores-web-profesionales\/#breadcrumb\"},\"inLanguage\":\"es\",\"potentialAction\":[{\"@type\":\"ReadAction\",\"target\":[\"https:\/\/www.monlau.com\/fp\/2020\/02\/13\/alumnos-segundo-asix-instalan-primeros-servidores-web-profesionales\/\"]}]},{\"@type\":\"ImageObject\",\"inLanguage\":\"es\",\"@id\":\"https:\/\/www.monlau.com\/fp\/2020\/02\/13\/alumnos-segundo-asix-instalan-primeros-servidores-web-profesionales\/#primaryimage\",\"url\":\"https:\/\/www.monlau.com\/app\/uploads\/sites\/3\/2026\/03\/WhatsApp-Image-2020-01-14-at-15.15.39.jpeg\",\"contentUrl\":\"https:\/\/www.monlau.com\/app\/uploads\/sites\/3\/2026\/03\/WhatsApp-Image-2020-01-14-at-15.15.39.jpeg\",\"width\":1600,\"height\":1200},{\"@type\":\"BreadcrumbList\",\"@id\":\"https:\/\/www.monlau.com\/fp\/2020\/02\/13\/alumnos-segundo-asix-instalan-primeros-servidores-web-profesionales\/#breadcrumb\",\"itemListElement\":[{\"@type\":\"ListItem\",\"position\":1,\"name\":\"Portada\",\"item\":\"https:\/\/www.monlau.com\/fp\/\"},{\"@type\":\"ListItem\",\"position\":2,\"name\":\"Los alumnos de segundo de ASIX instalan sus primeros servidores web profesionales\"}]},{\"@type\":\"WebSite\",\"@id\":\"https:\/\/www.monlau.com\/fp\/#website\",\"url\":\"https:\/\/www.monlau.com\/fp\/\",\"name\":\"Formaci\u00f3n profesional\",\"description\":\"Monlau\",\"publisher\":{\"@id\":\"https:\/\/www.monlau.com\/fp\/#organization\"},\"potentialAction\":[{\"@type\":\"SearchAction\",\"target\":{\"@type\":\"EntryPoint\",\"urlTemplate\":\"https:\/\/www.monlau.com\/fp\/?s={search_term_string}\"},\"query-input\":{\"@type\":\"PropertyValueSpecification\",\"valueRequired\":true,\"valueName\":\"search_term_string\"}}],\"inLanguage\":\"es\"},{\"@type\":\"Organization\",\"@id\":\"https:\/\/www.monlau.com\/fp\/#organization\",\"name\":\"Formaci\u00f3n profesional\",\"url\":\"https:\/\/www.monlau.com\/fp\/\",\"logo\":{\"@type\":\"ImageObject\",\"inLanguage\":\"es\",\"@id\":\"https:\/\/www.monlau.com\/fp\/#\/schema\/logo\/image\/\",\"url\":\"https:\/\/www.monlau.com\/app\/uploads\/sites\/3\/2026\/01\/fp.png\",\"contentUrl\":\"https:\/\/www.monlau.com\/app\/uploads\/sites\/3\/2026\/01\/fp.png\",\"width\":1024,\"height\":878,\"caption\":\"Formaci\u00f3n profesional\"},\"image\":{\"@id\":\"https:\/\/www.monlau.com\/fp\/#\/schema\/logo\/image\/\"}},{\"@type\":\"Person\",\"@id\":\"https:\/\/www.monlau.com\/fp\/#\/schema\/person\/419cfdf054323e24e0a2ef1d8597f051\",\"name\":\"adsmurai\",\"image\":{\"@type\":\"ImageObject\",\"inLanguage\":\"es\",\"@id\":\"https:\/\/secure.gravatar.com\/avatar\/0748788578f91786454454fa3b4c295644edb991ad6caadc70b41d26790d38fc?s=96&d=mm&r=g\",\"url\":\"https:\/\/secure.gravatar.com\/avatar\/0748788578f91786454454fa3b4c295644edb991ad6caadc70b41d26790d38fc?s=96&d=mm&r=g\",\"contentUrl\":\"https:\/\/secure.gravatar.com\/avatar\/0748788578f91786454454fa3b4c295644edb991ad6caadc70b41d26790d38fc?s=96&d=mm&r=g\",\"caption\":\"adsmurai\"},\"sameAs\":[\"https:\/\/www.monlau.com\"],\"url\":\"https:\/\/www.monlau.com\/fp\/author\/adsmurai\/\"}]}<\/script>\n<!-- \/ Yoast SEO plugin. -->","yoast_head_json":{"title":"Los alumnos de segundo de ASIX instalan sus primeros servidores web profesionales - Formaci\u00f3n profesional","description":"Antes de las vacaciones de Navidad, los alumnos de segundo del Ciclo Superior de Administraci\u00f3n de Sistemas Inform\u00e1ticos y Redes inciaron la UF 2.","robots":{"index":"index","follow":"follow","max-snippet":"max-snippet:-1","max-image-preview":"max-image-preview:large","max-video-preview":"max-video-preview:-1"},"canonical":"https:\/\/www.monlau.com\/fp\/2020\/02\/13\/alumnos-segundo-asix-instalan-primeros-servidores-web-profesionales\/","og_locale":"es_ES","og_type":"article","og_title":"Los alumnos de segundo de ASIX instalan sus primeros servidores web profesionales - Formaci\u00f3n profesional","og_description":"Antes de las vacaciones de Navidad, los alumnos de segundo del Ciclo Superior de Administraci\u00f3n de Sistemas Inform\u00e1ticos y Redes inciaron la UF 2.","og_url":"https:\/\/www.monlau.com\/fp\/2020\/02\/13\/alumnos-segundo-asix-instalan-primeros-servidores-web-profesionales\/","og_site_name":"Formaci\u00f3n profesional","article_published_time":"2020-02-12T23:00:00+00:00","article_modified_time":"2026-03-23T15:46:09+00:00","og_image":[{"width":1600,"height":1200,"url":"https:\/\/www.monlau.com\/app\/uploads\/sites\/3\/2026\/03\/WhatsApp-Image-2020-01-14-at-15.15.39.jpeg","type":"image\/jpeg"}],"author":"adsmurai","twitter_card":"summary_large_image","twitter_misc":{"Escrito por":"adsmurai","Tiempo de lectura":"2 minutos"},"schema":{"@context":"https:\/\/schema.org","@graph":[{"@type":"Article","@id":"https:\/\/www.monlau.com\/fp\/2020\/02\/13\/alumnos-segundo-asix-instalan-primeros-servidores-web-profesionales\/#article","isPartOf":{"@id":"https:\/\/www.monlau.com\/fp\/2020\/02\/13\/alumnos-segundo-asix-instalan-primeros-servidores-web-profesionales\/"},"author":{"name":"adsmurai","@id":"https:\/\/www.monlau.com\/fp\/#\/schema\/person\/419cfdf054323e24e0a2ef1d8597f051"},"headline":"Los alumnos de segundo de ASIX instalan sus primeros servidores web profesionales","datePublished":"2020-02-12T23:00:00+00:00","dateModified":"2026-03-23T15:46:09+00:00","mainEntityOfPage":{"@id":"https:\/\/www.monlau.com\/fp\/2020\/02\/13\/alumnos-segundo-asix-instalan-primeros-servidores-web-profesionales\/"},"wordCount":225,"publisher":{"@id":"https:\/\/www.monlau.com\/fp\/#organization"},"image":{"@id":"https:\/\/www.monlau.com\/fp\/2020\/02\/13\/alumnos-segundo-asix-instalan-primeros-servidores-web-profesionales\/#primaryimage"},"thumbnailUrl":"https:\/\/www.monlau.com\/app\/uploads\/sites\/3\/2026\/03\/WhatsApp-Image-2020-01-14-at-15.15.39.jpeg","keywords":["ASIX","Microsoft","P\u00e1ginas web","Servidores web","Software","Websites"],"articleSection":["Inform\u00e1tica"],"inLanguage":"es"},{"@type":"WebPage","@id":"https:\/\/www.monlau.com\/fp\/2020\/02\/13\/alumnos-segundo-asix-instalan-primeros-servidores-web-profesionales\/","url":"https:\/\/www.monlau.com\/fp\/2020\/02\/13\/alumnos-segundo-asix-instalan-primeros-servidores-web-profesionales\/","name":"Los alumnos de segundo de ASIX instalan sus primeros servidores web profesionales - Formaci\u00f3n profesional","isPartOf":{"@id":"https:\/\/www.monlau.com\/fp\/#website"},"primaryImageOfPage":{"@id":"https:\/\/www.monlau.com\/fp\/2020\/02\/13\/alumnos-segundo-asix-instalan-primeros-servidores-web-profesionales\/#primaryimage"},"image":{"@id":"https:\/\/www.monlau.com\/fp\/2020\/02\/13\/alumnos-segundo-asix-instalan-primeros-servidores-web-profesionales\/#primaryimage"},"thumbnailUrl":"https:\/\/www.monlau.com\/app\/uploads\/sites\/3\/2026\/03\/WhatsApp-Image-2020-01-14-at-15.15.39.jpeg","datePublished":"2020-02-12T23:00:00+00:00","dateModified":"2026-03-23T15:46:09+00:00","description":"Antes de las vacaciones de Navidad, los alumnos de segundo del Ciclo Superior de Administraci\u00f3n de Sistemas Inform\u00e1ticos y Redes inciaron la UF 2.","breadcrumb":{"@id":"https:\/\/www.monlau.com\/fp\/2020\/02\/13\/alumnos-segundo-asix-instalan-primeros-servidores-web-profesionales\/#breadcrumb"},"inLanguage":"es","potentialAction":[{"@type":"ReadAction","target":["https:\/\/www.monlau.com\/fp\/2020\/02\/13\/alumnos-segundo-asix-instalan-primeros-servidores-web-profesionales\/"]}]},{"@type":"ImageObject","inLanguage":"es","@id":"https:\/\/www.monlau.com\/fp\/2020\/02\/13\/alumnos-segundo-asix-instalan-primeros-servidores-web-profesionales\/#primaryimage","url":"https:\/\/www.monlau.com\/app\/uploads\/sites\/3\/2026\/03\/WhatsApp-Image-2020-01-14-at-15.15.39.jpeg","contentUrl":"https:\/\/www.monlau.com\/app\/uploads\/sites\/3\/2026\/03\/WhatsApp-Image-2020-01-14-at-15.15.39.jpeg","width":1600,"height":1200},{"@type":"BreadcrumbList","@id":"https:\/\/www.monlau.com\/fp\/2020\/02\/13\/alumnos-segundo-asix-instalan-primeros-servidores-web-profesionales\/#breadcrumb","itemListElement":[{"@type":"ListItem","position":1,"name":"Portada","item":"https:\/\/www.monlau.com\/fp\/"},{"@type":"ListItem","position":2,"name":"Los alumnos de segundo de ASIX instalan sus primeros servidores web profesionales"}]},{"@type":"WebSite","@id":"https:\/\/www.monlau.com\/fp\/#website","url":"https:\/\/www.monlau.com\/fp\/","name":"Formaci\u00f3n profesional","description":"Monlau","publisher":{"@id":"https:\/\/www.monlau.com\/fp\/#organization"},"potentialAction":[{"@type":"SearchAction","target":{"@type":"EntryPoint","urlTemplate":"https:\/\/www.monlau.com\/fp\/?s={search_term_string}"},"query-input":{"@type":"PropertyValueSpecification","valueRequired":true,"valueName":"search_term_string"}}],"inLanguage":"es"},{"@type":"Organization","@id":"https:\/\/www.monlau.com\/fp\/#organization","name":"Formaci\u00f3n profesional","url":"https:\/\/www.monlau.com\/fp\/","logo":{"@type":"ImageObject","inLanguage":"es","@id":"https:\/\/www.monlau.com\/fp\/#\/schema\/logo\/image\/","url":"https:\/\/www.monlau.com\/app\/uploads\/sites\/3\/2026\/01\/fp.png","contentUrl":"https:\/\/www.monlau.com\/app\/uploads\/sites\/3\/2026\/01\/fp.png","width":1024,"height":878,"caption":"Formaci\u00f3n profesional"},"image":{"@id":"https:\/\/www.monlau.com\/fp\/#\/schema\/logo\/image\/"}},{"@type":"Person","@id":"https:\/\/www.monlau.com\/fp\/#\/schema\/person\/419cfdf054323e24e0a2ef1d8597f051","name":"adsmurai","image":{"@type":"ImageObject","inLanguage":"es","@id":"https:\/\/secure.gravatar.com\/avatar\/0748788578f91786454454fa3b4c295644edb991ad6caadc70b41d26790d38fc?s=96&d=mm&r=g","url":"https:\/\/secure.gravatar.com\/avatar\/0748788578f91786454454fa3b4c295644edb991ad6caadc70b41d26790d38fc?s=96&d=mm&r=g","contentUrl":"https:\/\/secure.gravatar.com\/avatar\/0748788578f91786454454fa3b4c295644edb991ad6caadc70b41d26790d38fc?s=96&d=mm&r=g","caption":"adsmurai"},"sameAs":["https:\/\/www.monlau.com"],"url":"https:\/\/www.monlau.com\/fp\/author\/adsmurai\/"}]}},"_links":{"self":[{"href":"https:\/\/www.monlau.com\/fp\/wp-json\/wp\/v2\/posts\/5914","targetHints":{"allow":["GET"]}}],"collection":[{"href":"https:\/\/www.monlau.com\/fp\/wp-json\/wp\/v2\/posts"}],"about":[{"href":"https:\/\/www.monlau.com\/fp\/wp-json\/wp\/v2\/types\/post"}],"author":[{"embeddable":true,"href":"https:\/\/www.monlau.com\/fp\/wp-json\/wp\/v2\/users\/1"}],"replies":[{"embeddable":true,"href":"https:\/\/www.monlau.com\/fp\/wp-json\/wp\/v2\/comments?post=5914"}],"version-history":[{"count":1,"href":"https:\/\/www.monlau.com\/fp\/wp-json\/wp\/v2\/posts\/5914\/revisions"}],"predecessor-version":[{"id":9777,"href":"https:\/\/www.monlau.com\/fp\/wp-json\/wp\/v2\/posts\/5914\/revisions\/9777"}],"wp:featuredmedia":[{"embeddable":true,"href":"https:\/\/www.monlau.com\/fp\/wp-json\/wp\/v2\/media\/3346"}],"wp:attachment":[{"href":"https:\/\/www.monlau.com\/fp\/wp-json\/wp\/v2\/media?parent=5914"}],"wp:term":[{"taxonomy":"category","embeddable":true,"href":"https:\/\/www.monlau.com\/fp\/wp-json\/wp\/v2\/categories?post=5914"},{"taxonomy":"post_tag","embeddable":true,"href":"https:\/\/www.monlau.com\/fp\/wp-json\/wp\/v2\/tags?post=5914"}],"curies":[{"name":"wp","href":"https:\/\/api.w.org\/{rel}","templated":true}]}}