{"id":5908,"date":"2019-12-18T00:00:00","date_gmt":"2019-12-17T23:00:00","guid":{"rendered":"https:\/\/www.monlau.com\/formacion-profesional\/semana-del-codigo-monlau\/"},"modified":"2026-03-10T10:03:34","modified_gmt":"2026-03-10T09:03:34","slug":"semana-del-codigo-monlau","status":"publish","type":"post","link":"https:\/\/www.monlau.com\/fp\/2019\/12\/18\/semana-del-codigo-monlau\/","title":{"rendered":"La Semana del C\u00f3digo llega a Monlau"},"content":{"rendered":"<p>\nDel 9 al 13 de diciembre, en Monlau hemos celebrado la Semana del C\u00f3digo, un evento destinado a motivar a los alumnos al estudio de la programaci\u00f3n desde edades tempranas.<\/p>\n<p>Varias entidades como <a href=\"https:\/\/codeweek.eu\/\">CodeWeek<\/a>, a nivel europeo, y <a href=\"https:\/\/hourofcode.com\/es\">HourofCode<\/a>, a nivel internacional, promueven actividades para que los alumnos de todos los niveles educativos como la primaria, la ESO, el bachillerato y los ciclos formativos, interaccionen con los lenguajes de programaci\u00f3n y los vean como un modo de expresi\u00f3n y de resoluci\u00f3n de problemas.<\/p>\n<p>Para ello, a trav\u00e9s de sus p\u00e1ginas webs, proporcionan una plataforma en la que los centros pueden publicitar sus actividades, y adem\u00e1s comparten una serie de enlaces que nos dirigen a multitud de aplicaciones web ordenadas seg\u00fan dificultad, objetivo y nivel educativo.<\/p>\n<p>Si visit\u00e1is la p\u00e1gina de HourofCode pod\u00e9is encontrar, tambi\u00e9n, a personajes muy conocidos del mundo de la pol\u00edtica, el deporte y las ciencias, colaborando y apoyando estas actividades.<\/p>\n<p>En Monlau llevamos cuatro a\u00f1os participando en estas actividades, por ejemplo, este a\u00f1o del 10 al 25 de octubre, los alumnos de la ESO dirigidos por alumnos de <a href=\"https:\/\/www.monlau.com\/estudis-professionals\/area-informatica\/\">2\u00ba del Ciclo Formativo de Grado Medio de Inform\u00e1tica<\/a>, han descubierto aplicaciones como <a href=\"https:\/\/hourofcode.com\/lightbot\">LigthBot<\/a> y <a href=\"https:\/\/hourofcode.com\/mchoc\">Minecraft<\/a>; luego, los alumnos de <a href=\"https:\/\/www.monlau.com\/estudis-professionals\/area-informatica\/\">1\u00ba del Ciclo Formativo de Grado Medio de Inform\u00e1tica<\/a>, disponen en la semana de diciembre, de una hora diaria de su clase para interaccionar en una actividad dirigida de <a href=\"https:\/\/hourofcode.com\/lightbot\">CodeCombat<\/a>, una plataforma en la cual los alumnos eligen un personaje y mediante la introducci\u00f3n de un c\u00f3digo en JavaScript, van superando niveles hasta llegar a la Arena Final. En esta Arena, el alumno prepara una estrategia en c\u00f3digo y se enfrenta a sus compa\u00f1eros de clase.<\/p>\n<p>No hay que se\u00f1alar que los alumnos disfrutan con esta actividad, ya que, aunque no sean un perfil inform\u00e1tico, la metodolog\u00eda utilizada para aprender, la Gamificaci\u00f3n, es un modo muy atractivo de interaccionar con los lenguajes.<\/p>\n<h4>Joaquin Antonio Erencia Navarro<\/h4>\n<p>Profesor del \u00c1rea de Inform\u00e1tica\u00a0<\/p>\n","protected":false},"excerpt":{"rendered":"<p>Del 9 al 13 de diciembre, en Monlau hemos celebrado la Semana del C\u00f3digo, un evento destinado a motivar a los alumnos al estudio de la programaci\u00f3n desde edades tempranas. Varias entidades como CodeWeek, a nivel europeo, y HourofCode, a nivel internacional, promueven actividades para que los alumnos de todos los niveles educativos como la [&hellip;]<\/p>\n","protected":false},"author":1,"featured_media":3297,"comment_status":"closed","ping_status":"closed","sticky":false,"template":"","format":"standard","meta":{"footnotes":""},"categories":[38],"tags":[47,104,48,105,106,82,83],"class_list":["post-5908","post","type-post","status-publish","format-standard","has-post-thumbnail","hentry","category-informatica","tag-bachillerato","tag-ciclos-formativos","tag-eso","tag-gamificacion","tag-hourofcode","tag-informatica","tag-monlau"],"yoast_head":"<!-- This site is optimized with the Yoast SEO plugin v27.2 - https:\/\/yoast.com\/product\/yoast-seo-wordpress\/ -->\n<title>La Semana del C\u00f3digo llega a Monlau - Formaci\u00f3n profesional<\/title>\n<meta name=\"robots\" content=\"index, follow, max-snippet:-1, max-image-preview:large, max-video-preview:-1\" \/>\n<link rel=\"canonical\" href=\"https:\/\/www.monlau.com\/fp\/2019\/12\/18\/semana-del-codigo-monlau\/\" \/>\n<meta property=\"og:locale\" content=\"es_ES\" \/>\n<meta property=\"og:type\" content=\"article\" \/>\n<meta property=\"og:title\" content=\"La Semana del C\u00f3digo llega a Monlau - Formaci\u00f3n profesional\" \/>\n<meta property=\"og:description\" content=\"Del 9 al 13 de diciembre, en Monlau hemos celebrado la Semana del C\u00f3digo, un evento destinado a motivar a los alumnos al estudio de la programaci\u00f3n desde edades tempranas. Varias entidades como CodeWeek, a nivel europeo, y HourofCode, a nivel internacional, promueven actividades para que los alumnos de todos los niveles educativos como la [&hellip;]\" \/>\n<meta property=\"og:url\" content=\"https:\/\/www.monlau.com\/fp\/2019\/12\/18\/semana-del-codigo-monlau\/\" \/>\n<meta property=\"og:site_name\" content=\"Formaci\u00f3n profesional\" \/>\n<meta property=\"article:published_time\" content=\"2019-12-17T23:00:00+00:00\" \/>\n<meta property=\"article:modified_time\" content=\"2026-03-10T09:03:34+00:00\" \/>\n<meta property=\"og:image\" content=\"https:\/\/www.monlau.com\/app\/uploads\/sites\/3\/2026\/03\/IMG-20191213-WA0029.jpg\" \/>\n\t<meta property=\"og:image:width\" content=\"2016\" \/>\n\t<meta property=\"og:image:height\" content=\"1512\" \/>\n\t<meta property=\"og:image:type\" content=\"image\/jpeg\" \/>\n<meta name=\"author\" content=\"adsmurai\" \/>\n<meta name=\"twitter:card\" content=\"summary_large_image\" \/>\n<meta name=\"twitter:label1\" content=\"Escrito por\" \/>\n\t<meta name=\"twitter:data1\" content=\"adsmurai\" \/>\n\t<meta name=\"twitter:label2\" content=\"Tiempo de lectura\" \/>\n\t<meta name=\"twitter:data2\" content=\"2 minutos\" \/>\n<script type=\"application\/ld+json\" class=\"yoast-schema-graph\">{\"@context\":\"https:\/\/schema.org\",\"@graph\":[{\"@type\":\"Article\",\"@id\":\"https:\/\/www.monlau.com\/fp\/2019\/12\/18\/semana-del-codigo-monlau\/#article\",\"isPartOf\":{\"@id\":\"https:\/\/www.monlau.com\/fp\/2019\/12\/18\/semana-del-codigo-monlau\/\"},\"author\":{\"name\":\"adsmurai\",\"@id\":\"https:\/\/www.monlau.com\/fp\/#\/schema\/person\/419cfdf054323e24e0a2ef1d8597f051\"},\"headline\":\"La Semana del C\u00f3digo llega a Monlau\",\"datePublished\":\"2019-12-17T23:00:00+00:00\",\"dateModified\":\"2026-03-10T09:03:34+00:00\",\"mainEntityOfPage\":{\"@id\":\"https:\/\/www.monlau.com\/fp\/2019\/12\/18\/semana-del-codigo-monlau\/\"},\"wordCount\":351,\"publisher\":{\"@id\":\"https:\/\/www.monlau.com\/fp\/#organization\"},\"image\":{\"@id\":\"https:\/\/www.monlau.com\/fp\/2019\/12\/18\/semana-del-codigo-monlau\/#primaryimage\"},\"thumbnailUrl\":\"https:\/\/www.monlau.com\/app\/uploads\/sites\/3\/2026\/03\/IMG-20191213-WA0029.jpg\",\"keywords\":[\"Bachillerato\",\"Ciclos Formativos\",\"ESO\",\"Gamificaci\u00f3n\",\"HourofCode\",\"Inform\u00e0tica\",\"Monlau\"],\"articleSection\":[\"Inform\u00e1tica\"],\"inLanguage\":\"es\"},{\"@type\":\"WebPage\",\"@id\":\"https:\/\/www.monlau.com\/fp\/2019\/12\/18\/semana-del-codigo-monlau\/\",\"url\":\"https:\/\/www.monlau.com\/fp\/2019\/12\/18\/semana-del-codigo-monlau\/\",\"name\":\"La Semana del C\u00f3digo llega a Monlau - Formaci\u00f3n profesional\",\"isPartOf\":{\"@id\":\"https:\/\/www.monlau.com\/fp\/#website\"},\"primaryImageOfPage\":{\"@id\":\"https:\/\/www.monlau.com\/fp\/2019\/12\/18\/semana-del-codigo-monlau\/#primaryimage\"},\"image\":{\"@id\":\"https:\/\/www.monlau.com\/fp\/2019\/12\/18\/semana-del-codigo-monlau\/#primaryimage\"},\"thumbnailUrl\":\"https:\/\/www.monlau.com\/app\/uploads\/sites\/3\/2026\/03\/IMG-20191213-WA0029.jpg\",\"datePublished\":\"2019-12-17T23:00:00+00:00\",\"dateModified\":\"2026-03-10T09:03:34+00:00\",\"breadcrumb\":{\"@id\":\"https:\/\/www.monlau.com\/fp\/2019\/12\/18\/semana-del-codigo-monlau\/#breadcrumb\"},\"inLanguage\":\"es\",\"potentialAction\":[{\"@type\":\"ReadAction\",\"target\":[\"https:\/\/www.monlau.com\/fp\/2019\/12\/18\/semana-del-codigo-monlau\/\"]}]},{\"@type\":\"ImageObject\",\"inLanguage\":\"es\",\"@id\":\"https:\/\/www.monlau.com\/fp\/2019\/12\/18\/semana-del-codigo-monlau\/#primaryimage\",\"url\":\"https:\/\/www.monlau.com\/app\/uploads\/sites\/3\/2026\/03\/IMG-20191213-WA0029.jpg\",\"contentUrl\":\"https:\/\/www.monlau.com\/app\/uploads\/sites\/3\/2026\/03\/IMG-20191213-WA0029.jpg\",\"width\":2016,\"height\":1512},{\"@type\":\"BreadcrumbList\",\"@id\":\"https:\/\/www.monlau.com\/fp\/2019\/12\/18\/semana-del-codigo-monlau\/#breadcrumb\",\"itemListElement\":[{\"@type\":\"ListItem\",\"position\":1,\"name\":\"Portada\",\"item\":\"https:\/\/www.monlau.com\/fp\/\"},{\"@type\":\"ListItem\",\"position\":2,\"name\":\"La Semana del C\u00f3digo llega a Monlau\"}]},{\"@type\":\"WebSite\",\"@id\":\"https:\/\/www.monlau.com\/fp\/#website\",\"url\":\"https:\/\/www.monlau.com\/fp\/\",\"name\":\"Formaci\u00f3n profesional\",\"description\":\"Monlau\",\"publisher\":{\"@id\":\"https:\/\/www.monlau.com\/fp\/#organization\"},\"potentialAction\":[{\"@type\":\"SearchAction\",\"target\":{\"@type\":\"EntryPoint\",\"urlTemplate\":\"https:\/\/www.monlau.com\/fp\/?s={search_term_string}\"},\"query-input\":{\"@type\":\"PropertyValueSpecification\",\"valueRequired\":true,\"valueName\":\"search_term_string\"}}],\"inLanguage\":\"es\"},{\"@type\":\"Organization\",\"@id\":\"https:\/\/www.monlau.com\/fp\/#organization\",\"name\":\"Formaci\u00f3n profesional\",\"url\":\"https:\/\/www.monlau.com\/fp\/\",\"logo\":{\"@type\":\"ImageObject\",\"inLanguage\":\"es\",\"@id\":\"https:\/\/www.monlau.com\/fp\/#\/schema\/logo\/image\/\",\"url\":\"https:\/\/www.monlau.com\/app\/uploads\/sites\/3\/2026\/01\/fp.png\",\"contentUrl\":\"https:\/\/www.monlau.com\/app\/uploads\/sites\/3\/2026\/01\/fp.png\",\"width\":1024,\"height\":878,\"caption\":\"Formaci\u00f3n profesional\"},\"image\":{\"@id\":\"https:\/\/www.monlau.com\/fp\/#\/schema\/logo\/image\/\"}},{\"@type\":\"Person\",\"@id\":\"https:\/\/www.monlau.com\/fp\/#\/schema\/person\/419cfdf054323e24e0a2ef1d8597f051\",\"name\":\"adsmurai\",\"image\":{\"@type\":\"ImageObject\",\"inLanguage\":\"es\",\"@id\":\"https:\/\/secure.gravatar.com\/avatar\/0748788578f91786454454fa3b4c295644edb991ad6caadc70b41d26790d38fc?s=96&d=mm&r=g\",\"url\":\"https:\/\/secure.gravatar.com\/avatar\/0748788578f91786454454fa3b4c295644edb991ad6caadc70b41d26790d38fc?s=96&d=mm&r=g\",\"contentUrl\":\"https:\/\/secure.gravatar.com\/avatar\/0748788578f91786454454fa3b4c295644edb991ad6caadc70b41d26790d38fc?s=96&d=mm&r=g\",\"caption\":\"adsmurai\"},\"sameAs\":[\"https:\/\/www.monlau.com\"],\"url\":\"https:\/\/www.monlau.com\/fp\/author\/adsmurai\/\"}]}<\/script>\n<!-- \/ Yoast SEO plugin. -->","yoast_head_json":{"title":"La Semana del C\u00f3digo llega a Monlau - Formaci\u00f3n profesional","robots":{"index":"index","follow":"follow","max-snippet":"max-snippet:-1","max-image-preview":"max-image-preview:large","max-video-preview":"max-video-preview:-1"},"canonical":"https:\/\/www.monlau.com\/fp\/2019\/12\/18\/semana-del-codigo-monlau\/","og_locale":"es_ES","og_type":"article","og_title":"La Semana del C\u00f3digo llega a Monlau - Formaci\u00f3n profesional","og_description":"Del 9 al 13 de diciembre, en Monlau hemos celebrado la Semana del C\u00f3digo, un evento destinado a motivar a los alumnos al estudio de la programaci\u00f3n desde edades tempranas. Varias entidades como CodeWeek, a nivel europeo, y HourofCode, a nivel internacional, promueven actividades para que los alumnos de todos los niveles educativos como la [&hellip;]","og_url":"https:\/\/www.monlau.com\/fp\/2019\/12\/18\/semana-del-codigo-monlau\/","og_site_name":"Formaci\u00f3n profesional","article_published_time":"2019-12-17T23:00:00+00:00","article_modified_time":"2026-03-10T09:03:34+00:00","og_image":[{"width":2016,"height":1512,"url":"https:\/\/www.monlau.com\/app\/uploads\/sites\/3\/2026\/03\/IMG-20191213-WA0029.jpg","type":"image\/jpeg"}],"author":"adsmurai","twitter_card":"summary_large_image","twitter_misc":{"Escrito por":"adsmurai","Tiempo de lectura":"2 minutos"},"schema":{"@context":"https:\/\/schema.org","@graph":[{"@type":"Article","@id":"https:\/\/www.monlau.com\/fp\/2019\/12\/18\/semana-del-codigo-monlau\/#article","isPartOf":{"@id":"https:\/\/www.monlau.com\/fp\/2019\/12\/18\/semana-del-codigo-monlau\/"},"author":{"name":"adsmurai","@id":"https:\/\/www.monlau.com\/fp\/#\/schema\/person\/419cfdf054323e24e0a2ef1d8597f051"},"headline":"La Semana del C\u00f3digo llega a Monlau","datePublished":"2019-12-17T23:00:00+00:00","dateModified":"2026-03-10T09:03:34+00:00","mainEntityOfPage":{"@id":"https:\/\/www.monlau.com\/fp\/2019\/12\/18\/semana-del-codigo-monlau\/"},"wordCount":351,"publisher":{"@id":"https:\/\/www.monlau.com\/fp\/#organization"},"image":{"@id":"https:\/\/www.monlau.com\/fp\/2019\/12\/18\/semana-del-codigo-monlau\/#primaryimage"},"thumbnailUrl":"https:\/\/www.monlau.com\/app\/uploads\/sites\/3\/2026\/03\/IMG-20191213-WA0029.jpg","keywords":["Bachillerato","Ciclos Formativos","ESO","Gamificaci\u00f3n","HourofCode","Inform\u00e0tica","Monlau"],"articleSection":["Inform\u00e1tica"],"inLanguage":"es"},{"@type":"WebPage","@id":"https:\/\/www.monlau.com\/fp\/2019\/12\/18\/semana-del-codigo-monlau\/","url":"https:\/\/www.monlau.com\/fp\/2019\/12\/18\/semana-del-codigo-monlau\/","name":"La Semana del C\u00f3digo llega a Monlau - Formaci\u00f3n profesional","isPartOf":{"@id":"https:\/\/www.monlau.com\/fp\/#website"},"primaryImageOfPage":{"@id":"https:\/\/www.monlau.com\/fp\/2019\/12\/18\/semana-del-codigo-monlau\/#primaryimage"},"image":{"@id":"https:\/\/www.monlau.com\/fp\/2019\/12\/18\/semana-del-codigo-monlau\/#primaryimage"},"thumbnailUrl":"https:\/\/www.monlau.com\/app\/uploads\/sites\/3\/2026\/03\/IMG-20191213-WA0029.jpg","datePublished":"2019-12-17T23:00:00+00:00","dateModified":"2026-03-10T09:03:34+00:00","breadcrumb":{"@id":"https:\/\/www.monlau.com\/fp\/2019\/12\/18\/semana-del-codigo-monlau\/#breadcrumb"},"inLanguage":"es","potentialAction":[{"@type":"ReadAction","target":["https:\/\/www.monlau.com\/fp\/2019\/12\/18\/semana-del-codigo-monlau\/"]}]},{"@type":"ImageObject","inLanguage":"es","@id":"https:\/\/www.monlau.com\/fp\/2019\/12\/18\/semana-del-codigo-monlau\/#primaryimage","url":"https:\/\/www.monlau.com\/app\/uploads\/sites\/3\/2026\/03\/IMG-20191213-WA0029.jpg","contentUrl":"https:\/\/www.monlau.com\/app\/uploads\/sites\/3\/2026\/03\/IMG-20191213-WA0029.jpg","width":2016,"height":1512},{"@type":"BreadcrumbList","@id":"https:\/\/www.monlau.com\/fp\/2019\/12\/18\/semana-del-codigo-monlau\/#breadcrumb","itemListElement":[{"@type":"ListItem","position":1,"name":"Portada","item":"https:\/\/www.monlau.com\/fp\/"},{"@type":"ListItem","position":2,"name":"La Semana del C\u00f3digo llega a Monlau"}]},{"@type":"WebSite","@id":"https:\/\/www.monlau.com\/fp\/#website","url":"https:\/\/www.monlau.com\/fp\/","name":"Formaci\u00f3n profesional","description":"Monlau","publisher":{"@id":"https:\/\/www.monlau.com\/fp\/#organization"},"potentialAction":[{"@type":"SearchAction","target":{"@type":"EntryPoint","urlTemplate":"https:\/\/www.monlau.com\/fp\/?s={search_term_string}"},"query-input":{"@type":"PropertyValueSpecification","valueRequired":true,"valueName":"search_term_string"}}],"inLanguage":"es"},{"@type":"Organization","@id":"https:\/\/www.monlau.com\/fp\/#organization","name":"Formaci\u00f3n profesional","url":"https:\/\/www.monlau.com\/fp\/","logo":{"@type":"ImageObject","inLanguage":"es","@id":"https:\/\/www.monlau.com\/fp\/#\/schema\/logo\/image\/","url":"https:\/\/www.monlau.com\/app\/uploads\/sites\/3\/2026\/01\/fp.png","contentUrl":"https:\/\/www.monlau.com\/app\/uploads\/sites\/3\/2026\/01\/fp.png","width":1024,"height":878,"caption":"Formaci\u00f3n profesional"},"image":{"@id":"https:\/\/www.monlau.com\/fp\/#\/schema\/logo\/image\/"}},{"@type":"Person","@id":"https:\/\/www.monlau.com\/fp\/#\/schema\/person\/419cfdf054323e24e0a2ef1d8597f051","name":"adsmurai","image":{"@type":"ImageObject","inLanguage":"es","@id":"https:\/\/secure.gravatar.com\/avatar\/0748788578f91786454454fa3b4c295644edb991ad6caadc70b41d26790d38fc?s=96&d=mm&r=g","url":"https:\/\/secure.gravatar.com\/avatar\/0748788578f91786454454fa3b4c295644edb991ad6caadc70b41d26790d38fc?s=96&d=mm&r=g","contentUrl":"https:\/\/secure.gravatar.com\/avatar\/0748788578f91786454454fa3b4c295644edb991ad6caadc70b41d26790d38fc?s=96&d=mm&r=g","caption":"adsmurai"},"sameAs":["https:\/\/www.monlau.com"],"url":"https:\/\/www.monlau.com\/fp\/author\/adsmurai\/"}]}},"_links":{"self":[{"href":"https:\/\/www.monlau.com\/fp\/wp-json\/wp\/v2\/posts\/5908","targetHints":{"allow":["GET"]}}],"collection":[{"href":"https:\/\/www.monlau.com\/fp\/wp-json\/wp\/v2\/posts"}],"about":[{"href":"https:\/\/www.monlau.com\/fp\/wp-json\/wp\/v2\/types\/post"}],"author":[{"embeddable":true,"href":"https:\/\/www.monlau.com\/fp\/wp-json\/wp\/v2\/users\/1"}],"replies":[{"embeddable":true,"href":"https:\/\/www.monlau.com\/fp\/wp-json\/wp\/v2\/comments?post=5908"}],"version-history":[{"count":1,"href":"https:\/\/www.monlau.com\/fp\/wp-json\/wp\/v2\/posts\/5908\/revisions"}],"predecessor-version":[{"id":6494,"href":"https:\/\/www.monlau.com\/fp\/wp-json\/wp\/v2\/posts\/5908\/revisions\/6494"}],"wp:featuredmedia":[{"embeddable":true,"href":"https:\/\/www.monlau.com\/fp\/wp-json\/wp\/v2\/media\/3297"}],"wp:attachment":[{"href":"https:\/\/www.monlau.com\/fp\/wp-json\/wp\/v2\/media?parent=5908"}],"wp:term":[{"taxonomy":"category","embeddable":true,"href":"https:\/\/www.monlau.com\/fp\/wp-json\/wp\/v2\/categories?post=5908"},{"taxonomy":"post_tag","embeddable":true,"href":"https:\/\/www.monlau.com\/fp\/wp-json\/wp\/v2\/tags?post=5908"}],"curies":[{"name":"wp","href":"https:\/\/api.w.org\/{rel}","templated":true}]}}