{"id":5907,"date":"2019-12-05T00:00:00","date_gmt":"2019-12-04T23:00:00","guid":{"rendered":"https:\/\/www.monlau.com\/formacion-profesional\/modelo-mesas-forma-t\/"},"modified":"2026-03-10T10:03:34","modified_gmt":"2026-03-10T09:03:34","slug":"modelo-mesas-forma-t","status":"publish","type":"post","link":"https:\/\/www.monlau.com\/fp\/2019\/12\/05\/modelo-mesas-forma-t\/","title":{"rendered":"El modelo de mesas en forma de T"},"content":{"rendered":"<p>En <strong>Monlau<\/strong> en el <a href=\"https:\/\/www.monlau.com\/estudis-professionals\/project\/ciclo-formativo-de-grado-superior-de-marketing-y-publicidad\/\">ciclo superior de marketing y publicidad<\/a> trabajamos con las mesas en forma de T.<\/p>\n<p>Principalmente la idea es que esta forma de trabajar promueva el trabajo en equipo y el trabajo cooperativo, es una manera para que los alumnos tengan facilidad a la hora de compartir informaci\u00f3n.<\/p>\n<p>Actualmente tenemos 60 alumnos divididos en dos aulas de 30 alumnos, en cada aula encontramos 8 espacios en forma de T para poder trabajar en grupo.<\/p>\n<p>La idea es que compartir pantallas, contenido y girarlas mejore el rendimiento de los alumnos.<\/p>\n<p>Por ejemplo: Actualmente estamos trabajando proyectos de <strong>Branding y redes sociales<\/strong> donde los alumnos deben de aprender a compartir ideas y metodolog\u00edas, colores y herramientas, con esta metodolog\u00eda fomentamos la forma de entender que no todos pensamos igual, pero si que todas las ideas, por descabelladas que parezcan, son v\u00e1lidas. Si no permitimos esto en creatividad, si bloqueamos esta manera de entender no podemos animar a nuestros alumnos a tener una mente abierta. Desde el punto de vista de los profesores del \u00e1rea de marketing y publicidad creemos que las mejores ideas salen de las mentes m\u00e1s creativas, y no queremos limitar a nuestros alumnos si no motivarlos a que ma\u00f1ana crezcan como profesionales creativos y sin l\u00edmites, j\u00f3venes con ganas de entender el mundo en el que vivimos.<\/p>\n<p>Cada persona crea un recorrido durante su vida, un recorrido que lo hace diferente, un camino marcado por las decisiones que tomamos, seguro que ninguno de nosotros ha hecho el mismo camino para llegar a donde estamos hoy, por eso hacer que los alumnos compartan sus ideas en peque\u00f1os grupos de personas diferentes hace que su futuro sea mejor, trabajando siempre con <strong>respeto e inclusi\u00f3n en el aula.<\/strong><strong>\u00a0<\/strong><\/p>\n<p>Durante el inicio del curso, los alumnos quedan muy impactados al ver c\u00f3mo se encuentran situados en clase, y hasta el primer mes no acaban de entender la finalidad de trabajar de esta manera, pero es cierto que al final del primer trimestre comprenden que el cambio de posici\u00f3n fomenta el rendimiento, actualmente pedag\u00f3gicamente hablando estamos acostumbrados a un aula cl\u00e1sica donde los alumnos se sientan separados en pupitres o como mucho en parejas, en <strong>Monlau<\/strong> hace mucho tiempo tratamos que intentamos cambiar estas cosas, \u00bfporque c\u00f3mo podemos aplicar nuevas metodolog\u00edas si no somos capaces de cambiar la forma de distribuirnos en el aula? Es importante ser capaces de cambiar el entorno para poder adaptarse a las nuevas metodolog\u00edas de trabajo.<\/p>\n<h4>Clara Mart\u00ednez<\/h4>\n<p>Profesora del Ciclo Superior de Marketing y Publicidad<\/p>\n","protected":false},"excerpt":{"rendered":"<p>En Monlau en el ciclo superior de marketing y publicidad trabajamos con las mesas en forma de T. Principalmente la idea es que esta forma de trabajar promueva el trabajo en equipo y el trabajo cooperativo, es una manera para que los alumnos tengan facilidad a la hora de compartir informaci\u00f3n. Actualmente tenemos 60 alumnos [&hellip;]<\/p>\n","protected":false},"author":1,"featured_media":3292,"comment_status":"closed","ping_status":"closed","sticky":false,"template":"","format":"standard","meta":{"footnotes":""},"categories":[32],"tags":[99,100,101,102,103,83],"class_list":["post-5907","post","type-post","status-publish","format-standard","has-post-thumbnail","hentry","category-empresa-y-marketing","tag-branding","tag-forma-de-t","tag-inclusion","tag-marketing-y-publicidad","tag-mesas","tag-monlau"],"yoast_head":"<!-- This site is optimized with the Yoast SEO plugin v27.2 - https:\/\/yoast.com\/product\/yoast-seo-wordpress\/ -->\n<title>El modelo de mesas en forma de T - Formaci\u00f3n profesional<\/title>\n<meta name=\"robots\" content=\"index, follow, max-snippet:-1, max-image-preview:large, max-video-preview:-1\" \/>\n<link rel=\"canonical\" href=\"https:\/\/www.monlau.com\/fp\/2019\/12\/05\/modelo-mesas-forma-t\/\" \/>\n<meta property=\"og:locale\" content=\"es_ES\" \/>\n<meta property=\"og:type\" content=\"article\" \/>\n<meta property=\"og:title\" content=\"El modelo de mesas en forma de T - Formaci\u00f3n profesional\" \/>\n<meta property=\"og:description\" content=\"En Monlau en el ciclo superior de marketing y publicidad trabajamos con las mesas en forma de T. Principalmente la idea es que esta forma de trabajar promueva el trabajo en equipo y el trabajo cooperativo, es una manera para que los alumnos tengan facilidad a la hora de compartir informaci\u00f3n. Actualmente tenemos 60 alumnos [&hellip;]\" \/>\n<meta property=\"og:url\" content=\"https:\/\/www.monlau.com\/fp\/2019\/12\/05\/modelo-mesas-forma-t\/\" \/>\n<meta property=\"og:site_name\" content=\"Formaci\u00f3n profesional\" \/>\n<meta property=\"article:published_time\" content=\"2019-12-04T23:00:00+00:00\" \/>\n<meta property=\"article:modified_time\" content=\"2026-03-10T09:03:34+00:00\" \/>\n<meta property=\"og:image\" content=\"https:\/\/www.monlau.com\/app\/uploads\/sites\/3\/2026\/03\/mktg.jpg\" \/>\n\t<meta property=\"og:image:width\" content=\"680\" \/>\n\t<meta property=\"og:image:height\" content=\"529\" \/>\n\t<meta property=\"og:image:type\" content=\"image\/jpeg\" \/>\n<meta name=\"author\" content=\"adsmurai\" \/>\n<meta name=\"twitter:card\" content=\"summary_large_image\" \/>\n<meta name=\"twitter:label1\" content=\"Escrito por\" \/>\n\t<meta name=\"twitter:data1\" content=\"adsmurai\" \/>\n\t<meta name=\"twitter:label2\" content=\"Tiempo de lectura\" \/>\n\t<meta name=\"twitter:data2\" content=\"2 minutos\" \/>\n<script type=\"application\/ld+json\" class=\"yoast-schema-graph\">{\"@context\":\"https:\/\/schema.org\",\"@graph\":[{\"@type\":\"Article\",\"@id\":\"https:\/\/www.monlau.com\/fp\/2019\/12\/05\/modelo-mesas-forma-t\/#article\",\"isPartOf\":{\"@id\":\"https:\/\/www.monlau.com\/fp\/2019\/12\/05\/modelo-mesas-forma-t\/\"},\"author\":{\"name\":\"adsmurai\",\"@id\":\"https:\/\/www.monlau.com\/fp\/#\/schema\/person\/419cfdf054323e24e0a2ef1d8597f051\"},\"headline\":\"El modelo de mesas en forma de T\",\"datePublished\":\"2019-12-04T23:00:00+00:00\",\"dateModified\":\"2026-03-10T09:03:34+00:00\",\"mainEntityOfPage\":{\"@id\":\"https:\/\/www.monlau.com\/fp\/2019\/12\/05\/modelo-mesas-forma-t\/\"},\"wordCount\":443,\"publisher\":{\"@id\":\"https:\/\/www.monlau.com\/fp\/#organization\"},\"image\":{\"@id\":\"https:\/\/www.monlau.com\/fp\/2019\/12\/05\/modelo-mesas-forma-t\/#primaryimage\"},\"thumbnailUrl\":\"https:\/\/www.monlau.com\/app\/uploads\/sites\/3\/2026\/03\/mktg.jpg\",\"keywords\":[\"Branding\",\"forma de T\",\"inclusi\u00f3n\",\"Marketing y Publicidad\",\"mesas\",\"Monlau\"],\"articleSection\":[\"Empresa y Marketing\"],\"inLanguage\":\"es\"},{\"@type\":\"WebPage\",\"@id\":\"https:\/\/www.monlau.com\/fp\/2019\/12\/05\/modelo-mesas-forma-t\/\",\"url\":\"https:\/\/www.monlau.com\/fp\/2019\/12\/05\/modelo-mesas-forma-t\/\",\"name\":\"El modelo de mesas en forma de T - Formaci\u00f3n profesional\",\"isPartOf\":{\"@id\":\"https:\/\/www.monlau.com\/fp\/#website\"},\"primaryImageOfPage\":{\"@id\":\"https:\/\/www.monlau.com\/fp\/2019\/12\/05\/modelo-mesas-forma-t\/#primaryimage\"},\"image\":{\"@id\":\"https:\/\/www.monlau.com\/fp\/2019\/12\/05\/modelo-mesas-forma-t\/#primaryimage\"},\"thumbnailUrl\":\"https:\/\/www.monlau.com\/app\/uploads\/sites\/3\/2026\/03\/mktg.jpg\",\"datePublished\":\"2019-12-04T23:00:00+00:00\",\"dateModified\":\"2026-03-10T09:03:34+00:00\",\"breadcrumb\":{\"@id\":\"https:\/\/www.monlau.com\/fp\/2019\/12\/05\/modelo-mesas-forma-t\/#breadcrumb\"},\"inLanguage\":\"es\",\"potentialAction\":[{\"@type\":\"ReadAction\",\"target\":[\"https:\/\/www.monlau.com\/fp\/2019\/12\/05\/modelo-mesas-forma-t\/\"]}]},{\"@type\":\"ImageObject\",\"inLanguage\":\"es\",\"@id\":\"https:\/\/www.monlau.com\/fp\/2019\/12\/05\/modelo-mesas-forma-t\/#primaryimage\",\"url\":\"https:\/\/www.monlau.com\/app\/uploads\/sites\/3\/2026\/03\/mktg.jpg\",\"contentUrl\":\"https:\/\/www.monlau.com\/app\/uploads\/sites\/3\/2026\/03\/mktg.jpg\",\"width\":680,\"height\":529},{\"@type\":\"BreadcrumbList\",\"@id\":\"https:\/\/www.monlau.com\/fp\/2019\/12\/05\/modelo-mesas-forma-t\/#breadcrumb\",\"itemListElement\":[{\"@type\":\"ListItem\",\"position\":1,\"name\":\"Portada\",\"item\":\"https:\/\/www.monlau.com\/fp\/\"},{\"@type\":\"ListItem\",\"position\":2,\"name\":\"El modelo de mesas en forma de T\"}]},{\"@type\":\"WebSite\",\"@id\":\"https:\/\/www.monlau.com\/fp\/#website\",\"url\":\"https:\/\/www.monlau.com\/fp\/\",\"name\":\"Formaci\u00f3n profesional\",\"description\":\"Monlau\",\"publisher\":{\"@id\":\"https:\/\/www.monlau.com\/fp\/#organization\"},\"potentialAction\":[{\"@type\":\"SearchAction\",\"target\":{\"@type\":\"EntryPoint\",\"urlTemplate\":\"https:\/\/www.monlau.com\/fp\/?s={search_term_string}\"},\"query-input\":{\"@type\":\"PropertyValueSpecification\",\"valueRequired\":true,\"valueName\":\"search_term_string\"}}],\"inLanguage\":\"es\"},{\"@type\":\"Organization\",\"@id\":\"https:\/\/www.monlau.com\/fp\/#organization\",\"name\":\"Formaci\u00f3n profesional\",\"url\":\"https:\/\/www.monlau.com\/fp\/\",\"logo\":{\"@type\":\"ImageObject\",\"inLanguage\":\"es\",\"@id\":\"https:\/\/www.monlau.com\/fp\/#\/schema\/logo\/image\/\",\"url\":\"https:\/\/www.monlau.com\/app\/uploads\/sites\/3\/2026\/01\/fp.png\",\"contentUrl\":\"https:\/\/www.monlau.com\/app\/uploads\/sites\/3\/2026\/01\/fp.png\",\"width\":1024,\"height\":878,\"caption\":\"Formaci\u00f3n profesional\"},\"image\":{\"@id\":\"https:\/\/www.monlau.com\/fp\/#\/schema\/logo\/image\/\"}},{\"@type\":\"Person\",\"@id\":\"https:\/\/www.monlau.com\/fp\/#\/schema\/person\/419cfdf054323e24e0a2ef1d8597f051\",\"name\":\"adsmurai\",\"image\":{\"@type\":\"ImageObject\",\"inLanguage\":\"es\",\"@id\":\"https:\/\/secure.gravatar.com\/avatar\/0748788578f91786454454fa3b4c295644edb991ad6caadc70b41d26790d38fc?s=96&d=mm&r=g\",\"url\":\"https:\/\/secure.gravatar.com\/avatar\/0748788578f91786454454fa3b4c295644edb991ad6caadc70b41d26790d38fc?s=96&d=mm&r=g\",\"contentUrl\":\"https:\/\/secure.gravatar.com\/avatar\/0748788578f91786454454fa3b4c295644edb991ad6caadc70b41d26790d38fc?s=96&d=mm&r=g\",\"caption\":\"adsmurai\"},\"sameAs\":[\"https:\/\/www.monlau.com\"],\"url\":\"https:\/\/www.monlau.com\/fp\/author\/adsmurai\/\"}]}<\/script>\n<!-- \/ Yoast SEO plugin. -->","yoast_head_json":{"title":"El modelo de mesas en forma de T - Formaci\u00f3n profesional","robots":{"index":"index","follow":"follow","max-snippet":"max-snippet:-1","max-image-preview":"max-image-preview:large","max-video-preview":"max-video-preview:-1"},"canonical":"https:\/\/www.monlau.com\/fp\/2019\/12\/05\/modelo-mesas-forma-t\/","og_locale":"es_ES","og_type":"article","og_title":"El modelo de mesas en forma de T - Formaci\u00f3n profesional","og_description":"En Monlau en el ciclo superior de marketing y publicidad trabajamos con las mesas en forma de T. Principalmente la idea es que esta forma de trabajar promueva el trabajo en equipo y el trabajo cooperativo, es una manera para que los alumnos tengan facilidad a la hora de compartir informaci\u00f3n. Actualmente tenemos 60 alumnos [&hellip;]","og_url":"https:\/\/www.monlau.com\/fp\/2019\/12\/05\/modelo-mesas-forma-t\/","og_site_name":"Formaci\u00f3n profesional","article_published_time":"2019-12-04T23:00:00+00:00","article_modified_time":"2026-03-10T09:03:34+00:00","og_image":[{"width":680,"height":529,"url":"https:\/\/www.monlau.com\/app\/uploads\/sites\/3\/2026\/03\/mktg.jpg","type":"image\/jpeg"}],"author":"adsmurai","twitter_card":"summary_large_image","twitter_misc":{"Escrito por":"adsmurai","Tiempo de lectura":"2 minutos"},"schema":{"@context":"https:\/\/schema.org","@graph":[{"@type":"Article","@id":"https:\/\/www.monlau.com\/fp\/2019\/12\/05\/modelo-mesas-forma-t\/#article","isPartOf":{"@id":"https:\/\/www.monlau.com\/fp\/2019\/12\/05\/modelo-mesas-forma-t\/"},"author":{"name":"adsmurai","@id":"https:\/\/www.monlau.com\/fp\/#\/schema\/person\/419cfdf054323e24e0a2ef1d8597f051"},"headline":"El modelo de mesas en forma de T","datePublished":"2019-12-04T23:00:00+00:00","dateModified":"2026-03-10T09:03:34+00:00","mainEntityOfPage":{"@id":"https:\/\/www.monlau.com\/fp\/2019\/12\/05\/modelo-mesas-forma-t\/"},"wordCount":443,"publisher":{"@id":"https:\/\/www.monlau.com\/fp\/#organization"},"image":{"@id":"https:\/\/www.monlau.com\/fp\/2019\/12\/05\/modelo-mesas-forma-t\/#primaryimage"},"thumbnailUrl":"https:\/\/www.monlau.com\/app\/uploads\/sites\/3\/2026\/03\/mktg.jpg","keywords":["Branding","forma de T","inclusi\u00f3n","Marketing y Publicidad","mesas","Monlau"],"articleSection":["Empresa y Marketing"],"inLanguage":"es"},{"@type":"WebPage","@id":"https:\/\/www.monlau.com\/fp\/2019\/12\/05\/modelo-mesas-forma-t\/","url":"https:\/\/www.monlau.com\/fp\/2019\/12\/05\/modelo-mesas-forma-t\/","name":"El modelo de mesas en forma de T - Formaci\u00f3n profesional","isPartOf":{"@id":"https:\/\/www.monlau.com\/fp\/#website"},"primaryImageOfPage":{"@id":"https:\/\/www.monlau.com\/fp\/2019\/12\/05\/modelo-mesas-forma-t\/#primaryimage"},"image":{"@id":"https:\/\/www.monlau.com\/fp\/2019\/12\/05\/modelo-mesas-forma-t\/#primaryimage"},"thumbnailUrl":"https:\/\/www.monlau.com\/app\/uploads\/sites\/3\/2026\/03\/mktg.jpg","datePublished":"2019-12-04T23:00:00+00:00","dateModified":"2026-03-10T09:03:34+00:00","breadcrumb":{"@id":"https:\/\/www.monlau.com\/fp\/2019\/12\/05\/modelo-mesas-forma-t\/#breadcrumb"},"inLanguage":"es","potentialAction":[{"@type":"ReadAction","target":["https:\/\/www.monlau.com\/fp\/2019\/12\/05\/modelo-mesas-forma-t\/"]}]},{"@type":"ImageObject","inLanguage":"es","@id":"https:\/\/www.monlau.com\/fp\/2019\/12\/05\/modelo-mesas-forma-t\/#primaryimage","url":"https:\/\/www.monlau.com\/app\/uploads\/sites\/3\/2026\/03\/mktg.jpg","contentUrl":"https:\/\/www.monlau.com\/app\/uploads\/sites\/3\/2026\/03\/mktg.jpg","width":680,"height":529},{"@type":"BreadcrumbList","@id":"https:\/\/www.monlau.com\/fp\/2019\/12\/05\/modelo-mesas-forma-t\/#breadcrumb","itemListElement":[{"@type":"ListItem","position":1,"name":"Portada","item":"https:\/\/www.monlau.com\/fp\/"},{"@type":"ListItem","position":2,"name":"El modelo de mesas en forma de T"}]},{"@type":"WebSite","@id":"https:\/\/www.monlau.com\/fp\/#website","url":"https:\/\/www.monlau.com\/fp\/","name":"Formaci\u00f3n profesional","description":"Monlau","publisher":{"@id":"https:\/\/www.monlau.com\/fp\/#organization"},"potentialAction":[{"@type":"SearchAction","target":{"@type":"EntryPoint","urlTemplate":"https:\/\/www.monlau.com\/fp\/?s={search_term_string}"},"query-input":{"@type":"PropertyValueSpecification","valueRequired":true,"valueName":"search_term_string"}}],"inLanguage":"es"},{"@type":"Organization","@id":"https:\/\/www.monlau.com\/fp\/#organization","name":"Formaci\u00f3n profesional","url":"https:\/\/www.monlau.com\/fp\/","logo":{"@type":"ImageObject","inLanguage":"es","@id":"https:\/\/www.monlau.com\/fp\/#\/schema\/logo\/image\/","url":"https:\/\/www.monlau.com\/app\/uploads\/sites\/3\/2026\/01\/fp.png","contentUrl":"https:\/\/www.monlau.com\/app\/uploads\/sites\/3\/2026\/01\/fp.png","width":1024,"height":878,"caption":"Formaci\u00f3n profesional"},"image":{"@id":"https:\/\/www.monlau.com\/fp\/#\/schema\/logo\/image\/"}},{"@type":"Person","@id":"https:\/\/www.monlau.com\/fp\/#\/schema\/person\/419cfdf054323e24e0a2ef1d8597f051","name":"adsmurai","image":{"@type":"ImageObject","inLanguage":"es","@id":"https:\/\/secure.gravatar.com\/avatar\/0748788578f91786454454fa3b4c295644edb991ad6caadc70b41d26790d38fc?s=96&d=mm&r=g","url":"https:\/\/secure.gravatar.com\/avatar\/0748788578f91786454454fa3b4c295644edb991ad6caadc70b41d26790d38fc?s=96&d=mm&r=g","contentUrl":"https:\/\/secure.gravatar.com\/avatar\/0748788578f91786454454fa3b4c295644edb991ad6caadc70b41d26790d38fc?s=96&d=mm&r=g","caption":"adsmurai"},"sameAs":["https:\/\/www.monlau.com"],"url":"https:\/\/www.monlau.com\/fp\/author\/adsmurai\/"}]}},"_links":{"self":[{"href":"https:\/\/www.monlau.com\/fp\/wp-json\/wp\/v2\/posts\/5907","targetHints":{"allow":["GET"]}}],"collection":[{"href":"https:\/\/www.monlau.com\/fp\/wp-json\/wp\/v2\/posts"}],"about":[{"href":"https:\/\/www.monlau.com\/fp\/wp-json\/wp\/v2\/types\/post"}],"author":[{"embeddable":true,"href":"https:\/\/www.monlau.com\/fp\/wp-json\/wp\/v2\/users\/1"}],"replies":[{"embeddable":true,"href":"https:\/\/www.monlau.com\/fp\/wp-json\/wp\/v2\/comments?post=5907"}],"version-history":[{"count":1,"href":"https:\/\/www.monlau.com\/fp\/wp-json\/wp\/v2\/posts\/5907\/revisions"}],"predecessor-version":[{"id":6496,"href":"https:\/\/www.monlau.com\/fp\/wp-json\/wp\/v2\/posts\/5907\/revisions\/6496"}],"wp:featuredmedia":[{"embeddable":true,"href":"https:\/\/www.monlau.com\/fp\/wp-json\/wp\/v2\/media\/3292"}],"wp:attachment":[{"href":"https:\/\/www.monlau.com\/fp\/wp-json\/wp\/v2\/media?parent=5907"}],"wp:term":[{"taxonomy":"category","embeddable":true,"href":"https:\/\/www.monlau.com\/fp\/wp-json\/wp\/v2\/categories?post=5907"},{"taxonomy":"post_tag","embeddable":true,"href":"https:\/\/www.monlau.com\/fp\/wp-json\/wp\/v2\/tags?post=5907"}],"curies":[{"name":"wp","href":"https:\/\/api.w.org\/{rel}","templated":true}]}}