{"id":5906,"date":"2019-11-28T00:00:00","date_gmt":"2019-11-27T23:00:00","guid":{"rendered":"https:\/\/www.monlau.com\/formacion-profesional\/siempre-cerca-necesidades-mercado\/"},"modified":"2026-03-10T10:03:35","modified_gmt":"2026-03-10T09:03:35","slug":"siempre-cerca-necesidades-mercado","status":"publish","type":"post","link":"https:\/\/www.monlau.com\/fp\/2019\/11\/28\/siempre-cerca-necesidades-mercado\/","title":{"rendered":"Siempre cerca de las necesidades del mercado"},"content":{"rendered":"<p>En la \u00faltima cumbre Mundial para la innovaci\u00f3n en la educaci\u00f3n <a href=\"https:\/\/www.wise-qatar.org\/\">(WISE 2019)<\/a> celebrada en Par\u00eds, se constataron 3 grandes problemas:<\/p>\n<ol>\n<li>La gran dificultad que tienen los pa\u00edses para adaptarse a los cambios tecnol\u00f3gicos a los cuales nos enfrentamos d\u00eda a d\u00eda.<\/li>\n<li>El 85% de las empresas asegura tener grandes dificultades para encontrar perfiles que se ajusten a determinados puestos.<\/li>\n<li>El 56% de los j\u00f3venes espa\u00f1oles de entre 18 y 25 a\u00f1os considera que el actual sistema educativo no los prepara para encontrar trabajo. <strong>Entre lo que se aprende en clase y lo que luego demanda el mercado laboral hay una brecha insalvable<\/strong>.<\/li>\n<\/ol>\n<p>Desde <a href=\"https:\/\/www.monlau.com\/\">Monlau<\/a>\u00a0ya llevamos a\u00f1os trabajando mano a mano con la empresa para dar soluci\u00f3n a esta situaci\u00f3n:<\/p>\n<ul>\n<li>Trabajamos juntamente con las empresas para detectar sus necesidades y poder definir los contenidos formativos, herramientas y maquinaria adecuada.<\/li>\n<li>Definimos los diferentes perfiles del mercado y sus competencias de manera que nos permite desarrollar una orientaci\u00f3n laboral a nuestros alumnos ajustando las expectativas a la realidad obteniendo una inserci\u00f3n exitosa.<\/li>\n<li>Desarrollamos un sistema de ense\u00f1anza que potencia el autoaprendizaje y la capacidad de solventar problemas, retos y una adaptaci\u00f3n r\u00e1pida a los cambios. Es una de las competencias que m\u00e1s demandan las empresas.<\/li>\n<li>Potenciamos el aprendizaje pr\u00e1ctico en nuestros talleres en los que reproducimos las tendencias del mercado.<\/li>\n<li>Nos implicamos en la planificaci\u00f3n y seguimiento de las pr\u00e1cticas de nuestros alumnos en las empresas de manera que, tanto la empresa como el alumno, satisfagan sus objetivos.<\/li>\n<\/ul>\n<p>Reconocemos y sabemos que nos encontramos con sistema educativo que presenta dificultades para adaptarse a los cambios sociales y que a\u00fan se basa en el aprendizaje memor\u00edstico. Aun as\u00ed, <strong>nuestro principal objetivo es y seguir\u00e1 siendo reducir la brecha entre las necesidades reales y la formaci\u00f3n que impartimos, la satisfacci\u00f3n del alumno y del mercado (las empresas) y una inserci\u00f3n en el mundo laboral de todos nuestros alumnos. <\/strong><\/p>\n<h4>Carlos Salazar<\/h4>\n<p>Responsable del \u00e1rea de Automoci\u00f3n<\/p>\n","protected":false},"excerpt":{"rendered":"<p>En la \u00faltima cumbre Mundial para la innovaci\u00f3n en la educaci\u00f3n (WISE 2019) celebrada en Par\u00eds, se constataron 3 grandes problemas: La gran dificultad que tienen los pa\u00edses para adaptarse a los cambios tecnol\u00f3gicos a los cuales nos enfrentamos d\u00eda a d\u00eda. El 85% de las empresas asegura tener grandes dificultades para encontrar perfiles que [&hellip;]<\/p>\n","protected":false},"author":1,"featured_media":3289,"comment_status":"closed","ping_status":"closed","sticky":false,"template":"","format":"standard","meta":{"footnotes":""},"categories":[36],"tags":[96,97,83,98,35],"class_list":["post-5906","post","type-post","status-publish","format-standard","has-post-thumbnail","hentry","category-automocion","tag-empresas","tag-mercado","tag-monlau","tag-mundo-laboral","tag-necesidades"],"yoast_head":"<!-- This site is optimized with the Yoast SEO plugin v27.2 - https:\/\/yoast.com\/product\/yoast-seo-wordpress\/ -->\n<title>Siempre cerca de las necesidades del mercado - Formaci\u00f3n profesional<\/title>\n<meta name=\"robots\" content=\"index, follow, max-snippet:-1, max-image-preview:large, max-video-preview:-1\" \/>\n<link rel=\"canonical\" href=\"https:\/\/www.monlau.com\/fp\/2019\/11\/28\/siempre-cerca-necesidades-mercado\/\" \/>\n<meta property=\"og:locale\" content=\"es_ES\" \/>\n<meta property=\"og:type\" content=\"article\" \/>\n<meta property=\"og:title\" content=\"Siempre cerca de las necesidades del mercado - Formaci\u00f3n profesional\" \/>\n<meta property=\"og:description\" content=\"En la \u00faltima cumbre Mundial para la innovaci\u00f3n en la educaci\u00f3n (WISE 2019) celebrada en Par\u00eds, se constataron 3 grandes problemas: La gran dificultad que tienen los pa\u00edses para adaptarse a los cambios tecnol\u00f3gicos a los cuales nos enfrentamos d\u00eda a d\u00eda. El 85% de las empresas asegura tener grandes dificultades para encontrar perfiles que [&hellip;]\" \/>\n<meta property=\"og:url\" content=\"https:\/\/www.monlau.com\/fp\/2019\/11\/28\/siempre-cerca-necesidades-mercado\/\" \/>\n<meta property=\"og:site_name\" content=\"Formaci\u00f3n profesional\" \/>\n<meta property=\"article:published_time\" content=\"2019-11-27T23:00:00+00:00\" \/>\n<meta property=\"article:modified_time\" content=\"2026-03-10T09:03:35+00:00\" \/>\n<meta property=\"og:image\" content=\"https:\/\/www.monlau.com\/app\/uploads\/sites\/3\/2026\/03\/MG_15612-scaled.jpg\" \/>\n\t<meta property=\"og:image:width\" content=\"2560\" \/>\n\t<meta property=\"og:image:height\" content=\"1706\" \/>\n\t<meta property=\"og:image:type\" content=\"image\/jpeg\" \/>\n<meta name=\"author\" content=\"adsmurai\" \/>\n<meta name=\"twitter:card\" content=\"summary_large_image\" \/>\n<meta name=\"twitter:label1\" content=\"Escrito por\" \/>\n\t<meta name=\"twitter:data1\" content=\"adsmurai\" \/>\n\t<meta name=\"twitter:label2\" content=\"Tiempo de lectura\" \/>\n\t<meta name=\"twitter:data2\" content=\"2 minutos\" \/>\n<script type=\"application\/ld+json\" class=\"yoast-schema-graph\">{\"@context\":\"https:\/\/schema.org\",\"@graph\":[{\"@type\":\"Article\",\"@id\":\"https:\/\/www.monlau.com\/fp\/2019\/11\/28\/siempre-cerca-necesidades-mercado\/#article\",\"isPartOf\":{\"@id\":\"https:\/\/www.monlau.com\/fp\/2019\/11\/28\/siempre-cerca-necesidades-mercado\/\"},\"author\":{\"name\":\"adsmurai\",\"@id\":\"https:\/\/www.monlau.com\/fp\/#\/schema\/person\/419cfdf054323e24e0a2ef1d8597f051\"},\"headline\":\"Siempre cerca de las necesidades del mercado\",\"datePublished\":\"2019-11-27T23:00:00+00:00\",\"dateModified\":\"2026-03-10T09:03:35+00:00\",\"mainEntityOfPage\":{\"@id\":\"https:\/\/www.monlau.com\/fp\/2019\/11\/28\/siempre-cerca-necesidades-mercado\/\"},\"wordCount\":351,\"publisher\":{\"@id\":\"https:\/\/www.monlau.com\/fp\/#organization\"},\"image\":{\"@id\":\"https:\/\/www.monlau.com\/fp\/2019\/11\/28\/siempre-cerca-necesidades-mercado\/#primaryimage\"},\"thumbnailUrl\":\"https:\/\/www.monlau.com\/app\/uploads\/sites\/3\/2026\/03\/MG_15612-scaled.jpg\",\"keywords\":[\"empresas\",\"mercado\",\"Monlau\",\"mundo laboral\",\"necesidades\"],\"articleSection\":[\"Automoci\u00f3n\"],\"inLanguage\":\"es\"},{\"@type\":\"WebPage\",\"@id\":\"https:\/\/www.monlau.com\/fp\/2019\/11\/28\/siempre-cerca-necesidades-mercado\/\",\"url\":\"https:\/\/www.monlau.com\/fp\/2019\/11\/28\/siempre-cerca-necesidades-mercado\/\",\"name\":\"Siempre cerca de las necesidades del mercado - Formaci\u00f3n profesional\",\"isPartOf\":{\"@id\":\"https:\/\/www.monlau.com\/fp\/#website\"},\"primaryImageOfPage\":{\"@id\":\"https:\/\/www.monlau.com\/fp\/2019\/11\/28\/siempre-cerca-necesidades-mercado\/#primaryimage\"},\"image\":{\"@id\":\"https:\/\/www.monlau.com\/fp\/2019\/11\/28\/siempre-cerca-necesidades-mercado\/#primaryimage\"},\"thumbnailUrl\":\"https:\/\/www.monlau.com\/app\/uploads\/sites\/3\/2026\/03\/MG_15612-scaled.jpg\",\"datePublished\":\"2019-11-27T23:00:00+00:00\",\"dateModified\":\"2026-03-10T09:03:35+00:00\",\"breadcrumb\":{\"@id\":\"https:\/\/www.monlau.com\/fp\/2019\/11\/28\/siempre-cerca-necesidades-mercado\/#breadcrumb\"},\"inLanguage\":\"es\",\"potentialAction\":[{\"@type\":\"ReadAction\",\"target\":[\"https:\/\/www.monlau.com\/fp\/2019\/11\/28\/siempre-cerca-necesidades-mercado\/\"]}]},{\"@type\":\"ImageObject\",\"inLanguage\":\"es\",\"@id\":\"https:\/\/www.monlau.com\/fp\/2019\/11\/28\/siempre-cerca-necesidades-mercado\/#primaryimage\",\"url\":\"https:\/\/www.monlau.com\/app\/uploads\/sites\/3\/2026\/03\/MG_15612-scaled.jpg\",\"contentUrl\":\"https:\/\/www.monlau.com\/app\/uploads\/sites\/3\/2026\/03\/MG_15612-scaled.jpg\",\"width\":2560,\"height\":1706},{\"@type\":\"BreadcrumbList\",\"@id\":\"https:\/\/www.monlau.com\/fp\/2019\/11\/28\/siempre-cerca-necesidades-mercado\/#breadcrumb\",\"itemListElement\":[{\"@type\":\"ListItem\",\"position\":1,\"name\":\"Portada\",\"item\":\"https:\/\/www.monlau.com\/fp\/\"},{\"@type\":\"ListItem\",\"position\":2,\"name\":\"Siempre cerca de las necesidades del mercado\"}]},{\"@type\":\"WebSite\",\"@id\":\"https:\/\/www.monlau.com\/fp\/#website\",\"url\":\"https:\/\/www.monlau.com\/fp\/\",\"name\":\"Formaci\u00f3n profesional\",\"description\":\"Monlau\",\"publisher\":{\"@id\":\"https:\/\/www.monlau.com\/fp\/#organization\"},\"potentialAction\":[{\"@type\":\"SearchAction\",\"target\":{\"@type\":\"EntryPoint\",\"urlTemplate\":\"https:\/\/www.monlau.com\/fp\/?s={search_term_string}\"},\"query-input\":{\"@type\":\"PropertyValueSpecification\",\"valueRequired\":true,\"valueName\":\"search_term_string\"}}],\"inLanguage\":\"es\"},{\"@type\":\"Organization\",\"@id\":\"https:\/\/www.monlau.com\/fp\/#organization\",\"name\":\"Formaci\u00f3n profesional\",\"url\":\"https:\/\/www.monlau.com\/fp\/\",\"logo\":{\"@type\":\"ImageObject\",\"inLanguage\":\"es\",\"@id\":\"https:\/\/www.monlau.com\/fp\/#\/schema\/logo\/image\/\",\"url\":\"https:\/\/www.monlau.com\/app\/uploads\/sites\/3\/2026\/01\/fp.png\",\"contentUrl\":\"https:\/\/www.monlau.com\/app\/uploads\/sites\/3\/2026\/01\/fp.png\",\"width\":1024,\"height\":878,\"caption\":\"Formaci\u00f3n profesional\"},\"image\":{\"@id\":\"https:\/\/www.monlau.com\/fp\/#\/schema\/logo\/image\/\"}},{\"@type\":\"Person\",\"@id\":\"https:\/\/www.monlau.com\/fp\/#\/schema\/person\/419cfdf054323e24e0a2ef1d8597f051\",\"name\":\"adsmurai\",\"image\":{\"@type\":\"ImageObject\",\"inLanguage\":\"es\",\"@id\":\"https:\/\/secure.gravatar.com\/avatar\/0748788578f91786454454fa3b4c295644edb991ad6caadc70b41d26790d38fc?s=96&d=mm&r=g\",\"url\":\"https:\/\/secure.gravatar.com\/avatar\/0748788578f91786454454fa3b4c295644edb991ad6caadc70b41d26790d38fc?s=96&d=mm&r=g\",\"contentUrl\":\"https:\/\/secure.gravatar.com\/avatar\/0748788578f91786454454fa3b4c295644edb991ad6caadc70b41d26790d38fc?s=96&d=mm&r=g\",\"caption\":\"adsmurai\"},\"sameAs\":[\"https:\/\/www.monlau.com\"],\"url\":\"https:\/\/www.monlau.com\/fp\/author\/adsmurai\/\"}]}<\/script>\n<!-- \/ Yoast SEO plugin. -->","yoast_head_json":{"title":"Siempre cerca de las necesidades del mercado - Formaci\u00f3n profesional","robots":{"index":"index","follow":"follow","max-snippet":"max-snippet:-1","max-image-preview":"max-image-preview:large","max-video-preview":"max-video-preview:-1"},"canonical":"https:\/\/www.monlau.com\/fp\/2019\/11\/28\/siempre-cerca-necesidades-mercado\/","og_locale":"es_ES","og_type":"article","og_title":"Siempre cerca de las necesidades del mercado - Formaci\u00f3n profesional","og_description":"En la \u00faltima cumbre Mundial para la innovaci\u00f3n en la educaci\u00f3n (WISE 2019) celebrada en Par\u00eds, se constataron 3 grandes problemas: La gran dificultad que tienen los pa\u00edses para adaptarse a los cambios tecnol\u00f3gicos a los cuales nos enfrentamos d\u00eda a d\u00eda. El 85% de las empresas asegura tener grandes dificultades para encontrar perfiles que [&hellip;]","og_url":"https:\/\/www.monlau.com\/fp\/2019\/11\/28\/siempre-cerca-necesidades-mercado\/","og_site_name":"Formaci\u00f3n profesional","article_published_time":"2019-11-27T23:00:00+00:00","article_modified_time":"2026-03-10T09:03:35+00:00","og_image":[{"width":2560,"height":1706,"url":"https:\/\/www.monlau.com\/app\/uploads\/sites\/3\/2026\/03\/MG_15612-scaled.jpg","type":"image\/jpeg"}],"author":"adsmurai","twitter_card":"summary_large_image","twitter_misc":{"Escrito por":"adsmurai","Tiempo de lectura":"2 minutos"},"schema":{"@context":"https:\/\/schema.org","@graph":[{"@type":"Article","@id":"https:\/\/www.monlau.com\/fp\/2019\/11\/28\/siempre-cerca-necesidades-mercado\/#article","isPartOf":{"@id":"https:\/\/www.monlau.com\/fp\/2019\/11\/28\/siempre-cerca-necesidades-mercado\/"},"author":{"name":"adsmurai","@id":"https:\/\/www.monlau.com\/fp\/#\/schema\/person\/419cfdf054323e24e0a2ef1d8597f051"},"headline":"Siempre cerca de las necesidades del mercado","datePublished":"2019-11-27T23:00:00+00:00","dateModified":"2026-03-10T09:03:35+00:00","mainEntityOfPage":{"@id":"https:\/\/www.monlau.com\/fp\/2019\/11\/28\/siempre-cerca-necesidades-mercado\/"},"wordCount":351,"publisher":{"@id":"https:\/\/www.monlau.com\/fp\/#organization"},"image":{"@id":"https:\/\/www.monlau.com\/fp\/2019\/11\/28\/siempre-cerca-necesidades-mercado\/#primaryimage"},"thumbnailUrl":"https:\/\/www.monlau.com\/app\/uploads\/sites\/3\/2026\/03\/MG_15612-scaled.jpg","keywords":["empresas","mercado","Monlau","mundo laboral","necesidades"],"articleSection":["Automoci\u00f3n"],"inLanguage":"es"},{"@type":"WebPage","@id":"https:\/\/www.monlau.com\/fp\/2019\/11\/28\/siempre-cerca-necesidades-mercado\/","url":"https:\/\/www.monlau.com\/fp\/2019\/11\/28\/siempre-cerca-necesidades-mercado\/","name":"Siempre cerca de las necesidades del mercado - Formaci\u00f3n profesional","isPartOf":{"@id":"https:\/\/www.monlau.com\/fp\/#website"},"primaryImageOfPage":{"@id":"https:\/\/www.monlau.com\/fp\/2019\/11\/28\/siempre-cerca-necesidades-mercado\/#primaryimage"},"image":{"@id":"https:\/\/www.monlau.com\/fp\/2019\/11\/28\/siempre-cerca-necesidades-mercado\/#primaryimage"},"thumbnailUrl":"https:\/\/www.monlau.com\/app\/uploads\/sites\/3\/2026\/03\/MG_15612-scaled.jpg","datePublished":"2019-11-27T23:00:00+00:00","dateModified":"2026-03-10T09:03:35+00:00","breadcrumb":{"@id":"https:\/\/www.monlau.com\/fp\/2019\/11\/28\/siempre-cerca-necesidades-mercado\/#breadcrumb"},"inLanguage":"es","potentialAction":[{"@type":"ReadAction","target":["https:\/\/www.monlau.com\/fp\/2019\/11\/28\/siempre-cerca-necesidades-mercado\/"]}]},{"@type":"ImageObject","inLanguage":"es","@id":"https:\/\/www.monlau.com\/fp\/2019\/11\/28\/siempre-cerca-necesidades-mercado\/#primaryimage","url":"https:\/\/www.monlau.com\/app\/uploads\/sites\/3\/2026\/03\/MG_15612-scaled.jpg","contentUrl":"https:\/\/www.monlau.com\/app\/uploads\/sites\/3\/2026\/03\/MG_15612-scaled.jpg","width":2560,"height":1706},{"@type":"BreadcrumbList","@id":"https:\/\/www.monlau.com\/fp\/2019\/11\/28\/siempre-cerca-necesidades-mercado\/#breadcrumb","itemListElement":[{"@type":"ListItem","position":1,"name":"Portada","item":"https:\/\/www.monlau.com\/fp\/"},{"@type":"ListItem","position":2,"name":"Siempre cerca de las necesidades del mercado"}]},{"@type":"WebSite","@id":"https:\/\/www.monlau.com\/fp\/#website","url":"https:\/\/www.monlau.com\/fp\/","name":"Formaci\u00f3n profesional","description":"Monlau","publisher":{"@id":"https:\/\/www.monlau.com\/fp\/#organization"},"potentialAction":[{"@type":"SearchAction","target":{"@type":"EntryPoint","urlTemplate":"https:\/\/www.monlau.com\/fp\/?s={search_term_string}"},"query-input":{"@type":"PropertyValueSpecification","valueRequired":true,"valueName":"search_term_string"}}],"inLanguage":"es"},{"@type":"Organization","@id":"https:\/\/www.monlau.com\/fp\/#organization","name":"Formaci\u00f3n profesional","url":"https:\/\/www.monlau.com\/fp\/","logo":{"@type":"ImageObject","inLanguage":"es","@id":"https:\/\/www.monlau.com\/fp\/#\/schema\/logo\/image\/","url":"https:\/\/www.monlau.com\/app\/uploads\/sites\/3\/2026\/01\/fp.png","contentUrl":"https:\/\/www.monlau.com\/app\/uploads\/sites\/3\/2026\/01\/fp.png","width":1024,"height":878,"caption":"Formaci\u00f3n profesional"},"image":{"@id":"https:\/\/www.monlau.com\/fp\/#\/schema\/logo\/image\/"}},{"@type":"Person","@id":"https:\/\/www.monlau.com\/fp\/#\/schema\/person\/419cfdf054323e24e0a2ef1d8597f051","name":"adsmurai","image":{"@type":"ImageObject","inLanguage":"es","@id":"https:\/\/secure.gravatar.com\/avatar\/0748788578f91786454454fa3b4c295644edb991ad6caadc70b41d26790d38fc?s=96&d=mm&r=g","url":"https:\/\/secure.gravatar.com\/avatar\/0748788578f91786454454fa3b4c295644edb991ad6caadc70b41d26790d38fc?s=96&d=mm&r=g","contentUrl":"https:\/\/secure.gravatar.com\/avatar\/0748788578f91786454454fa3b4c295644edb991ad6caadc70b41d26790d38fc?s=96&d=mm&r=g","caption":"adsmurai"},"sameAs":["https:\/\/www.monlau.com"],"url":"https:\/\/www.monlau.com\/fp\/author\/adsmurai\/"}]}},"_links":{"self":[{"href":"https:\/\/www.monlau.com\/fp\/wp-json\/wp\/v2\/posts\/5906","targetHints":{"allow":["GET"]}}],"collection":[{"href":"https:\/\/www.monlau.com\/fp\/wp-json\/wp\/v2\/posts"}],"about":[{"href":"https:\/\/www.monlau.com\/fp\/wp-json\/wp\/v2\/types\/post"}],"author":[{"embeddable":true,"href":"https:\/\/www.monlau.com\/fp\/wp-json\/wp\/v2\/users\/1"}],"replies":[{"embeddable":true,"href":"https:\/\/www.monlau.com\/fp\/wp-json\/wp\/v2\/comments?post=5906"}],"version-history":[{"count":1,"href":"https:\/\/www.monlau.com\/fp\/wp-json\/wp\/v2\/posts\/5906\/revisions"}],"predecessor-version":[{"id":6498,"href":"https:\/\/www.monlau.com\/fp\/wp-json\/wp\/v2\/posts\/5906\/revisions\/6498"}],"wp:featuredmedia":[{"embeddable":true,"href":"https:\/\/www.monlau.com\/fp\/wp-json\/wp\/v2\/media\/3289"}],"wp:attachment":[{"href":"https:\/\/www.monlau.com\/fp\/wp-json\/wp\/v2\/media?parent=5906"}],"wp:term":[{"taxonomy":"category","embeddable":true,"href":"https:\/\/www.monlau.com\/fp\/wp-json\/wp\/v2\/categories?post=5906"},{"taxonomy":"post_tag","embeddable":true,"href":"https:\/\/www.monlau.com\/fp\/wp-json\/wp\/v2\/tags?post=5906"}],"curies":[{"name":"wp","href":"https:\/\/api.w.org\/{rel}","templated":true}]}}