{"id":5903,"date":"2019-11-19T00:00:00","date_gmt":"2019-11-18T23:00:00","guid":{"rendered":"https:\/\/www.monlau.com\/formacion-profesional\/una-oferta-integral-en-informatica\/"},"modified":"2026-03-10T10:03:35","modified_gmt":"2026-03-10T09:03:35","slug":"una-oferta-integral-en-informatica","status":"publish","type":"post","link":"https:\/\/www.monlau.com\/fp\/2019\/11\/19\/una-oferta-integral-en-informatica\/","title":{"rendered":"Una oferta integral en inform\u00e1tica, una oferta para toda la vida laboral"},"content":{"rendered":"<p>Desde los inicios en Monlau Centro de Estudios hemos desarrollado una oferta especializada en formaci\u00f3n profesional en el \u00e1rea de inform\u00e1tica con una vocaci\u00f3n claramente innovadora. A lo largo de los a\u00f1os, nos hemos ido adaptando a los distintos cambios curriculares propuestos des de las administraciones p\u00fablicas y hoy estamos ofreciendo, dentro del \u00e1mbito de la formaci\u00f3n reglada dos l\u00edneas de <a href=\"https:\/\/www.monlau.com\/estudis-professionals\/project\/ciclo-formativo-de-grado-medio-en-sistemas-microinformaticos-y-redes-smx\/\">Grado Medio de \u201c<em>Sistemas Microinform\u00e1ticos y Redes (SMX)<\/em>\u201d<\/a>; y dos l\u00edneas de Grado Superior: una en<a href=\"https:\/\/www.monlau.com\/estudis-professionals\/project\/ciclo-formativo-de-grado-superior-en-administracion-de-sistemas-informaticos-y-redes-asix\/\"> \u201c<em>Administraci\u00f3n de Sistemas en Redes (ASIX)<\/em>\u201d<\/a>, y otra de <a href=\"https:\/\/www.monlau.com\/estudis-professionals\/project\/ciclo-formativo-de-grado-superior-en-desarrollo-de-aplicaciones-multiplataforma-dam\/\">\u201c<em>Desarrollo de Aplicaciones Multiplataforma (DAM)<\/em>\u201d<\/a>. Adem\u00e1s, en Grado Superior ofrecemos a nuestro alumnado la posibilidad de lo que llamamos <strong>3&#215;2<\/strong>, es decir: en tres cursos, obtener las <strong>dos titulaciones, ASIX y DAM: un doble perfil muy apreciado (y buscado) hoy en d\u00eda en el mercado laboral inform\u00e1tico.<\/strong><\/p>\n<p>Pero la oferta formativa de Monlau en el \u00e1rea de Inform\u00e1tica no se ci\u00f1e s\u00f3lo a la ense\u00f1anza reglada en formaci\u00f3n profesional. En los \u00faltimos a\u00f1os, estamos viviendo inmersos en una revoluci\u00f3n. <strong>La transformaci\u00f3n digital<\/strong>. Se trata de un proceso de cambios tecnol\u00f3gicos, con la inform\u00e1tica como motor, donde intervienen \u00e1reas tan diversas (pero interrelacionadas), como dispositivos m\u00f3viles, an\u00e1lisis avanzado de datos (<em>big data<\/em>), la nube (<em>cloud<\/em>), Internet de las cosas (<em>IoT<\/em>), rob\u00f3tica, realidad aumentada.<\/p>\n<p>El mercado laboral est\u00e1 demandando, de forma masiva, profesionales en estas \u00e1reas; sin embargo, las limitaciones temporales y curriculares de la ense\u00f1anza reglada nos dificultan mucho la posibilidad de formar adecuadamente a nuestros alumnos en estas nuevas \u00e1reas dentro de los ciclos formativos. Es por ello por lo que <strong>en Monlau estamos afrontando el reto de la formaci\u00f3n continua en Inform\u00e1tica, para completar la capacitaci\u00f3n profesional del alumnado en estas nuevas \u00e1reas que demanda el mercado laboral. <\/strong><\/p>\n<p>Trabajamos en dos l\u00edneas de acci\u00f3n. Por un lado, de manera directa con el alumnado ofreci\u00e9ndoles cursos de especializaci\u00f3n o, por otro, a trav\u00e9s de la formaci\u00f3n <em>in-company<\/em>, es decir, en el marco de la empresa. El \u00e1rea de inform\u00e1tica goza de un alto \u00edndice de inserci\u00f3n laboral, por lo que, en muchas ocasiones, el alumno empieza a trabajar tan pronto que \u00e9s la propia empresa la que lidera su trayectoria formativa.<\/p>\n<p>En este sentido, tenemos la satisfacci\u00f3n de poder decir que Monlau ya es, hoy en d\u00eda, un referente a nivel estatal en la formaci\u00f3n corporativa de <em>cloud<\/em> de Microsoft: Microsoft 365, Sharepoint, etc. Y, con un reto claro: <strong>seguir expandiendo nuestra formaci\u00f3n continua<\/strong> en \u00e9sta y otras l\u00edneas an\u00e1logas.<\/p>\n<h4>Francisco Mart\u00ednez<\/h4>\n<p>Responsable del departamento TIC\u00a0<\/p>\n","protected":false},"excerpt":{"rendered":"<p>Desde los inicios en Monlau Centro de Estudios hemos desarrollado una oferta especializada en formaci\u00f3n profesional en el \u00e1rea de inform\u00e1tica con una vocaci\u00f3n claramente innovadora. A lo largo de los a\u00f1os, nos hemos ido adaptando a los distintos cambios curriculares propuestos des de las administraciones p\u00fablicas y hoy estamos ofreciendo, dentro del \u00e1mbito de [&hellip;]<\/p>\n","protected":false},"author":1,"featured_media":3275,"comment_status":"closed","ping_status":"closed","sticky":false,"template":"","format":"standard","meta":{"footnotes":""},"categories":[38],"tags":[53,54,82,83,84],"class_list":["post-5903","post","type-post","status-publish","format-standard","has-post-thumbnail","hentry","category-informatica","tag-asix","tag-dam","tag-informatica","tag-monlau","tag-smx"],"yoast_head":"<!-- This site is optimized with the Yoast SEO plugin v27.2 - https:\/\/yoast.com\/product\/yoast-seo-wordpress\/ -->\n<title>Una oferta integral en inform\u00e1tica, una oferta para toda la vida laboral - Formaci\u00f3n profesional<\/title>\n<meta name=\"robots\" content=\"index, follow, max-snippet:-1, max-image-preview:large, max-video-preview:-1\" \/>\n<link rel=\"canonical\" href=\"https:\/\/www.monlau.com\/fp\/2019\/11\/19\/una-oferta-integral-en-informatica\/\" \/>\n<meta property=\"og:locale\" content=\"es_ES\" \/>\n<meta property=\"og:type\" content=\"article\" \/>\n<meta property=\"og:title\" content=\"Una oferta integral en inform\u00e1tica, una oferta para toda la vida laboral - Formaci\u00f3n profesional\" \/>\n<meta property=\"og:description\" content=\"Desde los inicios en Monlau Centro de Estudios hemos desarrollado una oferta especializada en formaci\u00f3n profesional en el \u00e1rea de inform\u00e1tica con una vocaci\u00f3n claramente innovadora. A lo largo de los a\u00f1os, nos hemos ido adaptando a los distintos cambios curriculares propuestos des de las administraciones p\u00fablicas y hoy estamos ofreciendo, dentro del \u00e1mbito de [&hellip;]\" \/>\n<meta property=\"og:url\" content=\"https:\/\/www.monlau.com\/fp\/2019\/11\/19\/una-oferta-integral-en-informatica\/\" \/>\n<meta property=\"og:site_name\" content=\"Formaci\u00f3n profesional\" \/>\n<meta property=\"article:published_time\" content=\"2019-11-18T23:00:00+00:00\" \/>\n<meta property=\"article:modified_time\" content=\"2026-03-10T09:03:35+00:00\" \/>\n<meta property=\"og:image\" content=\"https:\/\/www.monlau.com\/app\/uploads\/sites\/3\/2026\/03\/1-scaled.jpg\" \/>\n\t<meta property=\"og:image:width\" content=\"2560\" \/>\n\t<meta property=\"og:image:height\" content=\"1707\" \/>\n\t<meta property=\"og:image:type\" content=\"image\/jpeg\" \/>\n<meta name=\"author\" content=\"adsmurai\" \/>\n<meta name=\"twitter:card\" content=\"summary_large_image\" \/>\n<meta name=\"twitter:label1\" content=\"Escrito por\" \/>\n\t<meta name=\"twitter:data1\" content=\"adsmurai\" \/>\n\t<meta name=\"twitter:label2\" content=\"Tiempo de lectura\" \/>\n\t<meta name=\"twitter:data2\" content=\"2 minutos\" \/>\n<script type=\"application\/ld+json\" class=\"yoast-schema-graph\">{\"@context\":\"https:\/\/schema.org\",\"@graph\":[{\"@type\":\"Article\",\"@id\":\"https:\/\/www.monlau.com\/fp\/2019\/11\/19\/una-oferta-integral-en-informatica\/#article\",\"isPartOf\":{\"@id\":\"https:\/\/www.monlau.com\/fp\/2019\/11\/19\/una-oferta-integral-en-informatica\/\"},\"author\":{\"name\":\"adsmurai\",\"@id\":\"https:\/\/www.monlau.com\/fp\/#\/schema\/person\/419cfdf054323e24e0a2ef1d8597f051\"},\"headline\":\"Una oferta integral en inform\u00e1tica, una oferta para toda la vida laboral\",\"datePublished\":\"2019-11-18T23:00:00+00:00\",\"dateModified\":\"2026-03-10T09:03:35+00:00\",\"mainEntityOfPage\":{\"@id\":\"https:\/\/www.monlau.com\/fp\/2019\/11\/19\/una-oferta-integral-en-informatica\/\"},\"wordCount\":469,\"publisher\":{\"@id\":\"https:\/\/www.monlau.com\/fp\/#organization\"},\"image\":{\"@id\":\"https:\/\/www.monlau.com\/fp\/2019\/11\/19\/una-oferta-integral-en-informatica\/#primaryimage\"},\"thumbnailUrl\":\"https:\/\/www.monlau.com\/app\/uploads\/sites\/3\/2026\/03\/1-scaled.jpg\",\"keywords\":[\"ASIX\",\"DAM\",\"Inform\u00e0tica\",\"Monlau\",\"SMX\"],\"articleSection\":[\"Inform\u00e1tica\"],\"inLanguage\":\"es\"},{\"@type\":\"WebPage\",\"@id\":\"https:\/\/www.monlau.com\/fp\/2019\/11\/19\/una-oferta-integral-en-informatica\/\",\"url\":\"https:\/\/www.monlau.com\/fp\/2019\/11\/19\/una-oferta-integral-en-informatica\/\",\"name\":\"Una oferta integral en inform\u00e1tica, una oferta para toda la vida laboral - Formaci\u00f3n profesional\",\"isPartOf\":{\"@id\":\"https:\/\/www.monlau.com\/fp\/#website\"},\"primaryImageOfPage\":{\"@id\":\"https:\/\/www.monlau.com\/fp\/2019\/11\/19\/una-oferta-integral-en-informatica\/#primaryimage\"},\"image\":{\"@id\":\"https:\/\/www.monlau.com\/fp\/2019\/11\/19\/una-oferta-integral-en-informatica\/#primaryimage\"},\"thumbnailUrl\":\"https:\/\/www.monlau.com\/app\/uploads\/sites\/3\/2026\/03\/1-scaled.jpg\",\"datePublished\":\"2019-11-18T23:00:00+00:00\",\"dateModified\":\"2026-03-10T09:03:35+00:00\",\"breadcrumb\":{\"@id\":\"https:\/\/www.monlau.com\/fp\/2019\/11\/19\/una-oferta-integral-en-informatica\/#breadcrumb\"},\"inLanguage\":\"es\",\"potentialAction\":[{\"@type\":\"ReadAction\",\"target\":[\"https:\/\/www.monlau.com\/fp\/2019\/11\/19\/una-oferta-integral-en-informatica\/\"]}]},{\"@type\":\"ImageObject\",\"inLanguage\":\"es\",\"@id\":\"https:\/\/www.monlau.com\/fp\/2019\/11\/19\/una-oferta-integral-en-informatica\/#primaryimage\",\"url\":\"https:\/\/www.monlau.com\/app\/uploads\/sites\/3\/2026\/03\/1-scaled.jpg\",\"contentUrl\":\"https:\/\/www.monlau.com\/app\/uploads\/sites\/3\/2026\/03\/1-scaled.jpg\",\"width\":2560,\"height\":1707},{\"@type\":\"BreadcrumbList\",\"@id\":\"https:\/\/www.monlau.com\/fp\/2019\/11\/19\/una-oferta-integral-en-informatica\/#breadcrumb\",\"itemListElement\":[{\"@type\":\"ListItem\",\"position\":1,\"name\":\"Portada\",\"item\":\"https:\/\/www.monlau.com\/fp\/\"},{\"@type\":\"ListItem\",\"position\":2,\"name\":\"Una oferta integral en inform\u00e1tica, una oferta para toda la vida laboral\"}]},{\"@type\":\"WebSite\",\"@id\":\"https:\/\/www.monlau.com\/fp\/#website\",\"url\":\"https:\/\/www.monlau.com\/fp\/\",\"name\":\"Formaci\u00f3n profesional\",\"description\":\"Monlau\",\"publisher\":{\"@id\":\"https:\/\/www.monlau.com\/fp\/#organization\"},\"potentialAction\":[{\"@type\":\"SearchAction\",\"target\":{\"@type\":\"EntryPoint\",\"urlTemplate\":\"https:\/\/www.monlau.com\/fp\/?s={search_term_string}\"},\"query-input\":{\"@type\":\"PropertyValueSpecification\",\"valueRequired\":true,\"valueName\":\"search_term_string\"}}],\"inLanguage\":\"es\"},{\"@type\":\"Organization\",\"@id\":\"https:\/\/www.monlau.com\/fp\/#organization\",\"name\":\"Formaci\u00f3n profesional\",\"url\":\"https:\/\/www.monlau.com\/fp\/\",\"logo\":{\"@type\":\"ImageObject\",\"inLanguage\":\"es\",\"@id\":\"https:\/\/www.monlau.com\/fp\/#\/schema\/logo\/image\/\",\"url\":\"https:\/\/www.monlau.com\/app\/uploads\/sites\/3\/2026\/01\/fp.png\",\"contentUrl\":\"https:\/\/www.monlau.com\/app\/uploads\/sites\/3\/2026\/01\/fp.png\",\"width\":1024,\"height\":878,\"caption\":\"Formaci\u00f3n profesional\"},\"image\":{\"@id\":\"https:\/\/www.monlau.com\/fp\/#\/schema\/logo\/image\/\"}},{\"@type\":\"Person\",\"@id\":\"https:\/\/www.monlau.com\/fp\/#\/schema\/person\/419cfdf054323e24e0a2ef1d8597f051\",\"name\":\"adsmurai\",\"image\":{\"@type\":\"ImageObject\",\"inLanguage\":\"es\",\"@id\":\"https:\/\/secure.gravatar.com\/avatar\/0748788578f91786454454fa3b4c295644edb991ad6caadc70b41d26790d38fc?s=96&d=mm&r=g\",\"url\":\"https:\/\/secure.gravatar.com\/avatar\/0748788578f91786454454fa3b4c295644edb991ad6caadc70b41d26790d38fc?s=96&d=mm&r=g\",\"contentUrl\":\"https:\/\/secure.gravatar.com\/avatar\/0748788578f91786454454fa3b4c295644edb991ad6caadc70b41d26790d38fc?s=96&d=mm&r=g\",\"caption\":\"adsmurai\"},\"sameAs\":[\"https:\/\/www.monlau.com\"],\"url\":\"https:\/\/www.monlau.com\/fp\/author\/adsmurai\/\"}]}<\/script>\n<!-- \/ Yoast SEO plugin. -->","yoast_head_json":{"title":"Una oferta integral en inform\u00e1tica, una oferta para toda la vida laboral - Formaci\u00f3n profesional","robots":{"index":"index","follow":"follow","max-snippet":"max-snippet:-1","max-image-preview":"max-image-preview:large","max-video-preview":"max-video-preview:-1"},"canonical":"https:\/\/www.monlau.com\/fp\/2019\/11\/19\/una-oferta-integral-en-informatica\/","og_locale":"es_ES","og_type":"article","og_title":"Una oferta integral en inform\u00e1tica, una oferta para toda la vida laboral - Formaci\u00f3n profesional","og_description":"Desde los inicios en Monlau Centro de Estudios hemos desarrollado una oferta especializada en formaci\u00f3n profesional en el \u00e1rea de inform\u00e1tica con una vocaci\u00f3n claramente innovadora. A lo largo de los a\u00f1os, nos hemos ido adaptando a los distintos cambios curriculares propuestos des de las administraciones p\u00fablicas y hoy estamos ofreciendo, dentro del \u00e1mbito de [&hellip;]","og_url":"https:\/\/www.monlau.com\/fp\/2019\/11\/19\/una-oferta-integral-en-informatica\/","og_site_name":"Formaci\u00f3n profesional","article_published_time":"2019-11-18T23:00:00+00:00","article_modified_time":"2026-03-10T09:03:35+00:00","og_image":[{"width":2560,"height":1707,"url":"https:\/\/www.monlau.com\/app\/uploads\/sites\/3\/2026\/03\/1-scaled.jpg","type":"image\/jpeg"}],"author":"adsmurai","twitter_card":"summary_large_image","twitter_misc":{"Escrito por":"adsmurai","Tiempo de lectura":"2 minutos"},"schema":{"@context":"https:\/\/schema.org","@graph":[{"@type":"Article","@id":"https:\/\/www.monlau.com\/fp\/2019\/11\/19\/una-oferta-integral-en-informatica\/#article","isPartOf":{"@id":"https:\/\/www.monlau.com\/fp\/2019\/11\/19\/una-oferta-integral-en-informatica\/"},"author":{"name":"adsmurai","@id":"https:\/\/www.monlau.com\/fp\/#\/schema\/person\/419cfdf054323e24e0a2ef1d8597f051"},"headline":"Una oferta integral en inform\u00e1tica, una oferta para toda la vida laboral","datePublished":"2019-11-18T23:00:00+00:00","dateModified":"2026-03-10T09:03:35+00:00","mainEntityOfPage":{"@id":"https:\/\/www.monlau.com\/fp\/2019\/11\/19\/una-oferta-integral-en-informatica\/"},"wordCount":469,"publisher":{"@id":"https:\/\/www.monlau.com\/fp\/#organization"},"image":{"@id":"https:\/\/www.monlau.com\/fp\/2019\/11\/19\/una-oferta-integral-en-informatica\/#primaryimage"},"thumbnailUrl":"https:\/\/www.monlau.com\/app\/uploads\/sites\/3\/2026\/03\/1-scaled.jpg","keywords":["ASIX","DAM","Inform\u00e0tica","Monlau","SMX"],"articleSection":["Inform\u00e1tica"],"inLanguage":"es"},{"@type":"WebPage","@id":"https:\/\/www.monlau.com\/fp\/2019\/11\/19\/una-oferta-integral-en-informatica\/","url":"https:\/\/www.monlau.com\/fp\/2019\/11\/19\/una-oferta-integral-en-informatica\/","name":"Una oferta integral en inform\u00e1tica, una oferta para toda la vida laboral - Formaci\u00f3n profesional","isPartOf":{"@id":"https:\/\/www.monlau.com\/fp\/#website"},"primaryImageOfPage":{"@id":"https:\/\/www.monlau.com\/fp\/2019\/11\/19\/una-oferta-integral-en-informatica\/#primaryimage"},"image":{"@id":"https:\/\/www.monlau.com\/fp\/2019\/11\/19\/una-oferta-integral-en-informatica\/#primaryimage"},"thumbnailUrl":"https:\/\/www.monlau.com\/app\/uploads\/sites\/3\/2026\/03\/1-scaled.jpg","datePublished":"2019-11-18T23:00:00+00:00","dateModified":"2026-03-10T09:03:35+00:00","breadcrumb":{"@id":"https:\/\/www.monlau.com\/fp\/2019\/11\/19\/una-oferta-integral-en-informatica\/#breadcrumb"},"inLanguage":"es","potentialAction":[{"@type":"ReadAction","target":["https:\/\/www.monlau.com\/fp\/2019\/11\/19\/una-oferta-integral-en-informatica\/"]}]},{"@type":"ImageObject","inLanguage":"es","@id":"https:\/\/www.monlau.com\/fp\/2019\/11\/19\/una-oferta-integral-en-informatica\/#primaryimage","url":"https:\/\/www.monlau.com\/app\/uploads\/sites\/3\/2026\/03\/1-scaled.jpg","contentUrl":"https:\/\/www.monlau.com\/app\/uploads\/sites\/3\/2026\/03\/1-scaled.jpg","width":2560,"height":1707},{"@type":"BreadcrumbList","@id":"https:\/\/www.monlau.com\/fp\/2019\/11\/19\/una-oferta-integral-en-informatica\/#breadcrumb","itemListElement":[{"@type":"ListItem","position":1,"name":"Portada","item":"https:\/\/www.monlau.com\/fp\/"},{"@type":"ListItem","position":2,"name":"Una oferta integral en inform\u00e1tica, una oferta para toda la vida laboral"}]},{"@type":"WebSite","@id":"https:\/\/www.monlau.com\/fp\/#website","url":"https:\/\/www.monlau.com\/fp\/","name":"Formaci\u00f3n profesional","description":"Monlau","publisher":{"@id":"https:\/\/www.monlau.com\/fp\/#organization"},"potentialAction":[{"@type":"SearchAction","target":{"@type":"EntryPoint","urlTemplate":"https:\/\/www.monlau.com\/fp\/?s={search_term_string}"},"query-input":{"@type":"PropertyValueSpecification","valueRequired":true,"valueName":"search_term_string"}}],"inLanguage":"es"},{"@type":"Organization","@id":"https:\/\/www.monlau.com\/fp\/#organization","name":"Formaci\u00f3n profesional","url":"https:\/\/www.monlau.com\/fp\/","logo":{"@type":"ImageObject","inLanguage":"es","@id":"https:\/\/www.monlau.com\/fp\/#\/schema\/logo\/image\/","url":"https:\/\/www.monlau.com\/app\/uploads\/sites\/3\/2026\/01\/fp.png","contentUrl":"https:\/\/www.monlau.com\/app\/uploads\/sites\/3\/2026\/01\/fp.png","width":1024,"height":878,"caption":"Formaci\u00f3n profesional"},"image":{"@id":"https:\/\/www.monlau.com\/fp\/#\/schema\/logo\/image\/"}},{"@type":"Person","@id":"https:\/\/www.monlau.com\/fp\/#\/schema\/person\/419cfdf054323e24e0a2ef1d8597f051","name":"adsmurai","image":{"@type":"ImageObject","inLanguage":"es","@id":"https:\/\/secure.gravatar.com\/avatar\/0748788578f91786454454fa3b4c295644edb991ad6caadc70b41d26790d38fc?s=96&d=mm&r=g","url":"https:\/\/secure.gravatar.com\/avatar\/0748788578f91786454454fa3b4c295644edb991ad6caadc70b41d26790d38fc?s=96&d=mm&r=g","contentUrl":"https:\/\/secure.gravatar.com\/avatar\/0748788578f91786454454fa3b4c295644edb991ad6caadc70b41d26790d38fc?s=96&d=mm&r=g","caption":"adsmurai"},"sameAs":["https:\/\/www.monlau.com"],"url":"https:\/\/www.monlau.com\/fp\/author\/adsmurai\/"}]}},"_links":{"self":[{"href":"https:\/\/www.monlau.com\/fp\/wp-json\/wp\/v2\/posts\/5903","targetHints":{"allow":["GET"]}}],"collection":[{"href":"https:\/\/www.monlau.com\/fp\/wp-json\/wp\/v2\/posts"}],"about":[{"href":"https:\/\/www.monlau.com\/fp\/wp-json\/wp\/v2\/types\/post"}],"author":[{"embeddable":true,"href":"https:\/\/www.monlau.com\/fp\/wp-json\/wp\/v2\/users\/1"}],"replies":[{"embeddable":true,"href":"https:\/\/www.monlau.com\/fp\/wp-json\/wp\/v2\/comments?post=5903"}],"version-history":[{"count":1,"href":"https:\/\/www.monlau.com\/fp\/wp-json\/wp\/v2\/posts\/5903\/revisions"}],"predecessor-version":[{"id":6502,"href":"https:\/\/www.monlau.com\/fp\/wp-json\/wp\/v2\/posts\/5903\/revisions\/6502"}],"wp:featuredmedia":[{"embeddable":true,"href":"https:\/\/www.monlau.com\/fp\/wp-json\/wp\/v2\/media\/3275"}],"wp:attachment":[{"href":"https:\/\/www.monlau.com\/fp\/wp-json\/wp\/v2\/media?parent=5903"}],"wp:term":[{"taxonomy":"category","embeddable":true,"href":"https:\/\/www.monlau.com\/fp\/wp-json\/wp\/v2\/categories?post=5903"},{"taxonomy":"post_tag","embeddable":true,"href":"https:\/\/www.monlau.com\/fp\/wp-json\/wp\/v2\/tags?post=5903"}],"curies":[{"name":"wp","href":"https:\/\/api.w.org\/{rel}","templated":true}]}}