{"id":5901,"date":"2019-10-07T00:00:00","date_gmt":"2019-10-06T22:00:00","guid":{"rendered":"https:\/\/www.monlau.com\/formacion-profesional\/los-alumnos-de-marketing-y-publicidad-triunfan-en-la-ultima-edicion-del-ifest\/"},"modified":"2019-10-07T00:00:00","modified_gmt":"2019-10-06T22:00:00","slug":"los-alumnos-de-marketing-y-publicidad-triunfan-en-la-ultima-edicion-del-ifest","status":"publish","type":"post","link":"https:\/\/www.monlau.com\/fp\/2019\/10\/07\/los-alumnos-de-marketing-y-publicidad-triunfan-en-la-ultima-edicion-del-ifest\/","title":{"rendered":"Los alumnos de Marketing y Publicidad triunfan en la \u00faltima edici\u00f3n del iFest"},"content":{"rendered":"<p>El curso pasado, como cada a\u00f1o, los alumnos de primero del ciclo formativo de <a href=\"https:\/\/www.monlau.com\/estudis-professionals\/project\/ciclo-formativo-de-grado-superior-de-marketing-y-publicidad\/\">Marketing y Publicidad<\/a> participaron en el <a href=\"http:\/\/ifest.cat\/\">iFest<\/a> acompa\u00f1ados de los profesores del ciclo.<\/p>\n<p>El iFest es la fiesta de la innovaci\u00f3n y la emprendedur\u00eda que organiza <a href=\"http:\/\/catempren.gencat.cat\/ca\/inici\">Catalunya Empr\u00e8n<\/a> y que va dirigido a los j\u00f3venes de diferentes centros de estudios de Catalunya, que quieren poner en valor su talento.<\/p>\n<p>La edici\u00f3n pasada se plante\u00f3 en dos eventos:<\/p>\n<ul>\n<li><strong>iFest Countdown<\/strong>: consist\u00eda en doce actividades alrededor de un reto que proponen diferentes sponsors como Atr\u00e1palo, Canon, Vodafone, Penguin Random House&#8230; De todos estos retos cada equipo ten\u00eda que elegir uno y trabajar estas doce actividades hasta llegar a la actividad uno, donde tuvieron que entregar un v\u00eddeo donde se explicara de manera creativa la propuesta de soluci\u00f3n de este reto.<\/li>\n<li><strong>iFest Zero<\/strong>: El 18 de junio tuvo lugar en la Feria de Barcelona el iFest Zero, un congreso donde los j\u00f3venes pudieron acercarse a las tecnolog\u00edas exponenciales, la disrupci\u00f3n y la ciencia.<\/li>\n<\/ul>\n<p>El elemento central del iFest Zero fue el <strong>DEMO DAY<\/strong>, donde los equipos seleccionados del iFest Countdown participaron presentando sus proyectos. Si consegu\u00edas pasar las diferentes fases pre eliminatorias, pod\u00edas llegar a la gran final donde ser\u00eda elegido el equipo ganador del viaje a SILICON VALLEY.<\/p>\n<h2>\u00bfCon que grupos particip\u00f3 Monlau?<\/h2>\n<p>Monlau particip\u00f3 con 12 equipos:<\/p>\n<ul>\n<li><strong>WORKTIME<\/strong> &#8211; RETO AUTOMOCI\u00d3N &#8211; VOLKSWAGEN (Alumnos de 2\u00ba de DAM)<\/li>\n<li><strong>CALEX<\/strong> &#8211; RETO AGUA &#8211; AGUAS DE BARCELONA<\/li>\n<li><strong>EZREAD<\/strong> &#8211; RETO CULTURA &#8211; PENGUIN RANDOM HOUSE<\/li>\n<li><strong>KELEM<\/strong> -RETO VALOR DEL TIEMPO \u2013 ATR\u00c1PALO<\/li>\n<li><strong>THE POINT<\/strong> &#8211; RETO VALOR DEL TIEMPO \u2013 ATR\u00c1PALO<\/li>\n<li><strong>THE GOONIES<\/strong> -RETO DIVERSIDAD &#8211; MOBILE WORLD CAPITAL<\/li>\n<li><strong>LEARNSHARED<\/strong> &#8211; RETO EDUCACI\u00d3N \u2013 VODAFONE<\/li>\n<li><strong>INTUOS<\/strong> &#8211; RETO VALOR DEL TIEMPO \u2013 ATR\u00c1PALO<\/li>\n<li><strong>HAND TIME<\/strong> -RETO VALOR DEL TIEMPO \u2013 ATR\u00c1PALO<\/li>\n<li><strong>PRYSMA<\/strong> &#8211; RETO VALOR DEL TIEMPO \u2013 ATR\u00c1PALO<\/li>\n<li><strong>KUSAKA<\/strong> &#8211; RETO JARDINER\u00cdA &#8211; GREMIO DE JARDINER\u00cdA DE CATALUNYA<\/li>\n<li><strong>THE BEYOND <\/strong>&#8211; RETO EMPRESA &#8211; CANON<\/li>\n<\/ul>\n<p>Durante el curso los alumnos asistieron a diferentes conferencias y talleres organizados por el iFest para apoyar a los equipos, incluso una de estas actividades la acogimos en nuestra sala de actos. Todas estuvieron muy interesantes.<\/p>\n<p>Durante la primera parte del curso trabajaron la innovaci\u00f3n desde el m\u00f3dulo de gesti\u00f3n econ\u00f3mica y financiera; m\u00e1s tarde se incorporaron los profesores de Pol\u00edticas de Marketing para apoyar el apartado de empat\u00eda y experiencia de cliente; y en la recta final se incorpor\u00f3 Marketing digital y Elaboraci\u00f3n de contenidos para la parte m\u00e1s creativa y visual, la entrega del v\u00eddeo.<\/p>\n<h2>Los premios de Monlau en el iFest<\/h2>\n<p>El 26 de abril se entreg\u00f3 el resultado de todo este proceso, del iFest Countdown, donde cinco de nuestros equipos participantes consiguieron llevarse premios:<\/p>\n<ul>\n<li>Primer premio del reto automoci\u00f3n (Volkswagen) para <strong>WorkTime<\/strong>.<\/li>\n<li>Primer premio del reto valor del tiempo (Atr\u00e1palo) para <strong>The Point.<\/strong><\/li>\n<li>Segundo premio del reto valor del tiempo (Atr\u00e1palo) para <strong>Intuos<\/strong>.<\/li>\n<li>Primer premio del reto empresa (Canon) para <strong>The Beyond<\/strong>.<\/li>\n<li>Premio al mejor v\u00eddeo para <strong>Step<\/strong>.<\/li>\n<\/ul>\n<p>Pero no s\u00f3lo los alumnos consiguieron premios, sino que nuestra escuela gan\u00f3 el premio como centro todo terreno, ya que fue el centro que aport\u00f3 m\u00e1s participantes a este maravilloso y educativo evento.<\/p>\n<p>Adem\u00e1s, a ra\u00edz de la participaci\u00f3n en el iFest, <strong>nuestra profesora Alba Ferrer, que gan\u00f3 el premio a la mejor <em>shaker<\/em> del evento, ha sido seleccionada por Catalunya Empr\u00e8n como una de las formadoras que ha viajado a Boston para conocer proyectos innovadores aplicados a la ense\u00f1anza.<\/strong> Actualmente, se encuentra en Estados Unidos disfrutando y aprendiendo de estas jornadas internacionales.<\/p>\n<p><img fetchpriority=\"high\" decoding=\"async\" class=\"alignnone size-full wp-image-5657\" src=\"https:\/\/www.monlau.com\/estudis-professionals\/wp-content\/uploads\/sites\/3\/2019\/10\/20191004_101622000_iOS.jpg\" alt=\"\" width=\"1600\" height=\"1200\" \/><\/p>\n","protected":false},"excerpt":{"rendered":"<p>El curso pasado, como cada a\u00f1o, los alumnos de primero del ciclo formativo de Marketing y Publicidad participaron en el iFest acompa\u00f1ados de los profesores del ciclo. El iFest es la fiesta de la innovaci\u00f3n y la emprendedur\u00eda que organiza Catalunya Empr\u00e8n y que va dirigido a los j\u00f3venes de diferentes centros de estudios de [&hellip;]<\/p>\n","protected":false},"author":1,"featured_media":3267,"comment_status":"closed","ping_status":"closed","sticky":false,"template":"","format":"standard","meta":{"footnotes":""},"categories":[32],"tags":[73,74,75,76,77,78,79,80],"class_list":["post-5901","post","type-post","status-publish","format-standard","has-post-thumbnail","hentry","category-empresa-y-marketing","tag-boston","tag-catalunya-empren","tag-demo-day","tag-empreneduria","tag-estats-units","tag-ifest","tag-ifest-countdown","tag-ifest-zero"],"yoast_head":"<!-- This site is optimized with the Yoast SEO plugin v27.2 - https:\/\/yoast.com\/product\/yoast-seo-wordpress\/ -->\n<title>Los alumnos de Marketing y Publicidad triunfan en la \u00faltima edici\u00f3n del iFest - Formaci\u00f3n profesional<\/title>\n<meta name=\"robots\" content=\"index, follow, max-snippet:-1, max-image-preview:large, max-video-preview:-1\" \/>\n<link rel=\"canonical\" href=\"https:\/\/www.monlau.com\/fp\/2019\/10\/07\/los-alumnos-de-marketing-y-publicidad-triunfan-en-la-ultima-edicion-del-ifest\/\" \/>\n<meta property=\"og:locale\" content=\"es_ES\" \/>\n<meta property=\"og:type\" content=\"article\" \/>\n<meta property=\"og:title\" content=\"Los alumnos de Marketing y Publicidad triunfan en la \u00faltima edici\u00f3n del iFest - Formaci\u00f3n profesional\" \/>\n<meta property=\"og:description\" content=\"El curso pasado, como cada a\u00f1o, los alumnos de primero del ciclo formativo de Marketing y Publicidad participaron en el iFest acompa\u00f1ados de los profesores del ciclo. El iFest es la fiesta de la innovaci\u00f3n y la emprendedur\u00eda que organiza Catalunya Empr\u00e8n y que va dirigido a los j\u00f3venes de diferentes centros de estudios de [&hellip;]\" \/>\n<meta property=\"og:url\" content=\"https:\/\/www.monlau.com\/fp\/2019\/10\/07\/los-alumnos-de-marketing-y-publicidad-triunfan-en-la-ultima-edicion-del-ifest\/\" \/>\n<meta property=\"og:site_name\" content=\"Formaci\u00f3n profesional\" \/>\n<meta property=\"article:published_time\" content=\"2019-10-06T22:00:00+00:00\" \/>\n<meta property=\"og:image\" content=\"https:\/\/www.monlau.com\/app\/uploads\/sites\/3\/2026\/03\/WhatsApp-Image-2019-06-19-at-10.37.13.jpeg\" \/>\n\t<meta property=\"og:image:width\" content=\"1600\" \/>\n\t<meta property=\"og:image:height\" content=\"1200\" \/>\n\t<meta property=\"og:image:type\" content=\"image\/jpeg\" \/>\n<meta name=\"author\" content=\"adsmurai\" \/>\n<meta name=\"twitter:card\" content=\"summary_large_image\" \/>\n<meta name=\"twitter:label1\" content=\"Escrito por\" \/>\n\t<meta name=\"twitter:data1\" content=\"adsmurai\" \/>\n\t<meta name=\"twitter:label2\" content=\"Tiempo de lectura\" \/>\n\t<meta name=\"twitter:data2\" content=\"3 minutos\" \/>\n<script type=\"application\/ld+json\" class=\"yoast-schema-graph\">{\"@context\":\"https:\/\/schema.org\",\"@graph\":[{\"@type\":\"Article\",\"@id\":\"https:\/\/www.monlau.com\/fp\/2019\/10\/07\/los-alumnos-de-marketing-y-publicidad-triunfan-en-la-ultima-edicion-del-ifest\/#article\",\"isPartOf\":{\"@id\":\"https:\/\/www.monlau.com\/fp\/2019\/10\/07\/los-alumnos-de-marketing-y-publicidad-triunfan-en-la-ultima-edicion-del-ifest\/\"},\"author\":{\"name\":\"adsmurai\",\"@id\":\"https:\/\/www.monlau.com\/fp\/#\/schema\/person\/419cfdf054323e24e0a2ef1d8597f051\"},\"headline\":\"Los alumnos de Marketing y Publicidad triunfan en la \u00faltima edici\u00f3n del iFest\",\"datePublished\":\"2019-10-06T22:00:00+00:00\",\"mainEntityOfPage\":{\"@id\":\"https:\/\/www.monlau.com\/fp\/2019\/10\/07\/los-alumnos-de-marketing-y-publicidad-triunfan-en-la-ultima-edicion-del-ifest\/\"},\"wordCount\":635,\"publisher\":{\"@id\":\"https:\/\/www.monlau.com\/fp\/#organization\"},\"image\":{\"@id\":\"https:\/\/www.monlau.com\/fp\/2019\/10\/07\/los-alumnos-de-marketing-y-publicidad-triunfan-en-la-ultima-edicion-del-ifest\/#primaryimage\"},\"thumbnailUrl\":\"https:\/\/www.monlau.com\/app\/uploads\/sites\/3\/2026\/03\/WhatsApp-Image-2019-06-19-at-10.37.13.jpeg\",\"keywords\":[\"Boston\",\"Catalunya Empr\u00e9n\",\"Demo day\",\"Empreneduria\",\"Estats Units\",\"iFest\",\"iFest Countdown\",\"iFest Zero\"],\"articleSection\":[\"Empresa y Marketing\"],\"inLanguage\":\"es\"},{\"@type\":\"WebPage\",\"@id\":\"https:\/\/www.monlau.com\/fp\/2019\/10\/07\/los-alumnos-de-marketing-y-publicidad-triunfan-en-la-ultima-edicion-del-ifest\/\",\"url\":\"https:\/\/www.monlau.com\/fp\/2019\/10\/07\/los-alumnos-de-marketing-y-publicidad-triunfan-en-la-ultima-edicion-del-ifest\/\",\"name\":\"Los alumnos de Marketing y Publicidad triunfan en la \u00faltima edici\u00f3n del iFest - Formaci\u00f3n profesional\",\"isPartOf\":{\"@id\":\"https:\/\/www.monlau.com\/fp\/#website\"},\"primaryImageOfPage\":{\"@id\":\"https:\/\/www.monlau.com\/fp\/2019\/10\/07\/los-alumnos-de-marketing-y-publicidad-triunfan-en-la-ultima-edicion-del-ifest\/#primaryimage\"},\"image\":{\"@id\":\"https:\/\/www.monlau.com\/fp\/2019\/10\/07\/los-alumnos-de-marketing-y-publicidad-triunfan-en-la-ultima-edicion-del-ifest\/#primaryimage\"},\"thumbnailUrl\":\"https:\/\/www.monlau.com\/app\/uploads\/sites\/3\/2026\/03\/WhatsApp-Image-2019-06-19-at-10.37.13.jpeg\",\"datePublished\":\"2019-10-06T22:00:00+00:00\",\"breadcrumb\":{\"@id\":\"https:\/\/www.monlau.com\/fp\/2019\/10\/07\/los-alumnos-de-marketing-y-publicidad-triunfan-en-la-ultima-edicion-del-ifest\/#breadcrumb\"},\"inLanguage\":\"es\",\"potentialAction\":[{\"@type\":\"ReadAction\",\"target\":[\"https:\/\/www.monlau.com\/fp\/2019\/10\/07\/los-alumnos-de-marketing-y-publicidad-triunfan-en-la-ultima-edicion-del-ifest\/\"]}]},{\"@type\":\"ImageObject\",\"inLanguage\":\"es\",\"@id\":\"https:\/\/www.monlau.com\/fp\/2019\/10\/07\/los-alumnos-de-marketing-y-publicidad-triunfan-en-la-ultima-edicion-del-ifest\/#primaryimage\",\"url\":\"https:\/\/www.monlau.com\/app\/uploads\/sites\/3\/2026\/03\/WhatsApp-Image-2019-06-19-at-10.37.13.jpeg\",\"contentUrl\":\"https:\/\/www.monlau.com\/app\/uploads\/sites\/3\/2026\/03\/WhatsApp-Image-2019-06-19-at-10.37.13.jpeg\",\"width\":1600,\"height\":1200},{\"@type\":\"BreadcrumbList\",\"@id\":\"https:\/\/www.monlau.com\/fp\/2019\/10\/07\/los-alumnos-de-marketing-y-publicidad-triunfan-en-la-ultima-edicion-del-ifest\/#breadcrumb\",\"itemListElement\":[{\"@type\":\"ListItem\",\"position\":1,\"name\":\"Portada\",\"item\":\"https:\/\/www.monlau.com\/fp\/\"},{\"@type\":\"ListItem\",\"position\":2,\"name\":\"Los alumnos de Marketing y Publicidad triunfan en la \u00faltima edici\u00f3n del iFest\"}]},{\"@type\":\"WebSite\",\"@id\":\"https:\/\/www.monlau.com\/fp\/#website\",\"url\":\"https:\/\/www.monlau.com\/fp\/\",\"name\":\"Formaci\u00f3n profesional\",\"description\":\"Monlau\",\"publisher\":{\"@id\":\"https:\/\/www.monlau.com\/fp\/#organization\"},\"potentialAction\":[{\"@type\":\"SearchAction\",\"target\":{\"@type\":\"EntryPoint\",\"urlTemplate\":\"https:\/\/www.monlau.com\/fp\/?s={search_term_string}\"},\"query-input\":{\"@type\":\"PropertyValueSpecification\",\"valueRequired\":true,\"valueName\":\"search_term_string\"}}],\"inLanguage\":\"es\"},{\"@type\":\"Organization\",\"@id\":\"https:\/\/www.monlau.com\/fp\/#organization\",\"name\":\"Formaci\u00f3n profesional\",\"url\":\"https:\/\/www.monlau.com\/fp\/\",\"logo\":{\"@type\":\"ImageObject\",\"inLanguage\":\"es\",\"@id\":\"https:\/\/www.monlau.com\/fp\/#\/schema\/logo\/image\/\",\"url\":\"https:\/\/www.monlau.com\/app\/uploads\/sites\/3\/2026\/01\/fp.png\",\"contentUrl\":\"https:\/\/www.monlau.com\/app\/uploads\/sites\/3\/2026\/01\/fp.png\",\"width\":1024,\"height\":878,\"caption\":\"Formaci\u00f3n profesional\"},\"image\":{\"@id\":\"https:\/\/www.monlau.com\/fp\/#\/schema\/logo\/image\/\"}},{\"@type\":\"Person\",\"@id\":\"https:\/\/www.monlau.com\/fp\/#\/schema\/person\/419cfdf054323e24e0a2ef1d8597f051\",\"name\":\"adsmurai\",\"image\":{\"@type\":\"ImageObject\",\"inLanguage\":\"es\",\"@id\":\"https:\/\/secure.gravatar.com\/avatar\/0748788578f91786454454fa3b4c295644edb991ad6caadc70b41d26790d38fc?s=96&d=mm&r=g\",\"url\":\"https:\/\/secure.gravatar.com\/avatar\/0748788578f91786454454fa3b4c295644edb991ad6caadc70b41d26790d38fc?s=96&d=mm&r=g\",\"contentUrl\":\"https:\/\/secure.gravatar.com\/avatar\/0748788578f91786454454fa3b4c295644edb991ad6caadc70b41d26790d38fc?s=96&d=mm&r=g\",\"caption\":\"adsmurai\"},\"sameAs\":[\"https:\/\/www.monlau.com\"],\"url\":\"https:\/\/www.monlau.com\/fp\/author\/adsmurai\/\"}]}<\/script>\n<!-- \/ Yoast SEO plugin. -->","yoast_head_json":{"title":"Los alumnos de Marketing y Publicidad triunfan en la \u00faltima edici\u00f3n del iFest - Formaci\u00f3n profesional","robots":{"index":"index","follow":"follow","max-snippet":"max-snippet:-1","max-image-preview":"max-image-preview:large","max-video-preview":"max-video-preview:-1"},"canonical":"https:\/\/www.monlau.com\/fp\/2019\/10\/07\/los-alumnos-de-marketing-y-publicidad-triunfan-en-la-ultima-edicion-del-ifest\/","og_locale":"es_ES","og_type":"article","og_title":"Los alumnos de Marketing y Publicidad triunfan en la \u00faltima edici\u00f3n del iFest - Formaci\u00f3n profesional","og_description":"El curso pasado, como cada a\u00f1o, los alumnos de primero del ciclo formativo de Marketing y Publicidad participaron en el iFest acompa\u00f1ados de los profesores del ciclo. El iFest es la fiesta de la innovaci\u00f3n y la emprendedur\u00eda que organiza Catalunya Empr\u00e8n y que va dirigido a los j\u00f3venes de diferentes centros de estudios de [&hellip;]","og_url":"https:\/\/www.monlau.com\/fp\/2019\/10\/07\/los-alumnos-de-marketing-y-publicidad-triunfan-en-la-ultima-edicion-del-ifest\/","og_site_name":"Formaci\u00f3n profesional","article_published_time":"2019-10-06T22:00:00+00:00","og_image":[{"width":1600,"height":1200,"url":"https:\/\/www.monlau.com\/app\/uploads\/sites\/3\/2026\/03\/WhatsApp-Image-2019-06-19-at-10.37.13.jpeg","type":"image\/jpeg"}],"author":"adsmurai","twitter_card":"summary_large_image","twitter_misc":{"Escrito por":"adsmurai","Tiempo de lectura":"3 minutos"},"schema":{"@context":"https:\/\/schema.org","@graph":[{"@type":"Article","@id":"https:\/\/www.monlau.com\/fp\/2019\/10\/07\/los-alumnos-de-marketing-y-publicidad-triunfan-en-la-ultima-edicion-del-ifest\/#article","isPartOf":{"@id":"https:\/\/www.monlau.com\/fp\/2019\/10\/07\/los-alumnos-de-marketing-y-publicidad-triunfan-en-la-ultima-edicion-del-ifest\/"},"author":{"name":"adsmurai","@id":"https:\/\/www.monlau.com\/fp\/#\/schema\/person\/419cfdf054323e24e0a2ef1d8597f051"},"headline":"Los alumnos de Marketing y Publicidad triunfan en la \u00faltima edici\u00f3n del iFest","datePublished":"2019-10-06T22:00:00+00:00","mainEntityOfPage":{"@id":"https:\/\/www.monlau.com\/fp\/2019\/10\/07\/los-alumnos-de-marketing-y-publicidad-triunfan-en-la-ultima-edicion-del-ifest\/"},"wordCount":635,"publisher":{"@id":"https:\/\/www.monlau.com\/fp\/#organization"},"image":{"@id":"https:\/\/www.monlau.com\/fp\/2019\/10\/07\/los-alumnos-de-marketing-y-publicidad-triunfan-en-la-ultima-edicion-del-ifest\/#primaryimage"},"thumbnailUrl":"https:\/\/www.monlau.com\/app\/uploads\/sites\/3\/2026\/03\/WhatsApp-Image-2019-06-19-at-10.37.13.jpeg","keywords":["Boston","Catalunya Empr\u00e9n","Demo day","Empreneduria","Estats Units","iFest","iFest Countdown","iFest Zero"],"articleSection":["Empresa y Marketing"],"inLanguage":"es"},{"@type":"WebPage","@id":"https:\/\/www.monlau.com\/fp\/2019\/10\/07\/los-alumnos-de-marketing-y-publicidad-triunfan-en-la-ultima-edicion-del-ifest\/","url":"https:\/\/www.monlau.com\/fp\/2019\/10\/07\/los-alumnos-de-marketing-y-publicidad-triunfan-en-la-ultima-edicion-del-ifest\/","name":"Los alumnos de Marketing y Publicidad triunfan en la \u00faltima edici\u00f3n del iFest - Formaci\u00f3n profesional","isPartOf":{"@id":"https:\/\/www.monlau.com\/fp\/#website"},"primaryImageOfPage":{"@id":"https:\/\/www.monlau.com\/fp\/2019\/10\/07\/los-alumnos-de-marketing-y-publicidad-triunfan-en-la-ultima-edicion-del-ifest\/#primaryimage"},"image":{"@id":"https:\/\/www.monlau.com\/fp\/2019\/10\/07\/los-alumnos-de-marketing-y-publicidad-triunfan-en-la-ultima-edicion-del-ifest\/#primaryimage"},"thumbnailUrl":"https:\/\/www.monlau.com\/app\/uploads\/sites\/3\/2026\/03\/WhatsApp-Image-2019-06-19-at-10.37.13.jpeg","datePublished":"2019-10-06T22:00:00+00:00","breadcrumb":{"@id":"https:\/\/www.monlau.com\/fp\/2019\/10\/07\/los-alumnos-de-marketing-y-publicidad-triunfan-en-la-ultima-edicion-del-ifest\/#breadcrumb"},"inLanguage":"es","potentialAction":[{"@type":"ReadAction","target":["https:\/\/www.monlau.com\/fp\/2019\/10\/07\/los-alumnos-de-marketing-y-publicidad-triunfan-en-la-ultima-edicion-del-ifest\/"]}]},{"@type":"ImageObject","inLanguage":"es","@id":"https:\/\/www.monlau.com\/fp\/2019\/10\/07\/los-alumnos-de-marketing-y-publicidad-triunfan-en-la-ultima-edicion-del-ifest\/#primaryimage","url":"https:\/\/www.monlau.com\/app\/uploads\/sites\/3\/2026\/03\/WhatsApp-Image-2019-06-19-at-10.37.13.jpeg","contentUrl":"https:\/\/www.monlau.com\/app\/uploads\/sites\/3\/2026\/03\/WhatsApp-Image-2019-06-19-at-10.37.13.jpeg","width":1600,"height":1200},{"@type":"BreadcrumbList","@id":"https:\/\/www.monlau.com\/fp\/2019\/10\/07\/los-alumnos-de-marketing-y-publicidad-triunfan-en-la-ultima-edicion-del-ifest\/#breadcrumb","itemListElement":[{"@type":"ListItem","position":1,"name":"Portada","item":"https:\/\/www.monlau.com\/fp\/"},{"@type":"ListItem","position":2,"name":"Los alumnos de Marketing y Publicidad triunfan en la \u00faltima edici\u00f3n del iFest"}]},{"@type":"WebSite","@id":"https:\/\/www.monlau.com\/fp\/#website","url":"https:\/\/www.monlau.com\/fp\/","name":"Formaci\u00f3n profesional","description":"Monlau","publisher":{"@id":"https:\/\/www.monlau.com\/fp\/#organization"},"potentialAction":[{"@type":"SearchAction","target":{"@type":"EntryPoint","urlTemplate":"https:\/\/www.monlau.com\/fp\/?s={search_term_string}"},"query-input":{"@type":"PropertyValueSpecification","valueRequired":true,"valueName":"search_term_string"}}],"inLanguage":"es"},{"@type":"Organization","@id":"https:\/\/www.monlau.com\/fp\/#organization","name":"Formaci\u00f3n profesional","url":"https:\/\/www.monlau.com\/fp\/","logo":{"@type":"ImageObject","inLanguage":"es","@id":"https:\/\/www.monlau.com\/fp\/#\/schema\/logo\/image\/","url":"https:\/\/www.monlau.com\/app\/uploads\/sites\/3\/2026\/01\/fp.png","contentUrl":"https:\/\/www.monlau.com\/app\/uploads\/sites\/3\/2026\/01\/fp.png","width":1024,"height":878,"caption":"Formaci\u00f3n profesional"},"image":{"@id":"https:\/\/www.monlau.com\/fp\/#\/schema\/logo\/image\/"}},{"@type":"Person","@id":"https:\/\/www.monlau.com\/fp\/#\/schema\/person\/419cfdf054323e24e0a2ef1d8597f051","name":"adsmurai","image":{"@type":"ImageObject","inLanguage":"es","@id":"https:\/\/secure.gravatar.com\/avatar\/0748788578f91786454454fa3b4c295644edb991ad6caadc70b41d26790d38fc?s=96&d=mm&r=g","url":"https:\/\/secure.gravatar.com\/avatar\/0748788578f91786454454fa3b4c295644edb991ad6caadc70b41d26790d38fc?s=96&d=mm&r=g","contentUrl":"https:\/\/secure.gravatar.com\/avatar\/0748788578f91786454454fa3b4c295644edb991ad6caadc70b41d26790d38fc?s=96&d=mm&r=g","caption":"adsmurai"},"sameAs":["https:\/\/www.monlau.com"],"url":"https:\/\/www.monlau.com\/fp\/author\/adsmurai\/"}]}},"_links":{"self":[{"href":"https:\/\/www.monlau.com\/fp\/wp-json\/wp\/v2\/posts\/5901","targetHints":{"allow":["GET"]}}],"collection":[{"href":"https:\/\/www.monlau.com\/fp\/wp-json\/wp\/v2\/posts"}],"about":[{"href":"https:\/\/www.monlau.com\/fp\/wp-json\/wp\/v2\/types\/post"}],"author":[{"embeddable":true,"href":"https:\/\/www.monlau.com\/fp\/wp-json\/wp\/v2\/users\/1"}],"replies":[{"embeddable":true,"href":"https:\/\/www.monlau.com\/fp\/wp-json\/wp\/v2\/comments?post=5901"}],"version-history":[{"count":0,"href":"https:\/\/www.monlau.com\/fp\/wp-json\/wp\/v2\/posts\/5901\/revisions"}],"wp:featuredmedia":[{"embeddable":true,"href":"https:\/\/www.monlau.com\/fp\/wp-json\/wp\/v2\/media\/3267"}],"wp:attachment":[{"href":"https:\/\/www.monlau.com\/fp\/wp-json\/wp\/v2\/media?parent=5901"}],"wp:term":[{"taxonomy":"category","embeddable":true,"href":"https:\/\/www.monlau.com\/fp\/wp-json\/wp\/v2\/categories?post=5901"},{"taxonomy":"post_tag","embeddable":true,"href":"https:\/\/www.monlau.com\/fp\/wp-json\/wp\/v2\/tags?post=5901"}],"curies":[{"name":"wp","href":"https:\/\/api.w.org\/{rel}","templated":true}]}}