{"id":5900,"date":"2019-07-01T00:00:00","date_gmt":"2019-06-30T22:00:00","guid":{"rendered":"https:\/\/www.monlau.com\/formacion-profesional\/pfi-una-oportunidad-para-volver-al-sistema-educativo\/"},"modified":"2026-03-10T10:03:35","modified_gmt":"2026-03-10T09:03:35","slug":"pfi-una-oportunidad-para-volver-al-sistema-educativo","status":"publish","type":"post","link":"https:\/\/www.monlau.com\/fp\/2019\/07\/01\/pfi-una-oportunidad-para-volver-al-sistema-educativo\/","title":{"rendered":"PFI: una oportunidad para volver al sistema educativo"},"content":{"rendered":"<p>En Monlau ofrecemos un <strong><a href=\"https:\/\/www.monlau.com\/estudis-professionals\/project\/pfi-de-mecanica-de-vehiculos\/\">PFI<\/a><\/strong> <a href=\"https:\/\/www.monlau.com\/estudis-professionals\/project\/pfi-de-mecanica-de-vehiculos\/\">(Programa de Formaci\u00f3n e Inserci\u00f3n)<\/a> para j\u00f3venes entre 16-21 a\u00f1os que han abandonado sus estudios de secundaria obligatoria y no forman parte de ning\u00fan plan de estudio. Nuestros objetivos son: ofrecer a estos j\u00f3venes una oportunidad para <strong>volver al sistema educativo<\/strong> y <strong>ayudarlos a acceder al mercado laboral. <\/strong><\/p>\n<p>Nuestro centro est\u00e1 autorizado para realizar un PFI especializado en mec\u00e1nica de veh\u00edculos. Con este curso el alumno adquiere las\u00a0<strong>competencias profesionales<\/strong>\u00a0relacionadas con\u00a0<strong>la reparaci\u00f3n y mantenimiento en el campo de la mec\u00e1nica y la electricidad de<\/strong>\u00a0<strong>autom\u00f3viles y\/o motocicletas<\/strong>. Tendr\u00e1 un primer contacto con el entorno laboral profesional del sector, realizando\u00a0<strong>pr\u00e1cticas en talleres y concesionarios multimarca\u00a0<\/strong><u>(<a href=\"https:\/\/www.monlau.com\/estudis-professionals\/project\/pfi-de-mecanica-de-vehiculos\/#pla-destudis\">Aqu\u00ed<\/a> <\/u>tienes nuestro plan de estudios).<\/p>\n<p>Despu\u00e9s de completar el a\u00f1o y haber superado la prueba de acceso, el alumno podr\u00e1 <strong>continuar estudiando<\/strong> un Grado Medio o <strong>acceder al mundo laboral ejerciendo<\/strong> de auxiliar de mec\u00e1nica, electricidad o electromec\u00e1nica de veh\u00edculos (autom\u00f3viles y motocicletas).<\/p>\n<p>Normalmente, los alumnos que se apuntan al curso finalizan satisfactoriamente su a\u00f1o acad\u00e9mico. Estos son los resultados que se obtuvieron del curso pasado:<\/p>\n<ul>\n<li>El 58% contin\u00faan estudiando en un Grado Medio.<\/li>\n<li>El 25% en una escuela para adultos.<\/li>\n<li>El 97% realiza pr\u00e1cticas en empresas.<\/li>\n<li>El 38% han encontrado trabajo en las empresas donde han hecho pr\u00e1cticas.<\/li>\n<\/ul>\n<p>Finalmente, el<strong> 95% quedan satisfechos con el curso<\/strong> y recomiendan a otros j\u00f3venes cursar PFI.<\/p>\n<p>&nbsp;<\/p>\n<p><strong>Si te interesa cursar un PFI con nosotros<\/strong> a\u00fan est\u00e1s a tiempo de inscribirte. Ll\u00e1manos al 932 744 700 para concertar una cita.<\/p>\n<p>&nbsp;<\/p>\n<p>Os dejamos una infograf\u00eda del Departamento de Educaci\u00f3n con informaci\u00f3n imprescindible de este curso:<\/p>\n<p><img fetchpriority=\"high\" decoding=\"async\" class=\"aligncenter wp-image-5442 size-full\" src=\"https:\/\/www.monlau.com\/estudis-professionals\/wp-content\/uploads\/sites\/3\/2019\/07\/PFI-2018-19-Infografia-CONSORCI_page-0001.jpg\" alt=\"\" width=\"798\" height=\"1136\" \/><\/p>\n<p class=\"tw-data-text tw-ta tw-text-small\" dir=\"ltr\">\n<h4>Paco L\u00f3pez<\/h4>\n<p>Jefe de Estudios de PFI y Grado Medio<\/p>\n","protected":false},"excerpt":{"rendered":"<p>En Monlau ofrecemos un PFI (Programa de Formaci\u00f3n e Inserci\u00f3n) para j\u00f3venes entre 16-21 a\u00f1os que han abandonado sus estudios de secundaria obligatoria y no forman parte de ning\u00fan plan de estudio. Nuestros objetivos son: ofrecer a estos j\u00f3venes una oportunidad para volver al sistema educativo y ayudarlos a acceder al mercado laboral. Nuestro centro [&hellip;]<\/p>\n","protected":false},"author":1,"featured_media":3261,"comment_status":"closed","ping_status":"closed","sticky":false,"template":"","format":"standard","meta":{"footnotes":""},"categories":[36,71],"tags":[72],"class_list":["post-5900","post","type-post","status-publish","format-standard","has-post-thumbnail","hentry","category-automocion","category-sin-categorizar","tag-pfi"],"yoast_head":"<!-- This site is optimized with the Yoast SEO plugin v27.2 - https:\/\/yoast.com\/product\/yoast-seo-wordpress\/ -->\n<title>PFI: una oportunidad para volver al sistema educativo - Formaci\u00f3n profesional<\/title>\n<meta name=\"robots\" content=\"index, follow, max-snippet:-1, max-image-preview:large, max-video-preview:-1\" \/>\n<link rel=\"canonical\" href=\"https:\/\/www.monlau.com\/fp\/2019\/07\/01\/pfi-una-oportunidad-para-volver-al-sistema-educativo\/\" \/>\n<meta property=\"og:locale\" content=\"es_ES\" \/>\n<meta property=\"og:type\" content=\"article\" \/>\n<meta property=\"og:title\" content=\"PFI: una oportunidad para volver al sistema educativo - Formaci\u00f3n profesional\" \/>\n<meta property=\"og:description\" content=\"En Monlau ofrecemos un PFI (Programa de Formaci\u00f3n e Inserci\u00f3n) para j\u00f3venes entre 16-21 a\u00f1os que han abandonado sus estudios de secundaria obligatoria y no forman parte de ning\u00fan plan de estudio. Nuestros objetivos son: ofrecer a estos j\u00f3venes una oportunidad para volver al sistema educativo y ayudarlos a acceder al mercado laboral. Nuestro centro [&hellip;]\" \/>\n<meta property=\"og:url\" content=\"https:\/\/www.monlau.com\/fp\/2019\/07\/01\/pfi-una-oportunidad-para-volver-al-sistema-educativo\/\" \/>\n<meta property=\"og:site_name\" content=\"Formaci\u00f3n profesional\" \/>\n<meta property=\"article:published_time\" content=\"2019-06-30T22:00:00+00:00\" \/>\n<meta property=\"article:modified_time\" content=\"2026-03-10T09:03:35+00:00\" \/>\n<meta property=\"og:image\" content=\"https:\/\/www.monlau.com\/app\/uploads\/sites\/3\/2026\/03\/MG_1375-scaled.jpg\" \/>\n\t<meta property=\"og:image:width\" content=\"2560\" \/>\n\t<meta property=\"og:image:height\" content=\"1707\" \/>\n\t<meta property=\"og:image:type\" content=\"image\/jpeg\" \/>\n<meta name=\"author\" content=\"adsmurai\" \/>\n<meta name=\"twitter:card\" content=\"summary_large_image\" \/>\n<meta name=\"twitter:label1\" content=\"Escrito por\" \/>\n\t<meta name=\"twitter:data1\" content=\"adsmurai\" \/>\n\t<meta name=\"twitter:label2\" content=\"Tiempo de lectura\" \/>\n\t<meta name=\"twitter:data2\" content=\"2 minutos\" \/>\n<script type=\"application\/ld+json\" class=\"yoast-schema-graph\">{\"@context\":\"https:\/\/schema.org\",\"@graph\":[{\"@type\":\"Article\",\"@id\":\"https:\/\/www.monlau.com\/fp\/2019\/07\/01\/pfi-una-oportunidad-para-volver-al-sistema-educativo\/#article\",\"isPartOf\":{\"@id\":\"https:\/\/www.monlau.com\/fp\/2019\/07\/01\/pfi-una-oportunidad-para-volver-al-sistema-educativo\/\"},\"author\":{\"name\":\"adsmurai\",\"@id\":\"https:\/\/www.monlau.com\/fp\/#\/schema\/person\/419cfdf054323e24e0a2ef1d8597f051\"},\"headline\":\"PFI: una oportunidad para volver al sistema educativo\",\"datePublished\":\"2019-06-30T22:00:00+00:00\",\"dateModified\":\"2026-03-10T09:03:35+00:00\",\"mainEntityOfPage\":{\"@id\":\"https:\/\/www.monlau.com\/fp\/2019\/07\/01\/pfi-una-oportunidad-para-volver-al-sistema-educativo\/\"},\"wordCount\":308,\"publisher\":{\"@id\":\"https:\/\/www.monlau.com\/fp\/#organization\"},\"image\":{\"@id\":\"https:\/\/www.monlau.com\/fp\/2019\/07\/01\/pfi-una-oportunidad-para-volver-al-sistema-educativo\/#primaryimage\"},\"thumbnailUrl\":\"https:\/\/www.monlau.com\/app\/uploads\/sites\/3\/2026\/03\/MG_1375-scaled.jpg\",\"keywords\":[\"PFI\"],\"articleSection\":[\"Automoci\u00f3n\",\"Sin categorizar\"],\"inLanguage\":\"es\"},{\"@type\":\"WebPage\",\"@id\":\"https:\/\/www.monlau.com\/fp\/2019\/07\/01\/pfi-una-oportunidad-para-volver-al-sistema-educativo\/\",\"url\":\"https:\/\/www.monlau.com\/fp\/2019\/07\/01\/pfi-una-oportunidad-para-volver-al-sistema-educativo\/\",\"name\":\"PFI: una oportunidad para volver al sistema educativo - Formaci\u00f3n profesional\",\"isPartOf\":{\"@id\":\"https:\/\/www.monlau.com\/fp\/#website\"},\"primaryImageOfPage\":{\"@id\":\"https:\/\/www.monlau.com\/fp\/2019\/07\/01\/pfi-una-oportunidad-para-volver-al-sistema-educativo\/#primaryimage\"},\"image\":{\"@id\":\"https:\/\/www.monlau.com\/fp\/2019\/07\/01\/pfi-una-oportunidad-para-volver-al-sistema-educativo\/#primaryimage\"},\"thumbnailUrl\":\"https:\/\/www.monlau.com\/app\/uploads\/sites\/3\/2026\/03\/MG_1375-scaled.jpg\",\"datePublished\":\"2019-06-30T22:00:00+00:00\",\"dateModified\":\"2026-03-10T09:03:35+00:00\",\"breadcrumb\":{\"@id\":\"https:\/\/www.monlau.com\/fp\/2019\/07\/01\/pfi-una-oportunidad-para-volver-al-sistema-educativo\/#breadcrumb\"},\"inLanguage\":\"es\",\"potentialAction\":[{\"@type\":\"ReadAction\",\"target\":[\"https:\/\/www.monlau.com\/fp\/2019\/07\/01\/pfi-una-oportunidad-para-volver-al-sistema-educativo\/\"]}]},{\"@type\":\"ImageObject\",\"inLanguage\":\"es\",\"@id\":\"https:\/\/www.monlau.com\/fp\/2019\/07\/01\/pfi-una-oportunidad-para-volver-al-sistema-educativo\/#primaryimage\",\"url\":\"https:\/\/www.monlau.com\/app\/uploads\/sites\/3\/2026\/03\/MG_1375-scaled.jpg\",\"contentUrl\":\"https:\/\/www.monlau.com\/app\/uploads\/sites\/3\/2026\/03\/MG_1375-scaled.jpg\",\"width\":2560,\"height\":1707},{\"@type\":\"BreadcrumbList\",\"@id\":\"https:\/\/www.monlau.com\/fp\/2019\/07\/01\/pfi-una-oportunidad-para-volver-al-sistema-educativo\/#breadcrumb\",\"itemListElement\":[{\"@type\":\"ListItem\",\"position\":1,\"name\":\"Portada\",\"item\":\"https:\/\/www.monlau.com\/fp\/\"},{\"@type\":\"ListItem\",\"position\":2,\"name\":\"PFI: una oportunidad para volver al sistema educativo\"}]},{\"@type\":\"WebSite\",\"@id\":\"https:\/\/www.monlau.com\/fp\/#website\",\"url\":\"https:\/\/www.monlau.com\/fp\/\",\"name\":\"Formaci\u00f3n profesional\",\"description\":\"Monlau\",\"publisher\":{\"@id\":\"https:\/\/www.monlau.com\/fp\/#organization\"},\"potentialAction\":[{\"@type\":\"SearchAction\",\"target\":{\"@type\":\"EntryPoint\",\"urlTemplate\":\"https:\/\/www.monlau.com\/fp\/?s={search_term_string}\"},\"query-input\":{\"@type\":\"PropertyValueSpecification\",\"valueRequired\":true,\"valueName\":\"search_term_string\"}}],\"inLanguage\":\"es\"},{\"@type\":\"Organization\",\"@id\":\"https:\/\/www.monlau.com\/fp\/#organization\",\"name\":\"Formaci\u00f3n profesional\",\"url\":\"https:\/\/www.monlau.com\/fp\/\",\"logo\":{\"@type\":\"ImageObject\",\"inLanguage\":\"es\",\"@id\":\"https:\/\/www.monlau.com\/fp\/#\/schema\/logo\/image\/\",\"url\":\"https:\/\/www.monlau.com\/app\/uploads\/sites\/3\/2026\/01\/fp.png\",\"contentUrl\":\"https:\/\/www.monlau.com\/app\/uploads\/sites\/3\/2026\/01\/fp.png\",\"width\":1024,\"height\":878,\"caption\":\"Formaci\u00f3n profesional\"},\"image\":{\"@id\":\"https:\/\/www.monlau.com\/fp\/#\/schema\/logo\/image\/\"}},{\"@type\":\"Person\",\"@id\":\"https:\/\/www.monlau.com\/fp\/#\/schema\/person\/419cfdf054323e24e0a2ef1d8597f051\",\"name\":\"adsmurai\",\"image\":{\"@type\":\"ImageObject\",\"inLanguage\":\"es\",\"@id\":\"https:\/\/secure.gravatar.com\/avatar\/0748788578f91786454454fa3b4c295644edb991ad6caadc70b41d26790d38fc?s=96&d=mm&r=g\",\"url\":\"https:\/\/secure.gravatar.com\/avatar\/0748788578f91786454454fa3b4c295644edb991ad6caadc70b41d26790d38fc?s=96&d=mm&r=g\",\"contentUrl\":\"https:\/\/secure.gravatar.com\/avatar\/0748788578f91786454454fa3b4c295644edb991ad6caadc70b41d26790d38fc?s=96&d=mm&r=g\",\"caption\":\"adsmurai\"},\"sameAs\":[\"https:\/\/www.monlau.com\"],\"url\":\"https:\/\/www.monlau.com\/fp\/author\/adsmurai\/\"}]}<\/script>\n<!-- \/ Yoast SEO plugin. -->","yoast_head_json":{"title":"PFI: una oportunidad para volver al sistema educativo - Formaci\u00f3n profesional","robots":{"index":"index","follow":"follow","max-snippet":"max-snippet:-1","max-image-preview":"max-image-preview:large","max-video-preview":"max-video-preview:-1"},"canonical":"https:\/\/www.monlau.com\/fp\/2019\/07\/01\/pfi-una-oportunidad-para-volver-al-sistema-educativo\/","og_locale":"es_ES","og_type":"article","og_title":"PFI: una oportunidad para volver al sistema educativo - Formaci\u00f3n profesional","og_description":"En Monlau ofrecemos un PFI (Programa de Formaci\u00f3n e Inserci\u00f3n) para j\u00f3venes entre 16-21 a\u00f1os que han abandonado sus estudios de secundaria obligatoria y no forman parte de ning\u00fan plan de estudio. Nuestros objetivos son: ofrecer a estos j\u00f3venes una oportunidad para volver al sistema educativo y ayudarlos a acceder al mercado laboral. Nuestro centro [&hellip;]","og_url":"https:\/\/www.monlau.com\/fp\/2019\/07\/01\/pfi-una-oportunidad-para-volver-al-sistema-educativo\/","og_site_name":"Formaci\u00f3n profesional","article_published_time":"2019-06-30T22:00:00+00:00","article_modified_time":"2026-03-10T09:03:35+00:00","og_image":[{"width":2560,"height":1707,"url":"https:\/\/www.monlau.com\/app\/uploads\/sites\/3\/2026\/03\/MG_1375-scaled.jpg","type":"image\/jpeg"}],"author":"adsmurai","twitter_card":"summary_large_image","twitter_misc":{"Escrito por":"adsmurai","Tiempo de lectura":"2 minutos"},"schema":{"@context":"https:\/\/schema.org","@graph":[{"@type":"Article","@id":"https:\/\/www.monlau.com\/fp\/2019\/07\/01\/pfi-una-oportunidad-para-volver-al-sistema-educativo\/#article","isPartOf":{"@id":"https:\/\/www.monlau.com\/fp\/2019\/07\/01\/pfi-una-oportunidad-para-volver-al-sistema-educativo\/"},"author":{"name":"adsmurai","@id":"https:\/\/www.monlau.com\/fp\/#\/schema\/person\/419cfdf054323e24e0a2ef1d8597f051"},"headline":"PFI: una oportunidad para volver al sistema educativo","datePublished":"2019-06-30T22:00:00+00:00","dateModified":"2026-03-10T09:03:35+00:00","mainEntityOfPage":{"@id":"https:\/\/www.monlau.com\/fp\/2019\/07\/01\/pfi-una-oportunidad-para-volver-al-sistema-educativo\/"},"wordCount":308,"publisher":{"@id":"https:\/\/www.monlau.com\/fp\/#organization"},"image":{"@id":"https:\/\/www.monlau.com\/fp\/2019\/07\/01\/pfi-una-oportunidad-para-volver-al-sistema-educativo\/#primaryimage"},"thumbnailUrl":"https:\/\/www.monlau.com\/app\/uploads\/sites\/3\/2026\/03\/MG_1375-scaled.jpg","keywords":["PFI"],"articleSection":["Automoci\u00f3n","Sin categorizar"],"inLanguage":"es"},{"@type":"WebPage","@id":"https:\/\/www.monlau.com\/fp\/2019\/07\/01\/pfi-una-oportunidad-para-volver-al-sistema-educativo\/","url":"https:\/\/www.monlau.com\/fp\/2019\/07\/01\/pfi-una-oportunidad-para-volver-al-sistema-educativo\/","name":"PFI: una oportunidad para volver al sistema educativo - Formaci\u00f3n profesional","isPartOf":{"@id":"https:\/\/www.monlau.com\/fp\/#website"},"primaryImageOfPage":{"@id":"https:\/\/www.monlau.com\/fp\/2019\/07\/01\/pfi-una-oportunidad-para-volver-al-sistema-educativo\/#primaryimage"},"image":{"@id":"https:\/\/www.monlau.com\/fp\/2019\/07\/01\/pfi-una-oportunidad-para-volver-al-sistema-educativo\/#primaryimage"},"thumbnailUrl":"https:\/\/www.monlau.com\/app\/uploads\/sites\/3\/2026\/03\/MG_1375-scaled.jpg","datePublished":"2019-06-30T22:00:00+00:00","dateModified":"2026-03-10T09:03:35+00:00","breadcrumb":{"@id":"https:\/\/www.monlau.com\/fp\/2019\/07\/01\/pfi-una-oportunidad-para-volver-al-sistema-educativo\/#breadcrumb"},"inLanguage":"es","potentialAction":[{"@type":"ReadAction","target":["https:\/\/www.monlau.com\/fp\/2019\/07\/01\/pfi-una-oportunidad-para-volver-al-sistema-educativo\/"]}]},{"@type":"ImageObject","inLanguage":"es","@id":"https:\/\/www.monlau.com\/fp\/2019\/07\/01\/pfi-una-oportunidad-para-volver-al-sistema-educativo\/#primaryimage","url":"https:\/\/www.monlau.com\/app\/uploads\/sites\/3\/2026\/03\/MG_1375-scaled.jpg","contentUrl":"https:\/\/www.monlau.com\/app\/uploads\/sites\/3\/2026\/03\/MG_1375-scaled.jpg","width":2560,"height":1707},{"@type":"BreadcrumbList","@id":"https:\/\/www.monlau.com\/fp\/2019\/07\/01\/pfi-una-oportunidad-para-volver-al-sistema-educativo\/#breadcrumb","itemListElement":[{"@type":"ListItem","position":1,"name":"Portada","item":"https:\/\/www.monlau.com\/fp\/"},{"@type":"ListItem","position":2,"name":"PFI: una oportunidad para volver al sistema educativo"}]},{"@type":"WebSite","@id":"https:\/\/www.monlau.com\/fp\/#website","url":"https:\/\/www.monlau.com\/fp\/","name":"Formaci\u00f3n profesional","description":"Monlau","publisher":{"@id":"https:\/\/www.monlau.com\/fp\/#organization"},"potentialAction":[{"@type":"SearchAction","target":{"@type":"EntryPoint","urlTemplate":"https:\/\/www.monlau.com\/fp\/?s={search_term_string}"},"query-input":{"@type":"PropertyValueSpecification","valueRequired":true,"valueName":"search_term_string"}}],"inLanguage":"es"},{"@type":"Organization","@id":"https:\/\/www.monlau.com\/fp\/#organization","name":"Formaci\u00f3n profesional","url":"https:\/\/www.monlau.com\/fp\/","logo":{"@type":"ImageObject","inLanguage":"es","@id":"https:\/\/www.monlau.com\/fp\/#\/schema\/logo\/image\/","url":"https:\/\/www.monlau.com\/app\/uploads\/sites\/3\/2026\/01\/fp.png","contentUrl":"https:\/\/www.monlau.com\/app\/uploads\/sites\/3\/2026\/01\/fp.png","width":1024,"height":878,"caption":"Formaci\u00f3n profesional"},"image":{"@id":"https:\/\/www.monlau.com\/fp\/#\/schema\/logo\/image\/"}},{"@type":"Person","@id":"https:\/\/www.monlau.com\/fp\/#\/schema\/person\/419cfdf054323e24e0a2ef1d8597f051","name":"adsmurai","image":{"@type":"ImageObject","inLanguage":"es","@id":"https:\/\/secure.gravatar.com\/avatar\/0748788578f91786454454fa3b4c295644edb991ad6caadc70b41d26790d38fc?s=96&d=mm&r=g","url":"https:\/\/secure.gravatar.com\/avatar\/0748788578f91786454454fa3b4c295644edb991ad6caadc70b41d26790d38fc?s=96&d=mm&r=g","contentUrl":"https:\/\/secure.gravatar.com\/avatar\/0748788578f91786454454fa3b4c295644edb991ad6caadc70b41d26790d38fc?s=96&d=mm&r=g","caption":"adsmurai"},"sameAs":["https:\/\/www.monlau.com"],"url":"https:\/\/www.monlau.com\/fp\/author\/adsmurai\/"}]}},"_links":{"self":[{"href":"https:\/\/www.monlau.com\/fp\/wp-json\/wp\/v2\/posts\/5900","targetHints":{"allow":["GET"]}}],"collection":[{"href":"https:\/\/www.monlau.com\/fp\/wp-json\/wp\/v2\/posts"}],"about":[{"href":"https:\/\/www.monlau.com\/fp\/wp-json\/wp\/v2\/types\/post"}],"author":[{"embeddable":true,"href":"https:\/\/www.monlau.com\/fp\/wp-json\/wp\/v2\/users\/1"}],"replies":[{"embeddable":true,"href":"https:\/\/www.monlau.com\/fp\/wp-json\/wp\/v2\/comments?post=5900"}],"version-history":[{"count":1,"href":"https:\/\/www.monlau.com\/fp\/wp-json\/wp\/v2\/posts\/5900\/revisions"}],"predecessor-version":[{"id":6506,"href":"https:\/\/www.monlau.com\/fp\/wp-json\/wp\/v2\/posts\/5900\/revisions\/6506"}],"wp:featuredmedia":[{"embeddable":true,"href":"https:\/\/www.monlau.com\/fp\/wp-json\/wp\/v2\/media\/3261"}],"wp:attachment":[{"href":"https:\/\/www.monlau.com\/fp\/wp-json\/wp\/v2\/media?parent=5900"}],"wp:term":[{"taxonomy":"category","embeddable":true,"href":"https:\/\/www.monlau.com\/fp\/wp-json\/wp\/v2\/categories?post=5900"},{"taxonomy":"post_tag","embeddable":true,"href":"https:\/\/www.monlau.com\/fp\/wp-json\/wp\/v2\/tags?post=5900"}],"curies":[{"name":"wp","href":"https:\/\/api.w.org\/{rel}","templated":true}]}}