{"id":5899,"date":"2019-05-07T00:00:00","date_gmt":"2019-05-06T22:00:00","guid":{"rendered":"https:\/\/www.monlau.com\/formacion-profesional\/14m-empiezan-las-preinscripciones-de-grado-medio\/"},"modified":"2026-03-10T10:03:35","modified_gmt":"2026-03-10T09:03:35","slug":"14m-empiezan-las-preinscripciones-de-grado-medio","status":"publish","type":"post","link":"https:\/\/www.monlau.com\/fp\/2019\/05\/07\/14m-empiezan-las-preinscripciones-de-grado-medio\/","title":{"rendered":"14M: Empiezan las preinscripciones de Grado Medio"},"content":{"rendered":"<p id=\"tw-target-text\" class=\"tw-data-text tw-ta tw-text-small\" dir=\"ltr\"><span lang=\"es\"><strong>Del 14 de mayo hasta el 21 de mayo<\/strong> se abre el periodo de preinscripci\u00f3n oficial para<span style=\"color: #3366ff\"> <a style=\"color: #3366ff\" href=\"https:\/\/www.monlau.com\/estudis-professionals\/project\/ciclo-formativo-de-grado-medio-en-gestion-administrativa\/\">Grado Medio de Gesti\u00f3n Administrativa (GEAD)<\/a><\/span>, <span style=\"color: #3366ff\"><a style=\"color: #3366ff\" href=\"https:\/\/www.monlau.com\/estudis-professionals\/project\/ciclo-formativo-de-grado-medio-en-sistemas-microinformaticos-y-redes-smx\/\">Sistemas microinform\u00e1ticos y redes (SMX)<\/a><\/span> y <span style=\"color: #3366ff\"><a style=\"color: #3366ff\" href=\"https:\/\/www.monlau.com\/estudis-professionals\/project\/ciclo-de-grado-medio-en-electromecanica-de-vehiculos-automoviles-y-motocicletas\/\">Electromec\u00e1nica de veh\u00edculos<\/a><\/span>.<\/span><\/p>\n<p class=\"tw-data-text tw-ta tw-text-small\" dir=\"ltr\"><span lang=\"es\">Como novedad, el departamento de Educaci\u00f3n de la Generalidad de Catalu\u00f1a ha implementado la preinscripci\u00f3n a trav\u00e9s la <strong>SOLICITUD ELECTR\u00d3NICA<\/strong>. En este correo los especificamos todos los pasos para realizarla, pero les recordamos que se pueden poner en contacto con nosotros y si a\u00fan no tienen cita la puede concretar en el siguiente enlace<span style=\"color: #3366ff\"> <a style=\"color: #3366ff\" href=\"https:\/\/forms.office.com\/Pages\/ResponsePage.aspx?id=TaYfSO14xk66QMMnwrGU9mDaLs5e04NHgWJHmFiSeD9UQzcwRU83TEZSUTExVkpJNlJPQUhXMkNDRC4u\">(AQU\u00cd)<\/a>.<\/span><\/span><\/p>\n<p dir=\"ltr\">\n<p dir=\"ltr\">Para realizar la preinscripci\u00f3n debe seguir los siguientes pasos:<\/p>\n<p dir=\"ltr\">\n<p dir=\"ltr\">1. <strong>Darse de alta en el mecanismo de Identificaci\u00f3n de la Generalidad de Catalu\u00f1a<\/strong> (IdCAT m\u00f3vil). Os dejamos aqu\u00ed el enlace para activar el servicio. [<span style=\"color: #3366ff\">https:\/\/idcatmobil.seu.cat\/<\/span>]<\/p>\n<p dir=\"ltr\">Para realizar este tr\u00e1mite necesario la siguiente documentaci\u00f3n:<\/p>\n<ul>\n<li>DNI: Documento Nacional de Identidad<\/li>\n<li>TSI: Tarjeta Sanitaria Individual del CatSalut (Servicio Catal\u00e1n de la Salud) <em>* el n\u00famero requerido es el c\u00f3digo de barras que se encuentra en la parte trasera de la tarjeta.<\/em><\/li>\n<li>Tel\u00e9fono m\u00f3vil<\/li>\n<\/ul>\n<p>&nbsp;<\/p>\n<p dir=\"ltr\"><strong>Recordar que los y las alumnos menores de edad deber\u00e1 ser su padre \/ madre o tutor \/ a quien realice la gesti\u00f3n.<\/strong><\/p>\n<p dir=\"ltr\">\n<p id=\"tw-target-text\" class=\"tw-data-text tw-ta tw-text-small\" dir=\"ltr\"><span lang=\"es\">2. Una vez dado de alta en el servicio IdCat m\u00f3vil, <strong>puede realizar la preinscripci\u00f3n en el siguiente enlace:<\/strong> <\/span><span lang=\"es\" style=\"color: #3366ff\">http:\/\/queestudiar.gencat.cat\/ca\/preinscripcio\/estudis\/fp-gm\/index.html <\/span><\/p>\n<p class=\"tw-data-text tw-ta tw-text-small\" dir=\"ltr\"><span lang=\"es\">Es en este momento cuando el formulario le pide que se identifique con el idCAT m\u00f3vil, recibir\u00e1 un c\u00f3digo en su tel\u00e9fono m\u00f3vil. \u00a0<\/span><\/p>\n<p dir=\"ltr\">\n<p class=\"tw-data-text tw-ta tw-text-small\" dir=\"ltr\"><span lang=\"es\"><strong>Es imprescindible tener a mano la siguiente documentaci\u00f3n<\/strong>: <\/span><\/p>\n<ul>\n<li class=\"tw-data-text tw-ta tw-text-small\"><span lang=\"es\">DNI <\/span><\/li>\n<li class=\"tw-data-text tw-ta tw-text-small\"><span lang=\"es\">N\u00famero RALC (Documentaci\u00f3n a pedir en el \u00faltimo centro donde el alumno ha sido escolarizado) <\/span><\/li>\n<li class=\"tw-data-text tw-ta tw-text-small\"><span lang=\"es\">Tarjeta Sanitaria \u00a0<\/span><\/li>\n<\/ul>\n<p class=\"tw-data-text tw-ta tw-text-small\" dir=\"ltr\">\n<p class=\"tw-data-text tw-ta tw-text-small\" dir=\"ltr\"><span lang=\"es\">Durante la preinscripci\u00f3n le requerir\u00e1n la siguiente informaci\u00f3n: <\/span><\/p>\n<ul>\n<li class=\"tw-data-text tw-ta tw-text-small\"><span lang=\"es\">V\u00eda de acceso (ESO, Prueba, PFI, etc.) <\/span><\/li>\n<li class=\"tw-data-text tw-ta tw-text-small\"><span lang=\"es\">Centro educativo, ciclo, turno y el nivel.<\/span><\/li>\n<\/ul>\n<p>&nbsp;<\/p>\n<p class=\"tw-data-text tw-ta tw-text-small\" dir=\"ltr\"><span lang=\"es\">\u00a0 En caso de que su opci\u00f3n sea Monlau los datos son los siguientes: <\/span><\/p>\n<p class=\"tw-data-text tw-ta tw-text-small\" dir=\"ltr\"><strong><span lang=\"es\">08037395 &#8211; Monlau Centro de Estudios <\/span><\/strong><\/p>\n<p class=\"tw-data-text tw-ta tw-text-small\" dir=\"ltr\"><span lang=\"es\">C\u00f3digos seg\u00fan estudios: <\/span><\/p>\n<ul>\n<li class=\"tw-data-text tw-ta tw-text-small\"><span lang=\"es\">Electromec\u00e1nica de veh\u00edculos: TM10 <\/span><\/li>\n<li class=\"tw-data-text tw-ta tw-text-small\"><span lang=\"es\">Sistemas Microinform\u00e1ticos y Redes (SMX): IC10 <\/span><\/li>\n<li class=\"tw-data-text tw-ta tw-text-small\"><span lang=\"es\">Gesti\u00f3n administrativa (GEAD): AG10<\/span><\/li>\n<\/ul>\n<p>&nbsp;<\/p>\n<p id=\"tw-target-text\" class=\"tw-data-text tw-ta tw-text-small\" dir=\"ltr\"><span lang=\"es\">Finalmente se env\u00eda la solicitud, que se env\u00eda electr\u00f3nicamente en el centro educativo escogido como primera opci\u00f3n y queda registrada autom\u00e1ticamente. <strong>No se ha de presentar ninguna documentaci\u00f3n en el centro.<\/strong> Tampoco hay que traer la nota media de la ESO o de las otras v\u00edas de acceso, ya que a trav\u00e9s del RALC el sistema lo detecta autom\u00e1ticamente. \u00a0<\/span><\/p>\n<p dir=\"ltr\">\n<p class=\"tw-data-text tw-ta tw-text-small\" dir=\"ltr\"><span lang=\"es\"><strong>NO SE PUEDE HACER LA PREINSCRIPCI\u00d3N A TRAV\u00c9S DE SOLICITUD ELECTR\u00d3NICA<\/strong> en los casos siguientes: <\/span><\/p>\n<ul>\n<li class=\"tw-data-text tw-ta tw-text-small\"><span lang=\"es\">Alumnos de Catalu\u00f1a que no han sido escolarizados desde el curso 2015\/16.<\/span><\/li>\n<li class=\"tw-data-text tw-ta tw-text-small\"><span lang=\"es\">Alumnos de fuera de Catalu\u00f1a.\u00a0<\/span><\/li>\n<\/ul>\n<p>&nbsp;<\/p>\n<p class=\"tw-data-text tw-ta tw-text-small\" dir=\"ltr\"><span lang=\"es\">En estos casos deben venir <strong>PRESENCIALMENTE<\/strong> el centro. Para concertar una cita presencial, si a\u00fan no la tiene, haga clic en el siguiente enlace [AQU\u00cd] o bien llamar al 93 340 82 04\/93 274 47 00.<\/span><\/p>\n<h4>Eva Campabadal<\/h4>\n<p>Responsable de Admisiones<\/p>\n","protected":false},"excerpt":{"rendered":"<p>Del 14 de mayo hasta el 21 de mayo se abre el periodo de preinscripci\u00f3n oficial para Grado Medio de Gesti\u00f3n Administrativa (GEAD), Sistemas microinform\u00e1ticos y redes (SMX) y Electromec\u00e1nica de veh\u00edculos. Como novedad, el departamento de Educaci\u00f3n de la Generalidad de Catalu\u00f1a ha implementado la preinscripci\u00f3n a trav\u00e9s la SOLICITUD ELECTR\u00d3NICA. En este correo [&hellip;]<\/p>\n","protected":false},"author":1,"featured_media":3256,"comment_status":"closed","ping_status":"closed","sticky":false,"template":"","format":"standard","meta":{"footnotes":""},"categories":[36,32,38,57],"tags":[66,70],"class_list":["post-5899","post","type-post","status-publish","format-standard","has-post-thumbnail","hentry","category-automocion","category-empresa-y-marketing","category-informatica","category-monlau","tag-grado-medio","tag-preinscripcion"],"yoast_head":"<!-- This site is optimized with the Yoast SEO plugin v27.2 - https:\/\/yoast.com\/product\/yoast-seo-wordpress\/ -->\n<title>14M: Empiezan las preinscripciones de Grado Medio - Formaci\u00f3n profesional<\/title>\n<meta name=\"robots\" content=\"index, follow, max-snippet:-1, max-image-preview:large, max-video-preview:-1\" \/>\n<link rel=\"canonical\" href=\"https:\/\/www.monlau.com\/fp\/2019\/05\/07\/14m-empiezan-las-preinscripciones-de-grado-medio\/\" \/>\n<meta property=\"og:locale\" content=\"es_ES\" \/>\n<meta property=\"og:type\" content=\"article\" \/>\n<meta property=\"og:title\" content=\"14M: Empiezan las preinscripciones de Grado Medio - Formaci\u00f3n profesional\" \/>\n<meta property=\"og:description\" content=\"Del 14 de mayo hasta el 21 de mayo se abre el periodo de preinscripci\u00f3n oficial para Grado Medio de Gesti\u00f3n Administrativa (GEAD), Sistemas microinform\u00e1ticos y redes (SMX) y Electromec\u00e1nica de veh\u00edculos. Como novedad, el departamento de Educaci\u00f3n de la Generalidad de Catalu\u00f1a ha implementado la preinscripci\u00f3n a trav\u00e9s la SOLICITUD ELECTR\u00d3NICA. En este correo [&hellip;]\" \/>\n<meta property=\"og:url\" content=\"https:\/\/www.monlau.com\/fp\/2019\/05\/07\/14m-empiezan-las-preinscripciones-de-grado-medio\/\" \/>\n<meta property=\"og:site_name\" content=\"Formaci\u00f3n profesional\" \/>\n<meta property=\"article:published_time\" content=\"2019-05-06T22:00:00+00:00\" \/>\n<meta property=\"article:modified_time\" content=\"2026-03-10T09:03:35+00:00\" \/>\n<meta property=\"og:image\" content=\"https:\/\/www.monlau.com\/app\/uploads\/sites\/3\/2026\/03\/SAGRERA-1030-min-scaled.jpg\" \/>\n\t<meta property=\"og:image:width\" content=\"2560\" \/>\n\t<meta property=\"og:image:height\" content=\"1707\" \/>\n\t<meta property=\"og:image:type\" content=\"image\/jpeg\" \/>\n<meta name=\"author\" content=\"adsmurai\" \/>\n<meta name=\"twitter:card\" content=\"summary_large_image\" \/>\n<meta name=\"twitter:label1\" content=\"Escrito por\" \/>\n\t<meta name=\"twitter:data1\" content=\"adsmurai\" \/>\n\t<meta name=\"twitter:label2\" content=\"Tiempo de lectura\" \/>\n\t<meta name=\"twitter:data2\" content=\"3 minutos\" \/>\n<script type=\"application\/ld+json\" class=\"yoast-schema-graph\">{\"@context\":\"https:\/\/schema.org\",\"@graph\":[{\"@type\":\"Article\",\"@id\":\"https:\/\/www.monlau.com\/fp\/2019\/05\/07\/14m-empiezan-las-preinscripciones-de-grado-medio\/#article\",\"isPartOf\":{\"@id\":\"https:\/\/www.monlau.com\/fp\/2019\/05\/07\/14m-empiezan-las-preinscripciones-de-grado-medio\/\"},\"author\":{\"name\":\"adsmurai\",\"@id\":\"https:\/\/www.monlau.com\/fp\/#\/schema\/person\/419cfdf054323e24e0a2ef1d8597f051\"},\"headline\":\"14M: Empiezan las preinscripciones de Grado Medio\",\"datePublished\":\"2019-05-06T22:00:00+00:00\",\"dateModified\":\"2026-03-10T09:03:35+00:00\",\"mainEntityOfPage\":{\"@id\":\"https:\/\/www.monlau.com\/fp\/2019\/05\/07\/14m-empiezan-las-preinscripciones-de-grado-medio\/\"},\"wordCount\":514,\"publisher\":{\"@id\":\"https:\/\/www.monlau.com\/fp\/#organization\"},\"image\":{\"@id\":\"https:\/\/www.monlau.com\/fp\/2019\/05\/07\/14m-empiezan-las-preinscripciones-de-grado-medio\/#primaryimage\"},\"thumbnailUrl\":\"https:\/\/www.monlau.com\/app\/uploads\/sites\/3\/2026\/03\/SAGRERA-1030-min-scaled.jpg\",\"keywords\":[\"Grado Medio\",\"Preinscripci\u00f3n\"],\"articleSection\":[\"Automoci\u00f3n\",\"Empresa y Marketing\",\"Inform\u00e1tica\",\"Monlau\"],\"inLanguage\":\"es\"},{\"@type\":\"WebPage\",\"@id\":\"https:\/\/www.monlau.com\/fp\/2019\/05\/07\/14m-empiezan-las-preinscripciones-de-grado-medio\/\",\"url\":\"https:\/\/www.monlau.com\/fp\/2019\/05\/07\/14m-empiezan-las-preinscripciones-de-grado-medio\/\",\"name\":\"14M: Empiezan las preinscripciones de Grado Medio - Formaci\u00f3n profesional\",\"isPartOf\":{\"@id\":\"https:\/\/www.monlau.com\/fp\/#website\"},\"primaryImageOfPage\":{\"@id\":\"https:\/\/www.monlau.com\/fp\/2019\/05\/07\/14m-empiezan-las-preinscripciones-de-grado-medio\/#primaryimage\"},\"image\":{\"@id\":\"https:\/\/www.monlau.com\/fp\/2019\/05\/07\/14m-empiezan-las-preinscripciones-de-grado-medio\/#primaryimage\"},\"thumbnailUrl\":\"https:\/\/www.monlau.com\/app\/uploads\/sites\/3\/2026\/03\/SAGRERA-1030-min-scaled.jpg\",\"datePublished\":\"2019-05-06T22:00:00+00:00\",\"dateModified\":\"2026-03-10T09:03:35+00:00\",\"breadcrumb\":{\"@id\":\"https:\/\/www.monlau.com\/fp\/2019\/05\/07\/14m-empiezan-las-preinscripciones-de-grado-medio\/#breadcrumb\"},\"inLanguage\":\"es\",\"potentialAction\":[{\"@type\":\"ReadAction\",\"target\":[\"https:\/\/www.monlau.com\/fp\/2019\/05\/07\/14m-empiezan-las-preinscripciones-de-grado-medio\/\"]}]},{\"@type\":\"ImageObject\",\"inLanguage\":\"es\",\"@id\":\"https:\/\/www.monlau.com\/fp\/2019\/05\/07\/14m-empiezan-las-preinscripciones-de-grado-medio\/#primaryimage\",\"url\":\"https:\/\/www.monlau.com\/app\/uploads\/sites\/3\/2026\/03\/SAGRERA-1030-min-scaled.jpg\",\"contentUrl\":\"https:\/\/www.monlau.com\/app\/uploads\/sites\/3\/2026\/03\/SAGRERA-1030-min-scaled.jpg\",\"width\":2560,\"height\":1707},{\"@type\":\"BreadcrumbList\",\"@id\":\"https:\/\/www.monlau.com\/fp\/2019\/05\/07\/14m-empiezan-las-preinscripciones-de-grado-medio\/#breadcrumb\",\"itemListElement\":[{\"@type\":\"ListItem\",\"position\":1,\"name\":\"Portada\",\"item\":\"https:\/\/www.monlau.com\/fp\/\"},{\"@type\":\"ListItem\",\"position\":2,\"name\":\"14M: Empiezan las preinscripciones de Grado Medio\"}]},{\"@type\":\"WebSite\",\"@id\":\"https:\/\/www.monlau.com\/fp\/#website\",\"url\":\"https:\/\/www.monlau.com\/fp\/\",\"name\":\"Formaci\u00f3n profesional\",\"description\":\"Monlau\",\"publisher\":{\"@id\":\"https:\/\/www.monlau.com\/fp\/#organization\"},\"potentialAction\":[{\"@type\":\"SearchAction\",\"target\":{\"@type\":\"EntryPoint\",\"urlTemplate\":\"https:\/\/www.monlau.com\/fp\/?s={search_term_string}\"},\"query-input\":{\"@type\":\"PropertyValueSpecification\",\"valueRequired\":true,\"valueName\":\"search_term_string\"}}],\"inLanguage\":\"es\"},{\"@type\":\"Organization\",\"@id\":\"https:\/\/www.monlau.com\/fp\/#organization\",\"name\":\"Formaci\u00f3n profesional\",\"url\":\"https:\/\/www.monlau.com\/fp\/\",\"logo\":{\"@type\":\"ImageObject\",\"inLanguage\":\"es\",\"@id\":\"https:\/\/www.monlau.com\/fp\/#\/schema\/logo\/image\/\",\"url\":\"https:\/\/www.monlau.com\/app\/uploads\/sites\/3\/2026\/01\/fp.png\",\"contentUrl\":\"https:\/\/www.monlau.com\/app\/uploads\/sites\/3\/2026\/01\/fp.png\",\"width\":1024,\"height\":878,\"caption\":\"Formaci\u00f3n profesional\"},\"image\":{\"@id\":\"https:\/\/www.monlau.com\/fp\/#\/schema\/logo\/image\/\"}},{\"@type\":\"Person\",\"@id\":\"https:\/\/www.monlau.com\/fp\/#\/schema\/person\/419cfdf054323e24e0a2ef1d8597f051\",\"name\":\"adsmurai\",\"image\":{\"@type\":\"ImageObject\",\"inLanguage\":\"es\",\"@id\":\"https:\/\/secure.gravatar.com\/avatar\/0748788578f91786454454fa3b4c295644edb991ad6caadc70b41d26790d38fc?s=96&d=mm&r=g\",\"url\":\"https:\/\/secure.gravatar.com\/avatar\/0748788578f91786454454fa3b4c295644edb991ad6caadc70b41d26790d38fc?s=96&d=mm&r=g\",\"contentUrl\":\"https:\/\/secure.gravatar.com\/avatar\/0748788578f91786454454fa3b4c295644edb991ad6caadc70b41d26790d38fc?s=96&d=mm&r=g\",\"caption\":\"adsmurai\"},\"sameAs\":[\"https:\/\/www.monlau.com\"],\"url\":\"https:\/\/www.monlau.com\/fp\/author\/adsmurai\/\"}]}<\/script>\n<!-- \/ Yoast SEO plugin. -->","yoast_head_json":{"title":"14M: Empiezan las preinscripciones de Grado Medio - Formaci\u00f3n profesional","robots":{"index":"index","follow":"follow","max-snippet":"max-snippet:-1","max-image-preview":"max-image-preview:large","max-video-preview":"max-video-preview:-1"},"canonical":"https:\/\/www.monlau.com\/fp\/2019\/05\/07\/14m-empiezan-las-preinscripciones-de-grado-medio\/","og_locale":"es_ES","og_type":"article","og_title":"14M: Empiezan las preinscripciones de Grado Medio - Formaci\u00f3n profesional","og_description":"Del 14 de mayo hasta el 21 de mayo se abre el periodo de preinscripci\u00f3n oficial para Grado Medio de Gesti\u00f3n Administrativa (GEAD), Sistemas microinform\u00e1ticos y redes (SMX) y Electromec\u00e1nica de veh\u00edculos. Como novedad, el departamento de Educaci\u00f3n de la Generalidad de Catalu\u00f1a ha implementado la preinscripci\u00f3n a trav\u00e9s la SOLICITUD ELECTR\u00d3NICA. En este correo [&hellip;]","og_url":"https:\/\/www.monlau.com\/fp\/2019\/05\/07\/14m-empiezan-las-preinscripciones-de-grado-medio\/","og_site_name":"Formaci\u00f3n profesional","article_published_time":"2019-05-06T22:00:00+00:00","article_modified_time":"2026-03-10T09:03:35+00:00","og_image":[{"width":2560,"height":1707,"url":"https:\/\/www.monlau.com\/app\/uploads\/sites\/3\/2026\/03\/SAGRERA-1030-min-scaled.jpg","type":"image\/jpeg"}],"author":"adsmurai","twitter_card":"summary_large_image","twitter_misc":{"Escrito por":"adsmurai","Tiempo de lectura":"3 minutos"},"schema":{"@context":"https:\/\/schema.org","@graph":[{"@type":"Article","@id":"https:\/\/www.monlau.com\/fp\/2019\/05\/07\/14m-empiezan-las-preinscripciones-de-grado-medio\/#article","isPartOf":{"@id":"https:\/\/www.monlau.com\/fp\/2019\/05\/07\/14m-empiezan-las-preinscripciones-de-grado-medio\/"},"author":{"name":"adsmurai","@id":"https:\/\/www.monlau.com\/fp\/#\/schema\/person\/419cfdf054323e24e0a2ef1d8597f051"},"headline":"14M: Empiezan las preinscripciones de Grado Medio","datePublished":"2019-05-06T22:00:00+00:00","dateModified":"2026-03-10T09:03:35+00:00","mainEntityOfPage":{"@id":"https:\/\/www.monlau.com\/fp\/2019\/05\/07\/14m-empiezan-las-preinscripciones-de-grado-medio\/"},"wordCount":514,"publisher":{"@id":"https:\/\/www.monlau.com\/fp\/#organization"},"image":{"@id":"https:\/\/www.monlau.com\/fp\/2019\/05\/07\/14m-empiezan-las-preinscripciones-de-grado-medio\/#primaryimage"},"thumbnailUrl":"https:\/\/www.monlau.com\/app\/uploads\/sites\/3\/2026\/03\/SAGRERA-1030-min-scaled.jpg","keywords":["Grado Medio","Preinscripci\u00f3n"],"articleSection":["Automoci\u00f3n","Empresa y Marketing","Inform\u00e1tica","Monlau"],"inLanguage":"es"},{"@type":"WebPage","@id":"https:\/\/www.monlau.com\/fp\/2019\/05\/07\/14m-empiezan-las-preinscripciones-de-grado-medio\/","url":"https:\/\/www.monlau.com\/fp\/2019\/05\/07\/14m-empiezan-las-preinscripciones-de-grado-medio\/","name":"14M: Empiezan las preinscripciones de Grado Medio - Formaci\u00f3n profesional","isPartOf":{"@id":"https:\/\/www.monlau.com\/fp\/#website"},"primaryImageOfPage":{"@id":"https:\/\/www.monlau.com\/fp\/2019\/05\/07\/14m-empiezan-las-preinscripciones-de-grado-medio\/#primaryimage"},"image":{"@id":"https:\/\/www.monlau.com\/fp\/2019\/05\/07\/14m-empiezan-las-preinscripciones-de-grado-medio\/#primaryimage"},"thumbnailUrl":"https:\/\/www.monlau.com\/app\/uploads\/sites\/3\/2026\/03\/SAGRERA-1030-min-scaled.jpg","datePublished":"2019-05-06T22:00:00+00:00","dateModified":"2026-03-10T09:03:35+00:00","breadcrumb":{"@id":"https:\/\/www.monlau.com\/fp\/2019\/05\/07\/14m-empiezan-las-preinscripciones-de-grado-medio\/#breadcrumb"},"inLanguage":"es","potentialAction":[{"@type":"ReadAction","target":["https:\/\/www.monlau.com\/fp\/2019\/05\/07\/14m-empiezan-las-preinscripciones-de-grado-medio\/"]}]},{"@type":"ImageObject","inLanguage":"es","@id":"https:\/\/www.monlau.com\/fp\/2019\/05\/07\/14m-empiezan-las-preinscripciones-de-grado-medio\/#primaryimage","url":"https:\/\/www.monlau.com\/app\/uploads\/sites\/3\/2026\/03\/SAGRERA-1030-min-scaled.jpg","contentUrl":"https:\/\/www.monlau.com\/app\/uploads\/sites\/3\/2026\/03\/SAGRERA-1030-min-scaled.jpg","width":2560,"height":1707},{"@type":"BreadcrumbList","@id":"https:\/\/www.monlau.com\/fp\/2019\/05\/07\/14m-empiezan-las-preinscripciones-de-grado-medio\/#breadcrumb","itemListElement":[{"@type":"ListItem","position":1,"name":"Portada","item":"https:\/\/www.monlau.com\/fp\/"},{"@type":"ListItem","position":2,"name":"14M: Empiezan las preinscripciones de Grado Medio"}]},{"@type":"WebSite","@id":"https:\/\/www.monlau.com\/fp\/#website","url":"https:\/\/www.monlau.com\/fp\/","name":"Formaci\u00f3n profesional","description":"Monlau","publisher":{"@id":"https:\/\/www.monlau.com\/fp\/#organization"},"potentialAction":[{"@type":"SearchAction","target":{"@type":"EntryPoint","urlTemplate":"https:\/\/www.monlau.com\/fp\/?s={search_term_string}"},"query-input":{"@type":"PropertyValueSpecification","valueRequired":true,"valueName":"search_term_string"}}],"inLanguage":"es"},{"@type":"Organization","@id":"https:\/\/www.monlau.com\/fp\/#organization","name":"Formaci\u00f3n profesional","url":"https:\/\/www.monlau.com\/fp\/","logo":{"@type":"ImageObject","inLanguage":"es","@id":"https:\/\/www.monlau.com\/fp\/#\/schema\/logo\/image\/","url":"https:\/\/www.monlau.com\/app\/uploads\/sites\/3\/2026\/01\/fp.png","contentUrl":"https:\/\/www.monlau.com\/app\/uploads\/sites\/3\/2026\/01\/fp.png","width":1024,"height":878,"caption":"Formaci\u00f3n profesional"},"image":{"@id":"https:\/\/www.monlau.com\/fp\/#\/schema\/logo\/image\/"}},{"@type":"Person","@id":"https:\/\/www.monlau.com\/fp\/#\/schema\/person\/419cfdf054323e24e0a2ef1d8597f051","name":"adsmurai","image":{"@type":"ImageObject","inLanguage":"es","@id":"https:\/\/secure.gravatar.com\/avatar\/0748788578f91786454454fa3b4c295644edb991ad6caadc70b41d26790d38fc?s=96&d=mm&r=g","url":"https:\/\/secure.gravatar.com\/avatar\/0748788578f91786454454fa3b4c295644edb991ad6caadc70b41d26790d38fc?s=96&d=mm&r=g","contentUrl":"https:\/\/secure.gravatar.com\/avatar\/0748788578f91786454454fa3b4c295644edb991ad6caadc70b41d26790d38fc?s=96&d=mm&r=g","caption":"adsmurai"},"sameAs":["https:\/\/www.monlau.com"],"url":"https:\/\/www.monlau.com\/fp\/author\/adsmurai\/"}]}},"_links":{"self":[{"href":"https:\/\/www.monlau.com\/fp\/wp-json\/wp\/v2\/posts\/5899","targetHints":{"allow":["GET"]}}],"collection":[{"href":"https:\/\/www.monlau.com\/fp\/wp-json\/wp\/v2\/posts"}],"about":[{"href":"https:\/\/www.monlau.com\/fp\/wp-json\/wp\/v2\/types\/post"}],"author":[{"embeddable":true,"href":"https:\/\/www.monlau.com\/fp\/wp-json\/wp\/v2\/users\/1"}],"replies":[{"embeddable":true,"href":"https:\/\/www.monlau.com\/fp\/wp-json\/wp\/v2\/comments?post=5899"}],"version-history":[{"count":1,"href":"https:\/\/www.monlau.com\/fp\/wp-json\/wp\/v2\/posts\/5899\/revisions"}],"predecessor-version":[{"id":6507,"href":"https:\/\/www.monlau.com\/fp\/wp-json\/wp\/v2\/posts\/5899\/revisions\/6507"}],"wp:featuredmedia":[{"embeddable":true,"href":"https:\/\/www.monlau.com\/fp\/wp-json\/wp\/v2\/media\/3256"}],"wp:attachment":[{"href":"https:\/\/www.monlau.com\/fp\/wp-json\/wp\/v2\/media?parent=5899"}],"wp:term":[{"taxonomy":"category","embeddable":true,"href":"https:\/\/www.monlau.com\/fp\/wp-json\/wp\/v2\/categories?post=5899"},{"taxonomy":"post_tag","embeddable":true,"href":"https:\/\/www.monlau.com\/fp\/wp-json\/wp\/v2\/tags?post=5899"}],"curies":[{"name":"wp","href":"https:\/\/api.w.org\/{rel}","templated":true}]}}