{"id":5894,"date":"2019-03-08T00:00:00","date_gmt":"2019-03-07T23:00:00","guid":{"rendered":"https:\/\/www.monlau.com\/formacion-profesional\/8m-celebramos-el-dia-internacional-de-la-mujer-dando-voz-a-nuestras-alumnas-del-area-de-automocion\/"},"modified":"2019-03-08T00:00:00","modified_gmt":"2019-03-07T23:00:00","slug":"8m-celebramos-el-dia-internacional-de-la-mujer-dando-voz-a-nuestras-alumnas-del-area-de-automocion","status":"publish","type":"post","link":"https:\/\/www.monlau.com\/fp\/2019\/03\/08\/8m-celebramos-el-dia-internacional-de-la-mujer-dando-voz-a-nuestras-alumnas-del-area-de-automocion\/","title":{"rendered":"#8M: Celebramos el D\u00eda Internacional de la Mujer dando voz a nuestras alumnas del \u00c1rea de Automoci\u00f3n"},"content":{"rendered":"<p>Est\u00e1n convencidas de su elecci\u00f3n. Decidieron estudiar mec\u00e1nica y no dudan en recomendarlo a otras chicas: \u00ab<em>Adelante: no teng\u00e1is miedo<\/em>\u00ab. <strong>Para conmemorar el D\u00eda Internacional de la Mujer, cuatro estudiantes de primero del <u><a href=\"https:\/\/www.monlau.com\/estudis-professionals\/project\/ciclo-de-grado-superior-de-automocion-presencial\/\">Ciclo Formativo de Grado Superior de Automoci\u00f3n<\/a><\/u> hablan sobre su paso por el centro y de los estereotipos que todav\u00eda se encuentran<\/strong>, principalmente en mundo laboral.<\/p>\n<p>Est\u00e1n dispuestas a cortar con los estereotipos y los conocen de primera mano: \u00ab<em>cuando se trabaja, es lo mismo un hombre que una mujer, somos iguales, cogemos las herramientas igual<\/em>\u00ab, y a\u00f1aden: \u00ab<em>y si no, buscamos otras formas de hacerlo<\/em>\u00ab. Aun as\u00ed, contestan con un S\u00cd rotundo y al un\u00edsono cuando les preguntamos sobre la existencia de estereotipos en el mundo de la mec\u00e1nica \u00ab<em>dependiendo de los talleres<\/em>\u00bb y \u00ab<em>de los clientes<\/em>\u00ab, declaran con pesar.<\/p>\n<p>Pero todo esto queda en un segundo plano. Est\u00e1n ansiosas por \u00ab<em>demostrar<\/em>\u00bb que la mec\u00e1nica no es un mundo exclusivo de los hombres y animan a otras chicas a hacerlo. \u00ab<em>incluso si eres la \u00fanica chica, tambi\u00e9n puedes hacerlo<\/em>\u00ab.<\/p>\n<p>Hay pocas chicas que optan por estudiar <u><a href=\"https:\/\/www.monlau.com\/estudis-professionals\/area-automocion\/\">ciclos formativos de automoci\u00f3n<\/a><\/u>, pero testimonios como el de Gemma Esquerra, Ariadna L\u00f3pez, Alicia Roca y Maria Pijuan, <strong>hacen de Monlau, \u00a1un proyecto educativo para los retos del futuro!<\/strong><\/p>\n<p>Un S\u00cd rotundo #cortamosconlosEstereotipos #EmpoweredWomen<\/p>\n<p><iframe src=\"https:\/\/www.youtube.com\/embed\/aIPMXuhMSm0\" width=\"560\" height=\"315\" frameborder=\"0\" allowfullscreen=\"allowfullscreen\"><\/iframe><\/p>\n","protected":false},"excerpt":{"rendered":"<p>Est\u00e1n convencidas de su elecci\u00f3n. Decidieron estudiar mec\u00e1nica y no dudan en recomendarlo a otras chicas: \u00abAdelante: no teng\u00e1is miedo\u00ab. Para conmemorar el D\u00eda Internacional de la Mujer, cuatro estudiantes de primero del Ciclo Formativo de Grado Superior de Automoci\u00f3n hablan sobre su paso por el centro y de los estereotipos que todav\u00eda se encuentran, [&hellip;]<\/p>\n","protected":false},"author":1,"featured_media":3241,"comment_status":"closed","ping_status":"closed","sticky":false,"template":"","format":"standard","meta":{"footnotes":""},"categories":[36,57],"tags":[58,59,60],"class_list":["post-5894","post","type-post","status-publish","format-standard","has-post-thumbnail","hentry","category-automocion","category-monlau","tag-8-de-marzo","tag-dia-internacional-de-la-mujer","tag-igualdad"],"yoast_head":"<!-- This site is optimized with the Yoast SEO plugin v27.2 - https:\/\/yoast.com\/product\/yoast-seo-wordpress\/ -->\n<title>#8M: Celebramos el D\u00eda Internacional de la Mujer dando voz a nuestras alumnas del \u00c1rea de Automoci\u00f3n - Formaci\u00f3n profesional<\/title>\n<meta name=\"robots\" content=\"index, follow, max-snippet:-1, max-image-preview:large, max-video-preview:-1\" \/>\n<link rel=\"canonical\" href=\"https:\/\/www.monlau.com\/fp\/2019\/03\/08\/8m-celebramos-el-dia-internacional-de-la-mujer-dando-voz-a-nuestras-alumnas-del-area-de-automocion\/\" \/>\n<meta property=\"og:locale\" content=\"es_ES\" \/>\n<meta property=\"og:type\" content=\"article\" \/>\n<meta property=\"og:title\" content=\"#8M: Celebramos el D\u00eda Internacional de la Mujer dando voz a nuestras alumnas del \u00c1rea de Automoci\u00f3n - Formaci\u00f3n profesional\" \/>\n<meta property=\"og:description\" content=\"Est\u00e1n convencidas de su elecci\u00f3n. Decidieron estudiar mec\u00e1nica y no dudan en recomendarlo a otras chicas: \u00abAdelante: no teng\u00e1is miedo\u00ab. Para conmemorar el D\u00eda Internacional de la Mujer, cuatro estudiantes de primero del Ciclo Formativo de Grado Superior de Automoci\u00f3n hablan sobre su paso por el centro y de los estereotipos que todav\u00eda se encuentran, [&hellip;]\" \/>\n<meta property=\"og:url\" content=\"https:\/\/www.monlau.com\/fp\/2019\/03\/08\/8m-celebramos-el-dia-internacional-de-la-mujer-dando-voz-a-nuestras-alumnas-del-area-de-automocion\/\" \/>\n<meta property=\"og:site_name\" content=\"Formaci\u00f3n profesional\" \/>\n<meta property=\"article:published_time\" content=\"2019-03-07T23:00:00+00:00\" \/>\n<meta property=\"og:image\" content=\"https:\/\/www.monlau.com\/app\/uploads\/sites\/3\/2026\/03\/8demarzo-diadelamujer.png\" \/>\n\t<meta property=\"og:image:width\" content=\"1000\" \/>\n\t<meta property=\"og:image:height\" content=\"563\" \/>\n\t<meta property=\"og:image:type\" content=\"image\/png\" \/>\n<meta name=\"author\" content=\"adsmurai\" \/>\n<meta name=\"twitter:card\" content=\"summary_large_image\" \/>\n<meta name=\"twitter:label1\" content=\"Escrito por\" \/>\n\t<meta name=\"twitter:data1\" content=\"adsmurai\" \/>\n\t<meta name=\"twitter:label2\" content=\"Tiempo de lectura\" \/>\n\t<meta name=\"twitter:data2\" content=\"1 minuto\" \/>\n<script type=\"application\/ld+json\" class=\"yoast-schema-graph\">{\"@context\":\"https:\/\/schema.org\",\"@graph\":[{\"@type\":\"Article\",\"@id\":\"https:\/\/www.monlau.com\/fp\/2019\/03\/08\/8m-celebramos-el-dia-internacional-de-la-mujer-dando-voz-a-nuestras-alumnas-del-area-de-automocion\/#article\",\"isPartOf\":{\"@id\":\"https:\/\/www.monlau.com\/fp\/2019\/03\/08\/8m-celebramos-el-dia-internacional-de-la-mujer-dando-voz-a-nuestras-alumnas-del-area-de-automocion\/\"},\"author\":{\"name\":\"adsmurai\",\"@id\":\"https:\/\/www.monlau.com\/fp\/#\/schema\/person\/419cfdf054323e24e0a2ef1d8597f051\"},\"headline\":\"#8M: Celebramos el D\u00eda Internacional de la Mujer dando voz a nuestras alumnas del \u00c1rea de Automoci\u00f3n\",\"datePublished\":\"2019-03-07T23:00:00+00:00\",\"mainEntityOfPage\":{\"@id\":\"https:\/\/www.monlau.com\/fp\/2019\/03\/08\/8m-celebramos-el-dia-internacional-de-la-mujer-dando-voz-a-nuestras-alumnas-del-area-de-automocion\/\"},\"wordCount\":249,\"publisher\":{\"@id\":\"https:\/\/www.monlau.com\/fp\/#organization\"},\"image\":{\"@id\":\"https:\/\/www.monlau.com\/fp\/2019\/03\/08\/8m-celebramos-el-dia-internacional-de-la-mujer-dando-voz-a-nuestras-alumnas-del-area-de-automocion\/#primaryimage\"},\"thumbnailUrl\":\"https:\/\/www.monlau.com\/app\/uploads\/sites\/3\/2026\/03\/8demarzo-diadelamujer.png\",\"keywords\":[\"8 de marzo\",\"D\u00eda Internacional de la Mujer\",\"igualdad\"],\"articleSection\":[\"Automoci\u00f3n\",\"Monlau\"],\"inLanguage\":\"es\"},{\"@type\":\"WebPage\",\"@id\":\"https:\/\/www.monlau.com\/fp\/2019\/03\/08\/8m-celebramos-el-dia-internacional-de-la-mujer-dando-voz-a-nuestras-alumnas-del-area-de-automocion\/\",\"url\":\"https:\/\/www.monlau.com\/fp\/2019\/03\/08\/8m-celebramos-el-dia-internacional-de-la-mujer-dando-voz-a-nuestras-alumnas-del-area-de-automocion\/\",\"name\":\"#8M: Celebramos el D\u00eda Internacional de la Mujer dando voz a nuestras alumnas del \u00c1rea de Automoci\u00f3n - Formaci\u00f3n profesional\",\"isPartOf\":{\"@id\":\"https:\/\/www.monlau.com\/fp\/#website\"},\"primaryImageOfPage\":{\"@id\":\"https:\/\/www.monlau.com\/fp\/2019\/03\/08\/8m-celebramos-el-dia-internacional-de-la-mujer-dando-voz-a-nuestras-alumnas-del-area-de-automocion\/#primaryimage\"},\"image\":{\"@id\":\"https:\/\/www.monlau.com\/fp\/2019\/03\/08\/8m-celebramos-el-dia-internacional-de-la-mujer-dando-voz-a-nuestras-alumnas-del-area-de-automocion\/#primaryimage\"},\"thumbnailUrl\":\"https:\/\/www.monlau.com\/app\/uploads\/sites\/3\/2026\/03\/8demarzo-diadelamujer.png\",\"datePublished\":\"2019-03-07T23:00:00+00:00\",\"breadcrumb\":{\"@id\":\"https:\/\/www.monlau.com\/fp\/2019\/03\/08\/8m-celebramos-el-dia-internacional-de-la-mujer-dando-voz-a-nuestras-alumnas-del-area-de-automocion\/#breadcrumb\"},\"inLanguage\":\"es\",\"potentialAction\":[{\"@type\":\"ReadAction\",\"target\":[\"https:\/\/www.monlau.com\/fp\/2019\/03\/08\/8m-celebramos-el-dia-internacional-de-la-mujer-dando-voz-a-nuestras-alumnas-del-area-de-automocion\/\"]}]},{\"@type\":\"ImageObject\",\"inLanguage\":\"es\",\"@id\":\"https:\/\/www.monlau.com\/fp\/2019\/03\/08\/8m-celebramos-el-dia-internacional-de-la-mujer-dando-voz-a-nuestras-alumnas-del-area-de-automocion\/#primaryimage\",\"url\":\"https:\/\/www.monlau.com\/app\/uploads\/sites\/3\/2026\/03\/8demarzo-diadelamujer.png\",\"contentUrl\":\"https:\/\/www.monlau.com\/app\/uploads\/sites\/3\/2026\/03\/8demarzo-diadelamujer.png\",\"width\":1000,\"height\":563},{\"@type\":\"BreadcrumbList\",\"@id\":\"https:\/\/www.monlau.com\/fp\/2019\/03\/08\/8m-celebramos-el-dia-internacional-de-la-mujer-dando-voz-a-nuestras-alumnas-del-area-de-automocion\/#breadcrumb\",\"itemListElement\":[{\"@type\":\"ListItem\",\"position\":1,\"name\":\"Portada\",\"item\":\"https:\/\/www.monlau.com\/fp\/\"},{\"@type\":\"ListItem\",\"position\":2,\"name\":\"#8M: Celebramos el D\u00eda Internacional de la Mujer dando voz a nuestras alumnas del \u00c1rea de Automoci\u00f3n\"}]},{\"@type\":\"WebSite\",\"@id\":\"https:\/\/www.monlau.com\/fp\/#website\",\"url\":\"https:\/\/www.monlau.com\/fp\/\",\"name\":\"Formaci\u00f3n profesional\",\"description\":\"Monlau\",\"publisher\":{\"@id\":\"https:\/\/www.monlau.com\/fp\/#organization\"},\"potentialAction\":[{\"@type\":\"SearchAction\",\"target\":{\"@type\":\"EntryPoint\",\"urlTemplate\":\"https:\/\/www.monlau.com\/fp\/?s={search_term_string}\"},\"query-input\":{\"@type\":\"PropertyValueSpecification\",\"valueRequired\":true,\"valueName\":\"search_term_string\"}}],\"inLanguage\":\"es\"},{\"@type\":\"Organization\",\"@id\":\"https:\/\/www.monlau.com\/fp\/#organization\",\"name\":\"Formaci\u00f3n profesional\",\"url\":\"https:\/\/www.monlau.com\/fp\/\",\"logo\":{\"@type\":\"ImageObject\",\"inLanguage\":\"es\",\"@id\":\"https:\/\/www.monlau.com\/fp\/#\/schema\/logo\/image\/\",\"url\":\"https:\/\/www.monlau.com\/app\/uploads\/sites\/3\/2026\/01\/fp.png\",\"contentUrl\":\"https:\/\/www.monlau.com\/app\/uploads\/sites\/3\/2026\/01\/fp.png\",\"width\":1024,\"height\":878,\"caption\":\"Formaci\u00f3n profesional\"},\"image\":{\"@id\":\"https:\/\/www.monlau.com\/fp\/#\/schema\/logo\/image\/\"}},{\"@type\":\"Person\",\"@id\":\"https:\/\/www.monlau.com\/fp\/#\/schema\/person\/419cfdf054323e24e0a2ef1d8597f051\",\"name\":\"adsmurai\",\"image\":{\"@type\":\"ImageObject\",\"inLanguage\":\"es\",\"@id\":\"https:\/\/secure.gravatar.com\/avatar\/0748788578f91786454454fa3b4c295644edb991ad6caadc70b41d26790d38fc?s=96&d=mm&r=g\",\"url\":\"https:\/\/secure.gravatar.com\/avatar\/0748788578f91786454454fa3b4c295644edb991ad6caadc70b41d26790d38fc?s=96&d=mm&r=g\",\"contentUrl\":\"https:\/\/secure.gravatar.com\/avatar\/0748788578f91786454454fa3b4c295644edb991ad6caadc70b41d26790d38fc?s=96&d=mm&r=g\",\"caption\":\"adsmurai\"},\"sameAs\":[\"https:\/\/www.monlau.com\"],\"url\":\"https:\/\/www.monlau.com\/fp\/author\/adsmurai\/\"}]}<\/script>\n<!-- \/ Yoast SEO plugin. -->","yoast_head_json":{"title":"#8M: Celebramos el D\u00eda Internacional de la Mujer dando voz a nuestras alumnas del \u00c1rea de Automoci\u00f3n - Formaci\u00f3n profesional","robots":{"index":"index","follow":"follow","max-snippet":"max-snippet:-1","max-image-preview":"max-image-preview:large","max-video-preview":"max-video-preview:-1"},"canonical":"https:\/\/www.monlau.com\/fp\/2019\/03\/08\/8m-celebramos-el-dia-internacional-de-la-mujer-dando-voz-a-nuestras-alumnas-del-area-de-automocion\/","og_locale":"es_ES","og_type":"article","og_title":"#8M: Celebramos el D\u00eda Internacional de la Mujer dando voz a nuestras alumnas del \u00c1rea de Automoci\u00f3n - Formaci\u00f3n profesional","og_description":"Est\u00e1n convencidas de su elecci\u00f3n. Decidieron estudiar mec\u00e1nica y no dudan en recomendarlo a otras chicas: \u00abAdelante: no teng\u00e1is miedo\u00ab. Para conmemorar el D\u00eda Internacional de la Mujer, cuatro estudiantes de primero del Ciclo Formativo de Grado Superior de Automoci\u00f3n hablan sobre su paso por el centro y de los estereotipos que todav\u00eda se encuentran, [&hellip;]","og_url":"https:\/\/www.monlau.com\/fp\/2019\/03\/08\/8m-celebramos-el-dia-internacional-de-la-mujer-dando-voz-a-nuestras-alumnas-del-area-de-automocion\/","og_site_name":"Formaci\u00f3n profesional","article_published_time":"2019-03-07T23:00:00+00:00","og_image":[{"width":1000,"height":563,"url":"https:\/\/www.monlau.com\/app\/uploads\/sites\/3\/2026\/03\/8demarzo-diadelamujer.png","type":"image\/png"}],"author":"adsmurai","twitter_card":"summary_large_image","twitter_misc":{"Escrito por":"adsmurai","Tiempo de lectura":"1 minuto"},"schema":{"@context":"https:\/\/schema.org","@graph":[{"@type":"Article","@id":"https:\/\/www.monlau.com\/fp\/2019\/03\/08\/8m-celebramos-el-dia-internacional-de-la-mujer-dando-voz-a-nuestras-alumnas-del-area-de-automocion\/#article","isPartOf":{"@id":"https:\/\/www.monlau.com\/fp\/2019\/03\/08\/8m-celebramos-el-dia-internacional-de-la-mujer-dando-voz-a-nuestras-alumnas-del-area-de-automocion\/"},"author":{"name":"adsmurai","@id":"https:\/\/www.monlau.com\/fp\/#\/schema\/person\/419cfdf054323e24e0a2ef1d8597f051"},"headline":"#8M: Celebramos el D\u00eda Internacional de la Mujer dando voz a nuestras alumnas del \u00c1rea de Automoci\u00f3n","datePublished":"2019-03-07T23:00:00+00:00","mainEntityOfPage":{"@id":"https:\/\/www.monlau.com\/fp\/2019\/03\/08\/8m-celebramos-el-dia-internacional-de-la-mujer-dando-voz-a-nuestras-alumnas-del-area-de-automocion\/"},"wordCount":249,"publisher":{"@id":"https:\/\/www.monlau.com\/fp\/#organization"},"image":{"@id":"https:\/\/www.monlau.com\/fp\/2019\/03\/08\/8m-celebramos-el-dia-internacional-de-la-mujer-dando-voz-a-nuestras-alumnas-del-area-de-automocion\/#primaryimage"},"thumbnailUrl":"https:\/\/www.monlau.com\/app\/uploads\/sites\/3\/2026\/03\/8demarzo-diadelamujer.png","keywords":["8 de marzo","D\u00eda Internacional de la Mujer","igualdad"],"articleSection":["Automoci\u00f3n","Monlau"],"inLanguage":"es"},{"@type":"WebPage","@id":"https:\/\/www.monlau.com\/fp\/2019\/03\/08\/8m-celebramos-el-dia-internacional-de-la-mujer-dando-voz-a-nuestras-alumnas-del-area-de-automocion\/","url":"https:\/\/www.monlau.com\/fp\/2019\/03\/08\/8m-celebramos-el-dia-internacional-de-la-mujer-dando-voz-a-nuestras-alumnas-del-area-de-automocion\/","name":"#8M: Celebramos el D\u00eda Internacional de la Mujer dando voz a nuestras alumnas del \u00c1rea de Automoci\u00f3n - Formaci\u00f3n profesional","isPartOf":{"@id":"https:\/\/www.monlau.com\/fp\/#website"},"primaryImageOfPage":{"@id":"https:\/\/www.monlau.com\/fp\/2019\/03\/08\/8m-celebramos-el-dia-internacional-de-la-mujer-dando-voz-a-nuestras-alumnas-del-area-de-automocion\/#primaryimage"},"image":{"@id":"https:\/\/www.monlau.com\/fp\/2019\/03\/08\/8m-celebramos-el-dia-internacional-de-la-mujer-dando-voz-a-nuestras-alumnas-del-area-de-automocion\/#primaryimage"},"thumbnailUrl":"https:\/\/www.monlau.com\/app\/uploads\/sites\/3\/2026\/03\/8demarzo-diadelamujer.png","datePublished":"2019-03-07T23:00:00+00:00","breadcrumb":{"@id":"https:\/\/www.monlau.com\/fp\/2019\/03\/08\/8m-celebramos-el-dia-internacional-de-la-mujer-dando-voz-a-nuestras-alumnas-del-area-de-automocion\/#breadcrumb"},"inLanguage":"es","potentialAction":[{"@type":"ReadAction","target":["https:\/\/www.monlau.com\/fp\/2019\/03\/08\/8m-celebramos-el-dia-internacional-de-la-mujer-dando-voz-a-nuestras-alumnas-del-area-de-automocion\/"]}]},{"@type":"ImageObject","inLanguage":"es","@id":"https:\/\/www.monlau.com\/fp\/2019\/03\/08\/8m-celebramos-el-dia-internacional-de-la-mujer-dando-voz-a-nuestras-alumnas-del-area-de-automocion\/#primaryimage","url":"https:\/\/www.monlau.com\/app\/uploads\/sites\/3\/2026\/03\/8demarzo-diadelamujer.png","contentUrl":"https:\/\/www.monlau.com\/app\/uploads\/sites\/3\/2026\/03\/8demarzo-diadelamujer.png","width":1000,"height":563},{"@type":"BreadcrumbList","@id":"https:\/\/www.monlau.com\/fp\/2019\/03\/08\/8m-celebramos-el-dia-internacional-de-la-mujer-dando-voz-a-nuestras-alumnas-del-area-de-automocion\/#breadcrumb","itemListElement":[{"@type":"ListItem","position":1,"name":"Portada","item":"https:\/\/www.monlau.com\/fp\/"},{"@type":"ListItem","position":2,"name":"#8M: Celebramos el D\u00eda Internacional de la Mujer dando voz a nuestras alumnas del \u00c1rea de Automoci\u00f3n"}]},{"@type":"WebSite","@id":"https:\/\/www.monlau.com\/fp\/#website","url":"https:\/\/www.monlau.com\/fp\/","name":"Formaci\u00f3n profesional","description":"Monlau","publisher":{"@id":"https:\/\/www.monlau.com\/fp\/#organization"},"potentialAction":[{"@type":"SearchAction","target":{"@type":"EntryPoint","urlTemplate":"https:\/\/www.monlau.com\/fp\/?s={search_term_string}"},"query-input":{"@type":"PropertyValueSpecification","valueRequired":true,"valueName":"search_term_string"}}],"inLanguage":"es"},{"@type":"Organization","@id":"https:\/\/www.monlau.com\/fp\/#organization","name":"Formaci\u00f3n profesional","url":"https:\/\/www.monlau.com\/fp\/","logo":{"@type":"ImageObject","inLanguage":"es","@id":"https:\/\/www.monlau.com\/fp\/#\/schema\/logo\/image\/","url":"https:\/\/www.monlau.com\/app\/uploads\/sites\/3\/2026\/01\/fp.png","contentUrl":"https:\/\/www.monlau.com\/app\/uploads\/sites\/3\/2026\/01\/fp.png","width":1024,"height":878,"caption":"Formaci\u00f3n profesional"},"image":{"@id":"https:\/\/www.monlau.com\/fp\/#\/schema\/logo\/image\/"}},{"@type":"Person","@id":"https:\/\/www.monlau.com\/fp\/#\/schema\/person\/419cfdf054323e24e0a2ef1d8597f051","name":"adsmurai","image":{"@type":"ImageObject","inLanguage":"es","@id":"https:\/\/secure.gravatar.com\/avatar\/0748788578f91786454454fa3b4c295644edb991ad6caadc70b41d26790d38fc?s=96&d=mm&r=g","url":"https:\/\/secure.gravatar.com\/avatar\/0748788578f91786454454fa3b4c295644edb991ad6caadc70b41d26790d38fc?s=96&d=mm&r=g","contentUrl":"https:\/\/secure.gravatar.com\/avatar\/0748788578f91786454454fa3b4c295644edb991ad6caadc70b41d26790d38fc?s=96&d=mm&r=g","caption":"adsmurai"},"sameAs":["https:\/\/www.monlau.com"],"url":"https:\/\/www.monlau.com\/fp\/author\/adsmurai\/"}]}},"_links":{"self":[{"href":"https:\/\/www.monlau.com\/fp\/wp-json\/wp\/v2\/posts\/5894","targetHints":{"allow":["GET"]}}],"collection":[{"href":"https:\/\/www.monlau.com\/fp\/wp-json\/wp\/v2\/posts"}],"about":[{"href":"https:\/\/www.monlau.com\/fp\/wp-json\/wp\/v2\/types\/post"}],"author":[{"embeddable":true,"href":"https:\/\/www.monlau.com\/fp\/wp-json\/wp\/v2\/users\/1"}],"replies":[{"embeddable":true,"href":"https:\/\/www.monlau.com\/fp\/wp-json\/wp\/v2\/comments?post=5894"}],"version-history":[{"count":0,"href":"https:\/\/www.monlau.com\/fp\/wp-json\/wp\/v2\/posts\/5894\/revisions"}],"wp:featuredmedia":[{"embeddable":true,"href":"https:\/\/www.monlau.com\/fp\/wp-json\/wp\/v2\/media\/3241"}],"wp:attachment":[{"href":"https:\/\/www.monlau.com\/fp\/wp-json\/wp\/v2\/media?parent=5894"}],"wp:term":[{"taxonomy":"category","embeddable":true,"href":"https:\/\/www.monlau.com\/fp\/wp-json\/wp\/v2\/categories?post=5894"},{"taxonomy":"post_tag","embeddable":true,"href":"https:\/\/www.monlau.com\/fp\/wp-json\/wp\/v2\/tags?post=5894"}],"curies":[{"name":"wp","href":"https:\/\/api.w.org\/{rel}","templated":true}]}}