{"id":5893,"date":"2019-01-28T00:00:00","date_gmt":"2019-01-27T23:00:00","guid":{"rendered":"https:\/\/www.monlau.com\/formacion-profesional\/un-aprendizaje-de-alto-rendimiento-la-formacion-dual-en-automocion\/"},"modified":"2026-03-17T10:32:33","modified_gmt":"2026-03-17T09:32:33","slug":"un-aprendizaje-de-alto-rendimiento-la-formacion-dual-en-automocion","status":"publish","type":"post","link":"https:\/\/www.monlau.com\/fp\/2019\/01\/28\/un-aprendizaje-de-alto-rendimiento-la-formacion-dual-en-automocion\/","title":{"rendered":"Un aprendizaje de alto rendimiento: la formaci\u00f3n dual en automoci\u00f3n"},"content":{"rendered":"<p>En el curso 2017-18 se han graduado los primeros alumnos del Grado Superior de Automoci\u00f3n que optaron por la modalidad dual. Aproximadamente una cuarentena de alumnos ha compaginado los estudios en Monlau La Maquinista con la integraci\u00f3n y aprendizaje en la empresa, en un modelo pionero de corresponsabilidad en la formaci\u00f3n acad\u00e9mica y profesional de los y las j\u00f3venes.<\/p>\n<p>Una experiencia innovadora sin duda, y que ha sido todo un reto para nuestros estudios. El alumnado realiza casi 1.000 horas de pr\u00e1cticas y su formaci\u00f3n te\u00f3rica es pr\u00e1cticamente la misma que el resto de los alumnos, aunque en el segundo curso realiza tres horas lectivas a Monlau y las dos restantes en el taller.<\/p>\n<p><strong>Aprendizajes y mejoras <\/strong><\/p>\n<p>El primer escenario en el que se encuentran los alumnos es un proceso de selecci\u00f3n de personal REAL. Primero por parte del profesorado del centro y un segundo t\u00e9rmino, por los departamentos de RRHH de las diferentes empresas concesionarias y empresas de automoci\u00f3n.<\/p>\n<p>Una vez seleccionados, la empresa establece un periodo prueba de entre 80 y 100 horas que les permitir\u00e1 comenzar su formaci\u00f3n en la empresa. A partir de aqu\u00ed, encontramos los factores m\u00e1s determinantes que destacan los alumnos: una mayor formaci\u00f3n t\u00e9cnica real, una beca y \/ o contrato laboral con una peque\u00f1a remuneraci\u00f3n y la oportunidad de empezar a hacer crecer su curr\u00edculo profesional con experiencia real.<\/p>\n<p>La experiencia es exigente. La jornada completa en la empresa se debe compaginar con la formaci\u00f3n te\u00f3rica-pr\u00e1ctica el centro y el cansancio mental y f\u00edsico puede pasar factura. Aun as\u00ed, los alumnos est\u00e1n satisfechos con la experiencia y alrededor del 50% de los que han optado por esta modalidad han conseguido un contrato laboral en la misma empresa.<\/p>\n<p>Un reto para el alumnado, pero tambi\u00e9n por Monlau como centro de referencia en el \u00e1rea de Automoci\u00f3n. Tenemos mucho que aprender, pero estamos seguros de que esta apuesta nos llevar\u00e1 a una mejor calidad acad\u00e9mica para nuestros graduados.<\/p>\n<p>\u00a1Seguimos adelante!<\/p>\n<h4>Oriol Puiggermanal<\/h4>\n<p>Jefe de estudios de Grado Superior de Automoci\u00f3n<\/p>\n","protected":false},"excerpt":{"rendered":"<p>En el curso 2017-18 se han graduado los primeros alumnos del Grado Superior de Automoci\u00f3n que optaron por la modalidad dual. Aproximadamente una cuarentena de alumnos ha compaginado los estudios en Monlau La Maquinista con la integraci\u00f3n y aprendizaje en la empresa, en un modelo pionero de corresponsabilidad en la formaci\u00f3n acad\u00e9mica y profesional de [&hellip;]<\/p>\n","protected":false},"author":2,"featured_media":2846,"comment_status":"closed","ping_status":"closed","sticky":false,"template":"","format":"standard","meta":{"footnotes":""},"categories":[36,31],"tags":[],"class_list":["post-5893","post","type-post","status-publish","format-standard","has-post-thumbnail","hentry","category-automocion","category-fp-dual"],"yoast_head":"<!-- This site is optimized with the Yoast SEO plugin v27.2 - https:\/\/yoast.com\/product\/yoast-seo-wordpress\/ -->\n<title>Un aprendizaje de alto rendimiento: la formaci\u00f3n dual en automoci\u00f3n - Formaci\u00f3n profesional<\/title>\n<meta name=\"robots\" content=\"index, follow, max-snippet:-1, max-image-preview:large, max-video-preview:-1\" \/>\n<link rel=\"canonical\" href=\"https:\/\/www.monlau.com\/fp\/2019\/01\/28\/un-aprendizaje-de-alto-rendimiento-la-formacion-dual-en-automocion\/\" \/>\n<meta property=\"og:locale\" content=\"es_ES\" \/>\n<meta property=\"og:type\" content=\"article\" \/>\n<meta property=\"og:title\" content=\"Un aprendizaje de alto rendimiento: la formaci\u00f3n dual en automoci\u00f3n - Formaci\u00f3n profesional\" \/>\n<meta property=\"og:description\" content=\"En el curso 2017-18 se han graduado los primeros alumnos del Grado Superior de Automoci\u00f3n que optaron por la modalidad dual. Aproximadamente una cuarentena de alumnos ha compaginado los estudios en Monlau La Maquinista con la integraci\u00f3n y aprendizaje en la empresa, en un modelo pionero de corresponsabilidad en la formaci\u00f3n acad\u00e9mica y profesional de [&hellip;]\" \/>\n<meta property=\"og:url\" content=\"https:\/\/www.monlau.com\/fp\/2019\/01\/28\/un-aprendizaje-de-alto-rendimiento-la-formacion-dual-en-automocion\/\" \/>\n<meta property=\"og:site_name\" content=\"Formaci\u00f3n profesional\" \/>\n<meta property=\"article:published_time\" content=\"2019-01-27T23:00:00+00:00\" \/>\n<meta property=\"article:modified_time\" content=\"2026-03-17T09:32:33+00:00\" \/>\n<meta property=\"og:image\" content=\"https:\/\/www.monlau.com\/app\/uploads\/sites\/3\/2026\/02\/CARACAS-0428.jpg\" \/>\n\t<meta property=\"og:image:width\" content=\"1339\" \/>\n\t<meta property=\"og:image:height\" content=\"893\" \/>\n\t<meta property=\"og:image:type\" content=\"image\/jpeg\" \/>\n<meta name=\"author\" content=\"monlauuser\" \/>\n<meta name=\"twitter:card\" content=\"summary_large_image\" \/>\n<meta name=\"twitter:label1\" content=\"Escrito por\" \/>\n\t<meta name=\"twitter:data1\" content=\"monlauuser\" \/>\n\t<meta name=\"twitter:label2\" content=\"Tiempo de lectura\" \/>\n\t<meta name=\"twitter:data2\" content=\"2 minutos\" \/>\n<script type=\"application\/ld+json\" class=\"yoast-schema-graph\">{\"@context\":\"https:\/\/schema.org\",\"@graph\":[{\"@type\":\"Article\",\"@id\":\"https:\/\/www.monlau.com\/fp\/2019\/01\/28\/un-aprendizaje-de-alto-rendimiento-la-formacion-dual-en-automocion\/#article\",\"isPartOf\":{\"@id\":\"https:\/\/www.monlau.com\/fp\/2019\/01\/28\/un-aprendizaje-de-alto-rendimiento-la-formacion-dual-en-automocion\/\"},\"author\":{\"name\":\"monlauuser\",\"@id\":\"https:\/\/www.monlau.com\/fp\/#\/schema\/person\/419630ffac9ae08417c894a53e55910c\"},\"headline\":\"Un aprendizaje de alto rendimiento: la formaci\u00f3n dual en automoci\u00f3n\",\"datePublished\":\"2019-01-27T23:00:00+00:00\",\"dateModified\":\"2026-03-17T09:32:33+00:00\",\"mainEntityOfPage\":{\"@id\":\"https:\/\/www.monlau.com\/fp\/2019\/01\/28\/un-aprendizaje-de-alto-rendimiento-la-formacion-dual-en-automocion\/\"},\"wordCount\":371,\"publisher\":{\"@id\":\"https:\/\/www.monlau.com\/fp\/#organization\"},\"image\":{\"@id\":\"https:\/\/www.monlau.com\/fp\/2019\/01\/28\/un-aprendizaje-de-alto-rendimiento-la-formacion-dual-en-automocion\/#primaryimage\"},\"thumbnailUrl\":\"https:\/\/www.monlau.com\/app\/uploads\/sites\/3\/2026\/02\/CARACAS-0428.jpg\",\"articleSection\":[\"Automoci\u00f3n\",\"FP Dual\"],\"inLanguage\":\"es\"},{\"@type\":\"WebPage\",\"@id\":\"https:\/\/www.monlau.com\/fp\/2019\/01\/28\/un-aprendizaje-de-alto-rendimiento-la-formacion-dual-en-automocion\/\",\"url\":\"https:\/\/www.monlau.com\/fp\/2019\/01\/28\/un-aprendizaje-de-alto-rendimiento-la-formacion-dual-en-automocion\/\",\"name\":\"Un aprendizaje de alto rendimiento: la formaci\u00f3n dual en automoci\u00f3n - Formaci\u00f3n profesional\",\"isPartOf\":{\"@id\":\"https:\/\/www.monlau.com\/fp\/#website\"},\"primaryImageOfPage\":{\"@id\":\"https:\/\/www.monlau.com\/fp\/2019\/01\/28\/un-aprendizaje-de-alto-rendimiento-la-formacion-dual-en-automocion\/#primaryimage\"},\"image\":{\"@id\":\"https:\/\/www.monlau.com\/fp\/2019\/01\/28\/un-aprendizaje-de-alto-rendimiento-la-formacion-dual-en-automocion\/#primaryimage\"},\"thumbnailUrl\":\"https:\/\/www.monlau.com\/app\/uploads\/sites\/3\/2026\/02\/CARACAS-0428.jpg\",\"datePublished\":\"2019-01-27T23:00:00+00:00\",\"dateModified\":\"2026-03-17T09:32:33+00:00\",\"breadcrumb\":{\"@id\":\"https:\/\/www.monlau.com\/fp\/2019\/01\/28\/un-aprendizaje-de-alto-rendimiento-la-formacion-dual-en-automocion\/#breadcrumb\"},\"inLanguage\":\"es\",\"potentialAction\":[{\"@type\":\"ReadAction\",\"target\":[\"https:\/\/www.monlau.com\/fp\/2019\/01\/28\/un-aprendizaje-de-alto-rendimiento-la-formacion-dual-en-automocion\/\"]}]},{\"@type\":\"ImageObject\",\"inLanguage\":\"es\",\"@id\":\"https:\/\/www.monlau.com\/fp\/2019\/01\/28\/un-aprendizaje-de-alto-rendimiento-la-formacion-dual-en-automocion\/#primaryimage\",\"url\":\"https:\/\/www.monlau.com\/app\/uploads\/sites\/3\/2026\/02\/CARACAS-0428.jpg\",\"contentUrl\":\"https:\/\/www.monlau.com\/app\/uploads\/sites\/3\/2026\/02\/CARACAS-0428.jpg\",\"width\":1339,\"height\":893},{\"@type\":\"BreadcrumbList\",\"@id\":\"https:\/\/www.monlau.com\/fp\/2019\/01\/28\/un-aprendizaje-de-alto-rendimiento-la-formacion-dual-en-automocion\/#breadcrumb\",\"itemListElement\":[{\"@type\":\"ListItem\",\"position\":1,\"name\":\"Portada\",\"item\":\"https:\/\/www.monlau.com\/fp\/\"},{\"@type\":\"ListItem\",\"position\":2,\"name\":\"Un aprendizaje de alto rendimiento: la formaci\u00f3n dual en automoci\u00f3n\"}]},{\"@type\":\"WebSite\",\"@id\":\"https:\/\/www.monlau.com\/fp\/#website\",\"url\":\"https:\/\/www.monlau.com\/fp\/\",\"name\":\"Formaci\u00f3n profesional\",\"description\":\"Monlau\",\"publisher\":{\"@id\":\"https:\/\/www.monlau.com\/fp\/#organization\"},\"potentialAction\":[{\"@type\":\"SearchAction\",\"target\":{\"@type\":\"EntryPoint\",\"urlTemplate\":\"https:\/\/www.monlau.com\/fp\/?s={search_term_string}\"},\"query-input\":{\"@type\":\"PropertyValueSpecification\",\"valueRequired\":true,\"valueName\":\"search_term_string\"}}],\"inLanguage\":\"es\"},{\"@type\":\"Organization\",\"@id\":\"https:\/\/www.monlau.com\/fp\/#organization\",\"name\":\"Formaci\u00f3n profesional\",\"url\":\"https:\/\/www.monlau.com\/fp\/\",\"logo\":{\"@type\":\"ImageObject\",\"inLanguage\":\"es\",\"@id\":\"https:\/\/www.monlau.com\/fp\/#\/schema\/logo\/image\/\",\"url\":\"https:\/\/www.monlau.com\/app\/uploads\/sites\/3\/2026\/01\/fp.png\",\"contentUrl\":\"https:\/\/www.monlau.com\/app\/uploads\/sites\/3\/2026\/01\/fp.png\",\"width\":1024,\"height\":878,\"caption\":\"Formaci\u00f3n profesional\"},\"image\":{\"@id\":\"https:\/\/www.monlau.com\/fp\/#\/schema\/logo\/image\/\"}},{\"@type\":\"Person\",\"@id\":\"https:\/\/www.monlau.com\/fp\/#\/schema\/person\/419630ffac9ae08417c894a53e55910c\",\"name\":\"monlauuser\",\"image\":{\"@type\":\"ImageObject\",\"inLanguage\":\"es\",\"@id\":\"https:\/\/secure.gravatar.com\/avatar\/ab9c6e5fc6872da09790b5919f6edfdffde75802c06338ac68a484f8e7813f81?s=96&d=mm&r=g\",\"url\":\"https:\/\/secure.gravatar.com\/avatar\/ab9c6e5fc6872da09790b5919f6edfdffde75802c06338ac68a484f8e7813f81?s=96&d=mm&r=g\",\"contentUrl\":\"https:\/\/secure.gravatar.com\/avatar\/ab9c6e5fc6872da09790b5919f6edfdffde75802c06338ac68a484f8e7813f81?s=96&d=mm&r=g\",\"caption\":\"monlauuser\"},\"url\":\"https:\/\/www.monlau.com\/fp\/author\/monlauuser\/\"}]}<\/script>\n<!-- \/ Yoast SEO plugin. -->","yoast_head_json":{"title":"Un aprendizaje de alto rendimiento: la formaci\u00f3n dual en automoci\u00f3n - Formaci\u00f3n profesional","robots":{"index":"index","follow":"follow","max-snippet":"max-snippet:-1","max-image-preview":"max-image-preview:large","max-video-preview":"max-video-preview:-1"},"canonical":"https:\/\/www.monlau.com\/fp\/2019\/01\/28\/un-aprendizaje-de-alto-rendimiento-la-formacion-dual-en-automocion\/","og_locale":"es_ES","og_type":"article","og_title":"Un aprendizaje de alto rendimiento: la formaci\u00f3n dual en automoci\u00f3n - Formaci\u00f3n profesional","og_description":"En el curso 2017-18 se han graduado los primeros alumnos del Grado Superior de Automoci\u00f3n que optaron por la modalidad dual. Aproximadamente una cuarentena de alumnos ha compaginado los estudios en Monlau La Maquinista con la integraci\u00f3n y aprendizaje en la empresa, en un modelo pionero de corresponsabilidad en la formaci\u00f3n acad\u00e9mica y profesional de [&hellip;]","og_url":"https:\/\/www.monlau.com\/fp\/2019\/01\/28\/un-aprendizaje-de-alto-rendimiento-la-formacion-dual-en-automocion\/","og_site_name":"Formaci\u00f3n profesional","article_published_time":"2019-01-27T23:00:00+00:00","article_modified_time":"2026-03-17T09:32:33+00:00","og_image":[{"width":1339,"height":893,"url":"https:\/\/www.monlau.com\/app\/uploads\/sites\/3\/2026\/02\/CARACAS-0428.jpg","type":"image\/jpeg"}],"author":"monlauuser","twitter_card":"summary_large_image","twitter_misc":{"Escrito por":"monlauuser","Tiempo de lectura":"2 minutos"},"schema":{"@context":"https:\/\/schema.org","@graph":[{"@type":"Article","@id":"https:\/\/www.monlau.com\/fp\/2019\/01\/28\/un-aprendizaje-de-alto-rendimiento-la-formacion-dual-en-automocion\/#article","isPartOf":{"@id":"https:\/\/www.monlau.com\/fp\/2019\/01\/28\/un-aprendizaje-de-alto-rendimiento-la-formacion-dual-en-automocion\/"},"author":{"name":"monlauuser","@id":"https:\/\/www.monlau.com\/fp\/#\/schema\/person\/419630ffac9ae08417c894a53e55910c"},"headline":"Un aprendizaje de alto rendimiento: la formaci\u00f3n dual en automoci\u00f3n","datePublished":"2019-01-27T23:00:00+00:00","dateModified":"2026-03-17T09:32:33+00:00","mainEntityOfPage":{"@id":"https:\/\/www.monlau.com\/fp\/2019\/01\/28\/un-aprendizaje-de-alto-rendimiento-la-formacion-dual-en-automocion\/"},"wordCount":371,"publisher":{"@id":"https:\/\/www.monlau.com\/fp\/#organization"},"image":{"@id":"https:\/\/www.monlau.com\/fp\/2019\/01\/28\/un-aprendizaje-de-alto-rendimiento-la-formacion-dual-en-automocion\/#primaryimage"},"thumbnailUrl":"https:\/\/www.monlau.com\/app\/uploads\/sites\/3\/2026\/02\/CARACAS-0428.jpg","articleSection":["Automoci\u00f3n","FP Dual"],"inLanguage":"es"},{"@type":"WebPage","@id":"https:\/\/www.monlau.com\/fp\/2019\/01\/28\/un-aprendizaje-de-alto-rendimiento-la-formacion-dual-en-automocion\/","url":"https:\/\/www.monlau.com\/fp\/2019\/01\/28\/un-aprendizaje-de-alto-rendimiento-la-formacion-dual-en-automocion\/","name":"Un aprendizaje de alto rendimiento: la formaci\u00f3n dual en automoci\u00f3n - Formaci\u00f3n profesional","isPartOf":{"@id":"https:\/\/www.monlau.com\/fp\/#website"},"primaryImageOfPage":{"@id":"https:\/\/www.monlau.com\/fp\/2019\/01\/28\/un-aprendizaje-de-alto-rendimiento-la-formacion-dual-en-automocion\/#primaryimage"},"image":{"@id":"https:\/\/www.monlau.com\/fp\/2019\/01\/28\/un-aprendizaje-de-alto-rendimiento-la-formacion-dual-en-automocion\/#primaryimage"},"thumbnailUrl":"https:\/\/www.monlau.com\/app\/uploads\/sites\/3\/2026\/02\/CARACAS-0428.jpg","datePublished":"2019-01-27T23:00:00+00:00","dateModified":"2026-03-17T09:32:33+00:00","breadcrumb":{"@id":"https:\/\/www.monlau.com\/fp\/2019\/01\/28\/un-aprendizaje-de-alto-rendimiento-la-formacion-dual-en-automocion\/#breadcrumb"},"inLanguage":"es","potentialAction":[{"@type":"ReadAction","target":["https:\/\/www.monlau.com\/fp\/2019\/01\/28\/un-aprendizaje-de-alto-rendimiento-la-formacion-dual-en-automocion\/"]}]},{"@type":"ImageObject","inLanguage":"es","@id":"https:\/\/www.monlau.com\/fp\/2019\/01\/28\/un-aprendizaje-de-alto-rendimiento-la-formacion-dual-en-automocion\/#primaryimage","url":"https:\/\/www.monlau.com\/app\/uploads\/sites\/3\/2026\/02\/CARACAS-0428.jpg","contentUrl":"https:\/\/www.monlau.com\/app\/uploads\/sites\/3\/2026\/02\/CARACAS-0428.jpg","width":1339,"height":893},{"@type":"BreadcrumbList","@id":"https:\/\/www.monlau.com\/fp\/2019\/01\/28\/un-aprendizaje-de-alto-rendimiento-la-formacion-dual-en-automocion\/#breadcrumb","itemListElement":[{"@type":"ListItem","position":1,"name":"Portada","item":"https:\/\/www.monlau.com\/fp\/"},{"@type":"ListItem","position":2,"name":"Un aprendizaje de alto rendimiento: la formaci\u00f3n dual en automoci\u00f3n"}]},{"@type":"WebSite","@id":"https:\/\/www.monlau.com\/fp\/#website","url":"https:\/\/www.monlau.com\/fp\/","name":"Formaci\u00f3n profesional","description":"Monlau","publisher":{"@id":"https:\/\/www.monlau.com\/fp\/#organization"},"potentialAction":[{"@type":"SearchAction","target":{"@type":"EntryPoint","urlTemplate":"https:\/\/www.monlau.com\/fp\/?s={search_term_string}"},"query-input":{"@type":"PropertyValueSpecification","valueRequired":true,"valueName":"search_term_string"}}],"inLanguage":"es"},{"@type":"Organization","@id":"https:\/\/www.monlau.com\/fp\/#organization","name":"Formaci\u00f3n profesional","url":"https:\/\/www.monlau.com\/fp\/","logo":{"@type":"ImageObject","inLanguage":"es","@id":"https:\/\/www.monlau.com\/fp\/#\/schema\/logo\/image\/","url":"https:\/\/www.monlau.com\/app\/uploads\/sites\/3\/2026\/01\/fp.png","contentUrl":"https:\/\/www.monlau.com\/app\/uploads\/sites\/3\/2026\/01\/fp.png","width":1024,"height":878,"caption":"Formaci\u00f3n profesional"},"image":{"@id":"https:\/\/www.monlau.com\/fp\/#\/schema\/logo\/image\/"}},{"@type":"Person","@id":"https:\/\/www.monlau.com\/fp\/#\/schema\/person\/419630ffac9ae08417c894a53e55910c","name":"monlauuser","image":{"@type":"ImageObject","inLanguage":"es","@id":"https:\/\/secure.gravatar.com\/avatar\/ab9c6e5fc6872da09790b5919f6edfdffde75802c06338ac68a484f8e7813f81?s=96&d=mm&r=g","url":"https:\/\/secure.gravatar.com\/avatar\/ab9c6e5fc6872da09790b5919f6edfdffde75802c06338ac68a484f8e7813f81?s=96&d=mm&r=g","contentUrl":"https:\/\/secure.gravatar.com\/avatar\/ab9c6e5fc6872da09790b5919f6edfdffde75802c06338ac68a484f8e7813f81?s=96&d=mm&r=g","caption":"monlauuser"},"url":"https:\/\/www.monlau.com\/fp\/author\/monlauuser\/"}]}},"_links":{"self":[{"href":"https:\/\/www.monlau.com\/fp\/wp-json\/wp\/v2\/posts\/5893","targetHints":{"allow":["GET"]}}],"collection":[{"href":"https:\/\/www.monlau.com\/fp\/wp-json\/wp\/v2\/posts"}],"about":[{"href":"https:\/\/www.monlau.com\/fp\/wp-json\/wp\/v2\/types\/post"}],"author":[{"embeddable":true,"href":"https:\/\/www.monlau.com\/fp\/wp-json\/wp\/v2\/users\/2"}],"replies":[{"embeddable":true,"href":"https:\/\/www.monlau.com\/fp\/wp-json\/wp\/v2\/comments?post=5893"}],"version-history":[{"count":2,"href":"https:\/\/www.monlau.com\/fp\/wp-json\/wp\/v2\/posts\/5893\/revisions"}],"predecessor-version":[{"id":8462,"href":"https:\/\/www.monlau.com\/fp\/wp-json\/wp\/v2\/posts\/5893\/revisions\/8462"}],"wp:featuredmedia":[{"embeddable":true,"href":"https:\/\/www.monlau.com\/fp\/wp-json\/wp\/v2\/media\/2846"}],"wp:attachment":[{"href":"https:\/\/www.monlau.com\/fp\/wp-json\/wp\/v2\/media?parent=5893"}],"wp:term":[{"taxonomy":"category","embeddable":true,"href":"https:\/\/www.monlau.com\/fp\/wp-json\/wp\/v2\/categories?post=5893"},{"taxonomy":"post_tag","embeddable":true,"href":"https:\/\/www.monlau.com\/fp\/wp-json\/wp\/v2\/tags?post=5893"}],"curies":[{"name":"wp","href":"https:\/\/api.w.org\/{rel}","templated":true}]}}