{"id":5890,"date":"2019-01-28T00:00:00","date_gmt":"2019-01-27T23:00:00","guid":{"rendered":"https:\/\/www.monlau.com\/formacion-profesional\/la-informatica-el-motor-de-la-transformacion-digital-puede-ser-tu-profesion\/"},"modified":"2026-03-17T11:18:30","modified_gmt":"2026-03-17T10:18:30","slug":"la-informatica-el-motor-de-la-transformacion-digital-puede-ser-tu-profesion","status":"publish","type":"post","link":"https:\/\/www.monlau.com\/fp\/2019\/01\/28\/la-informatica-el-motor-de-la-transformacion-digital-puede-ser-tu-profesion\/","title":{"rendered":"La inform\u00e1tica: el motor de la transformaci\u00f3n digital puede ser tu profesi\u00f3n"},"content":{"rendered":"<p>Las redes sociales, dispositivos m\u00f3viles, an\u00e1lisis avanzado de datos (big data), la nube (cloud), Internet de las cosas, rob\u00f3tica, realidad aumentada, automatizaci\u00f3n de procesos industriales\u2026 est\u00e1n produciendo la llamada transformaci\u00f3n digital, un proceso de cambios que est\u00e1 modificando nuestras vidas en todos los \u00f3rdenes, mucho m\u00e1s all\u00e1 todav\u00eda que los vividos hasta ahora.<br \/>\nPero estos cambios tecnol\u00f3gicos no se producen solos. La inform\u00e1tica es el conjunto de tecnolog\u00edas que act\u00faan como motor de estos avances. Por lo tanto, es incuestionable (y el mercado laboral as\u00ed lo demuestra d\u00eda a d\u00eda) que necesitamos m\u00e1s profesionales inform\u00e1ticos: personas con ganas de formarse para poder ser protagonistas en el gran cambio que se est\u00e1 produciendo.<br \/>\nDesde esa ilusi\u00f3n trabajamos en el \u00e1rea de Inform\u00e1tica de Monlau, para ofrecer a nuestros alumnos la posibilidad de hacer de esta apasionante tarea su profesi\u00f3n.<br \/>\nComo escuela que somos, la tarea de nuestros profesores y tutores resulta fundamental en el d\u00eda a d\u00eda de la formaci\u00f3n; pero puesto que formamos profesionales, la relaci\u00f3n con el mundo empresarial resulta tambi\u00e9n cr\u00edtica. Por un lado, nos ayudan en la formaci\u00f3n de nuestros alumnos algunas de las m\u00e1s importantes multinacionales de la inform\u00e1tica y las comunicaciones (Microsoft, Oracle, Cisco Systems\u2026); y por otro, nuestra colaboraci\u00f3n directa con algunas de las empresas m\u00e1s importantes del sector en Catalunya y Espa\u00f1a (Indra, Deloitte, Everis, Accenture) nos permite que nuestros alumnos realicen sus pr\u00e1cticas en las mejores condiciones para favorecer su inserci\u00f3n en el mundo laboral.<br \/>\nTenemos, en definitiva, la ilusi\u00f3n de acompa\u00f1ar r a esos chicos y chicas que tienen pasi\u00f3n por la inform\u00e1tica a convertir esa pasi\u00f3n en su profesi\u00f3n; para que, desde esa profesionalidad, puedan ejercer como los \u201cmagos del siglo XXI\u201d.<\/p>\n<h4>Francisco Mart\u00ednez<\/h4>\n<p>Jefe del \u00c1rea de Inform\u00e1tica<\/p>\n","protected":false},"excerpt":{"rendered":"<p>Las redes sociales, dispositivos m\u00f3viles, an\u00e1lisis avanzado de datos (big data), la nube (cloud), Internet de las cosas, rob\u00f3tica, realidad aumentada, automatizaci\u00f3n de procesos industriales\u2026 est\u00e1n produciendo la llamada transformaci\u00f3n digital, un proceso de cambios que est\u00e1 modificando nuestras vidas en todos los \u00f3rdenes, mucho m\u00e1s all\u00e1 todav\u00eda que los vividos hasta ahora. Pero estos [&hellip;]<\/p>\n","protected":false},"author":2,"featured_media":2854,"comment_status":"closed","ping_status":"closed","sticky":false,"template":"","format":"standard","meta":{"footnotes":""},"categories":[38],"tags":[50],"class_list":["post-5890","post","type-post","status-publish","format-standard","has-post-thumbnail","hentry","category-informatica","tag-transformacion-digital"],"yoast_head":"<!-- This site is optimized with the Yoast SEO plugin v27.2 - https:\/\/yoast.com\/product\/yoast-seo-wordpress\/ -->\n<title>La inform\u00e1tica: el motor de la transformaci\u00f3n digital puede ser tu profesi\u00f3n - Formaci\u00f3n profesional<\/title>\n<meta name=\"robots\" content=\"index, follow, max-snippet:-1, max-image-preview:large, max-video-preview:-1\" \/>\n<link rel=\"canonical\" href=\"https:\/\/www.monlau.com\/fp\/2019\/01\/28\/la-informatica-el-motor-de-la-transformacion-digital-puede-ser-tu-profesion\/\" \/>\n<meta property=\"og:locale\" content=\"es_ES\" \/>\n<meta property=\"og:type\" content=\"article\" \/>\n<meta property=\"og:title\" content=\"La inform\u00e1tica: el motor de la transformaci\u00f3n digital puede ser tu profesi\u00f3n - Formaci\u00f3n profesional\" \/>\n<meta property=\"og:description\" content=\"Las redes sociales, dispositivos m\u00f3viles, an\u00e1lisis avanzado de datos (big data), la nube (cloud), Internet de las cosas, rob\u00f3tica, realidad aumentada, automatizaci\u00f3n de procesos industriales\u2026 est\u00e1n produciendo la llamada transformaci\u00f3n digital, un proceso de cambios que est\u00e1 modificando nuestras vidas en todos los \u00f3rdenes, mucho m\u00e1s all\u00e1 todav\u00eda que los vividos hasta ahora. Pero estos [&hellip;]\" \/>\n<meta property=\"og:url\" content=\"https:\/\/www.monlau.com\/fp\/2019\/01\/28\/la-informatica-el-motor-de-la-transformacion-digital-puede-ser-tu-profesion\/\" \/>\n<meta property=\"og:site_name\" content=\"Formaci\u00f3n profesional\" \/>\n<meta property=\"article:published_time\" content=\"2019-01-27T23:00:00+00:00\" \/>\n<meta property=\"article:modified_time\" content=\"2026-03-17T10:18:30+00:00\" \/>\n<meta property=\"og:image\" content=\"https:\/\/www.monlau.com\/app\/uploads\/sites\/3\/2026\/02\/SAGRERA-1109.jpg\" \/>\n\t<meta property=\"og:image:width\" content=\"1536\" \/>\n\t<meta property=\"og:image:height\" content=\"1024\" \/>\n\t<meta property=\"og:image:type\" content=\"image\/jpeg\" \/>\n<meta name=\"author\" content=\"monlauuser\" \/>\n<meta name=\"twitter:card\" content=\"summary_large_image\" \/>\n<meta name=\"twitter:label1\" content=\"Escrito por\" \/>\n\t<meta name=\"twitter:data1\" content=\"monlauuser\" \/>\n\t<meta name=\"twitter:label2\" content=\"Tiempo de lectura\" \/>\n\t<meta name=\"twitter:data2\" content=\"2 minutos\" \/>\n<script type=\"application\/ld+json\" class=\"yoast-schema-graph\">{\"@context\":\"https:\/\/schema.org\",\"@graph\":[{\"@type\":\"Article\",\"@id\":\"https:\/\/www.monlau.com\/fp\/2019\/01\/28\/la-informatica-el-motor-de-la-transformacion-digital-puede-ser-tu-profesion\/#article\",\"isPartOf\":{\"@id\":\"https:\/\/www.monlau.com\/fp\/2019\/01\/28\/la-informatica-el-motor-de-la-transformacion-digital-puede-ser-tu-profesion\/\"},\"author\":{\"name\":\"monlauuser\",\"@id\":\"https:\/\/www.monlau.com\/fp\/#\/schema\/person\/419630ffac9ae08417c894a53e55910c\"},\"headline\":\"La inform\u00e1tica: el motor de la transformaci\u00f3n digital puede ser tu profesi\u00f3n\",\"datePublished\":\"2019-01-27T23:00:00+00:00\",\"dateModified\":\"2026-03-17T10:18:30+00:00\",\"mainEntityOfPage\":{\"@id\":\"https:\/\/www.monlau.com\/fp\/2019\/01\/28\/la-informatica-el-motor-de-la-transformacion-digital-puede-ser-tu-profesion\/\"},\"wordCount\":345,\"publisher\":{\"@id\":\"https:\/\/www.monlau.com\/fp\/#organization\"},\"image\":{\"@id\":\"https:\/\/www.monlau.com\/fp\/2019\/01\/28\/la-informatica-el-motor-de-la-transformacion-digital-puede-ser-tu-profesion\/#primaryimage\"},\"thumbnailUrl\":\"https:\/\/www.monlau.com\/app\/uploads\/sites\/3\/2026\/02\/SAGRERA-1109.jpg\",\"keywords\":[\"transformaci\u00f3n digital\"],\"articleSection\":[\"Inform\u00e1tica\"],\"inLanguage\":\"es\"},{\"@type\":\"WebPage\",\"@id\":\"https:\/\/www.monlau.com\/fp\/2019\/01\/28\/la-informatica-el-motor-de-la-transformacion-digital-puede-ser-tu-profesion\/\",\"url\":\"https:\/\/www.monlau.com\/fp\/2019\/01\/28\/la-informatica-el-motor-de-la-transformacion-digital-puede-ser-tu-profesion\/\",\"name\":\"La inform\u00e1tica: el motor de la transformaci\u00f3n digital puede ser tu profesi\u00f3n - Formaci\u00f3n profesional\",\"isPartOf\":{\"@id\":\"https:\/\/www.monlau.com\/fp\/#website\"},\"primaryImageOfPage\":{\"@id\":\"https:\/\/www.monlau.com\/fp\/2019\/01\/28\/la-informatica-el-motor-de-la-transformacion-digital-puede-ser-tu-profesion\/#primaryimage\"},\"image\":{\"@id\":\"https:\/\/www.monlau.com\/fp\/2019\/01\/28\/la-informatica-el-motor-de-la-transformacion-digital-puede-ser-tu-profesion\/#primaryimage\"},\"thumbnailUrl\":\"https:\/\/www.monlau.com\/app\/uploads\/sites\/3\/2026\/02\/SAGRERA-1109.jpg\",\"datePublished\":\"2019-01-27T23:00:00+00:00\",\"dateModified\":\"2026-03-17T10:18:30+00:00\",\"breadcrumb\":{\"@id\":\"https:\/\/www.monlau.com\/fp\/2019\/01\/28\/la-informatica-el-motor-de-la-transformacion-digital-puede-ser-tu-profesion\/#breadcrumb\"},\"inLanguage\":\"es\",\"potentialAction\":[{\"@type\":\"ReadAction\",\"target\":[\"https:\/\/www.monlau.com\/fp\/2019\/01\/28\/la-informatica-el-motor-de-la-transformacion-digital-puede-ser-tu-profesion\/\"]}]},{\"@type\":\"ImageObject\",\"inLanguage\":\"es\",\"@id\":\"https:\/\/www.monlau.com\/fp\/2019\/01\/28\/la-informatica-el-motor-de-la-transformacion-digital-puede-ser-tu-profesion\/#primaryimage\",\"url\":\"https:\/\/www.monlau.com\/app\/uploads\/sites\/3\/2026\/02\/SAGRERA-1109.jpg\",\"contentUrl\":\"https:\/\/www.monlau.com\/app\/uploads\/sites\/3\/2026\/02\/SAGRERA-1109.jpg\",\"width\":1536,\"height\":1024},{\"@type\":\"BreadcrumbList\",\"@id\":\"https:\/\/www.monlau.com\/fp\/2019\/01\/28\/la-informatica-el-motor-de-la-transformacion-digital-puede-ser-tu-profesion\/#breadcrumb\",\"itemListElement\":[{\"@type\":\"ListItem\",\"position\":1,\"name\":\"Portada\",\"item\":\"https:\/\/www.monlau.com\/fp\/\"},{\"@type\":\"ListItem\",\"position\":2,\"name\":\"La inform\u00e1tica: el motor de la transformaci\u00f3n digital puede ser tu profesi\u00f3n\"}]},{\"@type\":\"WebSite\",\"@id\":\"https:\/\/www.monlau.com\/fp\/#website\",\"url\":\"https:\/\/www.monlau.com\/fp\/\",\"name\":\"Formaci\u00f3n profesional\",\"description\":\"Monlau\",\"publisher\":{\"@id\":\"https:\/\/www.monlau.com\/fp\/#organization\"},\"potentialAction\":[{\"@type\":\"SearchAction\",\"target\":{\"@type\":\"EntryPoint\",\"urlTemplate\":\"https:\/\/www.monlau.com\/fp\/?s={search_term_string}\"},\"query-input\":{\"@type\":\"PropertyValueSpecification\",\"valueRequired\":true,\"valueName\":\"search_term_string\"}}],\"inLanguage\":\"es\"},{\"@type\":\"Organization\",\"@id\":\"https:\/\/www.monlau.com\/fp\/#organization\",\"name\":\"Formaci\u00f3n profesional\",\"url\":\"https:\/\/www.monlau.com\/fp\/\",\"logo\":{\"@type\":\"ImageObject\",\"inLanguage\":\"es\",\"@id\":\"https:\/\/www.monlau.com\/fp\/#\/schema\/logo\/image\/\",\"url\":\"https:\/\/www.monlau.com\/app\/uploads\/sites\/3\/2026\/01\/fp.png\",\"contentUrl\":\"https:\/\/www.monlau.com\/app\/uploads\/sites\/3\/2026\/01\/fp.png\",\"width\":1024,\"height\":878,\"caption\":\"Formaci\u00f3n profesional\"},\"image\":{\"@id\":\"https:\/\/www.monlau.com\/fp\/#\/schema\/logo\/image\/\"}},{\"@type\":\"Person\",\"@id\":\"https:\/\/www.monlau.com\/fp\/#\/schema\/person\/419630ffac9ae08417c894a53e55910c\",\"name\":\"monlauuser\",\"image\":{\"@type\":\"ImageObject\",\"inLanguage\":\"es\",\"@id\":\"https:\/\/secure.gravatar.com\/avatar\/ab9c6e5fc6872da09790b5919f6edfdffde75802c06338ac68a484f8e7813f81?s=96&d=mm&r=g\",\"url\":\"https:\/\/secure.gravatar.com\/avatar\/ab9c6e5fc6872da09790b5919f6edfdffde75802c06338ac68a484f8e7813f81?s=96&d=mm&r=g\",\"contentUrl\":\"https:\/\/secure.gravatar.com\/avatar\/ab9c6e5fc6872da09790b5919f6edfdffde75802c06338ac68a484f8e7813f81?s=96&d=mm&r=g\",\"caption\":\"monlauuser\"},\"url\":\"https:\/\/www.monlau.com\/fp\/author\/monlauuser\/\"}]}<\/script>\n<!-- \/ Yoast SEO plugin. -->","yoast_head_json":{"title":"La inform\u00e1tica: el motor de la transformaci\u00f3n digital puede ser tu profesi\u00f3n - Formaci\u00f3n profesional","robots":{"index":"index","follow":"follow","max-snippet":"max-snippet:-1","max-image-preview":"max-image-preview:large","max-video-preview":"max-video-preview:-1"},"canonical":"https:\/\/www.monlau.com\/fp\/2019\/01\/28\/la-informatica-el-motor-de-la-transformacion-digital-puede-ser-tu-profesion\/","og_locale":"es_ES","og_type":"article","og_title":"La inform\u00e1tica: el motor de la transformaci\u00f3n digital puede ser tu profesi\u00f3n - Formaci\u00f3n profesional","og_description":"Las redes sociales, dispositivos m\u00f3viles, an\u00e1lisis avanzado de datos (big data), la nube (cloud), Internet de las cosas, rob\u00f3tica, realidad aumentada, automatizaci\u00f3n de procesos industriales\u2026 est\u00e1n produciendo la llamada transformaci\u00f3n digital, un proceso de cambios que est\u00e1 modificando nuestras vidas en todos los \u00f3rdenes, mucho m\u00e1s all\u00e1 todav\u00eda que los vividos hasta ahora. Pero estos [&hellip;]","og_url":"https:\/\/www.monlau.com\/fp\/2019\/01\/28\/la-informatica-el-motor-de-la-transformacion-digital-puede-ser-tu-profesion\/","og_site_name":"Formaci\u00f3n profesional","article_published_time":"2019-01-27T23:00:00+00:00","article_modified_time":"2026-03-17T10:18:30+00:00","og_image":[{"width":1536,"height":1024,"url":"https:\/\/www.monlau.com\/app\/uploads\/sites\/3\/2026\/02\/SAGRERA-1109.jpg","type":"image\/jpeg"}],"author":"monlauuser","twitter_card":"summary_large_image","twitter_misc":{"Escrito por":"monlauuser","Tiempo de lectura":"2 minutos"},"schema":{"@context":"https:\/\/schema.org","@graph":[{"@type":"Article","@id":"https:\/\/www.monlau.com\/fp\/2019\/01\/28\/la-informatica-el-motor-de-la-transformacion-digital-puede-ser-tu-profesion\/#article","isPartOf":{"@id":"https:\/\/www.monlau.com\/fp\/2019\/01\/28\/la-informatica-el-motor-de-la-transformacion-digital-puede-ser-tu-profesion\/"},"author":{"name":"monlauuser","@id":"https:\/\/www.monlau.com\/fp\/#\/schema\/person\/419630ffac9ae08417c894a53e55910c"},"headline":"La inform\u00e1tica: el motor de la transformaci\u00f3n digital puede ser tu profesi\u00f3n","datePublished":"2019-01-27T23:00:00+00:00","dateModified":"2026-03-17T10:18:30+00:00","mainEntityOfPage":{"@id":"https:\/\/www.monlau.com\/fp\/2019\/01\/28\/la-informatica-el-motor-de-la-transformacion-digital-puede-ser-tu-profesion\/"},"wordCount":345,"publisher":{"@id":"https:\/\/www.monlau.com\/fp\/#organization"},"image":{"@id":"https:\/\/www.monlau.com\/fp\/2019\/01\/28\/la-informatica-el-motor-de-la-transformacion-digital-puede-ser-tu-profesion\/#primaryimage"},"thumbnailUrl":"https:\/\/www.monlau.com\/app\/uploads\/sites\/3\/2026\/02\/SAGRERA-1109.jpg","keywords":["transformaci\u00f3n digital"],"articleSection":["Inform\u00e1tica"],"inLanguage":"es"},{"@type":"WebPage","@id":"https:\/\/www.monlau.com\/fp\/2019\/01\/28\/la-informatica-el-motor-de-la-transformacion-digital-puede-ser-tu-profesion\/","url":"https:\/\/www.monlau.com\/fp\/2019\/01\/28\/la-informatica-el-motor-de-la-transformacion-digital-puede-ser-tu-profesion\/","name":"La inform\u00e1tica: el motor de la transformaci\u00f3n digital puede ser tu profesi\u00f3n - Formaci\u00f3n profesional","isPartOf":{"@id":"https:\/\/www.monlau.com\/fp\/#website"},"primaryImageOfPage":{"@id":"https:\/\/www.monlau.com\/fp\/2019\/01\/28\/la-informatica-el-motor-de-la-transformacion-digital-puede-ser-tu-profesion\/#primaryimage"},"image":{"@id":"https:\/\/www.monlau.com\/fp\/2019\/01\/28\/la-informatica-el-motor-de-la-transformacion-digital-puede-ser-tu-profesion\/#primaryimage"},"thumbnailUrl":"https:\/\/www.monlau.com\/app\/uploads\/sites\/3\/2026\/02\/SAGRERA-1109.jpg","datePublished":"2019-01-27T23:00:00+00:00","dateModified":"2026-03-17T10:18:30+00:00","breadcrumb":{"@id":"https:\/\/www.monlau.com\/fp\/2019\/01\/28\/la-informatica-el-motor-de-la-transformacion-digital-puede-ser-tu-profesion\/#breadcrumb"},"inLanguage":"es","potentialAction":[{"@type":"ReadAction","target":["https:\/\/www.monlau.com\/fp\/2019\/01\/28\/la-informatica-el-motor-de-la-transformacion-digital-puede-ser-tu-profesion\/"]}]},{"@type":"ImageObject","inLanguage":"es","@id":"https:\/\/www.monlau.com\/fp\/2019\/01\/28\/la-informatica-el-motor-de-la-transformacion-digital-puede-ser-tu-profesion\/#primaryimage","url":"https:\/\/www.monlau.com\/app\/uploads\/sites\/3\/2026\/02\/SAGRERA-1109.jpg","contentUrl":"https:\/\/www.monlau.com\/app\/uploads\/sites\/3\/2026\/02\/SAGRERA-1109.jpg","width":1536,"height":1024},{"@type":"BreadcrumbList","@id":"https:\/\/www.monlau.com\/fp\/2019\/01\/28\/la-informatica-el-motor-de-la-transformacion-digital-puede-ser-tu-profesion\/#breadcrumb","itemListElement":[{"@type":"ListItem","position":1,"name":"Portada","item":"https:\/\/www.monlau.com\/fp\/"},{"@type":"ListItem","position":2,"name":"La inform\u00e1tica: el motor de la transformaci\u00f3n digital puede ser tu profesi\u00f3n"}]},{"@type":"WebSite","@id":"https:\/\/www.monlau.com\/fp\/#website","url":"https:\/\/www.monlau.com\/fp\/","name":"Formaci\u00f3n profesional","description":"Monlau","publisher":{"@id":"https:\/\/www.monlau.com\/fp\/#organization"},"potentialAction":[{"@type":"SearchAction","target":{"@type":"EntryPoint","urlTemplate":"https:\/\/www.monlau.com\/fp\/?s={search_term_string}"},"query-input":{"@type":"PropertyValueSpecification","valueRequired":true,"valueName":"search_term_string"}}],"inLanguage":"es"},{"@type":"Organization","@id":"https:\/\/www.monlau.com\/fp\/#organization","name":"Formaci\u00f3n profesional","url":"https:\/\/www.monlau.com\/fp\/","logo":{"@type":"ImageObject","inLanguage":"es","@id":"https:\/\/www.monlau.com\/fp\/#\/schema\/logo\/image\/","url":"https:\/\/www.monlau.com\/app\/uploads\/sites\/3\/2026\/01\/fp.png","contentUrl":"https:\/\/www.monlau.com\/app\/uploads\/sites\/3\/2026\/01\/fp.png","width":1024,"height":878,"caption":"Formaci\u00f3n profesional"},"image":{"@id":"https:\/\/www.monlau.com\/fp\/#\/schema\/logo\/image\/"}},{"@type":"Person","@id":"https:\/\/www.monlau.com\/fp\/#\/schema\/person\/419630ffac9ae08417c894a53e55910c","name":"monlauuser","image":{"@type":"ImageObject","inLanguage":"es","@id":"https:\/\/secure.gravatar.com\/avatar\/ab9c6e5fc6872da09790b5919f6edfdffde75802c06338ac68a484f8e7813f81?s=96&d=mm&r=g","url":"https:\/\/secure.gravatar.com\/avatar\/ab9c6e5fc6872da09790b5919f6edfdffde75802c06338ac68a484f8e7813f81?s=96&d=mm&r=g","contentUrl":"https:\/\/secure.gravatar.com\/avatar\/ab9c6e5fc6872da09790b5919f6edfdffde75802c06338ac68a484f8e7813f81?s=96&d=mm&r=g","caption":"monlauuser"},"url":"https:\/\/www.monlau.com\/fp\/author\/monlauuser\/"}]}},"_links":{"self":[{"href":"https:\/\/www.monlau.com\/fp\/wp-json\/wp\/v2\/posts\/5890","targetHints":{"allow":["GET"]}}],"collection":[{"href":"https:\/\/www.monlau.com\/fp\/wp-json\/wp\/v2\/posts"}],"about":[{"href":"https:\/\/www.monlau.com\/fp\/wp-json\/wp\/v2\/types\/post"}],"author":[{"embeddable":true,"href":"https:\/\/www.monlau.com\/fp\/wp-json\/wp\/v2\/users\/2"}],"replies":[{"embeddable":true,"href":"https:\/\/www.monlau.com\/fp\/wp-json\/wp\/v2\/comments?post=5890"}],"version-history":[{"count":2,"href":"https:\/\/www.monlau.com\/fp\/wp-json\/wp\/v2\/posts\/5890\/revisions"}],"predecessor-version":[{"id":8468,"href":"https:\/\/www.monlau.com\/fp\/wp-json\/wp\/v2\/posts\/5890\/revisions\/8468"}],"wp:featuredmedia":[{"embeddable":true,"href":"https:\/\/www.monlau.com\/fp\/wp-json\/wp\/v2\/media\/2854"}],"wp:attachment":[{"href":"https:\/\/www.monlau.com\/fp\/wp-json\/wp\/v2\/media?parent=5890"}],"wp:term":[{"taxonomy":"category","embeddable":true,"href":"https:\/\/www.monlau.com\/fp\/wp-json\/wp\/v2\/categories?post=5890"},{"taxonomy":"post_tag","embeddable":true,"href":"https:\/\/www.monlau.com\/fp\/wp-json\/wp\/v2\/tags?post=5890"}],"curies":[{"name":"wp","href":"https:\/\/api.w.org\/{rel}","templated":true}]}}