{"id":5889,"date":"2019-01-28T00:00:00","date_gmt":"2019-01-27T23:00:00","guid":{"rendered":"https:\/\/www.monlau.com\/formacion-profesional\/una-oferta-integral-en-automocion\/"},"modified":"2026-03-17T10:24:58","modified_gmt":"2026-03-17T09:24:58","slug":"una-oferta-integral-en-automocion","status":"publish","type":"post","link":"https:\/\/www.monlau.com\/fp\/2019\/01\/28\/una-oferta-integral-en-automocion\/","title":{"rendered":"Una oferta integral en Automoci\u00f3n"},"content":{"rendered":"<p>Monlau La Maquinista es un centro pensado e ideado para formar a profesionales de la automoci\u00f3n de manera integral y a lo largo de la vida. Uno nunca termina de formarse, siempre puede volver a seguir actualiz\u00e1ndose, especializarse y conocer nuevas tecnolog\u00edas.<\/p>\n<p><strong>Entendemos la formaci\u00f3n profesional como un camino de cuatro a\u00f1os.<\/strong> Una formaci\u00f3n t\u00e9cnica que empieza en la etapa de Grado Medio ya sea en electromec\u00e1nica de coches o motos o bien en carrocer\u00eda para seguir con una titulaci\u00f3n superior en Automoci\u00f3n. \u00bfPor qu\u00e9 lo pensamos as\u00ed? Muy sencillo en Monlau formamos a alumnos y alumnas para que se incorporen al mundo laboral con garant\u00edas y solvencia de lo aprendido; pero sobre todo para que no se vean limitados por su formaci\u00f3n. <strong>Ir m\u00e1s all\u00e1 del Grado Medio les permite acceder a ofertas laborales m\u00e1s interesantes, con mayores responsabilidades, m\u00e1s cerca de la innovaci\u00f3n y, tambi\u00e9n, mejor remuneradas.<\/strong><\/p>\n<p>El Grado Superior ya no es solo la puerta de salida. Es el punto de partida para empezar una carrera profesional o acad\u00e9mica. La tecnolog\u00eda avanza a gran velocidad y hemos de estar preparados para los retos del futuro. En este contexto se enmarca nuestra oferta integral. <strong>Vamos m\u00e1s all\u00e1 de la oferta de formaci\u00f3n reglada b\u00e1sica y apostamos por una oferta continuada y especializada.<\/strong><\/p>\n<p>Estamos en contacto permanente con las empresas y de esta relaci\u00f3n, salen muy buenas oportunidades laborales para nuestro alumnado, de formaci\u00f3n y reciclaje para nuestro profesorado y tambi\u00e9n detectamos nuevas necesidades de formaci\u00f3n en el sector de la automoci\u00f3n. Aqu\u00ed aparecen los posgrados de asesor de servicio, del que ya llevamos 2 ediciones con un 100% de inserci\u00f3n laboral, y el de asesor comercial, la novedad de este curso en Monlau La Maquinista, que ha permitido al 80% del alumnado conseguir un contrato laboral.<\/p>\n<p>Otra apuesta a\u00f1adida es la formaci\u00f3n especializada. El curso de veh\u00edculos h\u00edbridos y el\u00e9ctricos sigue siendo uno de los m\u00e1s demandados, no s\u00f3lo por los alumnos de Monlau sino tambi\u00e9n por profesionales del sector que acuden al centro a seguir con su formaci\u00f3n.<\/p>\n<p>\u00a1No paramos! Somos un centro de referencia en automoci\u00f3n y nuestra voluntad es seguir si\u00e9ndolo y esto nos obliga a seguir innovado. Para el curso 2018\/19 ponemos en marcha el Grado Superior de Automoci\u00f3n en modalidad online, una oportunidad para muchos para compatibilizar estudios y trabajo, y seguiremos ampliando y profundizando nuestro cat\u00e1logo de formaci\u00f3n continua y especializada. Siempre atentos a cualquier innovaci\u00f3n para transmitirla, en tiempo real, a nuestros alumnos.<\/p>\n<h4>Gaspar Busquets<\/h4>\n<p>Director de Monlau La Maquinista<\/p>\n","protected":false},"excerpt":{"rendered":"<p>Monlau La Maquinista es un centro pensado e ideado para formar a profesionales de la automoci\u00f3n de manera integral y a lo largo de la vida. Uno nunca termina de formarse, siempre puede volver a seguir actualiz\u00e1ndose, especializarse y conocer nuevas tecnolog\u00edas. Entendemos la formaci\u00f3n profesional como un camino de cuatro a\u00f1os. Una formaci\u00f3n t\u00e9cnica [&hellip;]<\/p>\n","protected":false},"author":2,"featured_media":2851,"comment_status":"closed","ping_status":"closed","sticky":false,"template":"","format":"standard","meta":{"footnotes":""},"categories":[36],"tags":[49,45],"class_list":["post-5889","post","type-post","status-publish","format-standard","has-post-thumbnail","hentry","category-automocion","tag-formacion-profesional","tag-vehiculos-hibridos"],"yoast_head":"<!-- This site is optimized with the Yoast SEO plugin v27.2 - https:\/\/yoast.com\/product\/yoast-seo-wordpress\/ -->\n<title>Una oferta integral en Automoci\u00f3n - Formaci\u00f3n profesional<\/title>\n<meta name=\"robots\" content=\"index, follow, max-snippet:-1, max-image-preview:large, max-video-preview:-1\" \/>\n<link rel=\"canonical\" href=\"https:\/\/www.monlau.com\/fp\/2019\/01\/28\/una-oferta-integral-en-automocion\/\" \/>\n<meta property=\"og:locale\" content=\"es_ES\" \/>\n<meta property=\"og:type\" content=\"article\" \/>\n<meta property=\"og:title\" content=\"Una oferta integral en Automoci\u00f3n - Formaci\u00f3n profesional\" \/>\n<meta property=\"og:description\" content=\"Monlau La Maquinista es un centro pensado e ideado para formar a profesionales de la automoci\u00f3n de manera integral y a lo largo de la vida. Uno nunca termina de formarse, siempre puede volver a seguir actualiz\u00e1ndose, especializarse y conocer nuevas tecnolog\u00edas. Entendemos la formaci\u00f3n profesional como un camino de cuatro a\u00f1os. Una formaci\u00f3n t\u00e9cnica [&hellip;]\" \/>\n<meta property=\"og:url\" content=\"https:\/\/www.monlau.com\/fp\/2019\/01\/28\/una-oferta-integral-en-automocion\/\" \/>\n<meta property=\"og:site_name\" content=\"Formaci\u00f3n profesional\" \/>\n<meta property=\"article:published_time\" content=\"2019-01-27T23:00:00+00:00\" \/>\n<meta property=\"article:modified_time\" content=\"2026-03-17T09:24:58+00:00\" \/>\n<meta property=\"og:image\" content=\"https:\/\/www.monlau.com\/app\/uploads\/sites\/3\/2026\/02\/CARACAS-0390.jpg\" \/>\n\t<meta property=\"og:image:width\" content=\"1339\" \/>\n\t<meta property=\"og:image:height\" content=\"893\" \/>\n\t<meta property=\"og:image:type\" content=\"image\/jpeg\" \/>\n<meta name=\"author\" content=\"monlauuser\" \/>\n<meta name=\"twitter:card\" content=\"summary_large_image\" \/>\n<meta name=\"twitter:label1\" content=\"Escrito por\" \/>\n\t<meta name=\"twitter:data1\" content=\"monlauuser\" \/>\n\t<meta name=\"twitter:label2\" content=\"Tiempo de lectura\" \/>\n\t<meta name=\"twitter:data2\" content=\"3 minutos\" \/>\n<script type=\"application\/ld+json\" class=\"yoast-schema-graph\">{\"@context\":\"https:\/\/schema.org\",\"@graph\":[{\"@type\":\"Article\",\"@id\":\"https:\/\/www.monlau.com\/fp\/2019\/01\/28\/una-oferta-integral-en-automocion\/#article\",\"isPartOf\":{\"@id\":\"https:\/\/www.monlau.com\/fp\/2019\/01\/28\/una-oferta-integral-en-automocion\/\"},\"author\":{\"name\":\"monlauuser\",\"@id\":\"https:\/\/www.monlau.com\/fp\/#\/schema\/person\/419630ffac9ae08417c894a53e55910c\"},\"headline\":\"Una oferta integral en Automoci\u00f3n\",\"datePublished\":\"2019-01-27T23:00:00+00:00\",\"dateModified\":\"2026-03-17T09:24:58+00:00\",\"mainEntityOfPage\":{\"@id\":\"https:\/\/www.monlau.com\/fp\/2019\/01\/28\/una-oferta-integral-en-automocion\/\"},\"wordCount\":465,\"publisher\":{\"@id\":\"https:\/\/www.monlau.com\/fp\/#organization\"},\"image\":{\"@id\":\"https:\/\/www.monlau.com\/fp\/2019\/01\/28\/una-oferta-integral-en-automocion\/#primaryimage\"},\"thumbnailUrl\":\"https:\/\/www.monlau.com\/app\/uploads\/sites\/3\/2026\/02\/CARACAS-0390.jpg\",\"keywords\":[\"formaci\u00f3n profesional\",\"veh\u00edculos h\u00edbridos\"],\"articleSection\":[\"Automoci\u00f3n\"],\"inLanguage\":\"es\"},{\"@type\":\"WebPage\",\"@id\":\"https:\/\/www.monlau.com\/fp\/2019\/01\/28\/una-oferta-integral-en-automocion\/\",\"url\":\"https:\/\/www.monlau.com\/fp\/2019\/01\/28\/una-oferta-integral-en-automocion\/\",\"name\":\"Una oferta integral en Automoci\u00f3n - Formaci\u00f3n profesional\",\"isPartOf\":{\"@id\":\"https:\/\/www.monlau.com\/fp\/#website\"},\"primaryImageOfPage\":{\"@id\":\"https:\/\/www.monlau.com\/fp\/2019\/01\/28\/una-oferta-integral-en-automocion\/#primaryimage\"},\"image\":{\"@id\":\"https:\/\/www.monlau.com\/fp\/2019\/01\/28\/una-oferta-integral-en-automocion\/#primaryimage\"},\"thumbnailUrl\":\"https:\/\/www.monlau.com\/app\/uploads\/sites\/3\/2026\/02\/CARACAS-0390.jpg\",\"datePublished\":\"2019-01-27T23:00:00+00:00\",\"dateModified\":\"2026-03-17T09:24:58+00:00\",\"breadcrumb\":{\"@id\":\"https:\/\/www.monlau.com\/fp\/2019\/01\/28\/una-oferta-integral-en-automocion\/#breadcrumb\"},\"inLanguage\":\"es\",\"potentialAction\":[{\"@type\":\"ReadAction\",\"target\":[\"https:\/\/www.monlau.com\/fp\/2019\/01\/28\/una-oferta-integral-en-automocion\/\"]}]},{\"@type\":\"ImageObject\",\"inLanguage\":\"es\",\"@id\":\"https:\/\/www.monlau.com\/fp\/2019\/01\/28\/una-oferta-integral-en-automocion\/#primaryimage\",\"url\":\"https:\/\/www.monlau.com\/app\/uploads\/sites\/3\/2026\/02\/CARACAS-0390.jpg\",\"contentUrl\":\"https:\/\/www.monlau.com\/app\/uploads\/sites\/3\/2026\/02\/CARACAS-0390.jpg\",\"width\":1339,\"height\":893},{\"@type\":\"BreadcrumbList\",\"@id\":\"https:\/\/www.monlau.com\/fp\/2019\/01\/28\/una-oferta-integral-en-automocion\/#breadcrumb\",\"itemListElement\":[{\"@type\":\"ListItem\",\"position\":1,\"name\":\"Portada\",\"item\":\"https:\/\/www.monlau.com\/fp\/\"},{\"@type\":\"ListItem\",\"position\":2,\"name\":\"Una oferta integral en Automoci\u00f3n\"}]},{\"@type\":\"WebSite\",\"@id\":\"https:\/\/www.monlau.com\/fp\/#website\",\"url\":\"https:\/\/www.monlau.com\/fp\/\",\"name\":\"Formaci\u00f3n profesional\",\"description\":\"Monlau\",\"publisher\":{\"@id\":\"https:\/\/www.monlau.com\/fp\/#organization\"},\"potentialAction\":[{\"@type\":\"SearchAction\",\"target\":{\"@type\":\"EntryPoint\",\"urlTemplate\":\"https:\/\/www.monlau.com\/fp\/?s={search_term_string}\"},\"query-input\":{\"@type\":\"PropertyValueSpecification\",\"valueRequired\":true,\"valueName\":\"search_term_string\"}}],\"inLanguage\":\"es\"},{\"@type\":\"Organization\",\"@id\":\"https:\/\/www.monlau.com\/fp\/#organization\",\"name\":\"Formaci\u00f3n profesional\",\"url\":\"https:\/\/www.monlau.com\/fp\/\",\"logo\":{\"@type\":\"ImageObject\",\"inLanguage\":\"es\",\"@id\":\"https:\/\/www.monlau.com\/fp\/#\/schema\/logo\/image\/\",\"url\":\"https:\/\/www.monlau.com\/app\/uploads\/sites\/3\/2026\/01\/fp.png\",\"contentUrl\":\"https:\/\/www.monlau.com\/app\/uploads\/sites\/3\/2026\/01\/fp.png\",\"width\":1024,\"height\":878,\"caption\":\"Formaci\u00f3n profesional\"},\"image\":{\"@id\":\"https:\/\/www.monlau.com\/fp\/#\/schema\/logo\/image\/\"}},{\"@type\":\"Person\",\"@id\":\"https:\/\/www.monlau.com\/fp\/#\/schema\/person\/419630ffac9ae08417c894a53e55910c\",\"name\":\"monlauuser\",\"image\":{\"@type\":\"ImageObject\",\"inLanguage\":\"es\",\"@id\":\"https:\/\/secure.gravatar.com\/avatar\/ab9c6e5fc6872da09790b5919f6edfdffde75802c06338ac68a484f8e7813f81?s=96&d=mm&r=g\",\"url\":\"https:\/\/secure.gravatar.com\/avatar\/ab9c6e5fc6872da09790b5919f6edfdffde75802c06338ac68a484f8e7813f81?s=96&d=mm&r=g\",\"contentUrl\":\"https:\/\/secure.gravatar.com\/avatar\/ab9c6e5fc6872da09790b5919f6edfdffde75802c06338ac68a484f8e7813f81?s=96&d=mm&r=g\",\"caption\":\"monlauuser\"},\"url\":\"https:\/\/www.monlau.com\/fp\/author\/monlauuser\/\"}]}<\/script>\n<!-- \/ Yoast SEO plugin. -->","yoast_head_json":{"title":"Una oferta integral en Automoci\u00f3n - Formaci\u00f3n profesional","robots":{"index":"index","follow":"follow","max-snippet":"max-snippet:-1","max-image-preview":"max-image-preview:large","max-video-preview":"max-video-preview:-1"},"canonical":"https:\/\/www.monlau.com\/fp\/2019\/01\/28\/una-oferta-integral-en-automocion\/","og_locale":"es_ES","og_type":"article","og_title":"Una oferta integral en Automoci\u00f3n - Formaci\u00f3n profesional","og_description":"Monlau La Maquinista es un centro pensado e ideado para formar a profesionales de la automoci\u00f3n de manera integral y a lo largo de la vida. Uno nunca termina de formarse, siempre puede volver a seguir actualiz\u00e1ndose, especializarse y conocer nuevas tecnolog\u00edas. Entendemos la formaci\u00f3n profesional como un camino de cuatro a\u00f1os. Una formaci\u00f3n t\u00e9cnica [&hellip;]","og_url":"https:\/\/www.monlau.com\/fp\/2019\/01\/28\/una-oferta-integral-en-automocion\/","og_site_name":"Formaci\u00f3n profesional","article_published_time":"2019-01-27T23:00:00+00:00","article_modified_time":"2026-03-17T09:24:58+00:00","og_image":[{"width":1339,"height":893,"url":"https:\/\/www.monlau.com\/app\/uploads\/sites\/3\/2026\/02\/CARACAS-0390.jpg","type":"image\/jpeg"}],"author":"monlauuser","twitter_card":"summary_large_image","twitter_misc":{"Escrito por":"monlauuser","Tiempo de lectura":"3 minutos"},"schema":{"@context":"https:\/\/schema.org","@graph":[{"@type":"Article","@id":"https:\/\/www.monlau.com\/fp\/2019\/01\/28\/una-oferta-integral-en-automocion\/#article","isPartOf":{"@id":"https:\/\/www.monlau.com\/fp\/2019\/01\/28\/una-oferta-integral-en-automocion\/"},"author":{"name":"monlauuser","@id":"https:\/\/www.monlau.com\/fp\/#\/schema\/person\/419630ffac9ae08417c894a53e55910c"},"headline":"Una oferta integral en Automoci\u00f3n","datePublished":"2019-01-27T23:00:00+00:00","dateModified":"2026-03-17T09:24:58+00:00","mainEntityOfPage":{"@id":"https:\/\/www.monlau.com\/fp\/2019\/01\/28\/una-oferta-integral-en-automocion\/"},"wordCount":465,"publisher":{"@id":"https:\/\/www.monlau.com\/fp\/#organization"},"image":{"@id":"https:\/\/www.monlau.com\/fp\/2019\/01\/28\/una-oferta-integral-en-automocion\/#primaryimage"},"thumbnailUrl":"https:\/\/www.monlau.com\/app\/uploads\/sites\/3\/2026\/02\/CARACAS-0390.jpg","keywords":["formaci\u00f3n profesional","veh\u00edculos h\u00edbridos"],"articleSection":["Automoci\u00f3n"],"inLanguage":"es"},{"@type":"WebPage","@id":"https:\/\/www.monlau.com\/fp\/2019\/01\/28\/una-oferta-integral-en-automocion\/","url":"https:\/\/www.monlau.com\/fp\/2019\/01\/28\/una-oferta-integral-en-automocion\/","name":"Una oferta integral en Automoci\u00f3n - Formaci\u00f3n profesional","isPartOf":{"@id":"https:\/\/www.monlau.com\/fp\/#website"},"primaryImageOfPage":{"@id":"https:\/\/www.monlau.com\/fp\/2019\/01\/28\/una-oferta-integral-en-automocion\/#primaryimage"},"image":{"@id":"https:\/\/www.monlau.com\/fp\/2019\/01\/28\/una-oferta-integral-en-automocion\/#primaryimage"},"thumbnailUrl":"https:\/\/www.monlau.com\/app\/uploads\/sites\/3\/2026\/02\/CARACAS-0390.jpg","datePublished":"2019-01-27T23:00:00+00:00","dateModified":"2026-03-17T09:24:58+00:00","breadcrumb":{"@id":"https:\/\/www.monlau.com\/fp\/2019\/01\/28\/una-oferta-integral-en-automocion\/#breadcrumb"},"inLanguage":"es","potentialAction":[{"@type":"ReadAction","target":["https:\/\/www.monlau.com\/fp\/2019\/01\/28\/una-oferta-integral-en-automocion\/"]}]},{"@type":"ImageObject","inLanguage":"es","@id":"https:\/\/www.monlau.com\/fp\/2019\/01\/28\/una-oferta-integral-en-automocion\/#primaryimage","url":"https:\/\/www.monlau.com\/app\/uploads\/sites\/3\/2026\/02\/CARACAS-0390.jpg","contentUrl":"https:\/\/www.monlau.com\/app\/uploads\/sites\/3\/2026\/02\/CARACAS-0390.jpg","width":1339,"height":893},{"@type":"BreadcrumbList","@id":"https:\/\/www.monlau.com\/fp\/2019\/01\/28\/una-oferta-integral-en-automocion\/#breadcrumb","itemListElement":[{"@type":"ListItem","position":1,"name":"Portada","item":"https:\/\/www.monlau.com\/fp\/"},{"@type":"ListItem","position":2,"name":"Una oferta integral en Automoci\u00f3n"}]},{"@type":"WebSite","@id":"https:\/\/www.monlau.com\/fp\/#website","url":"https:\/\/www.monlau.com\/fp\/","name":"Formaci\u00f3n profesional","description":"Monlau","publisher":{"@id":"https:\/\/www.monlau.com\/fp\/#organization"},"potentialAction":[{"@type":"SearchAction","target":{"@type":"EntryPoint","urlTemplate":"https:\/\/www.monlau.com\/fp\/?s={search_term_string}"},"query-input":{"@type":"PropertyValueSpecification","valueRequired":true,"valueName":"search_term_string"}}],"inLanguage":"es"},{"@type":"Organization","@id":"https:\/\/www.monlau.com\/fp\/#organization","name":"Formaci\u00f3n profesional","url":"https:\/\/www.monlau.com\/fp\/","logo":{"@type":"ImageObject","inLanguage":"es","@id":"https:\/\/www.monlau.com\/fp\/#\/schema\/logo\/image\/","url":"https:\/\/www.monlau.com\/app\/uploads\/sites\/3\/2026\/01\/fp.png","contentUrl":"https:\/\/www.monlau.com\/app\/uploads\/sites\/3\/2026\/01\/fp.png","width":1024,"height":878,"caption":"Formaci\u00f3n profesional"},"image":{"@id":"https:\/\/www.monlau.com\/fp\/#\/schema\/logo\/image\/"}},{"@type":"Person","@id":"https:\/\/www.monlau.com\/fp\/#\/schema\/person\/419630ffac9ae08417c894a53e55910c","name":"monlauuser","image":{"@type":"ImageObject","inLanguage":"es","@id":"https:\/\/secure.gravatar.com\/avatar\/ab9c6e5fc6872da09790b5919f6edfdffde75802c06338ac68a484f8e7813f81?s=96&d=mm&r=g","url":"https:\/\/secure.gravatar.com\/avatar\/ab9c6e5fc6872da09790b5919f6edfdffde75802c06338ac68a484f8e7813f81?s=96&d=mm&r=g","contentUrl":"https:\/\/secure.gravatar.com\/avatar\/ab9c6e5fc6872da09790b5919f6edfdffde75802c06338ac68a484f8e7813f81?s=96&d=mm&r=g","caption":"monlauuser"},"url":"https:\/\/www.monlau.com\/fp\/author\/monlauuser\/"}]}},"_links":{"self":[{"href":"https:\/\/www.monlau.com\/fp\/wp-json\/wp\/v2\/posts\/5889","targetHints":{"allow":["GET"]}}],"collection":[{"href":"https:\/\/www.monlau.com\/fp\/wp-json\/wp\/v2\/posts"}],"about":[{"href":"https:\/\/www.monlau.com\/fp\/wp-json\/wp\/v2\/types\/post"}],"author":[{"embeddable":true,"href":"https:\/\/www.monlau.com\/fp\/wp-json\/wp\/v2\/users\/2"}],"replies":[{"embeddable":true,"href":"https:\/\/www.monlau.com\/fp\/wp-json\/wp\/v2\/comments?post=5889"}],"version-history":[{"count":2,"href":"https:\/\/www.monlau.com\/fp\/wp-json\/wp\/v2\/posts\/5889\/revisions"}],"predecessor-version":[{"id":8455,"href":"https:\/\/www.monlau.com\/fp\/wp-json\/wp\/v2\/posts\/5889\/revisions\/8455"}],"wp:featuredmedia":[{"embeddable":true,"href":"https:\/\/www.monlau.com\/fp\/wp-json\/wp\/v2\/media\/2851"}],"wp:attachment":[{"href":"https:\/\/www.monlau.com\/fp\/wp-json\/wp\/v2\/media?parent=5889"}],"wp:term":[{"taxonomy":"category","embeddable":true,"href":"https:\/\/www.monlau.com\/fp\/wp-json\/wp\/v2\/categories?post=5889"},{"taxonomy":"post_tag","embeddable":true,"href":"https:\/\/www.monlau.com\/fp\/wp-json\/wp\/v2\/tags?post=5889"}],"curies":[{"name":"wp","href":"https:\/\/api.w.org\/{rel}","templated":true}]}}