{"id":5888,"date":"2019-01-28T00:00:00","date_gmt":"2019-01-27T23:00:00","guid":{"rendered":"https:\/\/www.monlau.com\/formacion-profesional\/la-orientacion-academica-construyendo-juntos-nuestro-camino\/"},"modified":"2026-03-17T10:36:14","modified_gmt":"2026-03-17T09:36:14","slug":"la-orientacion-academica-construyendo-juntos-nuestro-camino","status":"publish","type":"post","link":"https:\/\/www.monlau.com\/fp\/2019\/01\/28\/la-orientacion-academica-construyendo-juntos-nuestro-camino\/","title":{"rendered":"La orientaci\u00f3n acad\u00e9mica: construyendo juntos nuestro camino"},"content":{"rendered":"<p>Cuando decimos que estamos orientados queremos transmitir que sabemos d\u00f3nde vamos. Para poder tener orientaci\u00f3n debemos conocer d\u00f3nde estamos, d\u00f3nde queremos ir y qu\u00e9 caminos o alternativas tenemos para construir nuestro trayecto.<\/p>\n<p>Ahora bien, no es solamente una acumulaci\u00f3n de datos, debe tener sentimiento. El orientador debe conocer y sentir lo que el alumno \/ a siente, puede y quiere.<\/p>\n<p>Nuestra escuela recibe los alumnos en primero de ESO, primero de Bachillerato y primeros de Ciclos Formativos. Nuestro primer objetivo es y debe ser plantar la semilla de la ambici\u00f3n por la formaci\u00f3n en s\u00ed mismos, con las peculiaridades de cada edad. Sin motivaci\u00f3n ni pasi\u00f3n no nos movemos.<\/p>\n<p>Podr\u00edamos disponer de la figura del orientador, pero ambicionamos lograr que todos los miembros del equipo docente conozcan todas las posibilidades, dentro y fuera de nuestro centro, y por eso aprovechamos la larga experiencia que tenemos en empatizar con los alumnos desde la funci\u00f3n tutorial y el paraguas de las 11 c\u2019s.<\/p>\n<p>Conocer las inquietudes del alumno \/ a permite elaborar con \u00e9l un itinerario que lo lleve desde el inicio de su formaci\u00f3n con nosotros hasta desarrollar al m\u00e1ximo sus posibilidades y confeccionar un curr\u00edculum que asegure su inserci\u00f3n laboral con \u00e9xito.<\/p>\n<p>La funci\u00f3n de la instituci\u00f3n escolar debe ser formar intelectualmente, personal y laboralmente a todos los alumnos y promocionarlos hasta el siguiente estadio (puesto de trabajo, universidad, ciclo formativo, &#8230;.).<\/p>\n<p>Para ello disponemos de un Plan de Orientaci\u00f3n que conoce todo el equipo docente y no docente y as\u00ed todos podemos incidir siempre en la importancia de tener objetivos y de construir nuestro propio camino.<\/p>\n<h4>Joan Segarra<\/h4>\n<p>Director Monlau Sagrera<\/p>\n","protected":false},"excerpt":{"rendered":"<p>Cuando decimos que estamos orientados queremos transmitir que sabemos d\u00f3nde vamos. Para poder tener orientaci\u00f3n debemos conocer d\u00f3nde estamos, d\u00f3nde queremos ir y qu\u00e9 caminos o alternativas tenemos para construir nuestro trayecto. Ahora bien, no es solamente una acumulaci\u00f3n de datos, debe tener sentimiento. El orientador debe conocer y sentir lo que el alumno \/ [&hellip;]<\/p>\n","protected":false},"author":2,"featured_media":2853,"comment_status":"closed","ping_status":"closed","sticky":false,"template":"","format":"standard","meta":{"footnotes":""},"categories":[36,32,31,37,38],"tags":[46,47,48],"class_list":["post-5888","post","type-post","status-publish","format-standard","has-post-thumbnail","hentry","category-automocion","category-empresa-y-marketing","category-fp-dual","category-hoteleria-y-turismo","category-informatica","tag-11-cs","tag-bachillerato","tag-eso"],"yoast_head":"<!-- This site is optimized with the Yoast SEO plugin v27.2 - https:\/\/yoast.com\/product\/yoast-seo-wordpress\/ -->\n<title>La orientaci\u00f3n acad\u00e9mica: construyendo juntos nuestro camino - Formaci\u00f3n profesional<\/title>\n<meta name=\"robots\" content=\"index, follow, max-snippet:-1, max-image-preview:large, max-video-preview:-1\" \/>\n<link rel=\"canonical\" href=\"https:\/\/www.monlau.com\/fp\/2019\/01\/28\/la-orientacion-academica-construyendo-juntos-nuestro-camino\/\" \/>\n<meta property=\"og:locale\" content=\"es_ES\" \/>\n<meta property=\"og:type\" content=\"article\" \/>\n<meta property=\"og:title\" content=\"La orientaci\u00f3n acad\u00e9mica: construyendo juntos nuestro camino - Formaci\u00f3n profesional\" \/>\n<meta property=\"og:description\" content=\"Cuando decimos que estamos orientados queremos transmitir que sabemos d\u00f3nde vamos. Para poder tener orientaci\u00f3n debemos conocer d\u00f3nde estamos, d\u00f3nde queremos ir y qu\u00e9 caminos o alternativas tenemos para construir nuestro trayecto. Ahora bien, no es solamente una acumulaci\u00f3n de datos, debe tener sentimiento. El orientador debe conocer y sentir lo que el alumno \/ [&hellip;]\" \/>\n<meta property=\"og:url\" content=\"https:\/\/www.monlau.com\/fp\/2019\/01\/28\/la-orientacion-academica-construyendo-juntos-nuestro-camino\/\" \/>\n<meta property=\"og:site_name\" content=\"Formaci\u00f3n profesional\" \/>\n<meta property=\"article:published_time\" content=\"2019-01-27T23:00:00+00:00\" \/>\n<meta property=\"article:modified_time\" content=\"2026-03-17T09:36:14+00:00\" \/>\n<meta property=\"og:image\" content=\"https:\/\/www.monlau.com\/app\/uploads\/sites\/3\/2026\/02\/orientacio-1.jpg\" \/>\n\t<meta property=\"og:image:width\" content=\"1536\" \/>\n\t<meta property=\"og:image:height\" content=\"1024\" \/>\n\t<meta property=\"og:image:type\" content=\"image\/jpeg\" \/>\n<meta name=\"author\" content=\"monlauuser\" \/>\n<meta name=\"twitter:card\" content=\"summary_large_image\" \/>\n<meta name=\"twitter:label1\" content=\"Escrito por\" \/>\n\t<meta name=\"twitter:data1\" content=\"monlauuser\" \/>\n\t<meta name=\"twitter:label2\" content=\"Tiempo de lectura\" \/>\n\t<meta name=\"twitter:data2\" content=\"2 minutos\" \/>\n<script type=\"application\/ld+json\" class=\"yoast-schema-graph\">{\"@context\":\"https:\/\/schema.org\",\"@graph\":[{\"@type\":\"Article\",\"@id\":\"https:\/\/www.monlau.com\/fp\/2019\/01\/28\/la-orientacion-academica-construyendo-juntos-nuestro-camino\/#article\",\"isPartOf\":{\"@id\":\"https:\/\/www.monlau.com\/fp\/2019\/01\/28\/la-orientacion-academica-construyendo-juntos-nuestro-camino\/\"},\"author\":{\"name\":\"monlauuser\",\"@id\":\"https:\/\/www.monlau.com\/fp\/#\/schema\/person\/419630ffac9ae08417c894a53e55910c\"},\"headline\":\"La orientaci\u00f3n acad\u00e9mica: construyendo juntos nuestro camino\",\"datePublished\":\"2019-01-27T23:00:00+00:00\",\"dateModified\":\"2026-03-17T09:36:14+00:00\",\"mainEntityOfPage\":{\"@id\":\"https:\/\/www.monlau.com\/fp\/2019\/01\/28\/la-orientacion-academica-construyendo-juntos-nuestro-camino\/\"},\"wordCount\":296,\"publisher\":{\"@id\":\"https:\/\/www.monlau.com\/fp\/#organization\"},\"image\":{\"@id\":\"https:\/\/www.monlau.com\/fp\/2019\/01\/28\/la-orientacion-academica-construyendo-juntos-nuestro-camino\/#primaryimage\"},\"thumbnailUrl\":\"https:\/\/www.monlau.com\/app\/uploads\/sites\/3\/2026\/02\/orientacio-1.jpg\",\"keywords\":[\"11 c's\",\"Bachillerato\",\"ESO\"],\"articleSection\":[\"Automoci\u00f3n\",\"Empresa y Marketing\",\"FP Dual\",\"Hoteler\u00eda y Turismo\",\"Inform\u00e1tica\"],\"inLanguage\":\"es\"},{\"@type\":\"WebPage\",\"@id\":\"https:\/\/www.monlau.com\/fp\/2019\/01\/28\/la-orientacion-academica-construyendo-juntos-nuestro-camino\/\",\"url\":\"https:\/\/www.monlau.com\/fp\/2019\/01\/28\/la-orientacion-academica-construyendo-juntos-nuestro-camino\/\",\"name\":\"La orientaci\u00f3n acad\u00e9mica: construyendo juntos nuestro camino - Formaci\u00f3n profesional\",\"isPartOf\":{\"@id\":\"https:\/\/www.monlau.com\/fp\/#website\"},\"primaryImageOfPage\":{\"@id\":\"https:\/\/www.monlau.com\/fp\/2019\/01\/28\/la-orientacion-academica-construyendo-juntos-nuestro-camino\/#primaryimage\"},\"image\":{\"@id\":\"https:\/\/www.monlau.com\/fp\/2019\/01\/28\/la-orientacion-academica-construyendo-juntos-nuestro-camino\/#primaryimage\"},\"thumbnailUrl\":\"https:\/\/www.monlau.com\/app\/uploads\/sites\/3\/2026\/02\/orientacio-1.jpg\",\"datePublished\":\"2019-01-27T23:00:00+00:00\",\"dateModified\":\"2026-03-17T09:36:14+00:00\",\"breadcrumb\":{\"@id\":\"https:\/\/www.monlau.com\/fp\/2019\/01\/28\/la-orientacion-academica-construyendo-juntos-nuestro-camino\/#breadcrumb\"},\"inLanguage\":\"es\",\"potentialAction\":[{\"@type\":\"ReadAction\",\"target\":[\"https:\/\/www.monlau.com\/fp\/2019\/01\/28\/la-orientacion-academica-construyendo-juntos-nuestro-camino\/\"]}]},{\"@type\":\"ImageObject\",\"inLanguage\":\"es\",\"@id\":\"https:\/\/www.monlau.com\/fp\/2019\/01\/28\/la-orientacion-academica-construyendo-juntos-nuestro-camino\/#primaryimage\",\"url\":\"https:\/\/www.monlau.com\/app\/uploads\/sites\/3\/2026\/02\/orientacio-1.jpg\",\"contentUrl\":\"https:\/\/www.monlau.com\/app\/uploads\/sites\/3\/2026\/02\/orientacio-1.jpg\",\"width\":1536,\"height\":1024},{\"@type\":\"BreadcrumbList\",\"@id\":\"https:\/\/www.monlau.com\/fp\/2019\/01\/28\/la-orientacion-academica-construyendo-juntos-nuestro-camino\/#breadcrumb\",\"itemListElement\":[{\"@type\":\"ListItem\",\"position\":1,\"name\":\"Portada\",\"item\":\"https:\/\/www.monlau.com\/fp\/\"},{\"@type\":\"ListItem\",\"position\":2,\"name\":\"La orientaci\u00f3n acad\u00e9mica: construyendo juntos nuestro camino\"}]},{\"@type\":\"WebSite\",\"@id\":\"https:\/\/www.monlau.com\/fp\/#website\",\"url\":\"https:\/\/www.monlau.com\/fp\/\",\"name\":\"Formaci\u00f3n profesional\",\"description\":\"Monlau\",\"publisher\":{\"@id\":\"https:\/\/www.monlau.com\/fp\/#organization\"},\"potentialAction\":[{\"@type\":\"SearchAction\",\"target\":{\"@type\":\"EntryPoint\",\"urlTemplate\":\"https:\/\/www.monlau.com\/fp\/?s={search_term_string}\"},\"query-input\":{\"@type\":\"PropertyValueSpecification\",\"valueRequired\":true,\"valueName\":\"search_term_string\"}}],\"inLanguage\":\"es\"},{\"@type\":\"Organization\",\"@id\":\"https:\/\/www.monlau.com\/fp\/#organization\",\"name\":\"Formaci\u00f3n profesional\",\"url\":\"https:\/\/www.monlau.com\/fp\/\",\"logo\":{\"@type\":\"ImageObject\",\"inLanguage\":\"es\",\"@id\":\"https:\/\/www.monlau.com\/fp\/#\/schema\/logo\/image\/\",\"url\":\"https:\/\/www.monlau.com\/app\/uploads\/sites\/3\/2026\/01\/fp.png\",\"contentUrl\":\"https:\/\/www.monlau.com\/app\/uploads\/sites\/3\/2026\/01\/fp.png\",\"width\":1024,\"height\":878,\"caption\":\"Formaci\u00f3n profesional\"},\"image\":{\"@id\":\"https:\/\/www.monlau.com\/fp\/#\/schema\/logo\/image\/\"}},{\"@type\":\"Person\",\"@id\":\"https:\/\/www.monlau.com\/fp\/#\/schema\/person\/419630ffac9ae08417c894a53e55910c\",\"name\":\"monlauuser\",\"image\":{\"@type\":\"ImageObject\",\"inLanguage\":\"es\",\"@id\":\"https:\/\/secure.gravatar.com\/avatar\/ab9c6e5fc6872da09790b5919f6edfdffde75802c06338ac68a484f8e7813f81?s=96&d=mm&r=g\",\"url\":\"https:\/\/secure.gravatar.com\/avatar\/ab9c6e5fc6872da09790b5919f6edfdffde75802c06338ac68a484f8e7813f81?s=96&d=mm&r=g\",\"contentUrl\":\"https:\/\/secure.gravatar.com\/avatar\/ab9c6e5fc6872da09790b5919f6edfdffde75802c06338ac68a484f8e7813f81?s=96&d=mm&r=g\",\"caption\":\"monlauuser\"},\"url\":\"https:\/\/www.monlau.com\/fp\/author\/monlauuser\/\"}]}<\/script>\n<!-- \/ Yoast SEO plugin. -->","yoast_head_json":{"title":"La orientaci\u00f3n acad\u00e9mica: construyendo juntos nuestro camino - Formaci\u00f3n profesional","robots":{"index":"index","follow":"follow","max-snippet":"max-snippet:-1","max-image-preview":"max-image-preview:large","max-video-preview":"max-video-preview:-1"},"canonical":"https:\/\/www.monlau.com\/fp\/2019\/01\/28\/la-orientacion-academica-construyendo-juntos-nuestro-camino\/","og_locale":"es_ES","og_type":"article","og_title":"La orientaci\u00f3n acad\u00e9mica: construyendo juntos nuestro camino - Formaci\u00f3n profesional","og_description":"Cuando decimos que estamos orientados queremos transmitir que sabemos d\u00f3nde vamos. Para poder tener orientaci\u00f3n debemos conocer d\u00f3nde estamos, d\u00f3nde queremos ir y qu\u00e9 caminos o alternativas tenemos para construir nuestro trayecto. Ahora bien, no es solamente una acumulaci\u00f3n de datos, debe tener sentimiento. El orientador debe conocer y sentir lo que el alumno \/ [&hellip;]","og_url":"https:\/\/www.monlau.com\/fp\/2019\/01\/28\/la-orientacion-academica-construyendo-juntos-nuestro-camino\/","og_site_name":"Formaci\u00f3n profesional","article_published_time":"2019-01-27T23:00:00+00:00","article_modified_time":"2026-03-17T09:36:14+00:00","og_image":[{"width":1536,"height":1024,"url":"https:\/\/www.monlau.com\/app\/uploads\/sites\/3\/2026\/02\/orientacio-1.jpg","type":"image\/jpeg"}],"author":"monlauuser","twitter_card":"summary_large_image","twitter_misc":{"Escrito por":"monlauuser","Tiempo de lectura":"2 minutos"},"schema":{"@context":"https:\/\/schema.org","@graph":[{"@type":"Article","@id":"https:\/\/www.monlau.com\/fp\/2019\/01\/28\/la-orientacion-academica-construyendo-juntos-nuestro-camino\/#article","isPartOf":{"@id":"https:\/\/www.monlau.com\/fp\/2019\/01\/28\/la-orientacion-academica-construyendo-juntos-nuestro-camino\/"},"author":{"name":"monlauuser","@id":"https:\/\/www.monlau.com\/fp\/#\/schema\/person\/419630ffac9ae08417c894a53e55910c"},"headline":"La orientaci\u00f3n acad\u00e9mica: construyendo juntos nuestro camino","datePublished":"2019-01-27T23:00:00+00:00","dateModified":"2026-03-17T09:36:14+00:00","mainEntityOfPage":{"@id":"https:\/\/www.monlau.com\/fp\/2019\/01\/28\/la-orientacion-academica-construyendo-juntos-nuestro-camino\/"},"wordCount":296,"publisher":{"@id":"https:\/\/www.monlau.com\/fp\/#organization"},"image":{"@id":"https:\/\/www.monlau.com\/fp\/2019\/01\/28\/la-orientacion-academica-construyendo-juntos-nuestro-camino\/#primaryimage"},"thumbnailUrl":"https:\/\/www.monlau.com\/app\/uploads\/sites\/3\/2026\/02\/orientacio-1.jpg","keywords":["11 c's","Bachillerato","ESO"],"articleSection":["Automoci\u00f3n","Empresa y Marketing","FP Dual","Hoteler\u00eda y Turismo","Inform\u00e1tica"],"inLanguage":"es"},{"@type":"WebPage","@id":"https:\/\/www.monlau.com\/fp\/2019\/01\/28\/la-orientacion-academica-construyendo-juntos-nuestro-camino\/","url":"https:\/\/www.monlau.com\/fp\/2019\/01\/28\/la-orientacion-academica-construyendo-juntos-nuestro-camino\/","name":"La orientaci\u00f3n acad\u00e9mica: construyendo juntos nuestro camino - Formaci\u00f3n profesional","isPartOf":{"@id":"https:\/\/www.monlau.com\/fp\/#website"},"primaryImageOfPage":{"@id":"https:\/\/www.monlau.com\/fp\/2019\/01\/28\/la-orientacion-academica-construyendo-juntos-nuestro-camino\/#primaryimage"},"image":{"@id":"https:\/\/www.monlau.com\/fp\/2019\/01\/28\/la-orientacion-academica-construyendo-juntos-nuestro-camino\/#primaryimage"},"thumbnailUrl":"https:\/\/www.monlau.com\/app\/uploads\/sites\/3\/2026\/02\/orientacio-1.jpg","datePublished":"2019-01-27T23:00:00+00:00","dateModified":"2026-03-17T09:36:14+00:00","breadcrumb":{"@id":"https:\/\/www.monlau.com\/fp\/2019\/01\/28\/la-orientacion-academica-construyendo-juntos-nuestro-camino\/#breadcrumb"},"inLanguage":"es","potentialAction":[{"@type":"ReadAction","target":["https:\/\/www.monlau.com\/fp\/2019\/01\/28\/la-orientacion-academica-construyendo-juntos-nuestro-camino\/"]}]},{"@type":"ImageObject","inLanguage":"es","@id":"https:\/\/www.monlau.com\/fp\/2019\/01\/28\/la-orientacion-academica-construyendo-juntos-nuestro-camino\/#primaryimage","url":"https:\/\/www.monlau.com\/app\/uploads\/sites\/3\/2026\/02\/orientacio-1.jpg","contentUrl":"https:\/\/www.monlau.com\/app\/uploads\/sites\/3\/2026\/02\/orientacio-1.jpg","width":1536,"height":1024},{"@type":"BreadcrumbList","@id":"https:\/\/www.monlau.com\/fp\/2019\/01\/28\/la-orientacion-academica-construyendo-juntos-nuestro-camino\/#breadcrumb","itemListElement":[{"@type":"ListItem","position":1,"name":"Portada","item":"https:\/\/www.monlau.com\/fp\/"},{"@type":"ListItem","position":2,"name":"La orientaci\u00f3n acad\u00e9mica: construyendo juntos nuestro camino"}]},{"@type":"WebSite","@id":"https:\/\/www.monlau.com\/fp\/#website","url":"https:\/\/www.monlau.com\/fp\/","name":"Formaci\u00f3n profesional","description":"Monlau","publisher":{"@id":"https:\/\/www.monlau.com\/fp\/#organization"},"potentialAction":[{"@type":"SearchAction","target":{"@type":"EntryPoint","urlTemplate":"https:\/\/www.monlau.com\/fp\/?s={search_term_string}"},"query-input":{"@type":"PropertyValueSpecification","valueRequired":true,"valueName":"search_term_string"}}],"inLanguage":"es"},{"@type":"Organization","@id":"https:\/\/www.monlau.com\/fp\/#organization","name":"Formaci\u00f3n profesional","url":"https:\/\/www.monlau.com\/fp\/","logo":{"@type":"ImageObject","inLanguage":"es","@id":"https:\/\/www.monlau.com\/fp\/#\/schema\/logo\/image\/","url":"https:\/\/www.monlau.com\/app\/uploads\/sites\/3\/2026\/01\/fp.png","contentUrl":"https:\/\/www.monlau.com\/app\/uploads\/sites\/3\/2026\/01\/fp.png","width":1024,"height":878,"caption":"Formaci\u00f3n profesional"},"image":{"@id":"https:\/\/www.monlau.com\/fp\/#\/schema\/logo\/image\/"}},{"@type":"Person","@id":"https:\/\/www.monlau.com\/fp\/#\/schema\/person\/419630ffac9ae08417c894a53e55910c","name":"monlauuser","image":{"@type":"ImageObject","inLanguage":"es","@id":"https:\/\/secure.gravatar.com\/avatar\/ab9c6e5fc6872da09790b5919f6edfdffde75802c06338ac68a484f8e7813f81?s=96&d=mm&r=g","url":"https:\/\/secure.gravatar.com\/avatar\/ab9c6e5fc6872da09790b5919f6edfdffde75802c06338ac68a484f8e7813f81?s=96&d=mm&r=g","contentUrl":"https:\/\/secure.gravatar.com\/avatar\/ab9c6e5fc6872da09790b5919f6edfdffde75802c06338ac68a484f8e7813f81?s=96&d=mm&r=g","caption":"monlauuser"},"url":"https:\/\/www.monlau.com\/fp\/author\/monlauuser\/"}]}},"_links":{"self":[{"href":"https:\/\/www.monlau.com\/fp\/wp-json\/wp\/v2\/posts\/5888","targetHints":{"allow":["GET"]}}],"collection":[{"href":"https:\/\/www.monlau.com\/fp\/wp-json\/wp\/v2\/posts"}],"about":[{"href":"https:\/\/www.monlau.com\/fp\/wp-json\/wp\/v2\/types\/post"}],"author":[{"embeddable":true,"href":"https:\/\/www.monlau.com\/fp\/wp-json\/wp\/v2\/users\/2"}],"replies":[{"embeddable":true,"href":"https:\/\/www.monlau.com\/fp\/wp-json\/wp\/v2\/comments?post=5888"}],"version-history":[{"count":2,"href":"https:\/\/www.monlau.com\/fp\/wp-json\/wp\/v2\/posts\/5888\/revisions"}],"predecessor-version":[{"id":8463,"href":"https:\/\/www.monlau.com\/fp\/wp-json\/wp\/v2\/posts\/5888\/revisions\/8463"}],"wp:featuredmedia":[{"embeddable":true,"href":"https:\/\/www.monlau.com\/fp\/wp-json\/wp\/v2\/media\/2853"}],"wp:attachment":[{"href":"https:\/\/www.monlau.com\/fp\/wp-json\/wp\/v2\/media?parent=5888"}],"wp:term":[{"taxonomy":"category","embeddable":true,"href":"https:\/\/www.monlau.com\/fp\/wp-json\/wp\/v2\/categories?post=5888"},{"taxonomy":"post_tag","embeddable":true,"href":"https:\/\/www.monlau.com\/fp\/wp-json\/wp\/v2\/tags?post=5888"}],"curies":[{"name":"wp","href":"https:\/\/api.w.org\/{rel}","templated":true}]}}