{"id":5887,"date":"2019-01-28T00:00:00","date_gmt":"2019-01-27T23:00:00","guid":{"rendered":"https:\/\/www.monlau.com\/formacion-profesional\/formacion-para-el-empleo\/"},"modified":"2026-03-17T10:28:16","modified_gmt":"2026-03-17T09:28:16","slug":"formacion-para-el-empleo","status":"publish","type":"post","link":"https:\/\/www.monlau.com\/fp\/2019\/01\/28\/formacion-para-el-empleo\/","title":{"rendered":"Formaci\u00f3n para el empleo"},"content":{"rendered":"<h4 style=\"text-align: center;\"><em>El 80% del alumnado consigue un contrato laboral al finalizar los estudios <\/em><\/h4>\n<p>Monlau Estudios Profesionales ha concluido la primera edici\u00f3n del posgrado de Asesor Comercial de Automoci\u00f3n en colaboraci\u00f3n con los principales grupos concesionarios ubicados en Barcelona con <strong>la incorporaci\u00f3n del m\u00e1s del 80% del alumnado en las empresas con un contrato laboral. <\/strong><\/p>\n<p>La formaci\u00f3n nace por la demanda de grupos de automoci\u00f3n como Quadis, Moventia, PSA Retail o BMW Barcelona Premium que necesitan profesionales del \u00e1mbito comercial con formaci\u00f3n espec\u00edfica en el sector.<\/p>\n<p>Monlau, como referente en los estudios profesionales en el \u00e1rea, ha dise\u00f1ado un posgrado para alumnos con titulaci\u00f3n de Ciclo de Superior que incluye a la empresa des del primer momento. Es decir, <strong>clases magistrales impartidas por profesionales referentes en el sector automovil\u00edstico, seguros y gestor\u00eda, visitas a sus instalaciones y, por \u00faltimo, estad\u00edas en la empresa para formar parte de los equipos comerciales<\/strong>. Todo ello, con el objetivo de dar una respuesta s\u00f3lida a la demanda de un nuevo perfil de comercial.<\/p>\n<p>Las competencias del mercado de ventas de autom\u00f3viles van m\u00e1s all\u00e1 del cl\u00e1sico vendedor. El sector demanda personas con habilidades en marketing digital, t\u00e9cnicas de venta y sobre todo con un amplio conocimiento de las tendencias y \u00faltimas novedades de un sector, que est\u00e1 viviendo una gran transformaci\u00f3n con la llegada de nuevas tecnolog\u00edas (veh\u00edculo el\u00e9ctrico, aut\u00f3nomo, etc.).<\/p>\n<h4>Javier Loscos<\/h4>\n<p>Responasble de Formaci\u00f3n Continua<\/p>\n","protected":false},"excerpt":{"rendered":"<p>El 80% del alumnado consigue un contrato laboral al finalizar los estudios Monlau Estudios Profesionales ha concluido la primera edici\u00f3n del posgrado de Asesor Comercial de Automoci\u00f3n en colaboraci\u00f3n con los principales grupos concesionarios ubicados en Barcelona con la incorporaci\u00f3n del m\u00e1s del 80% del alumnado en las empresas con un contrato laboral. La formaci\u00f3n [&hellip;]<\/p>\n","protected":false},"author":2,"featured_media":2848,"comment_status":"closed","ping_status":"closed","sticky":false,"template":"","format":"standard","meta":{"footnotes":""},"categories":[41],"tags":[42,43,44,45],"class_list":["post-5887","post","type-post","status-publish","format-standard","has-post-thumbnail","hentry","category-postgrado","tag-bmw-barcelona","tag-quadis","tag-sector-automovilistico","tag-vehiculos-hibridos"],"yoast_head":"<!-- This site is optimized with the Yoast SEO plugin v27.2 - https:\/\/yoast.com\/product\/yoast-seo-wordpress\/ -->\n<title>Formaci\u00f3n para el empleo - Formaci\u00f3n profesional<\/title>\n<meta name=\"robots\" content=\"index, follow, max-snippet:-1, max-image-preview:large, max-video-preview:-1\" \/>\n<link rel=\"canonical\" href=\"https:\/\/www.monlau.com\/fp\/2019\/01\/28\/formacion-para-el-empleo\/\" \/>\n<meta property=\"og:locale\" content=\"es_ES\" \/>\n<meta property=\"og:type\" content=\"article\" \/>\n<meta property=\"og:title\" content=\"Formaci\u00f3n para el empleo - Formaci\u00f3n profesional\" \/>\n<meta property=\"og:description\" content=\"El 80% del alumnado consigue un contrato laboral al finalizar los estudios Monlau Estudios Profesionales ha concluido la primera edici\u00f3n del posgrado de Asesor Comercial de Automoci\u00f3n en colaboraci\u00f3n con los principales grupos concesionarios ubicados en Barcelona con la incorporaci\u00f3n del m\u00e1s del 80% del alumnado en las empresas con un contrato laboral. La formaci\u00f3n [&hellip;]\" \/>\n<meta property=\"og:url\" content=\"https:\/\/www.monlau.com\/fp\/2019\/01\/28\/formacion-para-el-empleo\/\" \/>\n<meta property=\"og:site_name\" content=\"Formaci\u00f3n profesional\" \/>\n<meta property=\"article:published_time\" content=\"2019-01-27T23:00:00+00:00\" \/>\n<meta property=\"article:modified_time\" content=\"2026-03-17T09:28:16+00:00\" \/>\n<meta property=\"og:image\" content=\"https:\/\/www.monlau.com\/app\/uploads\/sites\/3\/2026\/02\/asesor-comercial.jpg\" \/>\n\t<meta property=\"og:image:width\" content=\"1642\" \/>\n\t<meta property=\"og:image:height\" content=\"1094\" \/>\n\t<meta property=\"og:image:type\" content=\"image\/jpeg\" \/>\n<meta name=\"author\" content=\"monlauuser\" \/>\n<meta name=\"twitter:card\" content=\"summary_large_image\" \/>\n<meta name=\"twitter:label1\" content=\"Escrito por\" \/>\n\t<meta name=\"twitter:data1\" content=\"monlauuser\" \/>\n\t<meta name=\"twitter:label2\" content=\"Tiempo de lectura\" \/>\n\t<meta name=\"twitter:data2\" content=\"2 minutos\" \/>\n<script type=\"application\/ld+json\" class=\"yoast-schema-graph\">{\"@context\":\"https:\/\/schema.org\",\"@graph\":[{\"@type\":\"Article\",\"@id\":\"https:\/\/www.monlau.com\/fp\/2019\/01\/28\/formacion-para-el-empleo\/#article\",\"isPartOf\":{\"@id\":\"https:\/\/www.monlau.com\/fp\/2019\/01\/28\/formacion-para-el-empleo\/\"},\"author\":{\"name\":\"monlauuser\",\"@id\":\"https:\/\/www.monlau.com\/fp\/#\/schema\/person\/419630ffac9ae08417c894a53e55910c\"},\"headline\":\"Formaci\u00f3n para el empleo\",\"datePublished\":\"2019-01-27T23:00:00+00:00\",\"dateModified\":\"2026-03-17T09:28:16+00:00\",\"mainEntityOfPage\":{\"@id\":\"https:\/\/www.monlau.com\/fp\/2019\/01\/28\/formacion-para-el-empleo\/\"},\"wordCount\":259,\"publisher\":{\"@id\":\"https:\/\/www.monlau.com\/fp\/#organization\"},\"image\":{\"@id\":\"https:\/\/www.monlau.com\/fp\/2019\/01\/28\/formacion-para-el-empleo\/#primaryimage\"},\"thumbnailUrl\":\"https:\/\/www.monlau.com\/app\/uploads\/sites\/3\/2026\/02\/asesor-comercial.jpg\",\"keywords\":[\"BMW Barcelona\",\"Quadis\",\"sector automovil\u00edstico\",\"veh\u00edculos h\u00edbridos\"],\"articleSection\":[\"Postgrado\"],\"inLanguage\":\"es\"},{\"@type\":\"WebPage\",\"@id\":\"https:\/\/www.monlau.com\/fp\/2019\/01\/28\/formacion-para-el-empleo\/\",\"url\":\"https:\/\/www.monlau.com\/fp\/2019\/01\/28\/formacion-para-el-empleo\/\",\"name\":\"Formaci\u00f3n para el empleo - Formaci\u00f3n profesional\",\"isPartOf\":{\"@id\":\"https:\/\/www.monlau.com\/fp\/#website\"},\"primaryImageOfPage\":{\"@id\":\"https:\/\/www.monlau.com\/fp\/2019\/01\/28\/formacion-para-el-empleo\/#primaryimage\"},\"image\":{\"@id\":\"https:\/\/www.monlau.com\/fp\/2019\/01\/28\/formacion-para-el-empleo\/#primaryimage\"},\"thumbnailUrl\":\"https:\/\/www.monlau.com\/app\/uploads\/sites\/3\/2026\/02\/asesor-comercial.jpg\",\"datePublished\":\"2019-01-27T23:00:00+00:00\",\"dateModified\":\"2026-03-17T09:28:16+00:00\",\"breadcrumb\":{\"@id\":\"https:\/\/www.monlau.com\/fp\/2019\/01\/28\/formacion-para-el-empleo\/#breadcrumb\"},\"inLanguage\":\"es\",\"potentialAction\":[{\"@type\":\"ReadAction\",\"target\":[\"https:\/\/www.monlau.com\/fp\/2019\/01\/28\/formacion-para-el-empleo\/\"]}]},{\"@type\":\"ImageObject\",\"inLanguage\":\"es\",\"@id\":\"https:\/\/www.monlau.com\/fp\/2019\/01\/28\/formacion-para-el-empleo\/#primaryimage\",\"url\":\"https:\/\/www.monlau.com\/app\/uploads\/sites\/3\/2026\/02\/asesor-comercial.jpg\",\"contentUrl\":\"https:\/\/www.monlau.com\/app\/uploads\/sites\/3\/2026\/02\/asesor-comercial.jpg\",\"width\":1642,\"height\":1094},{\"@type\":\"BreadcrumbList\",\"@id\":\"https:\/\/www.monlau.com\/fp\/2019\/01\/28\/formacion-para-el-empleo\/#breadcrumb\",\"itemListElement\":[{\"@type\":\"ListItem\",\"position\":1,\"name\":\"Portada\",\"item\":\"https:\/\/www.monlau.com\/fp\/\"},{\"@type\":\"ListItem\",\"position\":2,\"name\":\"Formaci\u00f3n para el empleo\"}]},{\"@type\":\"WebSite\",\"@id\":\"https:\/\/www.monlau.com\/fp\/#website\",\"url\":\"https:\/\/www.monlau.com\/fp\/\",\"name\":\"Formaci\u00f3n profesional\",\"description\":\"Monlau\",\"publisher\":{\"@id\":\"https:\/\/www.monlau.com\/fp\/#organization\"},\"potentialAction\":[{\"@type\":\"SearchAction\",\"target\":{\"@type\":\"EntryPoint\",\"urlTemplate\":\"https:\/\/www.monlau.com\/fp\/?s={search_term_string}\"},\"query-input\":{\"@type\":\"PropertyValueSpecification\",\"valueRequired\":true,\"valueName\":\"search_term_string\"}}],\"inLanguage\":\"es\"},{\"@type\":\"Organization\",\"@id\":\"https:\/\/www.monlau.com\/fp\/#organization\",\"name\":\"Formaci\u00f3n profesional\",\"url\":\"https:\/\/www.monlau.com\/fp\/\",\"logo\":{\"@type\":\"ImageObject\",\"inLanguage\":\"es\",\"@id\":\"https:\/\/www.monlau.com\/fp\/#\/schema\/logo\/image\/\",\"url\":\"https:\/\/www.monlau.com\/app\/uploads\/sites\/3\/2026\/01\/fp.png\",\"contentUrl\":\"https:\/\/www.monlau.com\/app\/uploads\/sites\/3\/2026\/01\/fp.png\",\"width\":1024,\"height\":878,\"caption\":\"Formaci\u00f3n profesional\"},\"image\":{\"@id\":\"https:\/\/www.monlau.com\/fp\/#\/schema\/logo\/image\/\"}},{\"@type\":\"Person\",\"@id\":\"https:\/\/www.monlau.com\/fp\/#\/schema\/person\/419630ffac9ae08417c894a53e55910c\",\"name\":\"monlauuser\",\"image\":{\"@type\":\"ImageObject\",\"inLanguage\":\"es\",\"@id\":\"https:\/\/secure.gravatar.com\/avatar\/ab9c6e5fc6872da09790b5919f6edfdffde75802c06338ac68a484f8e7813f81?s=96&d=mm&r=g\",\"url\":\"https:\/\/secure.gravatar.com\/avatar\/ab9c6e5fc6872da09790b5919f6edfdffde75802c06338ac68a484f8e7813f81?s=96&d=mm&r=g\",\"contentUrl\":\"https:\/\/secure.gravatar.com\/avatar\/ab9c6e5fc6872da09790b5919f6edfdffde75802c06338ac68a484f8e7813f81?s=96&d=mm&r=g\",\"caption\":\"monlauuser\"},\"url\":\"https:\/\/www.monlau.com\/fp\/author\/monlauuser\/\"}]}<\/script>\n<!-- \/ Yoast SEO plugin. -->","yoast_head_json":{"title":"Formaci\u00f3n para el empleo - Formaci\u00f3n profesional","robots":{"index":"index","follow":"follow","max-snippet":"max-snippet:-1","max-image-preview":"max-image-preview:large","max-video-preview":"max-video-preview:-1"},"canonical":"https:\/\/www.monlau.com\/fp\/2019\/01\/28\/formacion-para-el-empleo\/","og_locale":"es_ES","og_type":"article","og_title":"Formaci\u00f3n para el empleo - Formaci\u00f3n profesional","og_description":"El 80% del alumnado consigue un contrato laboral al finalizar los estudios Monlau Estudios Profesionales ha concluido la primera edici\u00f3n del posgrado de Asesor Comercial de Automoci\u00f3n en colaboraci\u00f3n con los principales grupos concesionarios ubicados en Barcelona con la incorporaci\u00f3n del m\u00e1s del 80% del alumnado en las empresas con un contrato laboral. La formaci\u00f3n [&hellip;]","og_url":"https:\/\/www.monlau.com\/fp\/2019\/01\/28\/formacion-para-el-empleo\/","og_site_name":"Formaci\u00f3n profesional","article_published_time":"2019-01-27T23:00:00+00:00","article_modified_time":"2026-03-17T09:28:16+00:00","og_image":[{"width":1642,"height":1094,"url":"https:\/\/www.monlau.com\/app\/uploads\/sites\/3\/2026\/02\/asesor-comercial.jpg","type":"image\/jpeg"}],"author":"monlauuser","twitter_card":"summary_large_image","twitter_misc":{"Escrito por":"monlauuser","Tiempo de lectura":"2 minutos"},"schema":{"@context":"https:\/\/schema.org","@graph":[{"@type":"Article","@id":"https:\/\/www.monlau.com\/fp\/2019\/01\/28\/formacion-para-el-empleo\/#article","isPartOf":{"@id":"https:\/\/www.monlau.com\/fp\/2019\/01\/28\/formacion-para-el-empleo\/"},"author":{"name":"monlauuser","@id":"https:\/\/www.monlau.com\/fp\/#\/schema\/person\/419630ffac9ae08417c894a53e55910c"},"headline":"Formaci\u00f3n para el empleo","datePublished":"2019-01-27T23:00:00+00:00","dateModified":"2026-03-17T09:28:16+00:00","mainEntityOfPage":{"@id":"https:\/\/www.monlau.com\/fp\/2019\/01\/28\/formacion-para-el-empleo\/"},"wordCount":259,"publisher":{"@id":"https:\/\/www.monlau.com\/fp\/#organization"},"image":{"@id":"https:\/\/www.monlau.com\/fp\/2019\/01\/28\/formacion-para-el-empleo\/#primaryimage"},"thumbnailUrl":"https:\/\/www.monlau.com\/app\/uploads\/sites\/3\/2026\/02\/asesor-comercial.jpg","keywords":["BMW Barcelona","Quadis","sector automovil\u00edstico","veh\u00edculos h\u00edbridos"],"articleSection":["Postgrado"],"inLanguage":"es"},{"@type":"WebPage","@id":"https:\/\/www.monlau.com\/fp\/2019\/01\/28\/formacion-para-el-empleo\/","url":"https:\/\/www.monlau.com\/fp\/2019\/01\/28\/formacion-para-el-empleo\/","name":"Formaci\u00f3n para el empleo - Formaci\u00f3n profesional","isPartOf":{"@id":"https:\/\/www.monlau.com\/fp\/#website"},"primaryImageOfPage":{"@id":"https:\/\/www.monlau.com\/fp\/2019\/01\/28\/formacion-para-el-empleo\/#primaryimage"},"image":{"@id":"https:\/\/www.monlau.com\/fp\/2019\/01\/28\/formacion-para-el-empleo\/#primaryimage"},"thumbnailUrl":"https:\/\/www.monlau.com\/app\/uploads\/sites\/3\/2026\/02\/asesor-comercial.jpg","datePublished":"2019-01-27T23:00:00+00:00","dateModified":"2026-03-17T09:28:16+00:00","breadcrumb":{"@id":"https:\/\/www.monlau.com\/fp\/2019\/01\/28\/formacion-para-el-empleo\/#breadcrumb"},"inLanguage":"es","potentialAction":[{"@type":"ReadAction","target":["https:\/\/www.monlau.com\/fp\/2019\/01\/28\/formacion-para-el-empleo\/"]}]},{"@type":"ImageObject","inLanguage":"es","@id":"https:\/\/www.monlau.com\/fp\/2019\/01\/28\/formacion-para-el-empleo\/#primaryimage","url":"https:\/\/www.monlau.com\/app\/uploads\/sites\/3\/2026\/02\/asesor-comercial.jpg","contentUrl":"https:\/\/www.monlau.com\/app\/uploads\/sites\/3\/2026\/02\/asesor-comercial.jpg","width":1642,"height":1094},{"@type":"BreadcrumbList","@id":"https:\/\/www.monlau.com\/fp\/2019\/01\/28\/formacion-para-el-empleo\/#breadcrumb","itemListElement":[{"@type":"ListItem","position":1,"name":"Portada","item":"https:\/\/www.monlau.com\/fp\/"},{"@type":"ListItem","position":2,"name":"Formaci\u00f3n para el empleo"}]},{"@type":"WebSite","@id":"https:\/\/www.monlau.com\/fp\/#website","url":"https:\/\/www.monlau.com\/fp\/","name":"Formaci\u00f3n profesional","description":"Monlau","publisher":{"@id":"https:\/\/www.monlau.com\/fp\/#organization"},"potentialAction":[{"@type":"SearchAction","target":{"@type":"EntryPoint","urlTemplate":"https:\/\/www.monlau.com\/fp\/?s={search_term_string}"},"query-input":{"@type":"PropertyValueSpecification","valueRequired":true,"valueName":"search_term_string"}}],"inLanguage":"es"},{"@type":"Organization","@id":"https:\/\/www.monlau.com\/fp\/#organization","name":"Formaci\u00f3n profesional","url":"https:\/\/www.monlau.com\/fp\/","logo":{"@type":"ImageObject","inLanguage":"es","@id":"https:\/\/www.monlau.com\/fp\/#\/schema\/logo\/image\/","url":"https:\/\/www.monlau.com\/app\/uploads\/sites\/3\/2026\/01\/fp.png","contentUrl":"https:\/\/www.monlau.com\/app\/uploads\/sites\/3\/2026\/01\/fp.png","width":1024,"height":878,"caption":"Formaci\u00f3n profesional"},"image":{"@id":"https:\/\/www.monlau.com\/fp\/#\/schema\/logo\/image\/"}},{"@type":"Person","@id":"https:\/\/www.monlau.com\/fp\/#\/schema\/person\/419630ffac9ae08417c894a53e55910c","name":"monlauuser","image":{"@type":"ImageObject","inLanguage":"es","@id":"https:\/\/secure.gravatar.com\/avatar\/ab9c6e5fc6872da09790b5919f6edfdffde75802c06338ac68a484f8e7813f81?s=96&d=mm&r=g","url":"https:\/\/secure.gravatar.com\/avatar\/ab9c6e5fc6872da09790b5919f6edfdffde75802c06338ac68a484f8e7813f81?s=96&d=mm&r=g","contentUrl":"https:\/\/secure.gravatar.com\/avatar\/ab9c6e5fc6872da09790b5919f6edfdffde75802c06338ac68a484f8e7813f81?s=96&d=mm&r=g","caption":"monlauuser"},"url":"https:\/\/www.monlau.com\/fp\/author\/monlauuser\/"}]}},"_links":{"self":[{"href":"https:\/\/www.monlau.com\/fp\/wp-json\/wp\/v2\/posts\/5887","targetHints":{"allow":["GET"]}}],"collection":[{"href":"https:\/\/www.monlau.com\/fp\/wp-json\/wp\/v2\/posts"}],"about":[{"href":"https:\/\/www.monlau.com\/fp\/wp-json\/wp\/v2\/types\/post"}],"author":[{"embeddable":true,"href":"https:\/\/www.monlau.com\/fp\/wp-json\/wp\/v2\/users\/2"}],"replies":[{"embeddable":true,"href":"https:\/\/www.monlau.com\/fp\/wp-json\/wp\/v2\/comments?post=5887"}],"version-history":[{"count":2,"href":"https:\/\/www.monlau.com\/fp\/wp-json\/wp\/v2\/posts\/5887\/revisions"}],"predecessor-version":[{"id":8457,"href":"https:\/\/www.monlau.com\/fp\/wp-json\/wp\/v2\/posts\/5887\/revisions\/8457"}],"wp:featuredmedia":[{"embeddable":true,"href":"https:\/\/www.monlau.com\/fp\/wp-json\/wp\/v2\/media\/2848"}],"wp:attachment":[{"href":"https:\/\/www.monlau.com\/fp\/wp-json\/wp\/v2\/media?parent=5887"}],"wp:term":[{"taxonomy":"category","embeddable":true,"href":"https:\/\/www.monlau.com\/fp\/wp-json\/wp\/v2\/categories?post=5887"},{"taxonomy":"post_tag","embeddable":true,"href":"https:\/\/www.monlau.com\/fp\/wp-json\/wp\/v2\/tags?post=5887"}],"curies":[{"name":"wp","href":"https:\/\/api.w.org\/{rel}","templated":true}]}}