{"id":5885,"date":"2019-01-28T00:00:00","date_gmt":"2019-01-27T23:00:00","guid":{"rendered":"https:\/\/www.monlau.com\/formacion-profesional\/un-cv-integral-de-competencias-para-las-profesiones-del-futuro\/"},"modified":"2026-03-17T10:29:20","modified_gmt":"2026-03-17T09:29:20","slug":"un-cv-integral-de-competencias-para-las-profesiones-del-futuro","status":"publish","type":"post","link":"https:\/\/www.monlau.com\/fp\/2019\/01\/28\/un-cv-integral-de-competencias-para-las-profesiones-del-futuro\/","title":{"rendered":"Un CV integral de competencias para las profesiones del futuro"},"content":{"rendered":"<p>Cuando Mark Zuckenberg fund\u00f3 Facebook, su intenci\u00f3n era crear una simple orla electr\u00f3nica. Hoy en d\u00eda se ha convertido, pol\u00e9micas aparte, en una de las principales redes sociales. \u00bfCasualidad? \u00bfO comprendi\u00f3 la necesidad y supo aprovecharla cambiando el modelo de lo que hab\u00eda creado? Si queremos que nuestros j\u00f3venes vayan preparados para el nuevo mundo que nos rodea y que cambia r\u00e1pidamente, deben aprender a entender y saber interpretar las necesidades de los consumidores en el siglo XXI.<\/p>\n<p>Para lograrlo, no hay otra opci\u00f3n para adaptar el sistema educativo a una nueva realidad. Necesitamos preparar a chicos y chicas para trabajos que a\u00fan no existen, utilizar tecnolog\u00edas que no se han inventado y resolver problemas que a\u00fan no han surgido.<\/p>\n<p>Cuando el mundo que te rodea cambia tan r\u00e1pidamente, tienes que inducir a los j\u00f3venes a tener una gran capacidad de adaptaci\u00f3n y flexibilidad hacia nuevas necesidades en el mercado de trabajo. Para todo esto en Monlau trabajamos para construir un proyecto curricular lleno de aquellas habilidades necesarias para que el alumno se destaque en un entorno altamente competitivo y din\u00e1mico, donde los contenidos den paso a las competencias y la teor\u00eda a los casos pr\u00e1cticos y reales. Las capacidades creativas, anal\u00edticas, tecnol\u00f3gicas, comunicativas y sociales se convierten en poderosas herramientas y ejes transformadores de un presente tan intenso, ef\u00edmero y complejo que permite a nuestros alumnos no s\u00f3lo predecir el futuro, sino transformarlo.<\/p>\n<h4>David Casanellas<\/h4>\n<p>Responsable del \u00e1rea de Empresa y Marketing<\/p>\n","protected":false},"excerpt":{"rendered":"<p>Cuando Mark Zuckenberg fund\u00f3 Facebook, su intenci\u00f3n era crear una simple orla electr\u00f3nica. Hoy en d\u00eda se ha convertido, pol\u00e9micas aparte, en una de las principales redes sociales. \u00bfCasualidad? \u00bfO comprendi\u00f3 la necesidad y supo aprovecharla cambiando el modelo de lo que hab\u00eda creado? Si queremos que nuestros j\u00f3venes vayan preparados para el nuevo mundo [&hellip;]<\/p>\n","protected":false},"author":2,"featured_media":2849,"comment_status":"closed","ping_status":"closed","sticky":false,"template":"","format":"standard","meta":{"footnotes":""},"categories":[32],"tags":[33,34,35],"class_list":["post-5885","post","type-post","status-publish","format-standard","has-post-thumbnail","hentry","category-empresa-y-marketing","tag-consumidores","tag-facebook","tag-necesidades"],"yoast_head":"<!-- This site is optimized with the Yoast SEO plugin v27.2 - https:\/\/yoast.com\/product\/yoast-seo-wordpress\/ -->\n<title>Un CV integral de competencias para las profesiones del futuro - Formaci\u00f3n profesional<\/title>\n<meta name=\"robots\" content=\"index, follow, max-snippet:-1, max-image-preview:large, max-video-preview:-1\" \/>\n<link rel=\"canonical\" href=\"https:\/\/www.monlau.com\/fp\/2019\/01\/28\/un-cv-integral-de-competencias-para-las-profesiones-del-futuro\/\" \/>\n<meta property=\"og:locale\" content=\"es_ES\" \/>\n<meta property=\"og:type\" content=\"article\" \/>\n<meta property=\"og:title\" content=\"Un CV integral de competencias para las profesiones del futuro - Formaci\u00f3n profesional\" \/>\n<meta property=\"og:description\" content=\"Cuando Mark Zuckenberg fund\u00f3 Facebook, su intenci\u00f3n era crear una simple orla electr\u00f3nica. Hoy en d\u00eda se ha convertido, pol\u00e9micas aparte, en una de las principales redes sociales. \u00bfCasualidad? \u00bfO comprendi\u00f3 la necesidad y supo aprovecharla cambiando el modelo de lo que hab\u00eda creado? Si queremos que nuestros j\u00f3venes vayan preparados para el nuevo mundo [&hellip;]\" \/>\n<meta property=\"og:url\" content=\"https:\/\/www.monlau.com\/fp\/2019\/01\/28\/un-cv-integral-de-competencias-para-las-profesiones-del-futuro\/\" \/>\n<meta property=\"og:site_name\" content=\"Formaci\u00f3n profesional\" \/>\n<meta property=\"article:published_time\" content=\"2019-01-27T23:00:00+00:00\" \/>\n<meta property=\"article:modified_time\" content=\"2026-03-17T09:29:20+00:00\" \/>\n<meta property=\"og:image\" content=\"https:\/\/www.monlau.com\/app\/uploads\/sites\/3\/2026\/02\/SAGRERA-1220.jpg\" \/>\n\t<meta property=\"og:image:width\" content=\"1536\" \/>\n\t<meta property=\"og:image:height\" content=\"1024\" \/>\n\t<meta property=\"og:image:type\" content=\"image\/jpeg\" \/>\n<meta name=\"author\" content=\"monlauuser\" \/>\n<meta name=\"twitter:card\" content=\"summary_large_image\" \/>\n<meta name=\"twitter:label1\" content=\"Escrito por\" \/>\n\t<meta name=\"twitter:data1\" content=\"monlauuser\" \/>\n\t<meta name=\"twitter:label2\" content=\"Tiempo de lectura\" \/>\n\t<meta name=\"twitter:data2\" content=\"2 minutos\" \/>\n<script type=\"application\/ld+json\" class=\"yoast-schema-graph\">{\"@context\":\"https:\/\/schema.org\",\"@graph\":[{\"@type\":\"Article\",\"@id\":\"https:\/\/www.monlau.com\/fp\/2019\/01\/28\/un-cv-integral-de-competencias-para-las-profesiones-del-futuro\/#article\",\"isPartOf\":{\"@id\":\"https:\/\/www.monlau.com\/fp\/2019\/01\/28\/un-cv-integral-de-competencias-para-las-profesiones-del-futuro\/\"},\"author\":{\"name\":\"monlauuser\",\"@id\":\"https:\/\/www.monlau.com\/fp\/#\/schema\/person\/419630ffac9ae08417c894a53e55910c\"},\"headline\":\"Un CV integral de competencias para las profesiones del futuro\",\"datePublished\":\"2019-01-27T23:00:00+00:00\",\"dateModified\":\"2026-03-17T09:29:20+00:00\",\"mainEntityOfPage\":{\"@id\":\"https:\/\/www.monlau.com\/fp\/2019\/01\/28\/un-cv-integral-de-competencias-para-las-profesiones-del-futuro\/\"},\"wordCount\":274,\"publisher\":{\"@id\":\"https:\/\/www.monlau.com\/fp\/#organization\"},\"image\":{\"@id\":\"https:\/\/www.monlau.com\/fp\/2019\/01\/28\/un-cv-integral-de-competencias-para-las-profesiones-del-futuro\/#primaryimage\"},\"thumbnailUrl\":\"https:\/\/www.monlau.com\/app\/uploads\/sites\/3\/2026\/02\/SAGRERA-1220.jpg\",\"keywords\":[\"consumidores\",\"Facebook\",\"necesidades\"],\"articleSection\":[\"Empresa y Marketing\"],\"inLanguage\":\"es\"},{\"@type\":\"WebPage\",\"@id\":\"https:\/\/www.monlau.com\/fp\/2019\/01\/28\/un-cv-integral-de-competencias-para-las-profesiones-del-futuro\/\",\"url\":\"https:\/\/www.monlau.com\/fp\/2019\/01\/28\/un-cv-integral-de-competencias-para-las-profesiones-del-futuro\/\",\"name\":\"Un CV integral de competencias para las profesiones del futuro - Formaci\u00f3n profesional\",\"isPartOf\":{\"@id\":\"https:\/\/www.monlau.com\/fp\/#website\"},\"primaryImageOfPage\":{\"@id\":\"https:\/\/www.monlau.com\/fp\/2019\/01\/28\/un-cv-integral-de-competencias-para-las-profesiones-del-futuro\/#primaryimage\"},\"image\":{\"@id\":\"https:\/\/www.monlau.com\/fp\/2019\/01\/28\/un-cv-integral-de-competencias-para-las-profesiones-del-futuro\/#primaryimage\"},\"thumbnailUrl\":\"https:\/\/www.monlau.com\/app\/uploads\/sites\/3\/2026\/02\/SAGRERA-1220.jpg\",\"datePublished\":\"2019-01-27T23:00:00+00:00\",\"dateModified\":\"2026-03-17T09:29:20+00:00\",\"breadcrumb\":{\"@id\":\"https:\/\/www.monlau.com\/fp\/2019\/01\/28\/un-cv-integral-de-competencias-para-las-profesiones-del-futuro\/#breadcrumb\"},\"inLanguage\":\"es\",\"potentialAction\":[{\"@type\":\"ReadAction\",\"target\":[\"https:\/\/www.monlau.com\/fp\/2019\/01\/28\/un-cv-integral-de-competencias-para-las-profesiones-del-futuro\/\"]}]},{\"@type\":\"ImageObject\",\"inLanguage\":\"es\",\"@id\":\"https:\/\/www.monlau.com\/fp\/2019\/01\/28\/un-cv-integral-de-competencias-para-las-profesiones-del-futuro\/#primaryimage\",\"url\":\"https:\/\/www.monlau.com\/app\/uploads\/sites\/3\/2026\/02\/SAGRERA-1220.jpg\",\"contentUrl\":\"https:\/\/www.monlau.com\/app\/uploads\/sites\/3\/2026\/02\/SAGRERA-1220.jpg\",\"width\":1536,\"height\":1024},{\"@type\":\"BreadcrumbList\",\"@id\":\"https:\/\/www.monlau.com\/fp\/2019\/01\/28\/un-cv-integral-de-competencias-para-las-profesiones-del-futuro\/#breadcrumb\",\"itemListElement\":[{\"@type\":\"ListItem\",\"position\":1,\"name\":\"Portada\",\"item\":\"https:\/\/www.monlau.com\/fp\/\"},{\"@type\":\"ListItem\",\"position\":2,\"name\":\"Un CV integral de competencias para las profesiones del futuro\"}]},{\"@type\":\"WebSite\",\"@id\":\"https:\/\/www.monlau.com\/fp\/#website\",\"url\":\"https:\/\/www.monlau.com\/fp\/\",\"name\":\"Formaci\u00f3n profesional\",\"description\":\"Monlau\",\"publisher\":{\"@id\":\"https:\/\/www.monlau.com\/fp\/#organization\"},\"potentialAction\":[{\"@type\":\"SearchAction\",\"target\":{\"@type\":\"EntryPoint\",\"urlTemplate\":\"https:\/\/www.monlau.com\/fp\/?s={search_term_string}\"},\"query-input\":{\"@type\":\"PropertyValueSpecification\",\"valueRequired\":true,\"valueName\":\"search_term_string\"}}],\"inLanguage\":\"es\"},{\"@type\":\"Organization\",\"@id\":\"https:\/\/www.monlau.com\/fp\/#organization\",\"name\":\"Formaci\u00f3n profesional\",\"url\":\"https:\/\/www.monlau.com\/fp\/\",\"logo\":{\"@type\":\"ImageObject\",\"inLanguage\":\"es\",\"@id\":\"https:\/\/www.monlau.com\/fp\/#\/schema\/logo\/image\/\",\"url\":\"https:\/\/www.monlau.com\/app\/uploads\/sites\/3\/2026\/01\/fp.png\",\"contentUrl\":\"https:\/\/www.monlau.com\/app\/uploads\/sites\/3\/2026\/01\/fp.png\",\"width\":1024,\"height\":878,\"caption\":\"Formaci\u00f3n profesional\"},\"image\":{\"@id\":\"https:\/\/www.monlau.com\/fp\/#\/schema\/logo\/image\/\"}},{\"@type\":\"Person\",\"@id\":\"https:\/\/www.monlau.com\/fp\/#\/schema\/person\/419630ffac9ae08417c894a53e55910c\",\"name\":\"monlauuser\",\"image\":{\"@type\":\"ImageObject\",\"inLanguage\":\"es\",\"@id\":\"https:\/\/secure.gravatar.com\/avatar\/ab9c6e5fc6872da09790b5919f6edfdffde75802c06338ac68a484f8e7813f81?s=96&d=mm&r=g\",\"url\":\"https:\/\/secure.gravatar.com\/avatar\/ab9c6e5fc6872da09790b5919f6edfdffde75802c06338ac68a484f8e7813f81?s=96&d=mm&r=g\",\"contentUrl\":\"https:\/\/secure.gravatar.com\/avatar\/ab9c6e5fc6872da09790b5919f6edfdffde75802c06338ac68a484f8e7813f81?s=96&d=mm&r=g\",\"caption\":\"monlauuser\"},\"url\":\"https:\/\/www.monlau.com\/fp\/author\/monlauuser\/\"}]}<\/script>\n<!-- \/ Yoast SEO plugin. -->","yoast_head_json":{"title":"Un CV integral de competencias para las profesiones del futuro - Formaci\u00f3n profesional","robots":{"index":"index","follow":"follow","max-snippet":"max-snippet:-1","max-image-preview":"max-image-preview:large","max-video-preview":"max-video-preview:-1"},"canonical":"https:\/\/www.monlau.com\/fp\/2019\/01\/28\/un-cv-integral-de-competencias-para-las-profesiones-del-futuro\/","og_locale":"es_ES","og_type":"article","og_title":"Un CV integral de competencias para las profesiones del futuro - Formaci\u00f3n profesional","og_description":"Cuando Mark Zuckenberg fund\u00f3 Facebook, su intenci\u00f3n era crear una simple orla electr\u00f3nica. Hoy en d\u00eda se ha convertido, pol\u00e9micas aparte, en una de las principales redes sociales. \u00bfCasualidad? \u00bfO comprendi\u00f3 la necesidad y supo aprovecharla cambiando el modelo de lo que hab\u00eda creado? Si queremos que nuestros j\u00f3venes vayan preparados para el nuevo mundo [&hellip;]","og_url":"https:\/\/www.monlau.com\/fp\/2019\/01\/28\/un-cv-integral-de-competencias-para-las-profesiones-del-futuro\/","og_site_name":"Formaci\u00f3n profesional","article_published_time":"2019-01-27T23:00:00+00:00","article_modified_time":"2026-03-17T09:29:20+00:00","og_image":[{"width":1536,"height":1024,"url":"https:\/\/www.monlau.com\/app\/uploads\/sites\/3\/2026\/02\/SAGRERA-1220.jpg","type":"image\/jpeg"}],"author":"monlauuser","twitter_card":"summary_large_image","twitter_misc":{"Escrito por":"monlauuser","Tiempo de lectura":"2 minutos"},"schema":{"@context":"https:\/\/schema.org","@graph":[{"@type":"Article","@id":"https:\/\/www.monlau.com\/fp\/2019\/01\/28\/un-cv-integral-de-competencias-para-las-profesiones-del-futuro\/#article","isPartOf":{"@id":"https:\/\/www.monlau.com\/fp\/2019\/01\/28\/un-cv-integral-de-competencias-para-las-profesiones-del-futuro\/"},"author":{"name":"monlauuser","@id":"https:\/\/www.monlau.com\/fp\/#\/schema\/person\/419630ffac9ae08417c894a53e55910c"},"headline":"Un CV integral de competencias para las profesiones del futuro","datePublished":"2019-01-27T23:00:00+00:00","dateModified":"2026-03-17T09:29:20+00:00","mainEntityOfPage":{"@id":"https:\/\/www.monlau.com\/fp\/2019\/01\/28\/un-cv-integral-de-competencias-para-las-profesiones-del-futuro\/"},"wordCount":274,"publisher":{"@id":"https:\/\/www.monlau.com\/fp\/#organization"},"image":{"@id":"https:\/\/www.monlau.com\/fp\/2019\/01\/28\/un-cv-integral-de-competencias-para-las-profesiones-del-futuro\/#primaryimage"},"thumbnailUrl":"https:\/\/www.monlau.com\/app\/uploads\/sites\/3\/2026\/02\/SAGRERA-1220.jpg","keywords":["consumidores","Facebook","necesidades"],"articleSection":["Empresa y Marketing"],"inLanguage":"es"},{"@type":"WebPage","@id":"https:\/\/www.monlau.com\/fp\/2019\/01\/28\/un-cv-integral-de-competencias-para-las-profesiones-del-futuro\/","url":"https:\/\/www.monlau.com\/fp\/2019\/01\/28\/un-cv-integral-de-competencias-para-las-profesiones-del-futuro\/","name":"Un CV integral de competencias para las profesiones del futuro - Formaci\u00f3n profesional","isPartOf":{"@id":"https:\/\/www.monlau.com\/fp\/#website"},"primaryImageOfPage":{"@id":"https:\/\/www.monlau.com\/fp\/2019\/01\/28\/un-cv-integral-de-competencias-para-las-profesiones-del-futuro\/#primaryimage"},"image":{"@id":"https:\/\/www.monlau.com\/fp\/2019\/01\/28\/un-cv-integral-de-competencias-para-las-profesiones-del-futuro\/#primaryimage"},"thumbnailUrl":"https:\/\/www.monlau.com\/app\/uploads\/sites\/3\/2026\/02\/SAGRERA-1220.jpg","datePublished":"2019-01-27T23:00:00+00:00","dateModified":"2026-03-17T09:29:20+00:00","breadcrumb":{"@id":"https:\/\/www.monlau.com\/fp\/2019\/01\/28\/un-cv-integral-de-competencias-para-las-profesiones-del-futuro\/#breadcrumb"},"inLanguage":"es","potentialAction":[{"@type":"ReadAction","target":["https:\/\/www.monlau.com\/fp\/2019\/01\/28\/un-cv-integral-de-competencias-para-las-profesiones-del-futuro\/"]}]},{"@type":"ImageObject","inLanguage":"es","@id":"https:\/\/www.monlau.com\/fp\/2019\/01\/28\/un-cv-integral-de-competencias-para-las-profesiones-del-futuro\/#primaryimage","url":"https:\/\/www.monlau.com\/app\/uploads\/sites\/3\/2026\/02\/SAGRERA-1220.jpg","contentUrl":"https:\/\/www.monlau.com\/app\/uploads\/sites\/3\/2026\/02\/SAGRERA-1220.jpg","width":1536,"height":1024},{"@type":"BreadcrumbList","@id":"https:\/\/www.monlau.com\/fp\/2019\/01\/28\/un-cv-integral-de-competencias-para-las-profesiones-del-futuro\/#breadcrumb","itemListElement":[{"@type":"ListItem","position":1,"name":"Portada","item":"https:\/\/www.monlau.com\/fp\/"},{"@type":"ListItem","position":2,"name":"Un CV integral de competencias para las profesiones del futuro"}]},{"@type":"WebSite","@id":"https:\/\/www.monlau.com\/fp\/#website","url":"https:\/\/www.monlau.com\/fp\/","name":"Formaci\u00f3n profesional","description":"Monlau","publisher":{"@id":"https:\/\/www.monlau.com\/fp\/#organization"},"potentialAction":[{"@type":"SearchAction","target":{"@type":"EntryPoint","urlTemplate":"https:\/\/www.monlau.com\/fp\/?s={search_term_string}"},"query-input":{"@type":"PropertyValueSpecification","valueRequired":true,"valueName":"search_term_string"}}],"inLanguage":"es"},{"@type":"Organization","@id":"https:\/\/www.monlau.com\/fp\/#organization","name":"Formaci\u00f3n profesional","url":"https:\/\/www.monlau.com\/fp\/","logo":{"@type":"ImageObject","inLanguage":"es","@id":"https:\/\/www.monlau.com\/fp\/#\/schema\/logo\/image\/","url":"https:\/\/www.monlau.com\/app\/uploads\/sites\/3\/2026\/01\/fp.png","contentUrl":"https:\/\/www.monlau.com\/app\/uploads\/sites\/3\/2026\/01\/fp.png","width":1024,"height":878,"caption":"Formaci\u00f3n profesional"},"image":{"@id":"https:\/\/www.monlau.com\/fp\/#\/schema\/logo\/image\/"}},{"@type":"Person","@id":"https:\/\/www.monlau.com\/fp\/#\/schema\/person\/419630ffac9ae08417c894a53e55910c","name":"monlauuser","image":{"@type":"ImageObject","inLanguage":"es","@id":"https:\/\/secure.gravatar.com\/avatar\/ab9c6e5fc6872da09790b5919f6edfdffde75802c06338ac68a484f8e7813f81?s=96&d=mm&r=g","url":"https:\/\/secure.gravatar.com\/avatar\/ab9c6e5fc6872da09790b5919f6edfdffde75802c06338ac68a484f8e7813f81?s=96&d=mm&r=g","contentUrl":"https:\/\/secure.gravatar.com\/avatar\/ab9c6e5fc6872da09790b5919f6edfdffde75802c06338ac68a484f8e7813f81?s=96&d=mm&r=g","caption":"monlauuser"},"url":"https:\/\/www.monlau.com\/fp\/author\/monlauuser\/"}]}},"_links":{"self":[{"href":"https:\/\/www.monlau.com\/fp\/wp-json\/wp\/v2\/posts\/5885","targetHints":{"allow":["GET"]}}],"collection":[{"href":"https:\/\/www.monlau.com\/fp\/wp-json\/wp\/v2\/posts"}],"about":[{"href":"https:\/\/www.monlau.com\/fp\/wp-json\/wp\/v2\/types\/post"}],"author":[{"embeddable":true,"href":"https:\/\/www.monlau.com\/fp\/wp-json\/wp\/v2\/users\/2"}],"replies":[{"embeddable":true,"href":"https:\/\/www.monlau.com\/fp\/wp-json\/wp\/v2\/comments?post=5885"}],"version-history":[{"count":2,"href":"https:\/\/www.monlau.com\/fp\/wp-json\/wp\/v2\/posts\/5885\/revisions"}],"predecessor-version":[{"id":8458,"href":"https:\/\/www.monlau.com\/fp\/wp-json\/wp\/v2\/posts\/5885\/revisions\/8458"}],"wp:featuredmedia":[{"embeddable":true,"href":"https:\/\/www.monlau.com\/fp\/wp-json\/wp\/v2\/media\/2849"}],"wp:attachment":[{"href":"https:\/\/www.monlau.com\/fp\/wp-json\/wp\/v2\/media?parent=5885"}],"wp:term":[{"taxonomy":"category","embeddable":true,"href":"https:\/\/www.monlau.com\/fp\/wp-json\/wp\/v2\/categories?post=5885"},{"taxonomy":"post_tag","embeddable":true,"href":"https:\/\/www.monlau.com\/fp\/wp-json\/wp\/v2\/tags?post=5885"}],"curies":[{"name":"wp","href":"https:\/\/api.w.org\/{rel}","templated":true}]}}