{"id":9080,"date":"2026-03-17T16:26:29","date_gmt":"2026-03-17T15:26:29","guid":{"rendered":"http:\/\/adsmurai"},"modified":"2026-03-17T16:26:29","modified_gmt":"2026-03-17T15:26:29","slug":"clase-marketing-turistico","status":"publish","type":"post","link":"https:\/\/www.monlau.com\/fp\/en\/2026\/03\/17\/clase-marketing-turistico\/","title":{"rendered":"Asistimos a una clase de Marketing Tur\u00edstico"},"content":{"rendered":"<p>Cuando empec\u00e9 a trabajar como profesora en Monlau lo primero que me llam\u00f3 la atenci\u00f3n fue el m\u00e9todo de ense\u00f1anza.\u00a0 <strong>Las eternas clases magistrales hab\u00edan sido sustituidas por clases pr\u00e1cticas, muchas de ellas multidisciplinares, en las que los alumnos aprend\u00edan a la vez que trabajaban en profundidad sobre el temario.<\/strong> Por eso cuando me dijeron que iba a impartir la asignatura de Marketing Tur\u00edstico en el <a href=\"https:\/\/www.monlau.com\/estudis-professionals\/project\/ciclo-formativo-de-grado-superior-de-gestion-del-alojamiento-turistico\/\">CFGS de Gesti\u00f3n de Alojamientos Tur\u00edsticos<\/a>, tuve claro que iba a hacer que mis alumnos trabajaran con todas las herramientas disponibles a su alcance para sacar el m\u00e1ximo partido a la asignatura.<\/p>\n<p>Dentro de esta forma de \u201ctrabajar sobre el terreno\u201d que en este ciclo en concreto se materializa en salidas a conocer hoteles, visitas a ferias de turismo, clases pr\u00e1cticas en las que aprenden desde a hacer check-ins, organizar eventos\u2026 (\u00a1todo es necesario en un hotel!), <strong>la clase de 2\u00ba de GAT (es como les llamamos) hizo hace unos meses una salida de 3 d\u00edas a Lloret de Mar.<\/strong><\/p>\n<p>Antes de emprender el viaje, los diferentes profesores del ciclo les pusimos como tarea actividades pr\u00e1cticas, relacionadas con el temario que est\u00e1bamos dando en ese momento. De ese modo, tuvieron que entrevistarse con el director del hotel, con la gobernanta, grabar v\u00eddeos sobre el hotel y el destino en ingl\u00e9s y alem\u00e1n\u2026 y por mi parte, les encargu\u00e9 una tarea que sab\u00eda de antemano que iban a disfrutar mientras sacaban punta a su creatividad&#8230; y es que&#8230; <strong>\u00bfCu\u00e1ntos veintea\u00f1eros hoy en d\u00eda no tienen una cuenta en Instagram? Alguna <em>rara avis<\/em> habr\u00e1 por ah\u00ed\u2026<\/strong><\/p>\n<p><strong>En Marketing Tur\u00edstico aprenden a usar las Redes Sociales como herramienta de promoci\u00f3n para un hotel y\/o un destino tur\u00edstico.<\/strong> \u00bfQu\u00e9 tipo de contenido tienen que subir? \u00bfA qui\u00e9n va dirigida esa publicaci\u00f3n?\u00a0 \u00bfTienen que usar alg\u00fan hashtag? \u00bfQu\u00e9 tipo de texto tienen que escribir? \u00bfC\u00f3mo transmitir la \u201cexperiencia\u201d de estar en ese lugar solo con ver una foto? La experiencia es lo que buscamos todos cuando viajamos. Una experiencia \u00fanica e inolvidable. Transmitamos a trav\u00e9s de las Redes Sociales lo que le espera al cliente cuando venga a alojarse a nuestro destino, o a pernoctar en nuestro alojamiento.<\/p>\n<p>Para ello, antes del viaje cada alumno se cre\u00f3 una cuenta en Instagram, diferente a la suya personal (hay que tener siempre en cuenta la marca personal), para usar en clase a lo largo de todo el curso. Pensamos entre todos varios hashtags que identificaran tanto a la clase como a la asignatura&#8230; <strong>y al llegar al destino solo tuvieron que sacar a relucir su lado m\u00e1s creativo.<\/strong><\/p>\n<p>\u00bfEl resultado? Aqu\u00ed van unas cuantas muestras,<\/p>\n<p><img fetchpriority=\"high\" decoding=\"async\" class=\"size-full wp-image-6235 aligncenter\" src=\"https:\/\/www.monlau.com\/estudis-professionals\/wp-content\/uploads\/sites\/3\/2020\/01\/good.png\" alt=\"\" width=\"842\" height=\"596\" \/><\/p>\n<p>\u00bfY t\u00fa? \u00bfTe animas a estudiar Turismo con nosotros?<\/p>\n<p><a href=\"https:\/\/www.monlau.com\/estudis-professionals\/project\/ciclo-formativo-de-grado-superior-de-gestion-del-alojamiento-turistico\/\"><img decoding=\"async\" class=\"aligncenter wp-image-6312 size-full\" src=\"https:\/\/www.monlau.com\/estudis-professionals\/wp-content\/uploads\/sites\/3\/2020\/01\/Banner-GAT-cast.png\" alt=\"\" width=\"1200\" height=\"372\" \/><\/a><\/p>\n<h4>M\u00f3nica Castelao<\/h4>\n<p>Profesora del Ciclo Superior de Gesti\u00f3n de Alojamientos Tur\u00edsticos<\/p>\n","protected":false},"excerpt":{"rendered":"<p>Cuando empec\u00e9 a trabajar como profesora en Monlau lo primero que me llam\u00f3 la atenci\u00f3n fue el m\u00e9todo de ense\u00f1anza.\u00a0 Las eternas clases magistrales hab\u00edan sido sustituidas por clases pr\u00e1cticas, muchas de ellas multidisciplinares, en las que los alumnos aprend\u00edan a la vez que trabajaban en profundidad sobre el temario. Por eso cuando me dijeron [&hellip;]<\/p>\n","protected":false},"author":1,"featured_media":9100,"comment_status":"closed","ping_status":"closed","sticky":false,"template":"","format":"standard","meta":{"footnotes":""},"categories":[37],"tags":[119,81,110,120,121,122,83,123,124],"class_list":["post-9080","post","type-post","status-publish","format-standard","has-post-thumbnail","hentry","category-hoteleria-y-turismo","tag-gat","tag-gestion-de-alojamientos-turisticos","tag-grado-superior","tag-instagram","tag-lloret-de-mar","tag-marketing-turistico","tag-monlau","tag-redes-sociales","tag-turismo"],"yoast_head":"<!-- This site is optimized with the Yoast SEO plugin v27.2 - https:\/\/yoast.com\/product\/yoast-seo-wordpress\/ -->\n<title>Asistimos a una clase de Marketing Tur\u00edstico - Formaci\u00f3n profesional<\/title>\n<meta name=\"robots\" content=\"index, follow, max-snippet:-1, max-image-preview:large, max-video-preview:-1\" \/>\n<link rel=\"canonical\" href=\"https:\/\/www.monlau.com\/fp\/en\/2026\/03\/17\/clase-marketing-turistico\/\" \/>\n<meta property=\"og:locale\" content=\"en_US\" \/>\n<meta property=\"og:type\" content=\"article\" \/>\n<meta property=\"og:title\" content=\"Asistimos a una clase de Marketing Tur\u00edstico - Formaci\u00f3n profesional\" \/>\n<meta property=\"og:description\" content=\"Cuando empec\u00e9 a trabajar como profesora en Monlau lo primero que me llam\u00f3 la atenci\u00f3n fue el m\u00e9todo de ense\u00f1anza.\u00a0 Las eternas clases magistrales hab\u00edan sido sustituidas por clases pr\u00e1cticas, muchas de ellas multidisciplinares, en las que los alumnos aprend\u00edan a la vez que trabajaban en profundidad sobre el temario. Por eso cuando me dijeron [&hellip;]\" \/>\n<meta property=\"og:url\" content=\"https:\/\/www.monlau.com\/fp\/en\/2026\/03\/17\/clase-marketing-turistico\/\" \/>\n<meta property=\"og:site_name\" content=\"Formaci\u00f3n profesional\" \/>\n<meta property=\"article:published_time\" content=\"2026-03-17T15:26:29+00:00\" \/>\n<meta property=\"og:image\" content=\"https:\/\/www.monlau.com\/app\/uploads\/sites\/3\/2026\/03\/Cursos-SOC-header.jpg\" \/>\n\t<meta property=\"og:image:width\" content=\"994\" \/>\n\t<meta property=\"og:image:height\" content=\"685\" \/>\n\t<meta property=\"og:image:type\" content=\"image\/jpeg\" \/>\n<meta name=\"author\" content=\"adsmurai\" \/>\n<meta name=\"twitter:card\" content=\"summary_large_image\" \/>\n<meta name=\"twitter:label1\" content=\"Written by\" \/>\n\t<meta name=\"twitter:data1\" content=\"adsmurai\" \/>\n\t<meta name=\"twitter:label2\" content=\"Est. reading time\" \/>\n\t<meta name=\"twitter:data2\" content=\"2 minutes\" \/>\n<script type=\"application\/ld+json\" class=\"yoast-schema-graph\">{\"@context\":\"https:\/\/schema.org\",\"@graph\":[{\"@type\":\"Article\",\"@id\":\"https:\/\/www.monlau.com\/fp\/en\/2026\/03\/17\/clase-marketing-turistico\/#article\",\"isPartOf\":{\"@id\":\"https:\/\/www.monlau.com\/fp\/en\/2026\/03\/17\/clase-marketing-turistico\/\"},\"author\":{\"name\":\"adsmurai\",\"@id\":\"https:\/\/www.monlau.com\/fp\/en\/#\/schema\/person\/419cfdf054323e24e0a2ef1d8597f051\"},\"headline\":\"Asistimos a una clase de Marketing Tur\u00edstico\",\"datePublished\":\"2026-03-17T15:26:29+00:00\",\"mainEntityOfPage\":{\"@id\":\"https:\/\/www.monlau.com\/fp\/en\/2026\/03\/17\/clase-marketing-turistico\/\"},\"wordCount\":494,\"publisher\":{\"@id\":\"https:\/\/www.monlau.com\/fp\/en\/#organization\"},\"image\":{\"@id\":\"https:\/\/www.monlau.com\/fp\/en\/2026\/03\/17\/clase-marketing-turistico\/#primaryimage\"},\"thumbnailUrl\":\"https:\/\/www.monlau.com\/app\/uploads\/sites\/3\/2026\/03\/PHOTO-2019-10-29-11-44-21-1.jpg\",\"keywords\":[\"GAT\",\"Gesti\u00f3n de Alojamientos Tur\u00edsticos\",\"Grado Superior\",\"Instagram\",\"Lloret de Mar\",\"Marketing Tur\u00edstico\",\"Monlau\",\"Redes Sociales\",\"Turismo\"],\"articleSection\":[\"Hoteler\u00eda y Turismo\"],\"inLanguage\":\"en-US\"},{\"@type\":\"WebPage\",\"@id\":\"https:\/\/www.monlau.com\/fp\/en\/2026\/03\/17\/clase-marketing-turistico\/\",\"url\":\"https:\/\/www.monlau.com\/fp\/en\/2026\/03\/17\/clase-marketing-turistico\/\",\"name\":\"Asistimos a una clase de Marketing Tur\u00edstico - Formaci\u00f3n profesional\",\"isPartOf\":{\"@id\":\"https:\/\/www.monlau.com\/fp\/en\/#website\"},\"primaryImageOfPage\":{\"@id\":\"https:\/\/www.monlau.com\/fp\/en\/2026\/03\/17\/clase-marketing-turistico\/#primaryimage\"},\"image\":{\"@id\":\"https:\/\/www.monlau.com\/fp\/en\/2026\/03\/17\/clase-marketing-turistico\/#primaryimage\"},\"thumbnailUrl\":\"https:\/\/www.monlau.com\/app\/uploads\/sites\/3\/2026\/03\/PHOTO-2019-10-29-11-44-21-1.jpg\",\"datePublished\":\"2026-03-17T15:26:29+00:00\",\"breadcrumb\":{\"@id\":\"https:\/\/www.monlau.com\/fp\/en\/2026\/03\/17\/clase-marketing-turistico\/#breadcrumb\"},\"inLanguage\":\"en-US\",\"potentialAction\":[{\"@type\":\"ReadAction\",\"target\":[\"https:\/\/www.monlau.com\/fp\/en\/2026\/03\/17\/clase-marketing-turistico\/\"]}]},{\"@type\":\"ImageObject\",\"inLanguage\":\"en-US\",\"@id\":\"https:\/\/www.monlau.com\/fp\/en\/2026\/03\/17\/clase-marketing-turistico\/#primaryimage\",\"url\":\"https:\/\/www.monlau.com\/app\/uploads\/sites\/3\/2026\/03\/PHOTO-2019-10-29-11-44-21-1.jpg\",\"contentUrl\":\"https:\/\/www.monlau.com\/app\/uploads\/sites\/3\/2026\/03\/PHOTO-2019-10-29-11-44-21-1.jpg\",\"width\":1600,\"height\":900},{\"@type\":\"BreadcrumbList\",\"@id\":\"https:\/\/www.monlau.com\/fp\/en\/2026\/03\/17\/clase-marketing-turistico\/#breadcrumb\",\"itemListElement\":[{\"@type\":\"ListItem\",\"position\":1,\"name\":\"Portada\",\"item\":\"https:\/\/www.monlau.com\/fp\/en\/home\/\"},{\"@type\":\"ListItem\",\"position\":2,\"name\":\"Asistimos a una clase de Marketing Tur\u00edstico\"}]},{\"@type\":\"WebSite\",\"@id\":\"https:\/\/www.monlau.com\/fp\/en\/#website\",\"url\":\"https:\/\/www.monlau.com\/fp\/en\/\",\"name\":\"Formaci\u00f3n profesional\",\"description\":\"Monlau\",\"publisher\":{\"@id\":\"https:\/\/www.monlau.com\/fp\/en\/#organization\"},\"potentialAction\":[{\"@type\":\"SearchAction\",\"target\":{\"@type\":\"EntryPoint\",\"urlTemplate\":\"https:\/\/www.monlau.com\/fp\/en\/?s={search_term_string}\"},\"query-input\":{\"@type\":\"PropertyValueSpecification\",\"valueRequired\":true,\"valueName\":\"search_term_string\"}}],\"inLanguage\":\"en-US\"},{\"@type\":\"Organization\",\"@id\":\"https:\/\/www.monlau.com\/fp\/en\/#organization\",\"name\":\"Formaci\u00f3n profesional\",\"url\":\"https:\/\/www.monlau.com\/fp\/en\/\",\"logo\":{\"@type\":\"ImageObject\",\"inLanguage\":\"en-US\",\"@id\":\"https:\/\/www.monlau.com\/fp\/en\/#\/schema\/logo\/image\/\",\"url\":\"https:\/\/www.monlau.com\/app\/uploads\/sites\/3\/2026\/01\/fp.png\",\"contentUrl\":\"https:\/\/www.monlau.com\/app\/uploads\/sites\/3\/2026\/01\/fp.png\",\"width\":1024,\"height\":878,\"caption\":\"Formaci\u00f3n profesional\"},\"image\":{\"@id\":\"https:\/\/www.monlau.com\/fp\/en\/#\/schema\/logo\/image\/\"}},{\"@type\":\"Person\",\"@id\":\"https:\/\/www.monlau.com\/fp\/en\/#\/schema\/person\/419cfdf054323e24e0a2ef1d8597f051\",\"name\":\"adsmurai\",\"image\":{\"@type\":\"ImageObject\",\"inLanguage\":\"en-US\",\"@id\":\"https:\/\/secure.gravatar.com\/avatar\/0748788578f91786454454fa3b4c295644edb991ad6caadc70b41d26790d38fc?s=96&d=mm&r=g\",\"url\":\"https:\/\/secure.gravatar.com\/avatar\/0748788578f91786454454fa3b4c295644edb991ad6caadc70b41d26790d38fc?s=96&d=mm&r=g\",\"contentUrl\":\"https:\/\/secure.gravatar.com\/avatar\/0748788578f91786454454fa3b4c295644edb991ad6caadc70b41d26790d38fc?s=96&d=mm&r=g\",\"caption\":\"adsmurai\"},\"sameAs\":[\"https:\/\/www.monlau.com\"],\"url\":\"https:\/\/www.monlau.com\/fp\/en\/author\/adsmurai\/\"}]}<\/script>\n<!-- \/ Yoast SEO plugin. -->","yoast_head_json":{"title":"Asistimos a una clase de Marketing Tur\u00edstico - Formaci\u00f3n profesional","robots":{"index":"index","follow":"follow","max-snippet":"max-snippet:-1","max-image-preview":"max-image-preview:large","max-video-preview":"max-video-preview:-1"},"canonical":"https:\/\/www.monlau.com\/fp\/en\/2026\/03\/17\/clase-marketing-turistico\/","og_locale":"en_US","og_type":"article","og_title":"Asistimos a una clase de Marketing Tur\u00edstico - Formaci\u00f3n profesional","og_description":"Cuando empec\u00e9 a trabajar como profesora en Monlau lo primero que me llam\u00f3 la atenci\u00f3n fue el m\u00e9todo de ense\u00f1anza.\u00a0 Las eternas clases magistrales hab\u00edan sido sustituidas por clases pr\u00e1cticas, muchas de ellas multidisciplinares, en las que los alumnos aprend\u00edan a la vez que trabajaban en profundidad sobre el temario. Por eso cuando me dijeron [&hellip;]","og_url":"https:\/\/www.monlau.com\/fp\/en\/2026\/03\/17\/clase-marketing-turistico\/","og_site_name":"Formaci\u00f3n profesional","article_published_time":"2026-03-17T15:26:29+00:00","og_image":[{"width":994,"height":685,"url":"https:\/\/www.monlau.com\/app\/uploads\/sites\/3\/2026\/03\/Cursos-SOC-header.jpg","type":"image\/jpeg"}],"author":"adsmurai","twitter_card":"summary_large_image","twitter_misc":{"Written by":"adsmurai","Est. reading time":"2 minutes"},"schema":{"@context":"https:\/\/schema.org","@graph":[{"@type":"Article","@id":"https:\/\/www.monlau.com\/fp\/en\/2026\/03\/17\/clase-marketing-turistico\/#article","isPartOf":{"@id":"https:\/\/www.monlau.com\/fp\/en\/2026\/03\/17\/clase-marketing-turistico\/"},"author":{"name":"adsmurai","@id":"https:\/\/www.monlau.com\/fp\/en\/#\/schema\/person\/419cfdf054323e24e0a2ef1d8597f051"},"headline":"Asistimos a una clase de Marketing Tur\u00edstico","datePublished":"2026-03-17T15:26:29+00:00","mainEntityOfPage":{"@id":"https:\/\/www.monlau.com\/fp\/en\/2026\/03\/17\/clase-marketing-turistico\/"},"wordCount":494,"publisher":{"@id":"https:\/\/www.monlau.com\/fp\/en\/#organization"},"image":{"@id":"https:\/\/www.monlau.com\/fp\/en\/2026\/03\/17\/clase-marketing-turistico\/#primaryimage"},"thumbnailUrl":"https:\/\/www.monlau.com\/app\/uploads\/sites\/3\/2026\/03\/PHOTO-2019-10-29-11-44-21-1.jpg","keywords":["GAT","Gesti\u00f3n de Alojamientos Tur\u00edsticos","Grado Superior","Instagram","Lloret de Mar","Marketing Tur\u00edstico","Monlau","Redes Sociales","Turismo"],"articleSection":["Hoteler\u00eda y Turismo"],"inLanguage":"en-US"},{"@type":"WebPage","@id":"https:\/\/www.monlau.com\/fp\/en\/2026\/03\/17\/clase-marketing-turistico\/","url":"https:\/\/www.monlau.com\/fp\/en\/2026\/03\/17\/clase-marketing-turistico\/","name":"Asistimos a una clase de Marketing Tur\u00edstico - Formaci\u00f3n profesional","isPartOf":{"@id":"https:\/\/www.monlau.com\/fp\/en\/#website"},"primaryImageOfPage":{"@id":"https:\/\/www.monlau.com\/fp\/en\/2026\/03\/17\/clase-marketing-turistico\/#primaryimage"},"image":{"@id":"https:\/\/www.monlau.com\/fp\/en\/2026\/03\/17\/clase-marketing-turistico\/#primaryimage"},"thumbnailUrl":"https:\/\/www.monlau.com\/app\/uploads\/sites\/3\/2026\/03\/PHOTO-2019-10-29-11-44-21-1.jpg","datePublished":"2026-03-17T15:26:29+00:00","breadcrumb":{"@id":"https:\/\/www.monlau.com\/fp\/en\/2026\/03\/17\/clase-marketing-turistico\/#breadcrumb"},"inLanguage":"en-US","potentialAction":[{"@type":"ReadAction","target":["https:\/\/www.monlau.com\/fp\/en\/2026\/03\/17\/clase-marketing-turistico\/"]}]},{"@type":"ImageObject","inLanguage":"en-US","@id":"https:\/\/www.monlau.com\/fp\/en\/2026\/03\/17\/clase-marketing-turistico\/#primaryimage","url":"https:\/\/www.monlau.com\/app\/uploads\/sites\/3\/2026\/03\/PHOTO-2019-10-29-11-44-21-1.jpg","contentUrl":"https:\/\/www.monlau.com\/app\/uploads\/sites\/3\/2026\/03\/PHOTO-2019-10-29-11-44-21-1.jpg","width":1600,"height":900},{"@type":"BreadcrumbList","@id":"https:\/\/www.monlau.com\/fp\/en\/2026\/03\/17\/clase-marketing-turistico\/#breadcrumb","itemListElement":[{"@type":"ListItem","position":1,"name":"Portada","item":"https:\/\/www.monlau.com\/fp\/en\/home\/"},{"@type":"ListItem","position":2,"name":"Asistimos a una clase de Marketing Tur\u00edstico"}]},{"@type":"WebSite","@id":"https:\/\/www.monlau.com\/fp\/en\/#website","url":"https:\/\/www.monlau.com\/fp\/en\/","name":"Formaci\u00f3n profesional","description":"Monlau","publisher":{"@id":"https:\/\/www.monlau.com\/fp\/en\/#organization"},"potentialAction":[{"@type":"SearchAction","target":{"@type":"EntryPoint","urlTemplate":"https:\/\/www.monlau.com\/fp\/en\/?s={search_term_string}"},"query-input":{"@type":"PropertyValueSpecification","valueRequired":true,"valueName":"search_term_string"}}],"inLanguage":"en-US"},{"@type":"Organization","@id":"https:\/\/www.monlau.com\/fp\/en\/#organization","name":"Formaci\u00f3n profesional","url":"https:\/\/www.monlau.com\/fp\/en\/","logo":{"@type":"ImageObject","inLanguage":"en-US","@id":"https:\/\/www.monlau.com\/fp\/en\/#\/schema\/logo\/image\/","url":"https:\/\/www.monlau.com\/app\/uploads\/sites\/3\/2026\/01\/fp.png","contentUrl":"https:\/\/www.monlau.com\/app\/uploads\/sites\/3\/2026\/01\/fp.png","width":1024,"height":878,"caption":"Formaci\u00f3n profesional"},"image":{"@id":"https:\/\/www.monlau.com\/fp\/en\/#\/schema\/logo\/image\/"}},{"@type":"Person","@id":"https:\/\/www.monlau.com\/fp\/en\/#\/schema\/person\/419cfdf054323e24e0a2ef1d8597f051","name":"adsmurai","image":{"@type":"ImageObject","inLanguage":"en-US","@id":"https:\/\/secure.gravatar.com\/avatar\/0748788578f91786454454fa3b4c295644edb991ad6caadc70b41d26790d38fc?s=96&d=mm&r=g","url":"https:\/\/secure.gravatar.com\/avatar\/0748788578f91786454454fa3b4c295644edb991ad6caadc70b41d26790d38fc?s=96&d=mm&r=g","contentUrl":"https:\/\/secure.gravatar.com\/avatar\/0748788578f91786454454fa3b4c295644edb991ad6caadc70b41d26790d38fc?s=96&d=mm&r=g","caption":"adsmurai"},"sameAs":["https:\/\/www.monlau.com"],"url":"https:\/\/www.monlau.com\/fp\/en\/author\/adsmurai\/"}]}},"_links":{"self":[{"href":"https:\/\/www.monlau.com\/fp\/en\/wp-json\/wp\/v2\/posts\/9080","targetHints":{"allow":["GET"]}}],"collection":[{"href":"https:\/\/www.monlau.com\/fp\/en\/wp-json\/wp\/v2\/posts"}],"about":[{"href":"https:\/\/www.monlau.com\/fp\/en\/wp-json\/wp\/v2\/types\/post"}],"author":[{"embeddable":true,"href":"https:\/\/www.monlau.com\/fp\/en\/wp-json\/wp\/v2\/users\/1"}],"replies":[{"embeddable":true,"href":"https:\/\/www.monlau.com\/fp\/en\/wp-json\/wp\/v2\/comments?post=9080"}],"version-history":[{"count":0,"href":"https:\/\/www.monlau.com\/fp\/en\/wp-json\/wp\/v2\/posts\/9080\/revisions"}],"wp:featuredmedia":[{"embeddable":true,"href":"https:\/\/www.monlau.com\/fp\/en\/wp-json\/wp\/v2\/media\/9100"}],"wp:attachment":[{"href":"https:\/\/www.monlau.com\/fp\/en\/wp-json\/wp\/v2\/media?parent=9080"}],"wp:term":[{"taxonomy":"category","embeddable":true,"href":"https:\/\/www.monlau.com\/fp\/en\/wp-json\/wp\/v2\/categories?post=9080"},{"taxonomy":"post_tag","embeddable":true,"href":"https:\/\/www.monlau.com\/fp\/en\/wp-json\/wp\/v2\/tags?post=9080"}],"curies":[{"name":"wp","href":"https:\/\/api.w.org\/{rel}","templated":true}]}}