{"id":9079,"date":"2026-03-17T16:26:29","date_gmt":"2026-03-17T15:26:29","guid":{"rendered":"http:\/\/adsmurai"},"modified":"2026-03-17T16:26:29","modified_gmt":"2026-03-17T15:26:29","slug":"inscribete-nuestro-postgrado-asesor-comercial","status":"publish","type":"post","link":"https:\/\/www.monlau.com\/fp\/en\/2026\/03\/17\/inscribete-nuestro-postgrado-asesor-comercial\/","title":{"rendered":"Inscr\u00edbete a nuestro Postgrado de Asesor Comercial y convi\u00e9rtete en un profesional del sector"},"content":{"rendered":"<p><strong>\u00bfTe gustar\u00eda trabajar en concesionarios oficiales como un aut\u00e9ntico profesional del sector comercial? <\/strong><\/p>\n<p>En Monlau impartimos, desde hace unos a\u00f1os, el <a href=\"https:\/\/www.monlau.com\/corporate\/project\/postgrado-asesor-servicio-automocion\/\">M\u00e1ster en recepci\u00f3n de taller<\/a>, un curso <strong>dise\u00f1ado a medida siguiendo las demandas de los concesionarios oficiales<\/strong> que necesitan profesionales con formaci\u00f3n comercial.<\/p>\n<p>La figura del <a href=\"https:\/\/es.indeed.com\/orientacion-laboral\/buscar-trabajo\/que-hace-asesor-comercial#:~:text=Un%20asesor%20comercial%20es%20la,los%20asesores%20comerciales%20son%20vendedores.\">asesor comercial<\/a> est\u00e1 siendo muy solicitada por estos concesionarios, ya que es de vital importancia en el proceso de ventas. Por este motivo, <strong>el curso tiene un 100% de inserci\u00f3n laboral<\/strong>. Todos los alumnos que lo han cursado han conseguido un puesto de trabajo asegurado.<\/p>\n<p>El Postgrado tiene como principal objetivo proporcionar al alumno el conocimiento te\u00f3rico y pr\u00e1ctico que necesita para desarrollarse con solvencia en su puesto y garantizar las funciones de un asesor comercial.<\/p>\n<p><strong>Empresas reconocidas como Quadis, Moventia, PSA Retail, BMW Barcelona Premium, Gestor\u00eda Gabald\u00f3n, Anteveni, Rmotion y Volkswagen colaboran y participan en la formaci\u00f3n de los alumnos<\/strong> con herramientas, cursos y visitas a sus centros. Adem\u00e1s, los alumnos pueden realizar sus pr\u00e1cticas en estas empresas.<\/p>\n<p>Para m\u00e1s informaci\u00f3n sobre este curso no dud\u00e9is en visitar nuestra p\u00e1gina web de Consultor\u00eda y Formaci\u00f3n a empresas, <a href=\"https:\/\/www.monlau.com\/corporate\/\">Monlau Corporate<\/a>, d\u00f3nde podr\u00e9is encontrar este curso y muchos otros.<\/p>\n<p>&nbsp;<\/p>\n<p><span style=\"color: #ffffff;\">El Postgrado tiene como principal objetivo proporcionar al alumno el conocimiento te\u00f3rico y pr\u00e1ctico que necesita para desarrollarse con solvencia en su puesto y garantizar las funciones de un asesor comercial.<\/span><\/p>\n<p><span style=\"color: #ffffff;\"><b style=\"color: #ffffff;\">Empresas reconocidas como <\/b><span style=\"color: #ffffff;\"><b>Quedas<\/b><\/span><b style=\"color: #ffffff;\">, Moventia, PSA Retail, BMW Barcelona Premium, Gestor\u00eda Gabald\u00f3n, Anteveni, Rmotion y Volkswagen colaboran y participan en la formaci\u00f3n de los alumnos<\/b><span style=\"color: #ffffff;\"> con herramientas, cursos y visitas a sus centros. Adem\u00e1s, los alumnos pueden realizar sus pr\u00e1cticas en estas empresas.<\/span><\/span><\/p>\n<h2><span style=\"color: #ffffff;\">El Postgrado tiene como principal objetivo proporcionar al alumno el conocimiento te\u00f3rico y pr\u00e1ctico que necesita para desarrollarse con solvencia en su puesto y garantizar las funciones de un asesor comercial.<\/span><\/h2>\n<p><span style=\"color: #ffffff;\"><strong>Empresas reconocidas como Quadis, Moventia, PSA Retail, BMW Barcelona Premium, Gestor\u00eda Gabald\u00f3n, Anteveni, Rmotion y Volkswagen colaboran y participan en la formaci\u00f3n de los alumnos<\/strong> con herramientas, cursos y visitas a sus centros. Adem\u00e1s, los alumnos pueden realizar sus pr\u00e1cticas en estas empresas.<\/span><\/p>\n<h3><span style=\"color: #ffffff;\">El Postgrado tiene como principal objetivo proporcionar al alumno el conocimiento te\u00f3rico y pr\u00e1ctico que necesita para desarrollarse con solvencia en su puesto y garantizar las funciones de un asesor comercial.<\/span><\/h3>\n<p><span style=\"color: #ffffff;\"><strong>Empresas reconocidas como Quadis, Moventia, PSA Retail, BMW Barcelona Premium, Gestor\u00eda Gabald\u00f3n, Anteveni, Rmotion y Volkswagen colaboran y participan en la formaci\u00f3n de los alumnos<\/strong> con herramientas, cursos y visitas a sus centros. Adem\u00e1s, los alumnos pueden realizar sus pr\u00e1cticas en estas empresas.<\/span><\/p>\n<p><span style=\"color: #ffffff;\">El Postgrado tiene como principal objetivo proporcionar al alumno el conocimiento te\u00f3rico y pr\u00e1ctico que necesita para desarrollarse con solvencia en su puesto y garantizar las funciones de un asesor comercial.<\/span><\/p>\n<p><span style=\"color: #ffffff;\"><strong>Empresas reconocidas como Quadis, Moventia, PSA Retail, BMW Barcelona Premium, Gestor\u00eda Gabald\u00f3n, Anteveni, Rmotion y Volkswagen colaboran y participan en la formaci\u00f3n de los alumnos<\/strong> con herramientas, cursos y visitas a sus centros. Adem\u00e1s, los alumnos pueden realizar sus pr\u00e1cticas en estas empresas.<\/span><\/p>\n","protected":false},"excerpt":{"rendered":"<p>\u00bfTe gustar\u00eda trabajar en concesionarios oficiales como un aut\u00e9ntico profesional del sector comercial? En Monlau impartimos, desde hace unos a\u00f1os, el M\u00e1ster en recepci\u00f3n de taller, un curso dise\u00f1ado a medida siguiendo las demandas de los concesionarios oficiales que necesitan profesionales con formaci\u00f3n comercial. La figura del asesor comercial est\u00e1 siendo muy solicitada por estos [&hellip;]<\/p>\n","protected":false},"author":1,"featured_media":9099,"comment_status":"closed","ping_status":"closed","sticky":false,"template":"","format":"standard","meta":{"footnotes":""},"categories":[41],"tags":[115,116,117,118,111],"class_list":["post-9079","post","type-post","status-publish","format-standard","has-post-thumbnail","hentry","category-postgrado","tag-asesor-comercial","tag-concesionarios","tag-insercion-laboral","tag-monlau-corporate","tag-postgrado"],"yoast_head":"<!-- This site is optimized with the Yoast SEO plugin v27.2 - https:\/\/yoast.com\/product\/yoast-seo-wordpress\/ -->\n<title>Inscr\u00edbete a nuestro Postgrado de Asesor Comercial y convi\u00e9rtete en un profesional del sector - Formaci\u00f3n profesional<\/title>\n<meta name=\"robots\" content=\"index, follow, max-snippet:-1, max-image-preview:large, max-video-preview:-1\" \/>\n<link rel=\"canonical\" href=\"https:\/\/www.monlau.com\/fp\/en\/2026\/03\/17\/inscribete-nuestro-postgrado-asesor-comercial\/\" \/>\n<meta property=\"og:locale\" content=\"en_US\" \/>\n<meta property=\"og:type\" content=\"article\" \/>\n<meta property=\"og:title\" content=\"Inscr\u00edbete a nuestro Postgrado de Asesor Comercial y convi\u00e9rtete en un profesional del sector - Formaci\u00f3n profesional\" \/>\n<meta property=\"og:description\" content=\"\u00bfTe gustar\u00eda trabajar en concesionarios oficiales como un aut\u00e9ntico profesional del sector comercial? En Monlau impartimos, desde hace unos a\u00f1os, el M\u00e1ster en recepci\u00f3n de taller, un curso dise\u00f1ado a medida siguiendo las demandas de los concesionarios oficiales que necesitan profesionales con formaci\u00f3n comercial. La figura del asesor comercial est\u00e1 siendo muy solicitada por estos [&hellip;]\" \/>\n<meta property=\"og:url\" content=\"https:\/\/www.monlau.com\/fp\/en\/2026\/03\/17\/inscribete-nuestro-postgrado-asesor-comercial\/\" \/>\n<meta property=\"og:site_name\" content=\"Formaci\u00f3n profesional\" \/>\n<meta property=\"article:published_time\" content=\"2026-03-17T15:26:29+00:00\" \/>\n<meta property=\"og:image\" content=\"https:\/\/www.monlau.com\/app\/uploads\/sites\/3\/2026\/03\/AdobeStock_866037062-scaled-1.jpg\" \/>\n\t<meta property=\"og:image:width\" content=\"2560\" \/>\n\t<meta property=\"og:image:height\" content=\"1707\" \/>\n\t<meta property=\"og:image:type\" content=\"image\/jpeg\" \/>\n<meta name=\"author\" content=\"adsmurai\" \/>\n<meta name=\"twitter:card\" content=\"summary_large_image\" \/>\n<meta name=\"twitter:label1\" content=\"Written by\" \/>\n\t<meta name=\"twitter:data1\" content=\"adsmurai\" \/>\n\t<meta name=\"twitter:label2\" content=\"Est. reading time\" \/>\n\t<meta name=\"twitter:data2\" content=\"3 minutes\" \/>\n<script type=\"application\/ld+json\" class=\"yoast-schema-graph\">{\"@context\":\"https:\/\/schema.org\",\"@graph\":[{\"@type\":\"Article\",\"@id\":\"https:\/\/www.monlau.com\/fp\/en\/2026\/03\/17\/inscribete-nuestro-postgrado-asesor-comercial\/#article\",\"isPartOf\":{\"@id\":\"https:\/\/www.monlau.com\/fp\/en\/2026\/03\/17\/inscribete-nuestro-postgrado-asesor-comercial\/\"},\"author\":{\"name\":\"adsmurai\",\"@id\":\"https:\/\/www.monlau.com\/fp\/en\/#\/schema\/person\/419cfdf054323e24e0a2ef1d8597f051\"},\"headline\":\"Inscr\u00edbete a nuestro Postgrado de Asesor Comercial y convi\u00e9rtete en un profesional del sector\",\"datePublished\":\"2026-03-17T15:26:29+00:00\",\"mainEntityOfPage\":{\"@id\":\"https:\/\/www.monlau.com\/fp\/en\/2026\/03\/17\/inscribete-nuestro-postgrado-asesor-comercial\/\"},\"wordCount\":558,\"publisher\":{\"@id\":\"https:\/\/www.monlau.com\/fp\/en\/#organization\"},\"image\":{\"@id\":\"https:\/\/www.monlau.com\/fp\/en\/2026\/03\/17\/inscribete-nuestro-postgrado-asesor-comercial\/#primaryimage\"},\"thumbnailUrl\":\"https:\/\/www.monlau.com\/app\/uploads\/sites\/3\/2026\/03\/AdobeStock_866037062-scaled-1.jpg\",\"keywords\":[\"Asesor Comercial\",\"Concesionarios\",\"Inserci\u00f3n laboral\",\"Monlau Corporate\",\"Postgrado\"],\"articleSection\":[\"Postgrado\"],\"inLanguage\":\"en-US\"},{\"@type\":\"WebPage\",\"@id\":\"https:\/\/www.monlau.com\/fp\/en\/2026\/03\/17\/inscribete-nuestro-postgrado-asesor-comercial\/\",\"url\":\"https:\/\/www.monlau.com\/fp\/en\/2026\/03\/17\/inscribete-nuestro-postgrado-asesor-comercial\/\",\"name\":\"Inscr\u00edbete a nuestro Postgrado de Asesor Comercial y convi\u00e9rtete en un profesional del sector - Formaci\u00f3n profesional\",\"isPartOf\":{\"@id\":\"https:\/\/www.monlau.com\/fp\/en\/#website\"},\"primaryImageOfPage\":{\"@id\":\"https:\/\/www.monlau.com\/fp\/en\/2026\/03\/17\/inscribete-nuestro-postgrado-asesor-comercial\/#primaryimage\"},\"image\":{\"@id\":\"https:\/\/www.monlau.com\/fp\/en\/2026\/03\/17\/inscribete-nuestro-postgrado-asesor-comercial\/#primaryimage\"},\"thumbnailUrl\":\"https:\/\/www.monlau.com\/app\/uploads\/sites\/3\/2026\/03\/AdobeStock_866037062-scaled-1.jpg\",\"datePublished\":\"2026-03-17T15:26:29+00:00\",\"breadcrumb\":{\"@id\":\"https:\/\/www.monlau.com\/fp\/en\/2026\/03\/17\/inscribete-nuestro-postgrado-asesor-comercial\/#breadcrumb\"},\"inLanguage\":\"en-US\",\"potentialAction\":[{\"@type\":\"ReadAction\",\"target\":[\"https:\/\/www.monlau.com\/fp\/en\/2026\/03\/17\/inscribete-nuestro-postgrado-asesor-comercial\/\"]}]},{\"@type\":\"ImageObject\",\"inLanguage\":\"en-US\",\"@id\":\"https:\/\/www.monlau.com\/fp\/en\/2026\/03\/17\/inscribete-nuestro-postgrado-asesor-comercial\/#primaryimage\",\"url\":\"https:\/\/www.monlau.com\/app\/uploads\/sites\/3\/2026\/03\/AdobeStock_866037062-scaled-1.jpg\",\"contentUrl\":\"https:\/\/www.monlau.com\/app\/uploads\/sites\/3\/2026\/03\/AdobeStock_866037062-scaled-1.jpg\",\"width\":2560,\"height\":1707},{\"@type\":\"BreadcrumbList\",\"@id\":\"https:\/\/www.monlau.com\/fp\/en\/2026\/03\/17\/inscribete-nuestro-postgrado-asesor-comercial\/#breadcrumb\",\"itemListElement\":[{\"@type\":\"ListItem\",\"position\":1,\"name\":\"Portada\",\"item\":\"https:\/\/www.monlau.com\/fp\/en\/home\/\"},{\"@type\":\"ListItem\",\"position\":2,\"name\":\"Inscr\u00edbete a nuestro Postgrado de Asesor Comercial y convi\u00e9rtete en un profesional del sector\"}]},{\"@type\":\"WebSite\",\"@id\":\"https:\/\/www.monlau.com\/fp\/en\/#website\",\"url\":\"https:\/\/www.monlau.com\/fp\/en\/\",\"name\":\"Formaci\u00f3n profesional\",\"description\":\"Monlau\",\"publisher\":{\"@id\":\"https:\/\/www.monlau.com\/fp\/en\/#organization\"},\"potentialAction\":[{\"@type\":\"SearchAction\",\"target\":{\"@type\":\"EntryPoint\",\"urlTemplate\":\"https:\/\/www.monlau.com\/fp\/en\/?s={search_term_string}\"},\"query-input\":{\"@type\":\"PropertyValueSpecification\",\"valueRequired\":true,\"valueName\":\"search_term_string\"}}],\"inLanguage\":\"en-US\"},{\"@type\":\"Organization\",\"@id\":\"https:\/\/www.monlau.com\/fp\/en\/#organization\",\"name\":\"Formaci\u00f3n profesional\",\"url\":\"https:\/\/www.monlau.com\/fp\/en\/\",\"logo\":{\"@type\":\"ImageObject\",\"inLanguage\":\"en-US\",\"@id\":\"https:\/\/www.monlau.com\/fp\/en\/#\/schema\/logo\/image\/\",\"url\":\"https:\/\/www.monlau.com\/app\/uploads\/sites\/3\/2026\/01\/fp.png\",\"contentUrl\":\"https:\/\/www.monlau.com\/app\/uploads\/sites\/3\/2026\/01\/fp.png\",\"width\":1024,\"height\":878,\"caption\":\"Formaci\u00f3n profesional\"},\"image\":{\"@id\":\"https:\/\/www.monlau.com\/fp\/en\/#\/schema\/logo\/image\/\"}},{\"@type\":\"Person\",\"@id\":\"https:\/\/www.monlau.com\/fp\/en\/#\/schema\/person\/419cfdf054323e24e0a2ef1d8597f051\",\"name\":\"adsmurai\",\"image\":{\"@type\":\"ImageObject\",\"inLanguage\":\"en-US\",\"@id\":\"https:\/\/secure.gravatar.com\/avatar\/0748788578f91786454454fa3b4c295644edb991ad6caadc70b41d26790d38fc?s=96&d=mm&r=g\",\"url\":\"https:\/\/secure.gravatar.com\/avatar\/0748788578f91786454454fa3b4c295644edb991ad6caadc70b41d26790d38fc?s=96&d=mm&r=g\",\"contentUrl\":\"https:\/\/secure.gravatar.com\/avatar\/0748788578f91786454454fa3b4c295644edb991ad6caadc70b41d26790d38fc?s=96&d=mm&r=g\",\"caption\":\"adsmurai\"},\"sameAs\":[\"https:\/\/www.monlau.com\"],\"url\":\"https:\/\/www.monlau.com\/fp\/en\/author\/adsmurai\/\"}]}<\/script>\n<!-- \/ Yoast SEO plugin. -->","yoast_head_json":{"title":"Inscr\u00edbete a nuestro Postgrado de Asesor Comercial y convi\u00e9rtete en un profesional del sector - Formaci\u00f3n profesional","robots":{"index":"index","follow":"follow","max-snippet":"max-snippet:-1","max-image-preview":"max-image-preview:large","max-video-preview":"max-video-preview:-1"},"canonical":"https:\/\/www.monlau.com\/fp\/en\/2026\/03\/17\/inscribete-nuestro-postgrado-asesor-comercial\/","og_locale":"en_US","og_type":"article","og_title":"Inscr\u00edbete a nuestro Postgrado de Asesor Comercial y convi\u00e9rtete en un profesional del sector - Formaci\u00f3n profesional","og_description":"\u00bfTe gustar\u00eda trabajar en concesionarios oficiales como un aut\u00e9ntico profesional del sector comercial? En Monlau impartimos, desde hace unos a\u00f1os, el M\u00e1ster en recepci\u00f3n de taller, un curso dise\u00f1ado a medida siguiendo las demandas de los concesionarios oficiales que necesitan profesionales con formaci\u00f3n comercial. La figura del asesor comercial est\u00e1 siendo muy solicitada por estos [&hellip;]","og_url":"https:\/\/www.monlau.com\/fp\/en\/2026\/03\/17\/inscribete-nuestro-postgrado-asesor-comercial\/","og_site_name":"Formaci\u00f3n profesional","article_published_time":"2026-03-17T15:26:29+00:00","og_image":[{"width":2560,"height":1707,"url":"https:\/\/www.monlau.com\/app\/uploads\/sites\/3\/2026\/03\/AdobeStock_866037062-scaled-1.jpg","type":"image\/jpeg"}],"author":"adsmurai","twitter_card":"summary_large_image","twitter_misc":{"Written by":"adsmurai","Est. reading time":"3 minutes"},"schema":{"@context":"https:\/\/schema.org","@graph":[{"@type":"Article","@id":"https:\/\/www.monlau.com\/fp\/en\/2026\/03\/17\/inscribete-nuestro-postgrado-asesor-comercial\/#article","isPartOf":{"@id":"https:\/\/www.monlau.com\/fp\/en\/2026\/03\/17\/inscribete-nuestro-postgrado-asesor-comercial\/"},"author":{"name":"adsmurai","@id":"https:\/\/www.monlau.com\/fp\/en\/#\/schema\/person\/419cfdf054323e24e0a2ef1d8597f051"},"headline":"Inscr\u00edbete a nuestro Postgrado de Asesor Comercial y convi\u00e9rtete en un profesional del sector","datePublished":"2026-03-17T15:26:29+00:00","mainEntityOfPage":{"@id":"https:\/\/www.monlau.com\/fp\/en\/2026\/03\/17\/inscribete-nuestro-postgrado-asesor-comercial\/"},"wordCount":558,"publisher":{"@id":"https:\/\/www.monlau.com\/fp\/en\/#organization"},"image":{"@id":"https:\/\/www.monlau.com\/fp\/en\/2026\/03\/17\/inscribete-nuestro-postgrado-asesor-comercial\/#primaryimage"},"thumbnailUrl":"https:\/\/www.monlau.com\/app\/uploads\/sites\/3\/2026\/03\/AdobeStock_866037062-scaled-1.jpg","keywords":["Asesor Comercial","Concesionarios","Inserci\u00f3n laboral","Monlau Corporate","Postgrado"],"articleSection":["Postgrado"],"inLanguage":"en-US"},{"@type":"WebPage","@id":"https:\/\/www.monlau.com\/fp\/en\/2026\/03\/17\/inscribete-nuestro-postgrado-asesor-comercial\/","url":"https:\/\/www.monlau.com\/fp\/en\/2026\/03\/17\/inscribete-nuestro-postgrado-asesor-comercial\/","name":"Inscr\u00edbete a nuestro Postgrado de Asesor Comercial y convi\u00e9rtete en un profesional del sector - Formaci\u00f3n profesional","isPartOf":{"@id":"https:\/\/www.monlau.com\/fp\/en\/#website"},"primaryImageOfPage":{"@id":"https:\/\/www.monlau.com\/fp\/en\/2026\/03\/17\/inscribete-nuestro-postgrado-asesor-comercial\/#primaryimage"},"image":{"@id":"https:\/\/www.monlau.com\/fp\/en\/2026\/03\/17\/inscribete-nuestro-postgrado-asesor-comercial\/#primaryimage"},"thumbnailUrl":"https:\/\/www.monlau.com\/app\/uploads\/sites\/3\/2026\/03\/AdobeStock_866037062-scaled-1.jpg","datePublished":"2026-03-17T15:26:29+00:00","breadcrumb":{"@id":"https:\/\/www.monlau.com\/fp\/en\/2026\/03\/17\/inscribete-nuestro-postgrado-asesor-comercial\/#breadcrumb"},"inLanguage":"en-US","potentialAction":[{"@type":"ReadAction","target":["https:\/\/www.monlau.com\/fp\/en\/2026\/03\/17\/inscribete-nuestro-postgrado-asesor-comercial\/"]}]},{"@type":"ImageObject","inLanguage":"en-US","@id":"https:\/\/www.monlau.com\/fp\/en\/2026\/03\/17\/inscribete-nuestro-postgrado-asesor-comercial\/#primaryimage","url":"https:\/\/www.monlau.com\/app\/uploads\/sites\/3\/2026\/03\/AdobeStock_866037062-scaled-1.jpg","contentUrl":"https:\/\/www.monlau.com\/app\/uploads\/sites\/3\/2026\/03\/AdobeStock_866037062-scaled-1.jpg","width":2560,"height":1707},{"@type":"BreadcrumbList","@id":"https:\/\/www.monlau.com\/fp\/en\/2026\/03\/17\/inscribete-nuestro-postgrado-asesor-comercial\/#breadcrumb","itemListElement":[{"@type":"ListItem","position":1,"name":"Portada","item":"https:\/\/www.monlau.com\/fp\/en\/home\/"},{"@type":"ListItem","position":2,"name":"Inscr\u00edbete a nuestro Postgrado de Asesor Comercial y convi\u00e9rtete en un profesional del sector"}]},{"@type":"WebSite","@id":"https:\/\/www.monlau.com\/fp\/en\/#website","url":"https:\/\/www.monlau.com\/fp\/en\/","name":"Formaci\u00f3n profesional","description":"Monlau","publisher":{"@id":"https:\/\/www.monlau.com\/fp\/en\/#organization"},"potentialAction":[{"@type":"SearchAction","target":{"@type":"EntryPoint","urlTemplate":"https:\/\/www.monlau.com\/fp\/en\/?s={search_term_string}"},"query-input":{"@type":"PropertyValueSpecification","valueRequired":true,"valueName":"search_term_string"}}],"inLanguage":"en-US"},{"@type":"Organization","@id":"https:\/\/www.monlau.com\/fp\/en\/#organization","name":"Formaci\u00f3n profesional","url":"https:\/\/www.monlau.com\/fp\/en\/","logo":{"@type":"ImageObject","inLanguage":"en-US","@id":"https:\/\/www.monlau.com\/fp\/en\/#\/schema\/logo\/image\/","url":"https:\/\/www.monlau.com\/app\/uploads\/sites\/3\/2026\/01\/fp.png","contentUrl":"https:\/\/www.monlau.com\/app\/uploads\/sites\/3\/2026\/01\/fp.png","width":1024,"height":878,"caption":"Formaci\u00f3n profesional"},"image":{"@id":"https:\/\/www.monlau.com\/fp\/en\/#\/schema\/logo\/image\/"}},{"@type":"Person","@id":"https:\/\/www.monlau.com\/fp\/en\/#\/schema\/person\/419cfdf054323e24e0a2ef1d8597f051","name":"adsmurai","image":{"@type":"ImageObject","inLanguage":"en-US","@id":"https:\/\/secure.gravatar.com\/avatar\/0748788578f91786454454fa3b4c295644edb991ad6caadc70b41d26790d38fc?s=96&d=mm&r=g","url":"https:\/\/secure.gravatar.com\/avatar\/0748788578f91786454454fa3b4c295644edb991ad6caadc70b41d26790d38fc?s=96&d=mm&r=g","contentUrl":"https:\/\/secure.gravatar.com\/avatar\/0748788578f91786454454fa3b4c295644edb991ad6caadc70b41d26790d38fc?s=96&d=mm&r=g","caption":"adsmurai"},"sameAs":["https:\/\/www.monlau.com"],"url":"https:\/\/www.monlau.com\/fp\/en\/author\/adsmurai\/"}]}},"_links":{"self":[{"href":"https:\/\/www.monlau.com\/fp\/en\/wp-json\/wp\/v2\/posts\/9079","targetHints":{"allow":["GET"]}}],"collection":[{"href":"https:\/\/www.monlau.com\/fp\/en\/wp-json\/wp\/v2\/posts"}],"about":[{"href":"https:\/\/www.monlau.com\/fp\/en\/wp-json\/wp\/v2\/types\/post"}],"author":[{"embeddable":true,"href":"https:\/\/www.monlau.com\/fp\/en\/wp-json\/wp\/v2\/users\/1"}],"replies":[{"embeddable":true,"href":"https:\/\/www.monlau.com\/fp\/en\/wp-json\/wp\/v2\/comments?post=9079"}],"version-history":[{"count":0,"href":"https:\/\/www.monlau.com\/fp\/en\/wp-json\/wp\/v2\/posts\/9079\/revisions"}],"wp:featuredmedia":[{"embeddable":true,"href":"https:\/\/www.monlau.com\/fp\/en\/wp-json\/wp\/v2\/media\/9099"}],"wp:attachment":[{"href":"https:\/\/www.monlau.com\/fp\/en\/wp-json\/wp\/v2\/media?parent=9079"}],"wp:term":[{"taxonomy":"category","embeddable":true,"href":"https:\/\/www.monlau.com\/fp\/en\/wp-json\/wp\/v2\/categories?post=9079"},{"taxonomy":"post_tag","embeddable":true,"href":"https:\/\/www.monlau.com\/fp\/en\/wp-json\/wp\/v2\/tags?post=9079"}],"curies":[{"name":"wp","href":"https:\/\/api.w.org\/{rel}","templated":true}]}}