{"id":9064,"date":"2026-03-17T16:26:27","date_gmt":"2026-03-17T15:26:27","guid":{"rendered":"http:\/\/adsmurai"},"modified":"2026-03-17T16:26:27","modified_gmt":"2026-03-17T15:26:27","slug":"5-razones-para-estudiar-un-ciclo-formativo-de-grado-medio","status":"publish","type":"post","link":"https:\/\/www.monlau.com\/fp\/en\/2026\/03\/17\/5-razones-para-estudiar-un-ciclo-formativo-de-grado-medio\/","title":{"rendered":"5 razones para estudiar un ciclo formativo de Grado Medio"},"content":{"rendered":"<p>Ya se acaba la ESO y muchos de vosotros os plante\u00e1is hacia d\u00f3nde encaminar vuestra trayectoria acad\u00e9mica. Hoy os acercamos un poco m\u00e1s a la formaci\u00f3n profesional de grado medio y te indicamos 5 razones para terminar de tomar esta importante decisi\u00f3n, que no son tan conocidas.<\/p>\n<p>&nbsp;<\/p>\n<h3><strong>1.Una enorme varietat d\u2019oferta de formacions<\/strong>.<\/h3>\n<p>La formaci\u00f3 professional ha evolucionat molt en els \u00faltims anys i <strong>existeixen m\u00e9s de 25 fam\u00edlies professionals on poder trobar la tem\u00e0tica que m\u00e9s t\u2019agrada.<\/strong> A Catalunya podem consultar <a href=\"http:\/\/queestudiar.gencat.cat\/es\/estudis\/fp\/\">la web \u201cqueestudiar\u201d<\/a> per tal de tenir una idea m\u00e9s concreta.<\/p>\n<p>&nbsp;<\/p>\n<h3><strong>2.Enfocada al m\u00f3n laboral<\/strong>.<\/h3>\n<p>Es tracta d\u2019una formaci\u00f3 de 2 anys que <strong>et capacita per al m\u00f3n laboral, dotant-te de coneixement t\u00e8cnics i pr\u00e0ctics que et permetran desenvolupar una ocupaci\u00f3 en concret.<\/strong> A m\u00e9s a m\u00e9s, tots els cicles inclouen un m\u00f2dul, al segon any, que et permet comen\u00e7ar a tenir contacte amb l\u2019empresa, el taller o el lloc on realitzar\u00e0s la teva formaci\u00f3.<\/p>\n<p>&nbsp;<\/p>\n<h3><strong>3.Hi ha vida m\u00e9s enll\u00e0 de les nostres fronteres<\/strong>.<\/h3>\n<p>\u00bfSabies que la formaci\u00f3 professional \u00e9s el cam\u00ed que escull m\u00e9s del 50% de la poblaci\u00f3 activa europea?. A molts pa\u00efsos europeus, <strong>la formaci\u00f3 professional gaudeix de millor prestigi i consideraci\u00f3 a l\u2019hora de trobar feina<\/strong>, una titulaci\u00f3 oficial en aquest camp \u00e9s, sens dubte, una porta oberta al m\u00f3n.<\/p>\n<p>&nbsp;<\/p>\n<h3><strong>4.Inserci\u00f3 laboral<\/strong>.<\/h3>\n<p>Les ofertes de feina per a titulats, expressament en <strong>formaci\u00f3 professional, s\u00f3n de m\u00e9s del 20% al nostre pa\u00eds segons l\u2019\u00faltim informe del Ministeri de treball<\/strong>, mentre que els titulats en prou feines arriben a aquesta xifra.<\/p>\n<p>&nbsp;<\/p>\n<h3><strong>5.Continuaci\u00f3 dels estudis<\/strong>.<\/h3>\n<p>Despr\u00e9s del Grau Mitj\u00e0 pots accedir, de manera directa, al Grau Superior. Una formaci\u00f3 tamb\u00e9 de car\u00e0cter t\u00e8cnic que et permet especialitzar-te en el teu camp i accedir a millors posicions laborals, <strong>sense oblidar que despr\u00e9s podries incl\u00fas accedir a la universitat.<\/strong><\/p>\n<p>&nbsp;<\/p>\n<p>Si vols m\u00e9s informaci\u00f3 no dubtis a posar-te en contacte amb nosaltres i podr\u00e0s venir a Monlau a con\u00e8ixer la nostra oferta en <a href=\"https:\/\/www.monlau.com\/estudis-professionals\/\">Grau Mitj\u00e0<\/a> .<\/p>\n<h4>Joan Segarra<\/h4>\n<p>Director del centro<\/p>\n","protected":false},"excerpt":{"rendered":"<p>Ya se acaba la ESO y muchos de vosotros os plante\u00e1is hacia d\u00f3nde encaminar vuestra trayectoria acad\u00e9mica. Hoy os acercamos un poco m\u00e1s a la formaci\u00f3n profesional de grado medio y te indicamos 5 razones para terminar de tomar esta importante decisi\u00f3n, que no son tan conocidas. &nbsp; 1.Una enorme varietat d\u2019oferta de formacions. La [&hellip;]<\/p>\n","protected":false},"author":1,"featured_media":9084,"comment_status":"closed","ping_status":"closed","sticky":false,"template":"","format":"standard","meta":{"footnotes":""},"categories":[36,32,38,57],"tags":[39,66],"class_list":["post-9064","post","type-post","status-publish","format-standard","has-post-thumbnail","hentry","category-automocion","category-empresa-y-marketing","category-informatica","category-monlau","tag-futuro","tag-grado-medio"],"yoast_head":"<!-- This site is optimized with the Yoast SEO plugin v27.2 - https:\/\/yoast.com\/product\/yoast-seo-wordpress\/ -->\n<title>5 razones para estudiar un ciclo formativo de Grado Medio - Formaci\u00f3n profesional<\/title>\n<meta name=\"robots\" content=\"index, follow, max-snippet:-1, max-image-preview:large, max-video-preview:-1\" \/>\n<link rel=\"canonical\" href=\"https:\/\/www.monlau.com\/fp\/en\/2026\/03\/17\/5-razones-para-estudiar-un-ciclo-formativo-de-grado-medio\/\" \/>\n<meta property=\"og:locale\" content=\"en_US\" \/>\n<meta property=\"og:type\" content=\"article\" \/>\n<meta property=\"og:title\" content=\"5 razones para estudiar un ciclo formativo de Grado Medio - Formaci\u00f3n profesional\" \/>\n<meta property=\"og:description\" content=\"Ya se acaba la ESO y muchos de vosotros os plante\u00e1is hacia d\u00f3nde encaminar vuestra trayectoria acad\u00e9mica. Hoy os acercamos un poco m\u00e1s a la formaci\u00f3n profesional de grado medio y te indicamos 5 razones para terminar de tomar esta importante decisi\u00f3n, que no son tan conocidas. &nbsp; 1.Una enorme varietat d\u2019oferta de formacions. La [&hellip;]\" \/>\n<meta property=\"og:url\" content=\"https:\/\/www.monlau.com\/fp\/en\/2026\/03\/17\/5-razones-para-estudiar-un-ciclo-formativo-de-grado-medio\/\" \/>\n<meta property=\"og:site_name\" content=\"Formaci\u00f3n profesional\" \/>\n<meta property=\"article:published_time\" content=\"2026-03-17T15:26:27+00:00\" \/>\n<meta name=\"author\" content=\"adsmurai\" \/>\n<meta name=\"twitter:card\" content=\"summary_large_image\" \/>\n<meta name=\"twitter:label1\" content=\"Written by\" \/>\n\t<meta name=\"twitter:data1\" content=\"adsmurai\" \/>\n\t<meta name=\"twitter:label2\" content=\"Est. reading time\" \/>\n\t<meta name=\"twitter:data2\" content=\"2 minutes\" \/>\n<script type=\"application\/ld+json\" class=\"yoast-schema-graph\">{\"@context\":\"https:\/\/schema.org\",\"@graph\":[{\"@type\":\"Article\",\"@id\":\"https:\/\/www.monlau.com\/fp\/en\/2026\/03\/17\/5-razones-para-estudiar-un-ciclo-formativo-de-grado-medio\/#article\",\"isPartOf\":{\"@id\":\"https:\/\/www.monlau.com\/fp\/en\/2026\/03\/17\/5-razones-para-estudiar-un-ciclo-formativo-de-grado-medio\/\"},\"author\":{\"name\":\"adsmurai\",\"@id\":\"https:\/\/www.monlau.com\/fp\/en\/#\/schema\/person\/419cfdf054323e24e0a2ef1d8597f051\"},\"headline\":\"5 razones para estudiar un ciclo formativo de Grado Medio\",\"datePublished\":\"2026-03-17T15:26:27+00:00\",\"mainEntityOfPage\":{\"@id\":\"https:\/\/www.monlau.com\/fp\/en\/2026\/03\/17\/5-razones-para-estudiar-un-ciclo-formativo-de-grado-medio\/\"},\"wordCount\":381,\"publisher\":{\"@id\":\"https:\/\/www.monlau.com\/fp\/en\/#organization\"},\"image\":{\"@id\":\"https:\/\/www.monlau.com\/fp\/en\/2026\/03\/17\/5-razones-para-estudiar-un-ciclo-formativo-de-grado-medio\/#primaryimage\"},\"thumbnailUrl\":\"https:\/\/www.monlau.com\/app\/uploads\/sites\/3\/2026\/03\/SAGRERA-1010-min-scaled-1.jpg\",\"keywords\":[\"futuro\",\"Grado Medio\"],\"articleSection\":[\"Automoci\u00f3n\",\"Empresa y Marketing\",\"Inform\u00e1tica\",\"Monlau\"],\"inLanguage\":\"en-US\"},{\"@type\":\"WebPage\",\"@id\":\"https:\/\/www.monlau.com\/fp\/en\/2026\/03\/17\/5-razones-para-estudiar-un-ciclo-formativo-de-grado-medio\/\",\"url\":\"https:\/\/www.monlau.com\/fp\/en\/2026\/03\/17\/5-razones-para-estudiar-un-ciclo-formativo-de-grado-medio\/\",\"name\":\"5 razones para estudiar un ciclo formativo de Grado Medio - Formaci\u00f3n profesional\",\"isPartOf\":{\"@id\":\"https:\/\/www.monlau.com\/fp\/en\/#website\"},\"primaryImageOfPage\":{\"@id\":\"https:\/\/www.monlau.com\/fp\/en\/2026\/03\/17\/5-razones-para-estudiar-un-ciclo-formativo-de-grado-medio\/#primaryimage\"},\"image\":{\"@id\":\"https:\/\/www.monlau.com\/fp\/en\/2026\/03\/17\/5-razones-para-estudiar-un-ciclo-formativo-de-grado-medio\/#primaryimage\"},\"thumbnailUrl\":\"https:\/\/www.monlau.com\/app\/uploads\/sites\/3\/2026\/03\/SAGRERA-1010-min-scaled-1.jpg\",\"datePublished\":\"2026-03-17T15:26:27+00:00\",\"breadcrumb\":{\"@id\":\"https:\/\/www.monlau.com\/fp\/en\/2026\/03\/17\/5-razones-para-estudiar-un-ciclo-formativo-de-grado-medio\/#breadcrumb\"},\"inLanguage\":\"en-US\",\"potentialAction\":[{\"@type\":\"ReadAction\",\"target\":[\"https:\/\/www.monlau.com\/fp\/en\/2026\/03\/17\/5-razones-para-estudiar-un-ciclo-formativo-de-grado-medio\/\"]}]},{\"@type\":\"ImageObject\",\"inLanguage\":\"en-US\",\"@id\":\"https:\/\/www.monlau.com\/fp\/en\/2026\/03\/17\/5-razones-para-estudiar-un-ciclo-formativo-de-grado-medio\/#primaryimage\",\"url\":\"https:\/\/www.monlau.com\/app\/uploads\/sites\/3\/2026\/03\/SAGRERA-1010-min-scaled-1.jpg\",\"contentUrl\":\"https:\/\/www.monlau.com\/app\/uploads\/sites\/3\/2026\/03\/SAGRERA-1010-min-scaled-1.jpg\",\"width\":2560,\"height\":1707},{\"@type\":\"BreadcrumbList\",\"@id\":\"https:\/\/www.monlau.com\/fp\/en\/2026\/03\/17\/5-razones-para-estudiar-un-ciclo-formativo-de-grado-medio\/#breadcrumb\",\"itemListElement\":[{\"@type\":\"ListItem\",\"position\":1,\"name\":\"Portada\",\"item\":\"https:\/\/www.monlau.com\/fp\/en\/home\/\"},{\"@type\":\"ListItem\",\"position\":2,\"name\":\"5 razones para estudiar un ciclo formativo de Grado Medio\"}]},{\"@type\":\"WebSite\",\"@id\":\"https:\/\/www.monlau.com\/fp\/en\/#website\",\"url\":\"https:\/\/www.monlau.com\/fp\/en\/\",\"name\":\"Formaci\u00f3n profesional\",\"description\":\"Monlau\",\"publisher\":{\"@id\":\"https:\/\/www.monlau.com\/fp\/en\/#organization\"},\"potentialAction\":[{\"@type\":\"SearchAction\",\"target\":{\"@type\":\"EntryPoint\",\"urlTemplate\":\"https:\/\/www.monlau.com\/fp\/en\/?s={search_term_string}\"},\"query-input\":{\"@type\":\"PropertyValueSpecification\",\"valueRequired\":true,\"valueName\":\"search_term_string\"}}],\"inLanguage\":\"en-US\"},{\"@type\":\"Organization\",\"@id\":\"https:\/\/www.monlau.com\/fp\/en\/#organization\",\"name\":\"Formaci\u00f3n profesional\",\"url\":\"https:\/\/www.monlau.com\/fp\/en\/\",\"logo\":{\"@type\":\"ImageObject\",\"inLanguage\":\"en-US\",\"@id\":\"https:\/\/www.monlau.com\/fp\/en\/#\/schema\/logo\/image\/\",\"url\":\"https:\/\/www.monlau.com\/app\/uploads\/sites\/3\/2026\/01\/fp.png\",\"contentUrl\":\"https:\/\/www.monlau.com\/app\/uploads\/sites\/3\/2026\/01\/fp.png\",\"width\":1024,\"height\":878,\"caption\":\"Formaci\u00f3n profesional\"},\"image\":{\"@id\":\"https:\/\/www.monlau.com\/fp\/en\/#\/schema\/logo\/image\/\"}},{\"@type\":\"Person\",\"@id\":\"https:\/\/www.monlau.com\/fp\/en\/#\/schema\/person\/419cfdf054323e24e0a2ef1d8597f051\",\"name\":\"adsmurai\",\"image\":{\"@type\":\"ImageObject\",\"inLanguage\":\"en-US\",\"@id\":\"https:\/\/secure.gravatar.com\/avatar\/0748788578f91786454454fa3b4c295644edb991ad6caadc70b41d26790d38fc?s=96&d=mm&r=g\",\"url\":\"https:\/\/secure.gravatar.com\/avatar\/0748788578f91786454454fa3b4c295644edb991ad6caadc70b41d26790d38fc?s=96&d=mm&r=g\",\"contentUrl\":\"https:\/\/secure.gravatar.com\/avatar\/0748788578f91786454454fa3b4c295644edb991ad6caadc70b41d26790d38fc?s=96&d=mm&r=g\",\"caption\":\"adsmurai\"},\"sameAs\":[\"https:\/\/www.monlau.com\"],\"url\":\"https:\/\/www.monlau.com\/fp\/en\/author\/adsmurai\/\"}]}<\/script>\n<!-- \/ Yoast SEO plugin. -->","yoast_head_json":{"title":"5 razones para estudiar un ciclo formativo de Grado Medio - Formaci\u00f3n profesional","robots":{"index":"index","follow":"follow","max-snippet":"max-snippet:-1","max-image-preview":"max-image-preview:large","max-video-preview":"max-video-preview:-1"},"canonical":"https:\/\/www.monlau.com\/fp\/en\/2026\/03\/17\/5-razones-para-estudiar-un-ciclo-formativo-de-grado-medio\/","og_locale":"en_US","og_type":"article","og_title":"5 razones para estudiar un ciclo formativo de Grado Medio - Formaci\u00f3n profesional","og_description":"Ya se acaba la ESO y muchos de vosotros os plante\u00e1is hacia d\u00f3nde encaminar vuestra trayectoria acad\u00e9mica. Hoy os acercamos un poco m\u00e1s a la formaci\u00f3n profesional de grado medio y te indicamos 5 razones para terminar de tomar esta importante decisi\u00f3n, que no son tan conocidas. &nbsp; 1.Una enorme varietat d\u2019oferta de formacions. La [&hellip;]","og_url":"https:\/\/www.monlau.com\/fp\/en\/2026\/03\/17\/5-razones-para-estudiar-un-ciclo-formativo-de-grado-medio\/","og_site_name":"Formaci\u00f3n profesional","article_published_time":"2026-03-17T15:26:27+00:00","author":"adsmurai","twitter_card":"summary_large_image","twitter_misc":{"Written by":"adsmurai","Est. reading time":"2 minutes"},"schema":{"@context":"https:\/\/schema.org","@graph":[{"@type":"Article","@id":"https:\/\/www.monlau.com\/fp\/en\/2026\/03\/17\/5-razones-para-estudiar-un-ciclo-formativo-de-grado-medio\/#article","isPartOf":{"@id":"https:\/\/www.monlau.com\/fp\/en\/2026\/03\/17\/5-razones-para-estudiar-un-ciclo-formativo-de-grado-medio\/"},"author":{"name":"adsmurai","@id":"https:\/\/www.monlau.com\/fp\/en\/#\/schema\/person\/419cfdf054323e24e0a2ef1d8597f051"},"headline":"5 razones para estudiar un ciclo formativo de Grado Medio","datePublished":"2026-03-17T15:26:27+00:00","mainEntityOfPage":{"@id":"https:\/\/www.monlau.com\/fp\/en\/2026\/03\/17\/5-razones-para-estudiar-un-ciclo-formativo-de-grado-medio\/"},"wordCount":381,"publisher":{"@id":"https:\/\/www.monlau.com\/fp\/en\/#organization"},"image":{"@id":"https:\/\/www.monlau.com\/fp\/en\/2026\/03\/17\/5-razones-para-estudiar-un-ciclo-formativo-de-grado-medio\/#primaryimage"},"thumbnailUrl":"https:\/\/www.monlau.com\/app\/uploads\/sites\/3\/2026\/03\/SAGRERA-1010-min-scaled-1.jpg","keywords":["futuro","Grado Medio"],"articleSection":["Automoci\u00f3n","Empresa y Marketing","Inform\u00e1tica","Monlau"],"inLanguage":"en-US"},{"@type":"WebPage","@id":"https:\/\/www.monlau.com\/fp\/en\/2026\/03\/17\/5-razones-para-estudiar-un-ciclo-formativo-de-grado-medio\/","url":"https:\/\/www.monlau.com\/fp\/en\/2026\/03\/17\/5-razones-para-estudiar-un-ciclo-formativo-de-grado-medio\/","name":"5 razones para estudiar un ciclo formativo de Grado Medio - Formaci\u00f3n profesional","isPartOf":{"@id":"https:\/\/www.monlau.com\/fp\/en\/#website"},"primaryImageOfPage":{"@id":"https:\/\/www.monlau.com\/fp\/en\/2026\/03\/17\/5-razones-para-estudiar-un-ciclo-formativo-de-grado-medio\/#primaryimage"},"image":{"@id":"https:\/\/www.monlau.com\/fp\/en\/2026\/03\/17\/5-razones-para-estudiar-un-ciclo-formativo-de-grado-medio\/#primaryimage"},"thumbnailUrl":"https:\/\/www.monlau.com\/app\/uploads\/sites\/3\/2026\/03\/SAGRERA-1010-min-scaled-1.jpg","datePublished":"2026-03-17T15:26:27+00:00","breadcrumb":{"@id":"https:\/\/www.monlau.com\/fp\/en\/2026\/03\/17\/5-razones-para-estudiar-un-ciclo-formativo-de-grado-medio\/#breadcrumb"},"inLanguage":"en-US","potentialAction":[{"@type":"ReadAction","target":["https:\/\/www.monlau.com\/fp\/en\/2026\/03\/17\/5-razones-para-estudiar-un-ciclo-formativo-de-grado-medio\/"]}]},{"@type":"ImageObject","inLanguage":"en-US","@id":"https:\/\/www.monlau.com\/fp\/en\/2026\/03\/17\/5-razones-para-estudiar-un-ciclo-formativo-de-grado-medio\/#primaryimage","url":"https:\/\/www.monlau.com\/app\/uploads\/sites\/3\/2026\/03\/SAGRERA-1010-min-scaled-1.jpg","contentUrl":"https:\/\/www.monlau.com\/app\/uploads\/sites\/3\/2026\/03\/SAGRERA-1010-min-scaled-1.jpg","width":2560,"height":1707},{"@type":"BreadcrumbList","@id":"https:\/\/www.monlau.com\/fp\/en\/2026\/03\/17\/5-razones-para-estudiar-un-ciclo-formativo-de-grado-medio\/#breadcrumb","itemListElement":[{"@type":"ListItem","position":1,"name":"Portada","item":"https:\/\/www.monlau.com\/fp\/en\/home\/"},{"@type":"ListItem","position":2,"name":"5 razones para estudiar un ciclo formativo de Grado Medio"}]},{"@type":"WebSite","@id":"https:\/\/www.monlau.com\/fp\/en\/#website","url":"https:\/\/www.monlau.com\/fp\/en\/","name":"Formaci\u00f3n profesional","description":"Monlau","publisher":{"@id":"https:\/\/www.monlau.com\/fp\/en\/#organization"},"potentialAction":[{"@type":"SearchAction","target":{"@type":"EntryPoint","urlTemplate":"https:\/\/www.monlau.com\/fp\/en\/?s={search_term_string}"},"query-input":{"@type":"PropertyValueSpecification","valueRequired":true,"valueName":"search_term_string"}}],"inLanguage":"en-US"},{"@type":"Organization","@id":"https:\/\/www.monlau.com\/fp\/en\/#organization","name":"Formaci\u00f3n profesional","url":"https:\/\/www.monlau.com\/fp\/en\/","logo":{"@type":"ImageObject","inLanguage":"en-US","@id":"https:\/\/www.monlau.com\/fp\/en\/#\/schema\/logo\/image\/","url":"https:\/\/www.monlau.com\/app\/uploads\/sites\/3\/2026\/01\/fp.png","contentUrl":"https:\/\/www.monlau.com\/app\/uploads\/sites\/3\/2026\/01\/fp.png","width":1024,"height":878,"caption":"Formaci\u00f3n profesional"},"image":{"@id":"https:\/\/www.monlau.com\/fp\/en\/#\/schema\/logo\/image\/"}},{"@type":"Person","@id":"https:\/\/www.monlau.com\/fp\/en\/#\/schema\/person\/419cfdf054323e24e0a2ef1d8597f051","name":"adsmurai","image":{"@type":"ImageObject","inLanguage":"en-US","@id":"https:\/\/secure.gravatar.com\/avatar\/0748788578f91786454454fa3b4c295644edb991ad6caadc70b41d26790d38fc?s=96&d=mm&r=g","url":"https:\/\/secure.gravatar.com\/avatar\/0748788578f91786454454fa3b4c295644edb991ad6caadc70b41d26790d38fc?s=96&d=mm&r=g","contentUrl":"https:\/\/secure.gravatar.com\/avatar\/0748788578f91786454454fa3b4c295644edb991ad6caadc70b41d26790d38fc?s=96&d=mm&r=g","caption":"adsmurai"},"sameAs":["https:\/\/www.monlau.com"],"url":"https:\/\/www.monlau.com\/fp\/en\/author\/adsmurai\/"}]}},"_links":{"self":[{"href":"https:\/\/www.monlau.com\/fp\/en\/wp-json\/wp\/v2\/posts\/9064","targetHints":{"allow":["GET"]}}],"collection":[{"href":"https:\/\/www.monlau.com\/fp\/en\/wp-json\/wp\/v2\/posts"}],"about":[{"href":"https:\/\/www.monlau.com\/fp\/en\/wp-json\/wp\/v2\/types\/post"}],"author":[{"embeddable":true,"href":"https:\/\/www.monlau.com\/fp\/en\/wp-json\/wp\/v2\/users\/1"}],"replies":[{"embeddable":true,"href":"https:\/\/www.monlau.com\/fp\/en\/wp-json\/wp\/v2\/comments?post=9064"}],"version-history":[{"count":0,"href":"https:\/\/www.monlau.com\/fp\/en\/wp-json\/wp\/v2\/posts\/9064\/revisions"}],"wp:featuredmedia":[{"embeddable":true,"href":"https:\/\/www.monlau.com\/fp\/en\/wp-json\/wp\/v2\/media\/9084"}],"wp:attachment":[{"href":"https:\/\/www.monlau.com\/fp\/en\/wp-json\/wp\/v2\/media?parent=9064"}],"wp:term":[{"taxonomy":"category","embeddable":true,"href":"https:\/\/www.monlau.com\/fp\/en\/wp-json\/wp\/v2\/categories?post=9064"},{"taxonomy":"post_tag","embeddable":true,"href":"https:\/\/www.monlau.com\/fp\/en\/wp-json\/wp\/v2\/tags?post=9064"}],"curies":[{"name":"wp","href":"https:\/\/api.w.org\/{rel}","templated":true}]}}