{"id":9063,"date":"2026-03-17T16:26:27","date_gmt":"2026-03-17T15:26:27","guid":{"rendered":"http:\/\/adsmurai"},"modified":"2026-03-17T16:26:27","modified_gmt":"2026-03-17T15:26:27","slug":"vehiculo-electrico-afrontando-sector","status":"publish","type":"post","link":"https:\/\/www.monlau.com\/fp\/en\/2026\/03\/17\/vehiculo-electrico-afrontando-sector\/","title":{"rendered":"El veh\u00edculo el\u00e9ctrico: C\u00f3mo se est\u00e1 afrontando dentro del sector"},"content":{"rendered":"<p>El debate se enciende en las aulas. Los futuros mec\u00e1nicos y empleados del sector de la automoci\u00f3n que estamos formando en <a href=\"https:\/\/www.monlau.com\/estudis-professionals\/area-automocion\/\">Monlau Centro de Estudios<\/a> no nos hemos quedado indiferentes y la verdad, es que tampoco nos agrada demasiado. \u00a0<\/p>\n<p>Pero <strong>no hay nada que temer<\/strong>. Hoy te presentamos dos poderosas razones.<\/p>\n<p><strong>El veh\u00edculo el\u00e9ctrico no ser\u00e1 el final de nada, sino el inicio de muchas cosas<\/strong> nuevas para los futuros profesionales. De hecho, ya estamos viviendo ese futuro: la tecnolog\u00eda el\u00e9ctrica est\u00e1 en las f\u00e1bricas. Todas las marcas est\u00e1n apostando, desde hace a\u00f1os, por modelos h\u00edbridos enchufables o el\u00e9ctricos, sobre todo por la renovaci\u00f3n del parque de veh\u00edculos Diesel. Para ello en Monlau ya estamos integrando esta tecnolog\u00eda en el aula e incluso realizamos un curso monogr\u00e1fico dedicado a los veh\u00edculos h\u00edbridos y el\u00e9ctricos.<\/p>\n<p>Por otro lado, tenemos que ver este cambio como una oportunidad de negocio que si la saben aprovechar les permitir\u00e1 <strong>acceder al mercado laboral en mejores condiciones<\/strong>. M\u00e1s preparados tecnol\u00f3gicamente y con capacidad para hacer frente a todo el parque automovil\u00edstico. \u00a0<\/p>\n<p>Delante de esta situaci\u00f3n os invitamos a una mesa redonda con 3 empresas referentes del sector y la administraci\u00f3n p\u00fablica, para conocer su punto de vista y como est\u00e1n afrontando el reto. Para ello, vamos a realizar <strong>una charla sobre movilidad el\u00e9ctrica el pr\u00f3ximo, 4 de abril a las 15horas en el Sal\u00f3n de Actos de Monlau La Maquinista<\/strong>.<\/p>\n<p>Contaremos con la presencia de Teresa Argeles, responsable de servicio de desarrollo local del Ayuntamiento de Santa Perpetua de Mogoda, Antonio Ag\u00fcera, responsable de posventa de veh\u00edculos industriales en <a href=\"http:\/\/www.viserveis.cat\/\">VISERVEIS<\/a>, Sergio Moreno, t\u00e9cnico de motos el\u00e9ctricas en DOOHAN y Miquel Colmenero, gerente de <a href=\"https:\/\/www.pluggo.es\/\">PLUGGO<\/a>, empresa de montaje de puntos de recarga para veh\u00edculos el\u00e9ctricos.<\/p>\n<h4>Sergio L\u00f3pez<\/h4>\n<p>Coordinador de Electricidad del \u00c1rea de Automoci\u00f3n<\/p>\n","protected":false},"excerpt":{"rendered":"<p>El debate se enciende en las aulas. Los futuros mec\u00e1nicos y empleados del sector de la automoci\u00f3n que estamos formando en Monlau Centro de Estudios no nos hemos quedado indiferentes y la verdad, es que tampoco nos agrada demasiado. \u00a0 Pero no hay nada que temer. Hoy te presentamos dos poderosas razones. El veh\u00edculo el\u00e9ctrico [&hellip;]<\/p>\n","protected":false},"author":1,"featured_media":9083,"comment_status":"closed","ping_status":"closed","sticky":false,"template":"","format":"standard","meta":{"footnotes":""},"categories":[36],"tags":[61,62],"class_list":["post-9063","post","type-post","status-publish","format-standard","has-post-thumbnail","hentry","category-automocion","tag-movilidad-electrica","tag-vehiculo-electrico"],"yoast_head":"<!-- This site is optimized with the Yoast SEO plugin v27.2 - https:\/\/yoast.com\/product\/yoast-seo-wordpress\/ -->\n<title>El veh\u00edculo el\u00e9ctrico: C\u00f3mo se est\u00e1 afrontando dentro del sector - Formaci\u00f3n profesional<\/title>\n<meta name=\"robots\" content=\"index, follow, max-snippet:-1, max-image-preview:large, max-video-preview:-1\" \/>\n<link rel=\"canonical\" href=\"https:\/\/www.monlau.com\/fp\/en\/2026\/03\/17\/vehiculo-electrico-afrontando-sector\/\" \/>\n<meta property=\"og:locale\" content=\"en_US\" \/>\n<meta property=\"og:type\" content=\"article\" \/>\n<meta property=\"og:title\" content=\"El veh\u00edculo el\u00e9ctrico: C\u00f3mo se est\u00e1 afrontando dentro del sector - Formaci\u00f3n profesional\" \/>\n<meta property=\"og:description\" content=\"El debate se enciende en las aulas. Los futuros mec\u00e1nicos y empleados del sector de la automoci\u00f3n que estamos formando en Monlau Centro de Estudios no nos hemos quedado indiferentes y la verdad, es que tampoco nos agrada demasiado. \u00a0 Pero no hay nada que temer. Hoy te presentamos dos poderosas razones. El veh\u00edculo el\u00e9ctrico [&hellip;]\" \/>\n<meta property=\"og:url\" content=\"https:\/\/www.monlau.com\/fp\/en\/2026\/03\/17\/vehiculo-electrico-afrontando-sector\/\" \/>\n<meta property=\"og:site_name\" content=\"Formaci\u00f3n profesional\" \/>\n<meta property=\"article:published_time\" content=\"2026-03-17T15:26:27+00:00\" \/>\n<meta name=\"author\" content=\"adsmurai\" \/>\n<meta name=\"twitter:card\" content=\"summary_large_image\" \/>\n<meta name=\"twitter:label1\" content=\"Written by\" \/>\n\t<meta name=\"twitter:data1\" content=\"adsmurai\" \/>\n\t<meta name=\"twitter:label2\" content=\"Est. reading time\" \/>\n\t<meta name=\"twitter:data2\" content=\"2 minutes\" \/>\n<script type=\"application\/ld+json\" class=\"yoast-schema-graph\">{\"@context\":\"https:\/\/schema.org\",\"@graph\":[{\"@type\":\"Article\",\"@id\":\"https:\/\/www.monlau.com\/fp\/en\/2026\/03\/17\/vehiculo-electrico-afrontando-sector\/#article\",\"isPartOf\":{\"@id\":\"https:\/\/www.monlau.com\/fp\/en\/2026\/03\/17\/vehiculo-electrico-afrontando-sector\/\"},\"author\":{\"name\":\"adsmurai\",\"@id\":\"https:\/\/www.monlau.com\/fp\/en\/#\/schema\/person\/419cfdf054323e24e0a2ef1d8597f051\"},\"headline\":\"El veh\u00edculo el\u00e9ctrico: C\u00f3mo se est\u00e1 afrontando dentro del sector\",\"datePublished\":\"2026-03-17T15:26:27+00:00\",\"mainEntityOfPage\":{\"@id\":\"https:\/\/www.monlau.com\/fp\/en\/2026\/03\/17\/vehiculo-electrico-afrontando-sector\/\"},\"wordCount\":344,\"publisher\":{\"@id\":\"https:\/\/www.monlau.com\/fp\/en\/#organization\"},\"image\":{\"@id\":\"https:\/\/www.monlau.com\/fp\/en\/2026\/03\/17\/vehiculo-electrico-afrontando-sector\/#primaryimage\"},\"thumbnailUrl\":\"https:\/\/www.monlau.com\/app\/uploads\/sites\/3\/2026\/03\/DSC09487-1.jpg\",\"keywords\":[\"movilidad el\u00e9ctrica\",\"veh\u00edculo el\u00e9ctrico\"],\"articleSection\":[\"Automoci\u00f3n\"],\"inLanguage\":\"en-US\"},{\"@type\":\"WebPage\",\"@id\":\"https:\/\/www.monlau.com\/fp\/en\/2026\/03\/17\/vehiculo-electrico-afrontando-sector\/\",\"url\":\"https:\/\/www.monlau.com\/fp\/en\/2026\/03\/17\/vehiculo-electrico-afrontando-sector\/\",\"name\":\"El veh\u00edculo el\u00e9ctrico: C\u00f3mo se est\u00e1 afrontando dentro del sector - Formaci\u00f3n profesional\",\"isPartOf\":{\"@id\":\"https:\/\/www.monlau.com\/fp\/en\/#website\"},\"primaryImageOfPage\":{\"@id\":\"https:\/\/www.monlau.com\/fp\/en\/2026\/03\/17\/vehiculo-electrico-afrontando-sector\/#primaryimage\"},\"image\":{\"@id\":\"https:\/\/www.monlau.com\/fp\/en\/2026\/03\/17\/vehiculo-electrico-afrontando-sector\/#primaryimage\"},\"thumbnailUrl\":\"https:\/\/www.monlau.com\/app\/uploads\/sites\/3\/2026\/03\/DSC09487-1.jpg\",\"datePublished\":\"2026-03-17T15:26:27+00:00\",\"breadcrumb\":{\"@id\":\"https:\/\/www.monlau.com\/fp\/en\/2026\/03\/17\/vehiculo-electrico-afrontando-sector\/#breadcrumb\"},\"inLanguage\":\"en-US\",\"potentialAction\":[{\"@type\":\"ReadAction\",\"target\":[\"https:\/\/www.monlau.com\/fp\/en\/2026\/03\/17\/vehiculo-electrico-afrontando-sector\/\"]}]},{\"@type\":\"ImageObject\",\"inLanguage\":\"en-US\",\"@id\":\"https:\/\/www.monlau.com\/fp\/en\/2026\/03\/17\/vehiculo-electrico-afrontando-sector\/#primaryimage\",\"url\":\"https:\/\/www.monlau.com\/app\/uploads\/sites\/3\/2026\/03\/DSC09487-1.jpg\",\"contentUrl\":\"https:\/\/www.monlau.com\/app\/uploads\/sites\/3\/2026\/03\/DSC09487-1.jpg\",\"width\":1000,\"height\":666},{\"@type\":\"BreadcrumbList\",\"@id\":\"https:\/\/www.monlau.com\/fp\/en\/2026\/03\/17\/vehiculo-electrico-afrontando-sector\/#breadcrumb\",\"itemListElement\":[{\"@type\":\"ListItem\",\"position\":1,\"name\":\"Portada\",\"item\":\"https:\/\/www.monlau.com\/fp\/en\/home\/\"},{\"@type\":\"ListItem\",\"position\":2,\"name\":\"El veh\u00edculo el\u00e9ctrico: C\u00f3mo se est\u00e1 afrontando dentro del sector\"}]},{\"@type\":\"WebSite\",\"@id\":\"https:\/\/www.monlau.com\/fp\/en\/#website\",\"url\":\"https:\/\/www.monlau.com\/fp\/en\/\",\"name\":\"Formaci\u00f3n profesional\",\"description\":\"Monlau\",\"publisher\":{\"@id\":\"https:\/\/www.monlau.com\/fp\/en\/#organization\"},\"potentialAction\":[{\"@type\":\"SearchAction\",\"target\":{\"@type\":\"EntryPoint\",\"urlTemplate\":\"https:\/\/www.monlau.com\/fp\/en\/?s={search_term_string}\"},\"query-input\":{\"@type\":\"PropertyValueSpecification\",\"valueRequired\":true,\"valueName\":\"search_term_string\"}}],\"inLanguage\":\"en-US\"},{\"@type\":\"Organization\",\"@id\":\"https:\/\/www.monlau.com\/fp\/en\/#organization\",\"name\":\"Formaci\u00f3n profesional\",\"url\":\"https:\/\/www.monlau.com\/fp\/en\/\",\"logo\":{\"@type\":\"ImageObject\",\"inLanguage\":\"en-US\",\"@id\":\"https:\/\/www.monlau.com\/fp\/en\/#\/schema\/logo\/image\/\",\"url\":\"https:\/\/www.monlau.com\/app\/uploads\/sites\/3\/2026\/01\/fp.png\",\"contentUrl\":\"https:\/\/www.monlau.com\/app\/uploads\/sites\/3\/2026\/01\/fp.png\",\"width\":1024,\"height\":878,\"caption\":\"Formaci\u00f3n profesional\"},\"image\":{\"@id\":\"https:\/\/www.monlau.com\/fp\/en\/#\/schema\/logo\/image\/\"}},{\"@type\":\"Person\",\"@id\":\"https:\/\/www.monlau.com\/fp\/en\/#\/schema\/person\/419cfdf054323e24e0a2ef1d8597f051\",\"name\":\"adsmurai\",\"image\":{\"@type\":\"ImageObject\",\"inLanguage\":\"en-US\",\"@id\":\"https:\/\/secure.gravatar.com\/avatar\/0748788578f91786454454fa3b4c295644edb991ad6caadc70b41d26790d38fc?s=96&d=mm&r=g\",\"url\":\"https:\/\/secure.gravatar.com\/avatar\/0748788578f91786454454fa3b4c295644edb991ad6caadc70b41d26790d38fc?s=96&d=mm&r=g\",\"contentUrl\":\"https:\/\/secure.gravatar.com\/avatar\/0748788578f91786454454fa3b4c295644edb991ad6caadc70b41d26790d38fc?s=96&d=mm&r=g\",\"caption\":\"adsmurai\"},\"sameAs\":[\"https:\/\/www.monlau.com\"],\"url\":\"https:\/\/www.monlau.com\/fp\/en\/author\/adsmurai\/\"}]}<\/script>\n<!-- \/ Yoast SEO plugin. -->","yoast_head_json":{"title":"El veh\u00edculo el\u00e9ctrico: C\u00f3mo se est\u00e1 afrontando dentro del sector - Formaci\u00f3n profesional","robots":{"index":"index","follow":"follow","max-snippet":"max-snippet:-1","max-image-preview":"max-image-preview:large","max-video-preview":"max-video-preview:-1"},"canonical":"https:\/\/www.monlau.com\/fp\/en\/2026\/03\/17\/vehiculo-electrico-afrontando-sector\/","og_locale":"en_US","og_type":"article","og_title":"El veh\u00edculo el\u00e9ctrico: C\u00f3mo se est\u00e1 afrontando dentro del sector - Formaci\u00f3n profesional","og_description":"El debate se enciende en las aulas. Los futuros mec\u00e1nicos y empleados del sector de la automoci\u00f3n que estamos formando en Monlau Centro de Estudios no nos hemos quedado indiferentes y la verdad, es que tampoco nos agrada demasiado. \u00a0 Pero no hay nada que temer. Hoy te presentamos dos poderosas razones. El veh\u00edculo el\u00e9ctrico [&hellip;]","og_url":"https:\/\/www.monlau.com\/fp\/en\/2026\/03\/17\/vehiculo-electrico-afrontando-sector\/","og_site_name":"Formaci\u00f3n profesional","article_published_time":"2026-03-17T15:26:27+00:00","author":"adsmurai","twitter_card":"summary_large_image","twitter_misc":{"Written by":"adsmurai","Est. reading time":"2 minutes"},"schema":{"@context":"https:\/\/schema.org","@graph":[{"@type":"Article","@id":"https:\/\/www.monlau.com\/fp\/en\/2026\/03\/17\/vehiculo-electrico-afrontando-sector\/#article","isPartOf":{"@id":"https:\/\/www.monlau.com\/fp\/en\/2026\/03\/17\/vehiculo-electrico-afrontando-sector\/"},"author":{"name":"adsmurai","@id":"https:\/\/www.monlau.com\/fp\/en\/#\/schema\/person\/419cfdf054323e24e0a2ef1d8597f051"},"headline":"El veh\u00edculo el\u00e9ctrico: C\u00f3mo se est\u00e1 afrontando dentro del sector","datePublished":"2026-03-17T15:26:27+00:00","mainEntityOfPage":{"@id":"https:\/\/www.monlau.com\/fp\/en\/2026\/03\/17\/vehiculo-electrico-afrontando-sector\/"},"wordCount":344,"publisher":{"@id":"https:\/\/www.monlau.com\/fp\/en\/#organization"},"image":{"@id":"https:\/\/www.monlau.com\/fp\/en\/2026\/03\/17\/vehiculo-electrico-afrontando-sector\/#primaryimage"},"thumbnailUrl":"https:\/\/www.monlau.com\/app\/uploads\/sites\/3\/2026\/03\/DSC09487-1.jpg","keywords":["movilidad el\u00e9ctrica","veh\u00edculo el\u00e9ctrico"],"articleSection":["Automoci\u00f3n"],"inLanguage":"en-US"},{"@type":"WebPage","@id":"https:\/\/www.monlau.com\/fp\/en\/2026\/03\/17\/vehiculo-electrico-afrontando-sector\/","url":"https:\/\/www.monlau.com\/fp\/en\/2026\/03\/17\/vehiculo-electrico-afrontando-sector\/","name":"El veh\u00edculo el\u00e9ctrico: C\u00f3mo se est\u00e1 afrontando dentro del sector - Formaci\u00f3n profesional","isPartOf":{"@id":"https:\/\/www.monlau.com\/fp\/en\/#website"},"primaryImageOfPage":{"@id":"https:\/\/www.monlau.com\/fp\/en\/2026\/03\/17\/vehiculo-electrico-afrontando-sector\/#primaryimage"},"image":{"@id":"https:\/\/www.monlau.com\/fp\/en\/2026\/03\/17\/vehiculo-electrico-afrontando-sector\/#primaryimage"},"thumbnailUrl":"https:\/\/www.monlau.com\/app\/uploads\/sites\/3\/2026\/03\/DSC09487-1.jpg","datePublished":"2026-03-17T15:26:27+00:00","breadcrumb":{"@id":"https:\/\/www.monlau.com\/fp\/en\/2026\/03\/17\/vehiculo-electrico-afrontando-sector\/#breadcrumb"},"inLanguage":"en-US","potentialAction":[{"@type":"ReadAction","target":["https:\/\/www.monlau.com\/fp\/en\/2026\/03\/17\/vehiculo-electrico-afrontando-sector\/"]}]},{"@type":"ImageObject","inLanguage":"en-US","@id":"https:\/\/www.monlau.com\/fp\/en\/2026\/03\/17\/vehiculo-electrico-afrontando-sector\/#primaryimage","url":"https:\/\/www.monlau.com\/app\/uploads\/sites\/3\/2026\/03\/DSC09487-1.jpg","contentUrl":"https:\/\/www.monlau.com\/app\/uploads\/sites\/3\/2026\/03\/DSC09487-1.jpg","width":1000,"height":666},{"@type":"BreadcrumbList","@id":"https:\/\/www.monlau.com\/fp\/en\/2026\/03\/17\/vehiculo-electrico-afrontando-sector\/#breadcrumb","itemListElement":[{"@type":"ListItem","position":1,"name":"Portada","item":"https:\/\/www.monlau.com\/fp\/en\/home\/"},{"@type":"ListItem","position":2,"name":"El veh\u00edculo el\u00e9ctrico: C\u00f3mo se est\u00e1 afrontando dentro del sector"}]},{"@type":"WebSite","@id":"https:\/\/www.monlau.com\/fp\/en\/#website","url":"https:\/\/www.monlau.com\/fp\/en\/","name":"Formaci\u00f3n profesional","description":"Monlau","publisher":{"@id":"https:\/\/www.monlau.com\/fp\/en\/#organization"},"potentialAction":[{"@type":"SearchAction","target":{"@type":"EntryPoint","urlTemplate":"https:\/\/www.monlau.com\/fp\/en\/?s={search_term_string}"},"query-input":{"@type":"PropertyValueSpecification","valueRequired":true,"valueName":"search_term_string"}}],"inLanguage":"en-US"},{"@type":"Organization","@id":"https:\/\/www.monlau.com\/fp\/en\/#organization","name":"Formaci\u00f3n profesional","url":"https:\/\/www.monlau.com\/fp\/en\/","logo":{"@type":"ImageObject","inLanguage":"en-US","@id":"https:\/\/www.monlau.com\/fp\/en\/#\/schema\/logo\/image\/","url":"https:\/\/www.monlau.com\/app\/uploads\/sites\/3\/2026\/01\/fp.png","contentUrl":"https:\/\/www.monlau.com\/app\/uploads\/sites\/3\/2026\/01\/fp.png","width":1024,"height":878,"caption":"Formaci\u00f3n profesional"},"image":{"@id":"https:\/\/www.monlau.com\/fp\/en\/#\/schema\/logo\/image\/"}},{"@type":"Person","@id":"https:\/\/www.monlau.com\/fp\/en\/#\/schema\/person\/419cfdf054323e24e0a2ef1d8597f051","name":"adsmurai","image":{"@type":"ImageObject","inLanguage":"en-US","@id":"https:\/\/secure.gravatar.com\/avatar\/0748788578f91786454454fa3b4c295644edb991ad6caadc70b41d26790d38fc?s=96&d=mm&r=g","url":"https:\/\/secure.gravatar.com\/avatar\/0748788578f91786454454fa3b4c295644edb991ad6caadc70b41d26790d38fc?s=96&d=mm&r=g","contentUrl":"https:\/\/secure.gravatar.com\/avatar\/0748788578f91786454454fa3b4c295644edb991ad6caadc70b41d26790d38fc?s=96&d=mm&r=g","caption":"adsmurai"},"sameAs":["https:\/\/www.monlau.com"],"url":"https:\/\/www.monlau.com\/fp\/en\/author\/adsmurai\/"}]}},"_links":{"self":[{"href":"https:\/\/www.monlau.com\/fp\/en\/wp-json\/wp\/v2\/posts\/9063","targetHints":{"allow":["GET"]}}],"collection":[{"href":"https:\/\/www.monlau.com\/fp\/en\/wp-json\/wp\/v2\/posts"}],"about":[{"href":"https:\/\/www.monlau.com\/fp\/en\/wp-json\/wp\/v2\/types\/post"}],"author":[{"embeddable":true,"href":"https:\/\/www.monlau.com\/fp\/en\/wp-json\/wp\/v2\/users\/1"}],"replies":[{"embeddable":true,"href":"https:\/\/www.monlau.com\/fp\/en\/wp-json\/wp\/v2\/comments?post=9063"}],"version-history":[{"count":0,"href":"https:\/\/www.monlau.com\/fp\/en\/wp-json\/wp\/v2\/posts\/9063\/revisions"}],"wp:featuredmedia":[{"embeddable":true,"href":"https:\/\/www.monlau.com\/fp\/en\/wp-json\/wp\/v2\/media\/9083"}],"wp:attachment":[{"href":"https:\/\/www.monlau.com\/fp\/en\/wp-json\/wp\/v2\/media?parent=9063"}],"wp:term":[{"taxonomy":"category","embeddable":true,"href":"https:\/\/www.monlau.com\/fp\/en\/wp-json\/wp\/v2\/categories?post=9063"},{"taxonomy":"post_tag","embeddable":true,"href":"https:\/\/www.monlau.com\/fp\/en\/wp-json\/wp\/v2\/tags?post=9063"}],"curies":[{"name":"wp","href":"https:\/\/api.w.org\/{rel}","templated":true}]}}