{"id":6313,"date":"2024-06-03T00:00:00","date_gmt":"2024-06-02T22:00:00","guid":{"rendered":"https:\/\/www.monlau.com\/formacion-profesional\/jornada-de-la-automocion-2024-un-exito\/"},"modified":"2026-03-10T10:03:28","modified_gmt":"2026-03-10T09:03:28","slug":"jornada-de-la-automocion-2024-un-exito","status":"publish","type":"post","link":"https:\/\/www.monlau.com\/fp\/ca\/2024\/06\/03\/jornada-de-la-automocion-2024-un-exito\/","title":{"rendered":"Jornada d&#8217;automoci\u00f3 2024"},"content":{"rendered":"<p><strong>Explorant la Jornada d&#8217;Automoci\u00f3\u00a0Monlau: Impulsant el Futur del Sector i el Talent Estudiantil&#8230;<\/strong><\/p>\n<p><span>La Jornada d&#8217;Automoci\u00f3\u00a0<\/span><span>Monlau<\/span><span>\u00a0\u00e9s un esdeveniment de vital import\u00e0ncia per a estudiants, empreses i la ind\u00fastria autom\u00f2bil en general.<\/span><\/p>\n<p><span>Aquest esdeveniment, anualment esperat, \u00e9s molt m\u00e9s que una simple presentaci\u00f3 de projectes; \u00e9s una plataforma que impulsa el desenvolupament professional dels estudiants i enforteix els lla\u00e7os entre l&#8217;educaci\u00f3 i el m\u00f3n laboral.<\/span><\/p>\n<p><strong>La jornada destaca per la presentaci\u00f3 de m\u00e9s de 170 projectes pr\u00e0ctics dels alumnes de 2n curs de Grau Mitj\u00e0 i 2n curs de Grau Superior.\u00a0<\/strong><\/p>\n<p><span>Aquesta exhibici\u00f3 no sols mostra el talent i la dedicaci\u00f3 dels estudiants, sin\u00f3 que tamb\u00e9 proporciona a les empreses una visi\u00f3 de les habilitats i coneixements adquirits pels futurs professionals.<\/span><\/p>\n<h2>El millor de la jornada d&#8217;automoci\u00f3 2024&#8230;<\/h2>\n<p><span>Un dels aspectes m\u00e9s destacats de l&#8217;esdeveniment s\u00f3n els <strong>6 projectes de\u00a0<\/strong><\/span><strong>Monlau\u00a0Tech<\/strong><span>, vehicles el\u00e8ctrics lleugers constru\u00efts \u00edntegrament pels alumnes de Grau Superior. Les proves din\u00e0miques realitzades ofereixen una visi\u00f3 realista del potencial i la innovaci\u00f3 que els estudiants poden aportar al sector del motor.<\/span><\/p>\n<p><span>Amb la pres\u00e8ncia de m\u00e9s de<strong> 17 empreses expositores i m\u00e9s de 40 empreses visitants<\/strong>, la jornada es converteix en un punt de trobada fonamental per a buscar talent i establir connexions. Les empreses participants coneixen\u00a0de primera m\u00e0 els projectes estudiantils i participar en activitats relacionades amb el m\u00f3n laboral i la cerca de treball.<\/span><\/p>\n<p><span>La col\u00b7laboraci\u00f3 amb les empreses expositores \u00e9s clau per a realitzar amb \u00e8xit la Jornada d&#8217;Automoci\u00f3\u00a0<\/span><span>Monlau<\/span><span>. El comprom\u00eds i la implicaci\u00f3 del professorat, equipo directiu i equips de gesti\u00f3 tamb\u00e9 s\u00f3n pilars fonamentals en l&#8217;organitzaci\u00f3 de l&#8217;esdeveniment.<\/span><\/p>\n<p><span>L&#8217;esdeveniment s&#8217;organitza per a veure els projectes pr\u00e0ctics de l&#8217;alumnat, realitzar accions d&#8217;orientaci\u00f3 professional i promoure l&#8217;ocupabilitat. La connexi\u00f3 entre l&#8217;alumnat i el m\u00f3n laboral \u00e9s una prioritat, i la jornada ofereix una plataforma ideal per a establir aquest vincle.<\/span><\/p>\n<p><span>Els visitants poden esperar una experi\u00e8ncia enriquidora i diversa. L&#8217;alumnat de\u00a0<\/span><span>1o<\/span><span>\u00a0curs t\u00e9 la seva primera presa de contacte amb el m\u00f3n laboral i pot inspirar-se veient els projectes dels alumnes de\u00a0<\/span><span>2o<\/span><span>\u00a0curs, poden veure els seus projectes finals i presentar la seva candidatura a empreses a la recerca d&#8217;ofertes laborals.<\/span><\/p>\n<p><span>La connexi\u00f3 entre l&#8217;alumnat i el m\u00f3n laboral \u00e9s una prioritat, i la jornada ofereix una plataforma ideal per a establir aquest vincle.<\/span><\/p>\n<p><strong>Les empreses poden contactar amb l&#8217;alumnat per a captar talent per a treballar i pr\u00e0ctiques formatives.<\/strong><\/p>\n<h2>Una experi\u00e8ncia \u00fanica a la vida&#8230;<\/h2>\n<p><strong>Els principals objectius de l&#8217;esdeveniment s\u00f3n promoure l&#8217;ocupabilitat, contribuir a prestigiar l&#8217;FP i millorar la competitivitat. A m\u00e9s, es busca enfortir la col\u00b7laboraci\u00f3 entre les empreses i\u00a0Monlau, fonamental per a formar als futurs professionals del sector.<\/strong><\/p>\n<p><span>Durant la jornada realitzem activitats per a promoure l&#8217;ocupabilitat, com a taules rodones amb experts del sector de l&#8217;automoci\u00f3, activitats de revisi\u00f3 de CV, elaboraci\u00f3 del test\u00a0<\/span><span>DISC<\/span><span>\u00a0per a comprendre el perfil professional dels alumnes i espais reservats per a entrevistar r\u00e0pidament candidats.<\/span><\/p>\n<p><span>Els projectes presentats s\u00f3n avaluats in situ per tribunals acad\u00e8mics formats per professorat, utilitzant r\u00fabriques establertes. Cada projecte \u00e9s accessible mitjan\u00e7ant un codi\u00a0<\/span><span>QR<\/span><span>\u00a0situat en el vehicle, enlla\u00e7ant a una carpeta en l\u00ednia amb documentaci\u00f3 que inclou una foto del projecte finalitzat, un v\u00eddeo de presentaci\u00f3, la mem\u00f2ria del projecte i el CV\/contacto de l&#8217;estudiant.<\/span><\/p>\n<p><span>Esperem que l&#8217;impacte de la jornada contribueixi a la millora de l&#8217;ocupabilitat i la competitivitat del sector automobil\u00edstic. Aix\u00ed mateix, s&#8217;espera una millor orientaci\u00f3 acad\u00e8mica per a la continu\u00eftat formativa i professional, aix\u00ed com una major col\u00b7laboraci\u00f3 entre empreses i\u00a0<\/span><span>Monlau<\/span><span>.<\/span><\/p>\n<p><span>La Jornada d&#8217;Automoci\u00f3\u00a0<\/span><span>Monlau<\/span><span>\u00a0\u00e9s una iniciativa de gran inter\u00e8s per a tots els agents implicats. Amb m\u00e9s de<strong> 800 visitants i 330 contactes generats entre empreses i alumnes, l&#8217;esdeveniment ha demostrat ser un \u00e8xit rotund.\u00a0<\/strong><\/span><\/p>\n<p><span>L&#8217;esdeveniment no sols promou l&#8217;ocupabilitat i la formaci\u00f3 de qualitat, sin\u00f3 que tamb\u00e9 enforteix els lla\u00e7os entre l&#8217;educaci\u00f3 i el m\u00f3n laboral, establint les bases per a un futur pr\u00f2sper i col\u00b7laboratiu en la ind\u00fastria del motor.<\/span><\/p>\n<p><span>\u00a0<\/span><\/p>\n<p><strong>Fotos jornada de l&#8217;automoci\u00f3 2024: https:\/\/flic.kr\/s\/ahbqjbvgzs<\/strong><\/p>\n","protected":false},"excerpt":{"rendered":"<p>Explorant la Jornada d&#8217;Automoci\u00f3\u00a0Monlau: Impulsant el Futur del Sector i el Talent Estudiantil&#8230; La Jornada d&#8217;Automoci\u00f3\u00a0Monlau\u00a0\u00e9s un esdeveniment de vital import\u00e0ncia per a estudiants, empreses i la ind\u00fastria autom\u00f2bil en general. Aquest esdeveniment, anualment esperat, \u00e9s molt m\u00e9s que una simple presentaci\u00f3 de projectes; \u00e9s una plataforma que impulsa el desenvolupament professional dels estudiants i [&hellip;]<\/p>\n","protected":false},"author":1,"featured_media":4990,"comment_status":"closed","ping_status":"closed","sticky":false,"template":"","format":"standard","meta":{"footnotes":""},"categories":[252,256,255,258,257],"tags":[371,359,294,391,428,313],"class_list":["post-6313","post","type-post","status-publish","format-standard","has-post-thumbnail","hentry","category-automocio","category-empresa-i-marqueting","category-informatica","category-monlau","category-postgrau","tag-barcelona","tag-carrosseria","tag-empresas","tag-estudios-profesionales","tag-lever-touch","tag-postgrado"],"yoast_head":"<!-- This site is optimized with the Yoast SEO plugin v27.2 - https:\/\/yoast.com\/product\/yoast-seo-wordpress\/ -->\n<title>Jornada d&#039;automoci\u00f3 2024 - Formaci\u00f3n profesional<\/title>\n<meta name=\"robots\" content=\"index, follow, max-snippet:-1, max-image-preview:large, max-video-preview:-1\" \/>\n<link rel=\"canonical\" href=\"https:\/\/www.monlau.com\/fp\/ca\/2024\/06\/03\/jornada-de-la-automocion-2024-un-exito\/\" \/>\n<meta property=\"og:locale\" content=\"ca_ES\" \/>\n<meta property=\"og:type\" content=\"article\" \/>\n<meta property=\"og:title\" content=\"Jornada d&#039;automoci\u00f3 2024 - Formaci\u00f3n profesional\" \/>\n<meta property=\"og:description\" content=\"Explorant la Jornada d&#8217;Automoci\u00f3\u00a0Monlau: Impulsant el Futur del Sector i el Talent Estudiantil&#8230; La Jornada d&#8217;Automoci\u00f3\u00a0Monlau\u00a0\u00e9s un esdeveniment de vital import\u00e0ncia per a estudiants, empreses i la ind\u00fastria autom\u00f2bil en general. Aquest esdeveniment, anualment esperat, \u00e9s molt m\u00e9s que una simple presentaci\u00f3 de projectes; \u00e9s una plataforma que impulsa el desenvolupament professional dels estudiants i [&hellip;]\" \/>\n<meta property=\"og:url\" content=\"https:\/\/www.monlau.com\/fp\/ca\/2024\/06\/03\/jornada-de-la-automocion-2024-un-exito\/\" \/>\n<meta property=\"og:site_name\" content=\"Formaci\u00f3n profesional\" \/>\n<meta property=\"article:published_time\" content=\"2024-06-02T22:00:00+00:00\" \/>\n<meta property=\"article:modified_time\" content=\"2026-03-10T09:03:28+00:00\" \/>\n<meta property=\"og:image\" content=\"https:\/\/www.monlau.com\/app\/uploads\/sites\/3\/2026\/03\/Alumno-Monlau-1.jpg\" \/>\n\t<meta property=\"og:image:width\" content=\"1773\" \/>\n\t<meta property=\"og:image:height\" content=\"1182\" \/>\n\t<meta property=\"og:image:type\" content=\"image\/jpeg\" \/>\n<meta name=\"author\" content=\"adsmurai\" \/>\n<meta name=\"twitter:card\" content=\"summary_large_image\" \/>\n<meta name=\"twitter:label1\" content=\"Escrit per\" \/>\n\t<meta name=\"twitter:data1\" content=\"adsmurai\" \/>\n\t<meta name=\"twitter:label2\" content=\"Temps estimat de lectura\" \/>\n\t<meta name=\"twitter:data2\" content=\"4 minuts\" \/>\n<script type=\"application\/ld+json\" class=\"yoast-schema-graph\">{\"@context\":\"https:\/\/schema.org\",\"@graph\":[{\"@type\":\"Article\",\"@id\":\"https:\/\/www.monlau.com\/fp\/ca\/2024\/06\/03\/jornada-de-la-automocion-2024-un-exito\/#article\",\"isPartOf\":{\"@id\":\"https:\/\/www.monlau.com\/fp\/ca\/2024\/06\/03\/jornada-de-la-automocion-2024-un-exito\/\"},\"author\":{\"name\":\"adsmurai\",\"@id\":\"https:\/\/www.monlau.com\/fp\/ca\/#\/schema\/person\/419cfdf054323e24e0a2ef1d8597f051\"},\"headline\":\"Jornada d&#8217;automoci\u00f3 2024\",\"datePublished\":\"2024-06-02T22:00:00+00:00\",\"dateModified\":\"2026-03-10T09:03:28+00:00\",\"mainEntityOfPage\":{\"@id\":\"https:\/\/www.monlau.com\/fp\/ca\/2024\/06\/03\/jornada-de-la-automocion-2024-un-exito\/\"},\"wordCount\":748,\"publisher\":{\"@id\":\"https:\/\/www.monlau.com\/fp\/ca\/#organization\"},\"image\":{\"@id\":\"https:\/\/www.monlau.com\/fp\/ca\/2024\/06\/03\/jornada-de-la-automocion-2024-un-exito\/#primaryimage\"},\"thumbnailUrl\":\"https:\/\/www.monlau.com\/app\/uploads\/sites\/3\/2026\/03\/Alumno-Monlau-1.jpg\",\"keywords\":[\"barcelona\",\"carrosseria\",\"empresas\",\"estudios profesionales\",\"lever touch\",\"Postgrado\"],\"articleSection\":[\"Automoci\u00f3\",\"Empresa i M\u00e0rqueting\",\"Inform\u00e0tica\",\"Monlau\",\"Postgrau\"],\"inLanguage\":\"ca\"},{\"@type\":\"WebPage\",\"@id\":\"https:\/\/www.monlau.com\/fp\/ca\/2024\/06\/03\/jornada-de-la-automocion-2024-un-exito\/\",\"url\":\"https:\/\/www.monlau.com\/fp\/ca\/2024\/06\/03\/jornada-de-la-automocion-2024-un-exito\/\",\"name\":\"Jornada d'automoci\u00f3 2024 - Formaci\u00f3n profesional\",\"isPartOf\":{\"@id\":\"https:\/\/www.monlau.com\/fp\/ca\/#website\"},\"primaryImageOfPage\":{\"@id\":\"https:\/\/www.monlau.com\/fp\/ca\/2024\/06\/03\/jornada-de-la-automocion-2024-un-exito\/#primaryimage\"},\"image\":{\"@id\":\"https:\/\/www.monlau.com\/fp\/ca\/2024\/06\/03\/jornada-de-la-automocion-2024-un-exito\/#primaryimage\"},\"thumbnailUrl\":\"https:\/\/www.monlau.com\/app\/uploads\/sites\/3\/2026\/03\/Alumno-Monlau-1.jpg\",\"datePublished\":\"2024-06-02T22:00:00+00:00\",\"dateModified\":\"2026-03-10T09:03:28+00:00\",\"breadcrumb\":{\"@id\":\"https:\/\/www.monlau.com\/fp\/ca\/2024\/06\/03\/jornada-de-la-automocion-2024-un-exito\/#breadcrumb\"},\"inLanguage\":\"ca\",\"potentialAction\":[{\"@type\":\"ReadAction\",\"target\":[\"https:\/\/www.monlau.com\/fp\/ca\/2024\/06\/03\/jornada-de-la-automocion-2024-un-exito\/\"]}]},{\"@type\":\"ImageObject\",\"inLanguage\":\"ca\",\"@id\":\"https:\/\/www.monlau.com\/fp\/ca\/2024\/06\/03\/jornada-de-la-automocion-2024-un-exito\/#primaryimage\",\"url\":\"https:\/\/www.monlau.com\/app\/uploads\/sites\/3\/2026\/03\/Alumno-Monlau-1.jpg\",\"contentUrl\":\"https:\/\/www.monlau.com\/app\/uploads\/sites\/3\/2026\/03\/Alumno-Monlau-1.jpg\",\"width\":1773,\"height\":1182},{\"@type\":\"BreadcrumbList\",\"@id\":\"https:\/\/www.monlau.com\/fp\/ca\/2024\/06\/03\/jornada-de-la-automocion-2024-un-exito\/#breadcrumb\",\"itemListElement\":[{\"@type\":\"ListItem\",\"position\":1,\"name\":\"Portada\",\"item\":\"https:\/\/www.monlau.com\/fp\/ca\/inici\/\"},{\"@type\":\"ListItem\",\"position\":2,\"name\":\"Jornada d&#8217;automoci\u00f3 2024\"}]},{\"@type\":\"WebSite\",\"@id\":\"https:\/\/www.monlau.com\/fp\/ca\/#website\",\"url\":\"https:\/\/www.monlau.com\/fp\/ca\/\",\"name\":\"Formaci\u00f3n profesional\",\"description\":\"Monlau\",\"publisher\":{\"@id\":\"https:\/\/www.monlau.com\/fp\/ca\/#organization\"},\"potentialAction\":[{\"@type\":\"SearchAction\",\"target\":{\"@type\":\"EntryPoint\",\"urlTemplate\":\"https:\/\/www.monlau.com\/fp\/ca\/?s={search_term_string}\"},\"query-input\":{\"@type\":\"PropertyValueSpecification\",\"valueRequired\":true,\"valueName\":\"search_term_string\"}}],\"inLanguage\":\"ca\"},{\"@type\":\"Organization\",\"@id\":\"https:\/\/www.monlau.com\/fp\/ca\/#organization\",\"name\":\"Formaci\u00f3n profesional\",\"url\":\"https:\/\/www.monlau.com\/fp\/ca\/\",\"logo\":{\"@type\":\"ImageObject\",\"inLanguage\":\"ca\",\"@id\":\"https:\/\/www.monlau.com\/fp\/ca\/#\/schema\/logo\/image\/\",\"url\":\"https:\/\/www.monlau.com\/app\/uploads\/sites\/3\/2026\/01\/fp.png\",\"contentUrl\":\"https:\/\/www.monlau.com\/app\/uploads\/sites\/3\/2026\/01\/fp.png\",\"width\":1024,\"height\":878,\"caption\":\"Formaci\u00f3n profesional\"},\"image\":{\"@id\":\"https:\/\/www.monlau.com\/fp\/ca\/#\/schema\/logo\/image\/\"}},{\"@type\":\"Person\",\"@id\":\"https:\/\/www.monlau.com\/fp\/ca\/#\/schema\/person\/419cfdf054323e24e0a2ef1d8597f051\",\"name\":\"adsmurai\",\"image\":{\"@type\":\"ImageObject\",\"inLanguage\":\"ca\",\"@id\":\"https:\/\/secure.gravatar.com\/avatar\/0748788578f91786454454fa3b4c295644edb991ad6caadc70b41d26790d38fc?s=96&d=mm&r=g\",\"url\":\"https:\/\/secure.gravatar.com\/avatar\/0748788578f91786454454fa3b4c295644edb991ad6caadc70b41d26790d38fc?s=96&d=mm&r=g\",\"contentUrl\":\"https:\/\/secure.gravatar.com\/avatar\/0748788578f91786454454fa3b4c295644edb991ad6caadc70b41d26790d38fc?s=96&d=mm&r=g\",\"caption\":\"adsmurai\"},\"sameAs\":[\"https:\/\/www.monlau.com\"],\"url\":\"https:\/\/www.monlau.com\/fp\/ca\/author\/adsmurai\/\"}]}<\/script>\n<!-- \/ Yoast SEO plugin. -->","yoast_head_json":{"title":"Jornada d'automoci\u00f3 2024 - Formaci\u00f3n profesional","robots":{"index":"index","follow":"follow","max-snippet":"max-snippet:-1","max-image-preview":"max-image-preview:large","max-video-preview":"max-video-preview:-1"},"canonical":"https:\/\/www.monlau.com\/fp\/ca\/2024\/06\/03\/jornada-de-la-automocion-2024-un-exito\/","og_locale":"ca_ES","og_type":"article","og_title":"Jornada d'automoci\u00f3 2024 - Formaci\u00f3n profesional","og_description":"Explorant la Jornada d&#8217;Automoci\u00f3\u00a0Monlau: Impulsant el Futur del Sector i el Talent Estudiantil&#8230; La Jornada d&#8217;Automoci\u00f3\u00a0Monlau\u00a0\u00e9s un esdeveniment de vital import\u00e0ncia per a estudiants, empreses i la ind\u00fastria autom\u00f2bil en general. Aquest esdeveniment, anualment esperat, \u00e9s molt m\u00e9s que una simple presentaci\u00f3 de projectes; \u00e9s una plataforma que impulsa el desenvolupament professional dels estudiants i [&hellip;]","og_url":"https:\/\/www.monlau.com\/fp\/ca\/2024\/06\/03\/jornada-de-la-automocion-2024-un-exito\/","og_site_name":"Formaci\u00f3n profesional","article_published_time":"2024-06-02T22:00:00+00:00","article_modified_time":"2026-03-10T09:03:28+00:00","og_image":[{"width":1773,"height":1182,"url":"https:\/\/www.monlau.com\/app\/uploads\/sites\/3\/2026\/03\/Alumno-Monlau-1.jpg","type":"image\/jpeg"}],"author":"adsmurai","twitter_card":"summary_large_image","twitter_misc":{"Escrit per":"adsmurai","Temps estimat de lectura":"4 minuts"},"schema":{"@context":"https:\/\/schema.org","@graph":[{"@type":"Article","@id":"https:\/\/www.monlau.com\/fp\/ca\/2024\/06\/03\/jornada-de-la-automocion-2024-un-exito\/#article","isPartOf":{"@id":"https:\/\/www.monlau.com\/fp\/ca\/2024\/06\/03\/jornada-de-la-automocion-2024-un-exito\/"},"author":{"name":"adsmurai","@id":"https:\/\/www.monlau.com\/fp\/ca\/#\/schema\/person\/419cfdf054323e24e0a2ef1d8597f051"},"headline":"Jornada d&#8217;automoci\u00f3 2024","datePublished":"2024-06-02T22:00:00+00:00","dateModified":"2026-03-10T09:03:28+00:00","mainEntityOfPage":{"@id":"https:\/\/www.monlau.com\/fp\/ca\/2024\/06\/03\/jornada-de-la-automocion-2024-un-exito\/"},"wordCount":748,"publisher":{"@id":"https:\/\/www.monlau.com\/fp\/ca\/#organization"},"image":{"@id":"https:\/\/www.monlau.com\/fp\/ca\/2024\/06\/03\/jornada-de-la-automocion-2024-un-exito\/#primaryimage"},"thumbnailUrl":"https:\/\/www.monlau.com\/app\/uploads\/sites\/3\/2026\/03\/Alumno-Monlau-1.jpg","keywords":["barcelona","carrosseria","empresas","estudios profesionales","lever touch","Postgrado"],"articleSection":["Automoci\u00f3","Empresa i M\u00e0rqueting","Inform\u00e0tica","Monlau","Postgrau"],"inLanguage":"ca"},{"@type":"WebPage","@id":"https:\/\/www.monlau.com\/fp\/ca\/2024\/06\/03\/jornada-de-la-automocion-2024-un-exito\/","url":"https:\/\/www.monlau.com\/fp\/ca\/2024\/06\/03\/jornada-de-la-automocion-2024-un-exito\/","name":"Jornada d'automoci\u00f3 2024 - Formaci\u00f3n profesional","isPartOf":{"@id":"https:\/\/www.monlau.com\/fp\/ca\/#website"},"primaryImageOfPage":{"@id":"https:\/\/www.monlau.com\/fp\/ca\/2024\/06\/03\/jornada-de-la-automocion-2024-un-exito\/#primaryimage"},"image":{"@id":"https:\/\/www.monlau.com\/fp\/ca\/2024\/06\/03\/jornada-de-la-automocion-2024-un-exito\/#primaryimage"},"thumbnailUrl":"https:\/\/www.monlau.com\/app\/uploads\/sites\/3\/2026\/03\/Alumno-Monlau-1.jpg","datePublished":"2024-06-02T22:00:00+00:00","dateModified":"2026-03-10T09:03:28+00:00","breadcrumb":{"@id":"https:\/\/www.monlau.com\/fp\/ca\/2024\/06\/03\/jornada-de-la-automocion-2024-un-exito\/#breadcrumb"},"inLanguage":"ca","potentialAction":[{"@type":"ReadAction","target":["https:\/\/www.monlau.com\/fp\/ca\/2024\/06\/03\/jornada-de-la-automocion-2024-un-exito\/"]}]},{"@type":"ImageObject","inLanguage":"ca","@id":"https:\/\/www.monlau.com\/fp\/ca\/2024\/06\/03\/jornada-de-la-automocion-2024-un-exito\/#primaryimage","url":"https:\/\/www.monlau.com\/app\/uploads\/sites\/3\/2026\/03\/Alumno-Monlau-1.jpg","contentUrl":"https:\/\/www.monlau.com\/app\/uploads\/sites\/3\/2026\/03\/Alumno-Monlau-1.jpg","width":1773,"height":1182},{"@type":"BreadcrumbList","@id":"https:\/\/www.monlau.com\/fp\/ca\/2024\/06\/03\/jornada-de-la-automocion-2024-un-exito\/#breadcrumb","itemListElement":[{"@type":"ListItem","position":1,"name":"Portada","item":"https:\/\/www.monlau.com\/fp\/ca\/inici\/"},{"@type":"ListItem","position":2,"name":"Jornada d&#8217;automoci\u00f3 2024"}]},{"@type":"WebSite","@id":"https:\/\/www.monlau.com\/fp\/ca\/#website","url":"https:\/\/www.monlau.com\/fp\/ca\/","name":"Formaci\u00f3n profesional","description":"Monlau","publisher":{"@id":"https:\/\/www.monlau.com\/fp\/ca\/#organization"},"potentialAction":[{"@type":"SearchAction","target":{"@type":"EntryPoint","urlTemplate":"https:\/\/www.monlau.com\/fp\/ca\/?s={search_term_string}"},"query-input":{"@type":"PropertyValueSpecification","valueRequired":true,"valueName":"search_term_string"}}],"inLanguage":"ca"},{"@type":"Organization","@id":"https:\/\/www.monlau.com\/fp\/ca\/#organization","name":"Formaci\u00f3n profesional","url":"https:\/\/www.monlau.com\/fp\/ca\/","logo":{"@type":"ImageObject","inLanguage":"ca","@id":"https:\/\/www.monlau.com\/fp\/ca\/#\/schema\/logo\/image\/","url":"https:\/\/www.monlau.com\/app\/uploads\/sites\/3\/2026\/01\/fp.png","contentUrl":"https:\/\/www.monlau.com\/app\/uploads\/sites\/3\/2026\/01\/fp.png","width":1024,"height":878,"caption":"Formaci\u00f3n profesional"},"image":{"@id":"https:\/\/www.monlau.com\/fp\/ca\/#\/schema\/logo\/image\/"}},{"@type":"Person","@id":"https:\/\/www.monlau.com\/fp\/ca\/#\/schema\/person\/419cfdf054323e24e0a2ef1d8597f051","name":"adsmurai","image":{"@type":"ImageObject","inLanguage":"ca","@id":"https:\/\/secure.gravatar.com\/avatar\/0748788578f91786454454fa3b4c295644edb991ad6caadc70b41d26790d38fc?s=96&d=mm&r=g","url":"https:\/\/secure.gravatar.com\/avatar\/0748788578f91786454454fa3b4c295644edb991ad6caadc70b41d26790d38fc?s=96&d=mm&r=g","contentUrl":"https:\/\/secure.gravatar.com\/avatar\/0748788578f91786454454fa3b4c295644edb991ad6caadc70b41d26790d38fc?s=96&d=mm&r=g","caption":"adsmurai"},"sameAs":["https:\/\/www.monlau.com"],"url":"https:\/\/www.monlau.com\/fp\/ca\/author\/adsmurai\/"}]}},"_links":{"self":[{"href":"https:\/\/www.monlau.com\/fp\/ca\/wp-json\/wp\/v2\/posts\/6313","targetHints":{"allow":["GET"]}}],"collection":[{"href":"https:\/\/www.monlau.com\/fp\/ca\/wp-json\/wp\/v2\/posts"}],"about":[{"href":"https:\/\/www.monlau.com\/fp\/ca\/wp-json\/wp\/v2\/types\/post"}],"author":[{"embeddable":true,"href":"https:\/\/www.monlau.com\/fp\/ca\/wp-json\/wp\/v2\/users\/1"}],"replies":[{"embeddable":true,"href":"https:\/\/www.monlau.com\/fp\/ca\/wp-json\/wp\/v2\/comments?post=6313"}],"version-history":[{"count":1,"href":"https:\/\/www.monlau.com\/fp\/ca\/wp-json\/wp\/v2\/posts\/6313\/revisions"}],"predecessor-version":[{"id":6376,"href":"https:\/\/www.monlau.com\/fp\/ca\/wp-json\/wp\/v2\/posts\/6313\/revisions\/6376"}],"wp:featuredmedia":[{"embeddable":true,"href":"https:\/\/www.monlau.com\/fp\/ca\/wp-json\/wp\/v2\/media\/4990"}],"wp:attachment":[{"href":"https:\/\/www.monlau.com\/fp\/ca\/wp-json\/wp\/v2\/media?parent=6313"}],"wp:term":[{"taxonomy":"category","embeddable":true,"href":"https:\/\/www.monlau.com\/fp\/ca\/wp-json\/wp\/v2\/categories?post=6313"},{"taxonomy":"post_tag","embeddable":true,"href":"https:\/\/www.monlau.com\/fp\/ca\/wp-json\/wp\/v2\/tags?post=6313"}],"curies":[{"name":"wp","href":"https:\/\/api.w.org\/{rel}","templated":true}]}}