{"id":6308,"date":"2024-06-21T00:00:00","date_gmt":"2024-06-20T22:00:00","guid":{"rendered":"https:\/\/www.monlau.com\/formacion-profesional\/grado-medio-en-monlau\/"},"modified":"2026-03-10T10:03:28","modified_gmt":"2026-03-10T09:03:28","slug":"grado-medio-en-monlau","status":"publish","type":"post","link":"https:\/\/www.monlau.com\/fp\/ca\/2024\/06\/21\/grado-medio-en-monlau\/","title":{"rendered":"Oferta Formativa de Ciclo Medio en Monlau"},"content":{"rendered":"<p><strong>Descubre los Grados Medios en Monlau: Un Futuro Profesional a Tu Alcance<\/strong><\/p>\n<p>En Monlau, creemos en la importancia de una formaci\u00f3n integral y de calidad para preparar a nuestros estudiantes para el mercado laboral. Ofrecemos una variedad de ciclos de Grado Medio dise\u00f1ados para satisfacer las demandas de diferentes sectores. A continuaci\u00f3n, te presentamos los programas disponibles y las oportunidades que cada uno ofrece.<\/p>\n<p><strong>Para saber m\u00e1s: <a href=\"https:\/\/triaeducativa.gencat.cat\/ca\/fp\/grau-mitja\/index.html\">Grau mitj\u00e0. Tria educativa (gencat.cat)<\/a><\/strong><\/p>\n<h2>Ciclo de Grado Medio de Gesti\u00f3n Administrativa.<\/h2>\n<p>El Grado Medio en Gesti\u00f3n Administrativa es ideal para aquellos que buscan una carrera en el \u00e1mbito administrativo y empresarial. Este programa proporciona las habilidades necesarias para llevar a cabo tareas de oficina, gesti\u00f3n de documentos, atenci\u00f3n al cliente y soporte administrativo en cualquier tipo de empresa.<\/p>\n<p><strong>Para m\u00e1s informaci\u00f3n: <a href=\"https:\/\/www.monlau.com\/formacio-professional\/cursos\/grau-mitja-gestio-administrativa\/?lang=ca\">Grado Medio en Gesti\u00f3n Administrativa | Monlau FP<\/a><\/strong><\/p>\n<h2>Ciclo de Grado Medio de Sistemas Microinform\u00e1ticos y Redes.<\/h2>\n<p>El Grado Medio en Sistemas Microinform\u00e1ticos y Redes est\u00e1 orientado a los entusiastas de la tecnolog\u00eda y la inform\u00e1tica. Este curso prepara a los estudiantes para instalar, configurar y mantener sistemas inform\u00e1ticos, tanto a nivel de hardware como de software, as\u00ed como gestionar redes de comunicaci\u00f3n.<\/p>\n<p>&nbsp;<\/p>\n<p><strong>Para m\u00e1s informaci\u00f3n: <a href=\"https:\/\/www.monlau.com\/formacio-professional\/cursos\/grau-mitja-sistemes-microinformatics-xarxes-smx\/?lang=ca\">Grado Medio &#8211; SMX &#8211; Monlau FP<\/a><\/strong><\/p>\n<h2>Ciclo de Grado Medio de Carrocer\u00eda.<\/h2>\n<p>El Grado Medio en Carrocer\u00eda est\u00e1 dise\u00f1ado para aquellos interesados en el sector automovil\u00edstico, especialmente en la reparaci\u00f3n y mantenimiento de carrocer\u00edas de veh\u00edculos. Los estudiantes aprender\u00e1n t\u00e9cnicas de reparaci\u00f3n, sustituci\u00f3n y personalizaci\u00f3n de elementos estructurales y est\u00e9ticos de los autom\u00f3viles.<\/p>\n<p>&nbsp;<\/p>\n<p><strong>Para m\u00e1s informaci\u00f3n: <a href=\"https:\/\/www.monlau.com\/formacio-professional\/cursos\/grau-mitja-carrosseria\/?lang=ca\">Ciclo formativo de Grado Medio en Carrocer\u00eda | Monlau FP<\/a><\/strong><\/p>\n<h2>Ciclo de Grado Medio de Electromec\u00e1nica de Autom\u00f3viles.<\/h2>\n<p>El Grado Medio en Electromec\u00e1nica de Autom\u00f3viles es perfecto para quienes desean especializarse en el mantenimiento y reparaci\u00f3n de veh\u00edculos. Este curso abarca tanto los sistemas mec\u00e1nicos como los el\u00e9ctricos y electr\u00f3nicos de los autom\u00f3viles.<\/p>\n<p>&nbsp;<\/p>\n<p><strong>Para m\u00e1s informaci\u00f3n: <a href=\"https:\/\/www.monlau.com\/formacio-professional\/cursos\/grau-mitja-electromecanica-vehicles-automobils\/?lang=ca\">Grado Medio en Electromec\u00e1nica de Autom\u00f3viles | Monlau FP<\/a><\/strong><\/p>\n<h2>Ciclo de Grado Medio de Electromec\u00e1nica de Motocicletas.<\/h2>\n<p>El Grado Medio en Electromec\u00e1nica de Motocicletas ofrece una formaci\u00f3n especializada en el mundo de las dos ruedas. Los estudiantes aprender\u00e1n a mantener y reparar motocicletas, abarcando tanto los aspectos mec\u00e1nicos como los el\u00e9ctricos.<\/p>\n<p><strong>Para m\u00e1s informaci\u00f3n: <a href=\"https:\/\/www.monlau.com\/formacio-professional\/cursos\/grau-mitja-electromecanica-vehicles-motocicletes\/?lang=ca\">Grado Medio en Electromec\u00e1nica de Motocicletas | Monlau FP<\/a><\/strong><\/p>\n<h2>\u00bfPor qu\u00e9 elegir Monlau?<\/h2>\n<p>En Monlau, no solo nos enfocamos en brindar una educaci\u00f3n t\u00e9cnica de alta calidad, sino tambi\u00e9n en preparar a nuestros estudiantes para un futuro exitoso. Contamos con instalaciones modernas, un equipo docente altamente cualificado y convenios con empresas l\u00edderes para realizar pr\u00e1cticas profesionales.<\/p>\n<p>Nuestra metodolog\u00eda combina teor\u00eda y pr\u00e1ctica, asegurando que nuestros estudiantes adquieran los conocimientos y habilidades necesarias para destacar en el mercado laboral.<\/p>\n<p>Adem\u00e1s, ofrecemos orientaci\u00f3n y apoyo continuo, desde el departamento de Promoci\u00f3n Laboral, para ayudar a nuestros alumnos a alcanzar sus objetivos profesionales.<\/p>\n<p>No dejes pasar la oportunidad de formarte en una instituci\u00f3n con m\u00e1s de 30 a\u00f1os de experiencia en la Formaci\u00f3n Profesional<\/p>\n<p><strong>\u00a1Te esperamos en Monlau, donde tu futuro profesional comienza hoy!<\/strong><\/p>\n<p>&nbsp;<\/p>\n","protected":false},"excerpt":{"rendered":"<p>Descubre los Grados Medios en Monlau: Un Futuro Profesional a Tu Alcance En Monlau, creemos en la importancia de una formaci\u00f3n integral y de calidad para preparar a nuestros estudiantes para el mercado laboral. Ofrecemos una variedad de ciclos de Grado Medio dise\u00f1ados para satisfacer las demandas de diferentes sectores. A continuaci\u00f3n, te presentamos los [&hellip;]<\/p>\n","protected":false},"author":1,"featured_media":3695,"comment_status":"closed","ping_status":"closed","sticky":false,"template":"","format":"standard","meta":{"footnotes":""},"categories":[252,256,255,258,257],"tags":[371,359,294,391,428,313],"class_list":["post-6308","post","type-post","status-publish","format-standard","has-post-thumbnail","hentry","category-automocio","category-empresa-i-marqueting","category-informatica","category-monlau","category-postgrau","tag-barcelona","tag-carrosseria","tag-empresas","tag-estudios-profesionales","tag-lever-touch","tag-postgrado"],"yoast_head":"<!-- This site is optimized with the Yoast SEO plugin v27.2 - https:\/\/yoast.com\/product\/yoast-seo-wordpress\/ -->\n<title>Oferta Formativa de Ciclo Medio en Monlau - Formaci\u00f3n profesional<\/title>\n<meta name=\"robots\" content=\"index, follow, max-snippet:-1, max-image-preview:large, max-video-preview:-1\" \/>\n<link rel=\"canonical\" href=\"https:\/\/www.monlau.com\/fp\/ca\/2024\/06\/21\/grado-medio-en-monlau\/\" \/>\n<meta property=\"og:locale\" content=\"ca_ES\" \/>\n<meta property=\"og:type\" content=\"article\" \/>\n<meta property=\"og:title\" content=\"Oferta Formativa de Ciclo Medio en Monlau - Formaci\u00f3n profesional\" \/>\n<meta property=\"og:description\" content=\"Descubre los Grados Medios en Monlau: Un Futuro Profesional a Tu Alcance En Monlau, creemos en la importancia de una formaci\u00f3n integral y de calidad para preparar a nuestros estudiantes para el mercado laboral. Ofrecemos una variedad de ciclos de Grado Medio dise\u00f1ados para satisfacer las demandas de diferentes sectores. A continuaci\u00f3n, te presentamos los [&hellip;]\" \/>\n<meta property=\"og:url\" content=\"https:\/\/www.monlau.com\/fp\/ca\/2024\/06\/21\/grado-medio-en-monlau\/\" \/>\n<meta property=\"og:site_name\" content=\"Formaci\u00f3n profesional\" \/>\n<meta property=\"article:published_time\" content=\"2024-06-20T22:00:00+00:00\" \/>\n<meta property=\"article:modified_time\" content=\"2026-03-10T09:03:28+00:00\" \/>\n<meta property=\"og:image\" content=\"https:\/\/www.monlau.com\/app\/uploads\/sites\/3\/2026\/03\/DSC8801-1.jpg\" \/>\n\t<meta property=\"og:image:width\" content=\"1773\" \/>\n\t<meta property=\"og:image:height\" content=\"1182\" \/>\n\t<meta property=\"og:image:type\" content=\"image\/jpeg\" \/>\n<meta name=\"author\" content=\"adsmurai\" \/>\n<meta name=\"twitter:card\" content=\"summary_large_image\" \/>\n<meta name=\"twitter:label1\" content=\"Escrit per\" \/>\n\t<meta name=\"twitter:data1\" content=\"adsmurai\" \/>\n\t<meta name=\"twitter:label2\" content=\"Temps estimat de lectura\" \/>\n\t<meta name=\"twitter:data2\" content=\"3 minuts\" \/>\n<script type=\"application\/ld+json\" class=\"yoast-schema-graph\">{\"@context\":\"https:\/\/schema.org\",\"@graph\":[{\"@type\":\"Article\",\"@id\":\"https:\/\/www.monlau.com\/fp\/ca\/2024\/06\/21\/grado-medio-en-monlau\/#article\",\"isPartOf\":{\"@id\":\"https:\/\/www.monlau.com\/fp\/ca\/2024\/06\/21\/grado-medio-en-monlau\/\"},\"author\":{\"name\":\"adsmurai\",\"@id\":\"https:\/\/www.monlau.com\/fp\/ca\/#\/schema\/person\/419cfdf054323e24e0a2ef1d8597f051\"},\"headline\":\"Oferta Formativa de Ciclo Medio en Monlau\",\"datePublished\":\"2024-06-20T22:00:00+00:00\",\"dateModified\":\"2026-03-10T09:03:28+00:00\",\"mainEntityOfPage\":{\"@id\":\"https:\/\/www.monlau.com\/fp\/ca\/2024\/06\/21\/grado-medio-en-monlau\/\"},\"wordCount\":574,\"publisher\":{\"@id\":\"https:\/\/www.monlau.com\/fp\/ca\/#organization\"},\"image\":{\"@id\":\"https:\/\/www.monlau.com\/fp\/ca\/2024\/06\/21\/grado-medio-en-monlau\/#primaryimage\"},\"thumbnailUrl\":\"https:\/\/www.monlau.com\/app\/uploads\/sites\/3\/2026\/03\/DSC8801-1.jpg\",\"keywords\":[\"barcelona\",\"carrosseria\",\"empresas\",\"estudios profesionales\",\"lever touch\",\"Postgrado\"],\"articleSection\":[\"Automoci\u00f3\",\"Empresa i M\u00e0rqueting\",\"Inform\u00e0tica\",\"Monlau\",\"Postgrau\"],\"inLanguage\":\"ca\"},{\"@type\":\"WebPage\",\"@id\":\"https:\/\/www.monlau.com\/fp\/ca\/2024\/06\/21\/grado-medio-en-monlau\/\",\"url\":\"https:\/\/www.monlau.com\/fp\/ca\/2024\/06\/21\/grado-medio-en-monlau\/\",\"name\":\"Oferta Formativa de Ciclo Medio en Monlau - Formaci\u00f3n profesional\",\"isPartOf\":{\"@id\":\"https:\/\/www.monlau.com\/fp\/ca\/#website\"},\"primaryImageOfPage\":{\"@id\":\"https:\/\/www.monlau.com\/fp\/ca\/2024\/06\/21\/grado-medio-en-monlau\/#primaryimage\"},\"image\":{\"@id\":\"https:\/\/www.monlau.com\/fp\/ca\/2024\/06\/21\/grado-medio-en-monlau\/#primaryimage\"},\"thumbnailUrl\":\"https:\/\/www.monlau.com\/app\/uploads\/sites\/3\/2026\/03\/DSC8801-1.jpg\",\"datePublished\":\"2024-06-20T22:00:00+00:00\",\"dateModified\":\"2026-03-10T09:03:28+00:00\",\"breadcrumb\":{\"@id\":\"https:\/\/www.monlau.com\/fp\/ca\/2024\/06\/21\/grado-medio-en-monlau\/#breadcrumb\"},\"inLanguage\":\"ca\",\"potentialAction\":[{\"@type\":\"ReadAction\",\"target\":[\"https:\/\/www.monlau.com\/fp\/ca\/2024\/06\/21\/grado-medio-en-monlau\/\"]}]},{\"@type\":\"ImageObject\",\"inLanguage\":\"ca\",\"@id\":\"https:\/\/www.monlau.com\/fp\/ca\/2024\/06\/21\/grado-medio-en-monlau\/#primaryimage\",\"url\":\"https:\/\/www.monlau.com\/app\/uploads\/sites\/3\/2026\/03\/DSC8801-1.jpg\",\"contentUrl\":\"https:\/\/www.monlau.com\/app\/uploads\/sites\/3\/2026\/03\/DSC8801-1.jpg\",\"width\":1773,\"height\":1182},{\"@type\":\"BreadcrumbList\",\"@id\":\"https:\/\/www.monlau.com\/fp\/ca\/2024\/06\/21\/grado-medio-en-monlau\/#breadcrumb\",\"itemListElement\":[{\"@type\":\"ListItem\",\"position\":1,\"name\":\"Portada\",\"item\":\"https:\/\/www.monlau.com\/fp\/ca\/inici\/\"},{\"@type\":\"ListItem\",\"position\":2,\"name\":\"Oferta Formativa de Ciclo Medio en Monlau\"}]},{\"@type\":\"WebSite\",\"@id\":\"https:\/\/www.monlau.com\/fp\/ca\/#website\",\"url\":\"https:\/\/www.monlau.com\/fp\/ca\/\",\"name\":\"Formaci\u00f3n profesional\",\"description\":\"Monlau\",\"publisher\":{\"@id\":\"https:\/\/www.monlau.com\/fp\/ca\/#organization\"},\"potentialAction\":[{\"@type\":\"SearchAction\",\"target\":{\"@type\":\"EntryPoint\",\"urlTemplate\":\"https:\/\/www.monlau.com\/fp\/ca\/?s={search_term_string}\"},\"query-input\":{\"@type\":\"PropertyValueSpecification\",\"valueRequired\":true,\"valueName\":\"search_term_string\"}}],\"inLanguage\":\"ca\"},{\"@type\":\"Organization\",\"@id\":\"https:\/\/www.monlau.com\/fp\/ca\/#organization\",\"name\":\"Formaci\u00f3n profesional\",\"url\":\"https:\/\/www.monlau.com\/fp\/ca\/\",\"logo\":{\"@type\":\"ImageObject\",\"inLanguage\":\"ca\",\"@id\":\"https:\/\/www.monlau.com\/fp\/ca\/#\/schema\/logo\/image\/\",\"url\":\"https:\/\/www.monlau.com\/app\/uploads\/sites\/3\/2026\/01\/fp.png\",\"contentUrl\":\"https:\/\/www.monlau.com\/app\/uploads\/sites\/3\/2026\/01\/fp.png\",\"width\":1024,\"height\":878,\"caption\":\"Formaci\u00f3n profesional\"},\"image\":{\"@id\":\"https:\/\/www.monlau.com\/fp\/ca\/#\/schema\/logo\/image\/\"}},{\"@type\":\"Person\",\"@id\":\"https:\/\/www.monlau.com\/fp\/ca\/#\/schema\/person\/419cfdf054323e24e0a2ef1d8597f051\",\"name\":\"adsmurai\",\"image\":{\"@type\":\"ImageObject\",\"inLanguage\":\"ca\",\"@id\":\"https:\/\/secure.gravatar.com\/avatar\/0748788578f91786454454fa3b4c295644edb991ad6caadc70b41d26790d38fc?s=96&d=mm&r=g\",\"url\":\"https:\/\/secure.gravatar.com\/avatar\/0748788578f91786454454fa3b4c295644edb991ad6caadc70b41d26790d38fc?s=96&d=mm&r=g\",\"contentUrl\":\"https:\/\/secure.gravatar.com\/avatar\/0748788578f91786454454fa3b4c295644edb991ad6caadc70b41d26790d38fc?s=96&d=mm&r=g\",\"caption\":\"adsmurai\"},\"sameAs\":[\"https:\/\/www.monlau.com\"],\"url\":\"https:\/\/www.monlau.com\/fp\/ca\/author\/adsmurai\/\"}]}<\/script>\n<!-- \/ Yoast SEO plugin. -->","yoast_head_json":{"title":"Oferta Formativa de Ciclo Medio en Monlau - Formaci\u00f3n profesional","robots":{"index":"index","follow":"follow","max-snippet":"max-snippet:-1","max-image-preview":"max-image-preview:large","max-video-preview":"max-video-preview:-1"},"canonical":"https:\/\/www.monlau.com\/fp\/ca\/2024\/06\/21\/grado-medio-en-monlau\/","og_locale":"ca_ES","og_type":"article","og_title":"Oferta Formativa de Ciclo Medio en Monlau - Formaci\u00f3n profesional","og_description":"Descubre los Grados Medios en Monlau: Un Futuro Profesional a Tu Alcance En Monlau, creemos en la importancia de una formaci\u00f3n integral y de calidad para preparar a nuestros estudiantes para el mercado laboral. Ofrecemos una variedad de ciclos de Grado Medio dise\u00f1ados para satisfacer las demandas de diferentes sectores. A continuaci\u00f3n, te presentamos los [&hellip;]","og_url":"https:\/\/www.monlau.com\/fp\/ca\/2024\/06\/21\/grado-medio-en-monlau\/","og_site_name":"Formaci\u00f3n profesional","article_published_time":"2024-06-20T22:00:00+00:00","article_modified_time":"2026-03-10T09:03:28+00:00","og_image":[{"width":1773,"height":1182,"url":"https:\/\/www.monlau.com\/app\/uploads\/sites\/3\/2026\/03\/DSC8801-1.jpg","type":"image\/jpeg"}],"author":"adsmurai","twitter_card":"summary_large_image","twitter_misc":{"Escrit per":"adsmurai","Temps estimat de lectura":"3 minuts"},"schema":{"@context":"https:\/\/schema.org","@graph":[{"@type":"Article","@id":"https:\/\/www.monlau.com\/fp\/ca\/2024\/06\/21\/grado-medio-en-monlau\/#article","isPartOf":{"@id":"https:\/\/www.monlau.com\/fp\/ca\/2024\/06\/21\/grado-medio-en-monlau\/"},"author":{"name":"adsmurai","@id":"https:\/\/www.monlau.com\/fp\/ca\/#\/schema\/person\/419cfdf054323e24e0a2ef1d8597f051"},"headline":"Oferta Formativa de Ciclo Medio en Monlau","datePublished":"2024-06-20T22:00:00+00:00","dateModified":"2026-03-10T09:03:28+00:00","mainEntityOfPage":{"@id":"https:\/\/www.monlau.com\/fp\/ca\/2024\/06\/21\/grado-medio-en-monlau\/"},"wordCount":574,"publisher":{"@id":"https:\/\/www.monlau.com\/fp\/ca\/#organization"},"image":{"@id":"https:\/\/www.monlau.com\/fp\/ca\/2024\/06\/21\/grado-medio-en-monlau\/#primaryimage"},"thumbnailUrl":"https:\/\/www.monlau.com\/app\/uploads\/sites\/3\/2026\/03\/DSC8801-1.jpg","keywords":["barcelona","carrosseria","empresas","estudios profesionales","lever touch","Postgrado"],"articleSection":["Automoci\u00f3","Empresa i M\u00e0rqueting","Inform\u00e0tica","Monlau","Postgrau"],"inLanguage":"ca"},{"@type":"WebPage","@id":"https:\/\/www.monlau.com\/fp\/ca\/2024\/06\/21\/grado-medio-en-monlau\/","url":"https:\/\/www.monlau.com\/fp\/ca\/2024\/06\/21\/grado-medio-en-monlau\/","name":"Oferta Formativa de Ciclo Medio en Monlau - Formaci\u00f3n profesional","isPartOf":{"@id":"https:\/\/www.monlau.com\/fp\/ca\/#website"},"primaryImageOfPage":{"@id":"https:\/\/www.monlau.com\/fp\/ca\/2024\/06\/21\/grado-medio-en-monlau\/#primaryimage"},"image":{"@id":"https:\/\/www.monlau.com\/fp\/ca\/2024\/06\/21\/grado-medio-en-monlau\/#primaryimage"},"thumbnailUrl":"https:\/\/www.monlau.com\/app\/uploads\/sites\/3\/2026\/03\/DSC8801-1.jpg","datePublished":"2024-06-20T22:00:00+00:00","dateModified":"2026-03-10T09:03:28+00:00","breadcrumb":{"@id":"https:\/\/www.monlau.com\/fp\/ca\/2024\/06\/21\/grado-medio-en-monlau\/#breadcrumb"},"inLanguage":"ca","potentialAction":[{"@type":"ReadAction","target":["https:\/\/www.monlau.com\/fp\/ca\/2024\/06\/21\/grado-medio-en-monlau\/"]}]},{"@type":"ImageObject","inLanguage":"ca","@id":"https:\/\/www.monlau.com\/fp\/ca\/2024\/06\/21\/grado-medio-en-monlau\/#primaryimage","url":"https:\/\/www.monlau.com\/app\/uploads\/sites\/3\/2026\/03\/DSC8801-1.jpg","contentUrl":"https:\/\/www.monlau.com\/app\/uploads\/sites\/3\/2026\/03\/DSC8801-1.jpg","width":1773,"height":1182},{"@type":"BreadcrumbList","@id":"https:\/\/www.monlau.com\/fp\/ca\/2024\/06\/21\/grado-medio-en-monlau\/#breadcrumb","itemListElement":[{"@type":"ListItem","position":1,"name":"Portada","item":"https:\/\/www.monlau.com\/fp\/ca\/inici\/"},{"@type":"ListItem","position":2,"name":"Oferta Formativa de Ciclo Medio en Monlau"}]},{"@type":"WebSite","@id":"https:\/\/www.monlau.com\/fp\/ca\/#website","url":"https:\/\/www.monlau.com\/fp\/ca\/","name":"Formaci\u00f3n profesional","description":"Monlau","publisher":{"@id":"https:\/\/www.monlau.com\/fp\/ca\/#organization"},"potentialAction":[{"@type":"SearchAction","target":{"@type":"EntryPoint","urlTemplate":"https:\/\/www.monlau.com\/fp\/ca\/?s={search_term_string}"},"query-input":{"@type":"PropertyValueSpecification","valueRequired":true,"valueName":"search_term_string"}}],"inLanguage":"ca"},{"@type":"Organization","@id":"https:\/\/www.monlau.com\/fp\/ca\/#organization","name":"Formaci\u00f3n profesional","url":"https:\/\/www.monlau.com\/fp\/ca\/","logo":{"@type":"ImageObject","inLanguage":"ca","@id":"https:\/\/www.monlau.com\/fp\/ca\/#\/schema\/logo\/image\/","url":"https:\/\/www.monlau.com\/app\/uploads\/sites\/3\/2026\/01\/fp.png","contentUrl":"https:\/\/www.monlau.com\/app\/uploads\/sites\/3\/2026\/01\/fp.png","width":1024,"height":878,"caption":"Formaci\u00f3n profesional"},"image":{"@id":"https:\/\/www.monlau.com\/fp\/ca\/#\/schema\/logo\/image\/"}},{"@type":"Person","@id":"https:\/\/www.monlau.com\/fp\/ca\/#\/schema\/person\/419cfdf054323e24e0a2ef1d8597f051","name":"adsmurai","image":{"@type":"ImageObject","inLanguage":"ca","@id":"https:\/\/secure.gravatar.com\/avatar\/0748788578f91786454454fa3b4c295644edb991ad6caadc70b41d26790d38fc?s=96&d=mm&r=g","url":"https:\/\/secure.gravatar.com\/avatar\/0748788578f91786454454fa3b4c295644edb991ad6caadc70b41d26790d38fc?s=96&d=mm&r=g","contentUrl":"https:\/\/secure.gravatar.com\/avatar\/0748788578f91786454454fa3b4c295644edb991ad6caadc70b41d26790d38fc?s=96&d=mm&r=g","caption":"adsmurai"},"sameAs":["https:\/\/www.monlau.com"],"url":"https:\/\/www.monlau.com\/fp\/ca\/author\/adsmurai\/"}]}},"_links":{"self":[{"href":"https:\/\/www.monlau.com\/fp\/ca\/wp-json\/wp\/v2\/posts\/6308","targetHints":{"allow":["GET"]}}],"collection":[{"href":"https:\/\/www.monlau.com\/fp\/ca\/wp-json\/wp\/v2\/posts"}],"about":[{"href":"https:\/\/www.monlau.com\/fp\/ca\/wp-json\/wp\/v2\/types\/post"}],"author":[{"embeddable":true,"href":"https:\/\/www.monlau.com\/fp\/ca\/wp-json\/wp\/v2\/users\/1"}],"replies":[{"embeddable":true,"href":"https:\/\/www.monlau.com\/fp\/ca\/wp-json\/wp\/v2\/comments?post=6308"}],"version-history":[{"count":1,"href":"https:\/\/www.monlau.com\/fp\/ca\/wp-json\/wp\/v2\/posts\/6308\/revisions"}],"predecessor-version":[{"id":6371,"href":"https:\/\/www.monlau.com\/fp\/ca\/wp-json\/wp\/v2\/posts\/6308\/revisions\/6371"}],"wp:featuredmedia":[{"embeddable":true,"href":"https:\/\/www.monlau.com\/fp\/ca\/wp-json\/wp\/v2\/media\/3695"}],"wp:attachment":[{"href":"https:\/\/www.monlau.com\/fp\/ca\/wp-json\/wp\/v2\/media?parent=6308"}],"wp:term":[{"taxonomy":"category","embeddable":true,"href":"https:\/\/www.monlau.com\/fp\/ca\/wp-json\/wp\/v2\/categories?post=6308"},{"taxonomy":"post_tag","embeddable":true,"href":"https:\/\/www.monlau.com\/fp\/ca\/wp-json\/wp\/v2\/tags?post=6308"}],"curies":[{"name":"wp","href":"https:\/\/api.w.org\/{rel}","templated":true}]}}