{"id":6306,"date":"2024-06-21T00:00:00","date_gmt":"2024-06-20T22:00:00","guid":{"rendered":"https:\/\/www.monlau.com\/formacion-profesional\/celebramos-la-graduacion-de-automocion-informatica-y-marketing-y-publicidad\/"},"modified":"2026-03-10T10:03:28","modified_gmt":"2026-03-10T09:03:28","slug":"celebramos-la-graduacion-de-automocion-informatica-y-marketing-y-publicidad","status":"publish","type":"post","link":"https:\/\/www.monlau.com\/fp\/ca\/2024\/06\/21\/celebramos-la-graduacion-de-automocion-informatica-y-marketing-y-publicidad\/","title":{"rendered":"Celebramos la graduaci\u00f3n de Automoci\u00f3n, Inform\u00e1tica y Marketing y Publicidad"},"content":{"rendered":"<p><strong>Celebramos la graduaci\u00f3n y la llegada de nuevos profesionales al sector del Marketing y Publicidad, Inform\u00e1tica y Automoci\u00f3n&#8230;<\/strong><\/p>\n<p>Este a\u00f1o, celebramos con orgullo los logros de nuestros estudiantes en tres \u00e1reas fundamentales para el futuro: Marketing y Publicidad, Automoci\u00f3n e Inform\u00e1tica&#8230;<\/p>\n<p>Cada una de estas disciplinas no solo representa una profesi\u00f3n vital en el mundo moderno, sino que tambi\u00e9n simboliza el esfuerzo, la dedicaci\u00f3n y la pasi\u00f3n de nuestro alumnado.<\/p>\n<p>En Monlau FP, nos comprometemos a brindar una educaci\u00f3n de calidad que prepare a nuestros estudiantes para enfrentar los desaf\u00edos del mercado laboral. Este compromiso se refleja en los \u00e9xitos y las historias inspiradoras de nuestros graduados, quienes han demostrado una notable evoluci\u00f3n profesional y personal a lo largo de su formaci\u00f3n.<\/p>\n<p>Este art\u00edculo es un homenaje a todos ellos. Vamos a sumergirnos en los detalles de las 3\u00a0 graduaciones de Monlau que acogieron a m\u00e1s de 600 personas.<\/p>\n<h2>Graduaci\u00f3n de Automoci\u00f3n en el Auditorio AXA&#8230;<\/h2>\n<p>El d\u00eda 11 de junio, el <strong>Auditorio AXA<\/strong> fue el escenario de una noche llena de emoci\u00f3n y orgullo, donde se celebr\u00f3 la graduaci\u00f3n de la promoci\u00f3n de Automoci\u00f3n. El auditorio se llen\u00f3 con la expectativa y el entusiasmo de los asistentes, a quienes el presentador,<strong> Santi Gallardo<\/strong>, recibi\u00f3 con una gran bienvenida.<\/p>\n<p>El evento comenz\u00f3 con un discurso inaugural a cargo de <strong>Iban Ventura, director general del Grupo Monlau<\/strong>, quien inspir\u00f3 a todos con palabras de motivaci\u00f3n y perspectivas para el futuro de los graduados.<\/p>\n<p>Despu\u00e9s, se entrevistaron a destacadas figuras del centro de formaci\u00f3n de Monlau. <strong>Carlos Salazar, director del \u00e1rea de Automoci\u00f3n,<\/strong> comparti\u00f3 los desaf\u00edos y oportunidades que aguardan a los graduados en su trayectoria profesional. <strong>Gaspar Busquets, director acad\u00e9mico de Automoci\u00f3n en Monlau,<\/strong> elogi\u00f3 el alto nivel de preparaci\u00f3n alcanzado por los estudiantes al concluir su formaci\u00f3n. Y <strong>Oriol Puiggermanal, jefe de estudios del Grado Superior en Monlau,<\/strong> ofreci\u00f3 sus impresiones sobre el rendimiento excepcional de la promoci\u00f3n.<\/p>\n<p>El evento continu\u00f3 con la proyecci\u00f3n de un emocionante v\u00eddeo sobre la tercera edici\u00f3n de la jornada\u00a0 de la Automoci\u00f3n en Nurburgreen, un karting el\u00e9ctrico regentado por dos ex alumnos de Monlau y que sirvi\u00f3 de escenario para la presentaci\u00f3n de m\u00e1s de<strong> 170 proyectos de Grado Medio y de Grado Superior.<\/strong><\/p>\n<p><strong>Bernat Vilanova y David Rodr\u00edguez Garc\u00eda,<\/strong> representantes de los estudiantes de Automoci\u00f3n el turno de ma\u00f1ana, realizaron los primeros discursos en representaci\u00f3n del alumnado.<\/p>\n<p>Tras las entregas de las orlas a los grupos de tarde, se proyect\u00f3 un emocionante v\u00eddeo del ganador <strong>Pau Jan\u00e9,<\/strong> por primer a\u00f1o se otorg\u00f3 un premio especial de Grado Medio por parte de <strong>Carlos Salazar.\u00a0<\/strong>Es la primera vez que un alumno que no es de Grado Superior resulta premiado en la gala de graduaci\u00f3n.<\/p>\n<p>Dos representantes de <strong>Start Monday<\/strong> asistieron a la gala de graduaci\u00f3n para premiar al equipo con mejor kart de<strong> Monlau Tech<\/strong> y por sus buenos resultados en las pruebas din\u00e1micas, <strong>Start Monday<\/strong> conecta al sector autom\u00f3vil de Espa\u00f1a con Irlanda, debido a la demanda de mec\u00e1nicos que hay en Irlanda, esta empresa busca talento joven que este dispuesto a superar nuevos desaf\u00edos.<\/p>\n<h2>Graduaci\u00f3n de Marketing y publicidad, e Inform\u00e1tica en el Auditorio de la ONCE&#8230;<\/h2>\n<p>El pasado 13 de junio, el <strong>auditorio de la ONCE<\/strong> fue testigo de dos de las tres graduaciones realizadas en 2024 por el centro de estudios Monlau en este recinto.<\/p>\n<p>La graduaci\u00f3n de <strong>inform\u00e1tica<\/strong> se inaugur\u00f3 con un emotivo v\u00eddeo, seguido por un discurso de bienvenida por parte de <strong>Iban Ventura, director general del Grupo Monlau.<\/strong> Se llevaron a cabo tres entrevistas con<strong> Joan Segarra, David Girbau y Francisco Mart\u00ednez<\/strong>, destacando los logros y desaf\u00edos del camino recorrido.<\/p>\n<p>Durante la jornada, se entregaron orlas y diplomas a los alumnos de <strong>ASIX, DAM, CETI y DAW<\/strong>, acompa\u00f1ados de <strong>Jorge Pastor, Joan Segarra, David Girbau y Paco.<\/strong> Adem\u00e1s, se present\u00f3 un v\u00eddeo explicativo de los proyectos de <strong>NTT Data<\/strong> y se otorgaron los premios correspondientes a cada proyecto. El evento culmin\u00f3 con conmovedores discursos de despedida de <strong>Brian Tablit y \u00c1ngel Herraiz<\/strong>, seguidos por un momento de convivencia y celebraci\u00f3n en un catering ofrecido para todos los presentes.<\/p>\n<p>A las 19:00, el <strong>auditorio de la ONCE<\/strong> volvi\u00f3 a llenarse de emoci\u00f3n y alegr\u00eda con la graduaci\u00f3n de los estudiantes de grado superior de <strong>Marketing y Publicidad,<\/strong> marcando el cierre de un d\u00eda lleno de logros y celebraciones.<\/p>\n<p>El evento se abri\u00f3 con un inspirador v\u00eddeo inicial, seguido por el discurso de bienvenida de <strong>Iban Ventura.<\/strong> Tres entrevistas se llevaron a cabo con <strong>Joan Segarra, David Girbau y Carlos D\u00edaz,<\/strong> seguidas por la entrega de orlas y diplomas a los estudiantes destacados.<\/p>\n<p>Este a\u00f1o, por primera vez, se realizaron proyectos de marketing con empresas externas, y se otorgaron premios a los cuatro mejores proyectos de la <strong>promoci\u00f3n 2024.<\/strong> El acto concluy\u00f3 con un emotivo momento de convivencia y celebraci\u00f3n en un catering ofrecido para todos los presentes, consolidando as\u00ed un d\u00eda lleno de \u00e9xitos y memorias inolvidables.<\/p>\n<p>Las ceremonias de graduaci\u00f3n no solo marcan el final de una etapa acad\u00e9mica, sino tambi\u00e9n el comienzo de un nuevo cap\u00edtulo lleno de oportunidades y desaf\u00edos. Estamos seguros de que nuestros graduados de <strong>Marketing y Publicidad, Automoci\u00f3n e Inform\u00e1tica<\/strong> llevar\u00e1n con orgullo los conocimientos y valores adquiridos en Monlau FP, y contribuir\u00e1n positivamente en sus respectivas profesiones.<\/p>\n<p><strong>\u00a1Enhorabuena a todos los graduados y mucho \u00e9xito en sus futuros proyectos!<\/strong><\/p>\n<p><strong><\/strong><\/p>\n<p><strong>Fotos graduaci\u00f3n Marketing y Publicidad:<a href=\"https:\/\/flic.kr\/s\/aHBqjBvGLr\">https:\/\/flic.kr\/s\/aHBqjBvGLr<\/a><\/strong><strong><\/strong><\/p>\n<p><strong>Fotos graduaci\u00f3n Inform\u00e1tica:<a href=\"https:\/\/flic.kr\/s\/aHBqjBvGLr\">https:\/\/flic.kr\/s\/aHBqjBvGLr<\/a><\/strong><strong><\/strong><\/p>\n<p><strong>Fotos graduaci\u00f3n Automoci\u00f3n:<a href=\"https:\/\/flic.kr\/s\/aHBqjBvGZs\">https:\/\/flic.kr\/s\/aHBqjBvGZs<\/a><\/strong><strong><\/strong><\/p>\n","protected":false},"excerpt":{"rendered":"<p>Celebramos la graduaci\u00f3n y la llegada de nuevos profesionales al sector del Marketing y Publicidad, Inform\u00e1tica y Automoci\u00f3n&#8230; Este a\u00f1o, celebramos con orgullo los logros de nuestros estudiantes en tres \u00e1reas fundamentales para el futuro: Marketing y Publicidad, Automoci\u00f3n e Inform\u00e1tica&#8230; Cada una de estas disciplinas no solo representa una profesi\u00f3n vital en el mundo [&hellip;]<\/p>\n","protected":false},"author":1,"featured_media":3693,"comment_status":"closed","ping_status":"closed","sticky":false,"template":"","format":"standard","meta":{"footnotes":""},"categories":[252,256,255,258,257],"tags":[371,359,294,391,428,313],"class_list":["post-6306","post","type-post","status-publish","format-standard","has-post-thumbnail","hentry","category-automocio","category-empresa-i-marqueting","category-informatica","category-monlau","category-postgrau","tag-barcelona","tag-carrosseria","tag-empresas","tag-estudios-profesionales","tag-lever-touch","tag-postgrado"],"yoast_head":"<!-- This site is optimized with the Yoast SEO plugin v27.2 - https:\/\/yoast.com\/product\/yoast-seo-wordpress\/ -->\n<title>Celebramos la graduaci\u00f3n de Automoci\u00f3n, Inform\u00e1tica y Marketing y Publicidad - Formaci\u00f3n profesional<\/title>\n<meta name=\"robots\" content=\"index, follow, max-snippet:-1, max-image-preview:large, max-video-preview:-1\" \/>\n<link rel=\"canonical\" href=\"https:\/\/www.monlau.com\/fp\/ca\/2024\/06\/21\/celebramos-la-graduacion-de-automocion-informatica-y-marketing-y-publicidad\/\" \/>\n<meta property=\"og:locale\" content=\"ca_ES\" \/>\n<meta property=\"og:type\" content=\"article\" \/>\n<meta property=\"og:title\" content=\"Celebramos la graduaci\u00f3n de Automoci\u00f3n, Inform\u00e1tica y Marketing y Publicidad - Formaci\u00f3n profesional\" \/>\n<meta property=\"og:description\" content=\"Celebramos la graduaci\u00f3n y la llegada de nuevos profesionales al sector del Marketing y Publicidad, Inform\u00e1tica y Automoci\u00f3n&#8230; Este a\u00f1o, celebramos con orgullo los logros de nuestros estudiantes en tres \u00e1reas fundamentales para el futuro: Marketing y Publicidad, Automoci\u00f3n e Inform\u00e1tica&#8230; Cada una de estas disciplinas no solo representa una profesi\u00f3n vital en el mundo [&hellip;]\" \/>\n<meta property=\"og:url\" content=\"https:\/\/www.monlau.com\/fp\/ca\/2024\/06\/21\/celebramos-la-graduacion-de-automocion-informatica-y-marketing-y-publicidad\/\" \/>\n<meta property=\"og:site_name\" content=\"Formaci\u00f3n profesional\" \/>\n<meta property=\"article:published_time\" content=\"2024-06-20T22:00:00+00:00\" \/>\n<meta property=\"article:modified_time\" content=\"2026-03-10T09:03:28+00:00\" \/>\n<meta property=\"og:image\" content=\"https:\/\/www.monlau.com\/app\/uploads\/sites\/3\/2026\/03\/Bienvenida-por-Iban-Ventura.png\" \/>\n\t<meta property=\"og:image:width\" content=\"917\" \/>\n\t<meta property=\"og:image:height\" content=\"581\" \/>\n\t<meta property=\"og:image:type\" content=\"image\/png\" \/>\n<meta name=\"author\" content=\"adsmurai\" \/>\n<meta name=\"twitter:card\" content=\"summary_large_image\" \/>\n<meta name=\"twitter:label1\" content=\"Escrit per\" \/>\n\t<meta name=\"twitter:data1\" content=\"adsmurai\" \/>\n\t<meta name=\"twitter:label2\" content=\"Temps estimat de lectura\" \/>\n\t<meta name=\"twitter:data2\" content=\"5 minuts\" \/>\n<script type=\"application\/ld+json\" class=\"yoast-schema-graph\">{\"@context\":\"https:\/\/schema.org\",\"@graph\":[{\"@type\":\"Article\",\"@id\":\"https:\/\/www.monlau.com\/fp\/ca\/2024\/06\/21\/celebramos-la-graduacion-de-automocion-informatica-y-marketing-y-publicidad\/#article\",\"isPartOf\":{\"@id\":\"https:\/\/www.monlau.com\/fp\/ca\/2024\/06\/21\/celebramos-la-graduacion-de-automocion-informatica-y-marketing-y-publicidad\/\"},\"author\":{\"name\":\"adsmurai\",\"@id\":\"https:\/\/www.monlau.com\/fp\/ca\/#\/schema\/person\/419cfdf054323e24e0a2ef1d8597f051\"},\"headline\":\"Celebramos la graduaci\u00f3n de Automoci\u00f3n, Inform\u00e1tica y Marketing y Publicidad\",\"datePublished\":\"2024-06-20T22:00:00+00:00\",\"dateModified\":\"2026-03-10T09:03:28+00:00\",\"mainEntityOfPage\":{\"@id\":\"https:\/\/www.monlau.com\/fp\/ca\/2024\/06\/21\/celebramos-la-graduacion-de-automocion-informatica-y-marketing-y-publicidad\/\"},\"wordCount\":1008,\"publisher\":{\"@id\":\"https:\/\/www.monlau.com\/fp\/ca\/#organization\"},\"image\":{\"@id\":\"https:\/\/www.monlau.com\/fp\/ca\/2024\/06\/21\/celebramos-la-graduacion-de-automocion-informatica-y-marketing-y-publicidad\/#primaryimage\"},\"thumbnailUrl\":\"https:\/\/www.monlau.com\/app\/uploads\/sites\/3\/2026\/03\/Bienvenida-por-Iban-Ventura.png\",\"keywords\":[\"barcelona\",\"carrosseria\",\"empresas\",\"estudios profesionales\",\"lever touch\",\"Postgrado\"],\"articleSection\":[\"Automoci\u00f3\",\"Empresa i M\u00e0rqueting\",\"Inform\u00e0tica\",\"Monlau\",\"Postgrau\"],\"inLanguage\":\"ca\"},{\"@type\":\"WebPage\",\"@id\":\"https:\/\/www.monlau.com\/fp\/ca\/2024\/06\/21\/celebramos-la-graduacion-de-automocion-informatica-y-marketing-y-publicidad\/\",\"url\":\"https:\/\/www.monlau.com\/fp\/ca\/2024\/06\/21\/celebramos-la-graduacion-de-automocion-informatica-y-marketing-y-publicidad\/\",\"name\":\"Celebramos la graduaci\u00f3n de Automoci\u00f3n, Inform\u00e1tica y Marketing y Publicidad - Formaci\u00f3n profesional\",\"isPartOf\":{\"@id\":\"https:\/\/www.monlau.com\/fp\/ca\/#website\"},\"primaryImageOfPage\":{\"@id\":\"https:\/\/www.monlau.com\/fp\/ca\/2024\/06\/21\/celebramos-la-graduacion-de-automocion-informatica-y-marketing-y-publicidad\/#primaryimage\"},\"image\":{\"@id\":\"https:\/\/www.monlau.com\/fp\/ca\/2024\/06\/21\/celebramos-la-graduacion-de-automocion-informatica-y-marketing-y-publicidad\/#primaryimage\"},\"thumbnailUrl\":\"https:\/\/www.monlau.com\/app\/uploads\/sites\/3\/2026\/03\/Bienvenida-por-Iban-Ventura.png\",\"datePublished\":\"2024-06-20T22:00:00+00:00\",\"dateModified\":\"2026-03-10T09:03:28+00:00\",\"breadcrumb\":{\"@id\":\"https:\/\/www.monlau.com\/fp\/ca\/2024\/06\/21\/celebramos-la-graduacion-de-automocion-informatica-y-marketing-y-publicidad\/#breadcrumb\"},\"inLanguage\":\"ca\",\"potentialAction\":[{\"@type\":\"ReadAction\",\"target\":[\"https:\/\/www.monlau.com\/fp\/ca\/2024\/06\/21\/celebramos-la-graduacion-de-automocion-informatica-y-marketing-y-publicidad\/\"]}]},{\"@type\":\"ImageObject\",\"inLanguage\":\"ca\",\"@id\":\"https:\/\/www.monlau.com\/fp\/ca\/2024\/06\/21\/celebramos-la-graduacion-de-automocion-informatica-y-marketing-y-publicidad\/#primaryimage\",\"url\":\"https:\/\/www.monlau.com\/app\/uploads\/sites\/3\/2026\/03\/Bienvenida-por-Iban-Ventura.png\",\"contentUrl\":\"https:\/\/www.monlau.com\/app\/uploads\/sites\/3\/2026\/03\/Bienvenida-por-Iban-Ventura.png\",\"width\":917,\"height\":581},{\"@type\":\"BreadcrumbList\",\"@id\":\"https:\/\/www.monlau.com\/fp\/ca\/2024\/06\/21\/celebramos-la-graduacion-de-automocion-informatica-y-marketing-y-publicidad\/#breadcrumb\",\"itemListElement\":[{\"@type\":\"ListItem\",\"position\":1,\"name\":\"Portada\",\"item\":\"https:\/\/www.monlau.com\/fp\/ca\/inici\/\"},{\"@type\":\"ListItem\",\"position\":2,\"name\":\"Celebramos la graduaci\u00f3n de Automoci\u00f3n, Inform\u00e1tica y Marketing y Publicidad\"}]},{\"@type\":\"WebSite\",\"@id\":\"https:\/\/www.monlau.com\/fp\/ca\/#website\",\"url\":\"https:\/\/www.monlau.com\/fp\/ca\/\",\"name\":\"Formaci\u00f3n profesional\",\"description\":\"Monlau\",\"publisher\":{\"@id\":\"https:\/\/www.monlau.com\/fp\/ca\/#organization\"},\"potentialAction\":[{\"@type\":\"SearchAction\",\"target\":{\"@type\":\"EntryPoint\",\"urlTemplate\":\"https:\/\/www.monlau.com\/fp\/ca\/?s={search_term_string}\"},\"query-input\":{\"@type\":\"PropertyValueSpecification\",\"valueRequired\":true,\"valueName\":\"search_term_string\"}}],\"inLanguage\":\"ca\"},{\"@type\":\"Organization\",\"@id\":\"https:\/\/www.monlau.com\/fp\/ca\/#organization\",\"name\":\"Formaci\u00f3n profesional\",\"url\":\"https:\/\/www.monlau.com\/fp\/ca\/\",\"logo\":{\"@type\":\"ImageObject\",\"inLanguage\":\"ca\",\"@id\":\"https:\/\/www.monlau.com\/fp\/ca\/#\/schema\/logo\/image\/\",\"url\":\"https:\/\/www.monlau.com\/app\/uploads\/sites\/3\/2026\/01\/fp.png\",\"contentUrl\":\"https:\/\/www.monlau.com\/app\/uploads\/sites\/3\/2026\/01\/fp.png\",\"width\":1024,\"height\":878,\"caption\":\"Formaci\u00f3n profesional\"},\"image\":{\"@id\":\"https:\/\/www.monlau.com\/fp\/ca\/#\/schema\/logo\/image\/\"}},{\"@type\":\"Person\",\"@id\":\"https:\/\/www.monlau.com\/fp\/ca\/#\/schema\/person\/419cfdf054323e24e0a2ef1d8597f051\",\"name\":\"adsmurai\",\"image\":{\"@type\":\"ImageObject\",\"inLanguage\":\"ca\",\"@id\":\"https:\/\/secure.gravatar.com\/avatar\/0748788578f91786454454fa3b4c295644edb991ad6caadc70b41d26790d38fc?s=96&d=mm&r=g\",\"url\":\"https:\/\/secure.gravatar.com\/avatar\/0748788578f91786454454fa3b4c295644edb991ad6caadc70b41d26790d38fc?s=96&d=mm&r=g\",\"contentUrl\":\"https:\/\/secure.gravatar.com\/avatar\/0748788578f91786454454fa3b4c295644edb991ad6caadc70b41d26790d38fc?s=96&d=mm&r=g\",\"caption\":\"adsmurai\"},\"sameAs\":[\"https:\/\/www.monlau.com\"],\"url\":\"https:\/\/www.monlau.com\/fp\/ca\/author\/adsmurai\/\"}]}<\/script>\n<!-- \/ Yoast SEO plugin. -->","yoast_head_json":{"title":"Celebramos la graduaci\u00f3n de Automoci\u00f3n, Inform\u00e1tica y Marketing y Publicidad - Formaci\u00f3n profesional","robots":{"index":"index","follow":"follow","max-snippet":"max-snippet:-1","max-image-preview":"max-image-preview:large","max-video-preview":"max-video-preview:-1"},"canonical":"https:\/\/www.monlau.com\/fp\/ca\/2024\/06\/21\/celebramos-la-graduacion-de-automocion-informatica-y-marketing-y-publicidad\/","og_locale":"ca_ES","og_type":"article","og_title":"Celebramos la graduaci\u00f3n de Automoci\u00f3n, Inform\u00e1tica y Marketing y Publicidad - Formaci\u00f3n profesional","og_description":"Celebramos la graduaci\u00f3n y la llegada de nuevos profesionales al sector del Marketing y Publicidad, Inform\u00e1tica y Automoci\u00f3n&#8230; Este a\u00f1o, celebramos con orgullo los logros de nuestros estudiantes en tres \u00e1reas fundamentales para el futuro: Marketing y Publicidad, Automoci\u00f3n e Inform\u00e1tica&#8230; Cada una de estas disciplinas no solo representa una profesi\u00f3n vital en el mundo [&hellip;]","og_url":"https:\/\/www.monlau.com\/fp\/ca\/2024\/06\/21\/celebramos-la-graduacion-de-automocion-informatica-y-marketing-y-publicidad\/","og_site_name":"Formaci\u00f3n profesional","article_published_time":"2024-06-20T22:00:00+00:00","article_modified_time":"2026-03-10T09:03:28+00:00","og_image":[{"width":917,"height":581,"url":"https:\/\/www.monlau.com\/app\/uploads\/sites\/3\/2026\/03\/Bienvenida-por-Iban-Ventura.png","type":"image\/png"}],"author":"adsmurai","twitter_card":"summary_large_image","twitter_misc":{"Escrit per":"adsmurai","Temps estimat de lectura":"5 minuts"},"schema":{"@context":"https:\/\/schema.org","@graph":[{"@type":"Article","@id":"https:\/\/www.monlau.com\/fp\/ca\/2024\/06\/21\/celebramos-la-graduacion-de-automocion-informatica-y-marketing-y-publicidad\/#article","isPartOf":{"@id":"https:\/\/www.monlau.com\/fp\/ca\/2024\/06\/21\/celebramos-la-graduacion-de-automocion-informatica-y-marketing-y-publicidad\/"},"author":{"name":"adsmurai","@id":"https:\/\/www.monlau.com\/fp\/ca\/#\/schema\/person\/419cfdf054323e24e0a2ef1d8597f051"},"headline":"Celebramos la graduaci\u00f3n de Automoci\u00f3n, Inform\u00e1tica y Marketing y Publicidad","datePublished":"2024-06-20T22:00:00+00:00","dateModified":"2026-03-10T09:03:28+00:00","mainEntityOfPage":{"@id":"https:\/\/www.monlau.com\/fp\/ca\/2024\/06\/21\/celebramos-la-graduacion-de-automocion-informatica-y-marketing-y-publicidad\/"},"wordCount":1008,"publisher":{"@id":"https:\/\/www.monlau.com\/fp\/ca\/#organization"},"image":{"@id":"https:\/\/www.monlau.com\/fp\/ca\/2024\/06\/21\/celebramos-la-graduacion-de-automocion-informatica-y-marketing-y-publicidad\/#primaryimage"},"thumbnailUrl":"https:\/\/www.monlau.com\/app\/uploads\/sites\/3\/2026\/03\/Bienvenida-por-Iban-Ventura.png","keywords":["barcelona","carrosseria","empresas","estudios profesionales","lever touch","Postgrado"],"articleSection":["Automoci\u00f3","Empresa i M\u00e0rqueting","Inform\u00e0tica","Monlau","Postgrau"],"inLanguage":"ca"},{"@type":"WebPage","@id":"https:\/\/www.monlau.com\/fp\/ca\/2024\/06\/21\/celebramos-la-graduacion-de-automocion-informatica-y-marketing-y-publicidad\/","url":"https:\/\/www.monlau.com\/fp\/ca\/2024\/06\/21\/celebramos-la-graduacion-de-automocion-informatica-y-marketing-y-publicidad\/","name":"Celebramos la graduaci\u00f3n de Automoci\u00f3n, Inform\u00e1tica y Marketing y Publicidad - Formaci\u00f3n profesional","isPartOf":{"@id":"https:\/\/www.monlau.com\/fp\/ca\/#website"},"primaryImageOfPage":{"@id":"https:\/\/www.monlau.com\/fp\/ca\/2024\/06\/21\/celebramos-la-graduacion-de-automocion-informatica-y-marketing-y-publicidad\/#primaryimage"},"image":{"@id":"https:\/\/www.monlau.com\/fp\/ca\/2024\/06\/21\/celebramos-la-graduacion-de-automocion-informatica-y-marketing-y-publicidad\/#primaryimage"},"thumbnailUrl":"https:\/\/www.monlau.com\/app\/uploads\/sites\/3\/2026\/03\/Bienvenida-por-Iban-Ventura.png","datePublished":"2024-06-20T22:00:00+00:00","dateModified":"2026-03-10T09:03:28+00:00","breadcrumb":{"@id":"https:\/\/www.monlau.com\/fp\/ca\/2024\/06\/21\/celebramos-la-graduacion-de-automocion-informatica-y-marketing-y-publicidad\/#breadcrumb"},"inLanguage":"ca","potentialAction":[{"@type":"ReadAction","target":["https:\/\/www.monlau.com\/fp\/ca\/2024\/06\/21\/celebramos-la-graduacion-de-automocion-informatica-y-marketing-y-publicidad\/"]}]},{"@type":"ImageObject","inLanguage":"ca","@id":"https:\/\/www.monlau.com\/fp\/ca\/2024\/06\/21\/celebramos-la-graduacion-de-automocion-informatica-y-marketing-y-publicidad\/#primaryimage","url":"https:\/\/www.monlau.com\/app\/uploads\/sites\/3\/2026\/03\/Bienvenida-por-Iban-Ventura.png","contentUrl":"https:\/\/www.monlau.com\/app\/uploads\/sites\/3\/2026\/03\/Bienvenida-por-Iban-Ventura.png","width":917,"height":581},{"@type":"BreadcrumbList","@id":"https:\/\/www.monlau.com\/fp\/ca\/2024\/06\/21\/celebramos-la-graduacion-de-automocion-informatica-y-marketing-y-publicidad\/#breadcrumb","itemListElement":[{"@type":"ListItem","position":1,"name":"Portada","item":"https:\/\/www.monlau.com\/fp\/ca\/inici\/"},{"@type":"ListItem","position":2,"name":"Celebramos la graduaci\u00f3n de Automoci\u00f3n, Inform\u00e1tica y Marketing y Publicidad"}]},{"@type":"WebSite","@id":"https:\/\/www.monlau.com\/fp\/ca\/#website","url":"https:\/\/www.monlau.com\/fp\/ca\/","name":"Formaci\u00f3n profesional","description":"Monlau","publisher":{"@id":"https:\/\/www.monlau.com\/fp\/ca\/#organization"},"potentialAction":[{"@type":"SearchAction","target":{"@type":"EntryPoint","urlTemplate":"https:\/\/www.monlau.com\/fp\/ca\/?s={search_term_string}"},"query-input":{"@type":"PropertyValueSpecification","valueRequired":true,"valueName":"search_term_string"}}],"inLanguage":"ca"},{"@type":"Organization","@id":"https:\/\/www.monlau.com\/fp\/ca\/#organization","name":"Formaci\u00f3n profesional","url":"https:\/\/www.monlau.com\/fp\/ca\/","logo":{"@type":"ImageObject","inLanguage":"ca","@id":"https:\/\/www.monlau.com\/fp\/ca\/#\/schema\/logo\/image\/","url":"https:\/\/www.monlau.com\/app\/uploads\/sites\/3\/2026\/01\/fp.png","contentUrl":"https:\/\/www.monlau.com\/app\/uploads\/sites\/3\/2026\/01\/fp.png","width":1024,"height":878,"caption":"Formaci\u00f3n profesional"},"image":{"@id":"https:\/\/www.monlau.com\/fp\/ca\/#\/schema\/logo\/image\/"}},{"@type":"Person","@id":"https:\/\/www.monlau.com\/fp\/ca\/#\/schema\/person\/419cfdf054323e24e0a2ef1d8597f051","name":"adsmurai","image":{"@type":"ImageObject","inLanguage":"ca","@id":"https:\/\/secure.gravatar.com\/avatar\/0748788578f91786454454fa3b4c295644edb991ad6caadc70b41d26790d38fc?s=96&d=mm&r=g","url":"https:\/\/secure.gravatar.com\/avatar\/0748788578f91786454454fa3b4c295644edb991ad6caadc70b41d26790d38fc?s=96&d=mm&r=g","contentUrl":"https:\/\/secure.gravatar.com\/avatar\/0748788578f91786454454fa3b4c295644edb991ad6caadc70b41d26790d38fc?s=96&d=mm&r=g","caption":"adsmurai"},"sameAs":["https:\/\/www.monlau.com"],"url":"https:\/\/www.monlau.com\/fp\/ca\/author\/adsmurai\/"}]}},"_links":{"self":[{"href":"https:\/\/www.monlau.com\/fp\/ca\/wp-json\/wp\/v2\/posts\/6306","targetHints":{"allow":["GET"]}}],"collection":[{"href":"https:\/\/www.monlau.com\/fp\/ca\/wp-json\/wp\/v2\/posts"}],"about":[{"href":"https:\/\/www.monlau.com\/fp\/ca\/wp-json\/wp\/v2\/types\/post"}],"author":[{"embeddable":true,"href":"https:\/\/www.monlau.com\/fp\/ca\/wp-json\/wp\/v2\/users\/1"}],"replies":[{"embeddable":true,"href":"https:\/\/www.monlau.com\/fp\/ca\/wp-json\/wp\/v2\/comments?post=6306"}],"version-history":[{"count":1,"href":"https:\/\/www.monlau.com\/fp\/ca\/wp-json\/wp\/v2\/posts\/6306\/revisions"}],"predecessor-version":[{"id":6370,"href":"https:\/\/www.monlau.com\/fp\/ca\/wp-json\/wp\/v2\/posts\/6306\/revisions\/6370"}],"wp:featuredmedia":[{"embeddable":true,"href":"https:\/\/www.monlau.com\/fp\/ca\/wp-json\/wp\/v2\/media\/3693"}],"wp:attachment":[{"href":"https:\/\/www.monlau.com\/fp\/ca\/wp-json\/wp\/v2\/media?parent=6306"}],"wp:term":[{"taxonomy":"category","embeddable":true,"href":"https:\/\/www.monlau.com\/fp\/ca\/wp-json\/wp\/v2\/categories?post=6306"},{"taxonomy":"post_tag","embeddable":true,"href":"https:\/\/www.monlau.com\/fp\/ca\/wp-json\/wp\/v2\/tags?post=6306"}],"curies":[{"name":"wp","href":"https:\/\/api.w.org\/{rel}","templated":true}]}}