{"id":6297,"date":"2023-04-21T00:00:00","date_gmt":"2023-04-20T22:00:00","guid":{"rendered":"https:\/\/www.monlau.com\/formacion-profesional\/s-acosta-la-2a-jornada-de-l-automocio-de-monlau\/"},"modified":"2026-03-10T10:03:29","modified_gmt":"2026-03-10T09:03:29","slug":"s-acosta-la-2a-jornada-de-l-automocio-de-monlau","status":"publish","type":"post","link":"https:\/\/www.monlau.com\/fp\/ca\/2023\/04\/21\/s-acosta-la-2a-jornada-de-l-automocio-de-monlau\/","title":{"rendered":"S&#8217;acosta la 2\u00aa Jornada de l&#8217;Automoci\u00f3 de Monlau"},"content":{"rendered":"<p>Ja tenim data per a la Jornada d&#8217;Automoci\u00f3!<\/p>\n<p><strong>Reserva la data perqu\u00e8 el pr\u00f2xim 30 de maig t&#8217;esperem en les instal\u00b7lacions de <a href=\"https:\/\/nurburgreen.net\/\">N\u00fcrburgreen Indoor, el Karting 100% el\u00e8ctric m\u00e9s avan\u00e7at d&#8217;Europa<\/a>, per a celebrar aquesta jornada que vol reunir a alumnxs i empreses de l&#8217;Automoci\u00f3.<\/strong><\/p>\n<p>Aquest esdeveniment \u00e9s una oportunitat \u00fanica per a lxs alumnxs dels <a href=\"https:\/\/www.monlau.com\/formacio-professional\/area-automocio\/?lang=ca\">cicles de Formaci\u00f3 Professional d&#8217;Automoci\u00f3<\/a>, ja que els permetr\u00e0 exposar els seus projectes i mostrar tot el seu potencial a les empreses del sector que assistiran.<\/p>\n<p>El sector de l&#8217;automoci\u00f3 \u00e9s un dels m\u00e9s rellevants i, per aix\u00f2, \u00e9s imprescindible que els futurs professionals estiguin al dia en les \u00faltimes tecnologies i tend\u00e8ncies. Durant aquesta jornada, <strong>els estudiants tindran l&#8217;oportunitat de presentar els seus projectes i exposar el treball que han estat realitzant durant el curs a empreses del sector i rebre un feedback valu\u00f3s de professionals amb experi\u00e8ncia en el camp.<\/strong> A m\u00e9s, podran con\u00e8ixer a molta gent i ampliar la seva xarxa de contactes, una cosa fonamental en un sector tan competitiu com aquest.<\/p>\n<p>L&#8217;any passat va ser tot un \u00e8xit i no esperem menys en aquesta edici\u00f3. Els nostres alumnxs tenen molt\u00edssim potencial i van millorant dia a dia! Us ho vam demostrar amb una petita mostra del que *nuestrxs *alumnxs van aconseguir fa un any en la Festa de l&#8217;Automoci\u00f3:<\/p>\n<h3>Les empreses d&#8217;Automoci\u00f3 prenen l&#8217;esdeveniment<\/h3>\n<p>Les empreses del sector tamb\u00e9 tindran l&#8217;oportunitat de con\u00e8ixer de prop el potencial de *lxs *alumnxs de *Monlau i estar en contacte amb futurs professionals. Et donem 3 motius per a participar:<\/p>\n<ul>\n<li>Captaci\u00f3 de talent: uns 700 alumnes presenten m\u00e9s de 170 projectes finals. Els futurs professionals de l&#8217;Automoci\u00f3 s\u00f3n aqu\u00ed. Amb speed meetings i entrevistes personals.<\/li>\n<li>Presentacions i demostracions: Converteix-te en expositor de la fira amb el teu estand per a presentar els teus productes o serveis.<\/li>\n<li>Confer\u00e8ncies i xerrades: Ets expert\/a en el sector? Vols impartir una pon\u00e8ncia durant l&#8217;esdeveniment? Explica&#8217;ns la teva idea i t&#8217;assignarem un horari i un espai per a aix\u00f2!<\/li>\n<\/ul>\n<p>Aqu\u00ed podr\u00e0s veure qu\u00e8 opinen les empreses que van assistir a l&#8217;edici\u00f3 passada:<\/p>\n<p>&nbsp;<\/p>\n<p>Si ets una empresa del sector de l&#8217;Automoci\u00f3, no pots perdre&#8217;t la segona Jornada de l&#8217;Automoci\u00f3 de Monlau FP. Si vols assistir i participar activament de l&#8217;esdeveniment, escriu-nos a promolaboral@monlau.com , i t&#8217;ajudarem en l&#8217;organitzaci\u00f3.<\/p>\n<p>No t&#8217;ho perdis!<\/p>\n<p><strong>#SaveTheDate<\/strong><\/p>\n","protected":false},"excerpt":{"rendered":"<p>Ja tenim data per a la Jornada d&#8217;Automoci\u00f3! Reserva la data perqu\u00e8 el pr\u00f2xim 30 de maig t&#8217;esperem en les instal\u00b7lacions de N\u00fcrburgreen Indoor, el Karting 100% el\u00e8ctric m\u00e9s avan\u00e7at d&#8217;Europa, per a celebrar aquesta jornada que vol reunir a alumnxs i empreses de l&#8217;Automoci\u00f3. Aquest esdeveniment \u00e9s una oportunitat \u00fanica per a lxs alumnxs [&hellip;]<\/p>\n","protected":false},"author":1,"featured_media":3656,"comment_status":"closed","ping_status":"closed","sticky":false,"template":"","format":"standard","meta":{"footnotes":""},"categories":[252],"tags":[294,264,281,451,452],"class_list":["post-6297","post","type-post","status-publish","format-standard","has-post-thumbnail","hentry","category-automocio","tag-empresas","tag-formacio-professional","tag-monlau","tag-nurburgreen","tag-proyectos"],"yoast_head":"<!-- This site is optimized with the Yoast SEO plugin v27.2 - https:\/\/yoast.com\/product\/yoast-seo-wordpress\/ -->\n<title>S&#039;acosta la 2\u00aa Jornada de l&#039;Automoci\u00f3 de Monlau - Formaci\u00f3n profesional<\/title>\n<meta name=\"robots\" content=\"index, follow, max-snippet:-1, max-image-preview:large, max-video-preview:-1\" \/>\n<link rel=\"canonical\" href=\"https:\/\/www.monlau.com\/fp\/ca\/2023\/04\/21\/s-acosta-la-2a-jornada-de-l-automocio-de-monlau\/\" \/>\n<meta property=\"og:locale\" content=\"ca_ES\" \/>\n<meta property=\"og:type\" content=\"article\" \/>\n<meta property=\"og:title\" content=\"S&#039;acosta la 2\u00aa Jornada de l&#039;Automoci\u00f3 de Monlau - Formaci\u00f3n profesional\" \/>\n<meta property=\"og:description\" content=\"Ja tenim data per a la Jornada d&#8217;Automoci\u00f3! Reserva la data perqu\u00e8 el pr\u00f2xim 30 de maig t&#8217;esperem en les instal\u00b7lacions de N\u00fcrburgreen Indoor, el Karting 100% el\u00e8ctric m\u00e9s avan\u00e7at d&#8217;Europa, per a celebrar aquesta jornada que vol reunir a alumnxs i empreses de l&#8217;Automoci\u00f3. Aquest esdeveniment \u00e9s una oportunitat \u00fanica per a lxs alumnxs [&hellip;]\" \/>\n<meta property=\"og:url\" content=\"https:\/\/www.monlau.com\/fp\/ca\/2023\/04\/21\/s-acosta-la-2a-jornada-de-l-automocio-de-monlau\/\" \/>\n<meta property=\"og:site_name\" content=\"Formaci\u00f3n profesional\" \/>\n<meta property=\"article:published_time\" content=\"2023-04-20T22:00:00+00:00\" \/>\n<meta property=\"article:modified_time\" content=\"2026-03-10T09:03:29+00:00\" \/>\n<meta property=\"og:image\" content=\"https:\/\/www.monlau.com\/app\/uploads\/sites\/3\/2026\/03\/Jornada-de-lAutomocio-SAVE-THE-DATE.jpg\" \/>\n\t<meta property=\"og:image:width\" content=\"750\" \/>\n\t<meta property=\"og:image:height\" content=\"500\" \/>\n\t<meta property=\"og:image:type\" content=\"image\/jpeg\" \/>\n<meta name=\"author\" content=\"adsmurai\" \/>\n<meta name=\"twitter:card\" content=\"summary_large_image\" \/>\n<meta name=\"twitter:label1\" content=\"Escrit per\" \/>\n\t<meta name=\"twitter:data1\" content=\"adsmurai\" \/>\n\t<meta name=\"twitter:label2\" content=\"Temps estimat de lectura\" \/>\n\t<meta name=\"twitter:data2\" content=\"2 minuts\" \/>\n<script type=\"application\/ld+json\" class=\"yoast-schema-graph\">{\"@context\":\"https:\/\/schema.org\",\"@graph\":[{\"@type\":\"Article\",\"@id\":\"https:\/\/www.monlau.com\/fp\/ca\/2023\/04\/21\/s-acosta-la-2a-jornada-de-l-automocio-de-monlau\/#article\",\"isPartOf\":{\"@id\":\"https:\/\/www.monlau.com\/fp\/ca\/2023\/04\/21\/s-acosta-la-2a-jornada-de-l-automocio-de-monlau\/\"},\"author\":{\"name\":\"adsmurai\",\"@id\":\"https:\/\/www.monlau.com\/fp\/ca\/#\/schema\/person\/419cfdf054323e24e0a2ef1d8597f051\"},\"headline\":\"S&#8217;acosta la 2\u00aa Jornada de l&#8217;Automoci\u00f3 de Monlau\",\"datePublished\":\"2023-04-20T22:00:00+00:00\",\"dateModified\":\"2026-03-10T09:03:29+00:00\",\"mainEntityOfPage\":{\"@id\":\"https:\/\/www.monlau.com\/fp\/ca\/2023\/04\/21\/s-acosta-la-2a-jornada-de-l-automocio-de-monlau\/\"},\"wordCount\":433,\"publisher\":{\"@id\":\"https:\/\/www.monlau.com\/fp\/ca\/#organization\"},\"image\":{\"@id\":\"https:\/\/www.monlau.com\/fp\/ca\/2023\/04\/21\/s-acosta-la-2a-jornada-de-l-automocio-de-monlau\/#primaryimage\"},\"thumbnailUrl\":\"https:\/\/www.monlau.com\/app\/uploads\/sites\/3\/2026\/03\/Jornada-de-lAutomocio-SAVE-THE-DATE.jpg\",\"keywords\":[\"empresas\",\"formaci\u00f3 professional\",\"Monlau\",\"N\u00fcrburgreen\",\"proyectos\"],\"articleSection\":[\"Automoci\u00f3\"],\"inLanguage\":\"ca\"},{\"@type\":\"WebPage\",\"@id\":\"https:\/\/www.monlau.com\/fp\/ca\/2023\/04\/21\/s-acosta-la-2a-jornada-de-l-automocio-de-monlau\/\",\"url\":\"https:\/\/www.monlau.com\/fp\/ca\/2023\/04\/21\/s-acosta-la-2a-jornada-de-l-automocio-de-monlau\/\",\"name\":\"S'acosta la 2\u00aa Jornada de l'Automoci\u00f3 de Monlau - Formaci\u00f3n profesional\",\"isPartOf\":{\"@id\":\"https:\/\/www.monlau.com\/fp\/ca\/#website\"},\"primaryImageOfPage\":{\"@id\":\"https:\/\/www.monlau.com\/fp\/ca\/2023\/04\/21\/s-acosta-la-2a-jornada-de-l-automocio-de-monlau\/#primaryimage\"},\"image\":{\"@id\":\"https:\/\/www.monlau.com\/fp\/ca\/2023\/04\/21\/s-acosta-la-2a-jornada-de-l-automocio-de-monlau\/#primaryimage\"},\"thumbnailUrl\":\"https:\/\/www.monlau.com\/app\/uploads\/sites\/3\/2026\/03\/Jornada-de-lAutomocio-SAVE-THE-DATE.jpg\",\"datePublished\":\"2023-04-20T22:00:00+00:00\",\"dateModified\":\"2026-03-10T09:03:29+00:00\",\"breadcrumb\":{\"@id\":\"https:\/\/www.monlau.com\/fp\/ca\/2023\/04\/21\/s-acosta-la-2a-jornada-de-l-automocio-de-monlau\/#breadcrumb\"},\"inLanguage\":\"ca\",\"potentialAction\":[{\"@type\":\"ReadAction\",\"target\":[\"https:\/\/www.monlau.com\/fp\/ca\/2023\/04\/21\/s-acosta-la-2a-jornada-de-l-automocio-de-monlau\/\"]}]},{\"@type\":\"ImageObject\",\"inLanguage\":\"ca\",\"@id\":\"https:\/\/www.monlau.com\/fp\/ca\/2023\/04\/21\/s-acosta-la-2a-jornada-de-l-automocio-de-monlau\/#primaryimage\",\"url\":\"https:\/\/www.monlau.com\/app\/uploads\/sites\/3\/2026\/03\/Jornada-de-lAutomocio-SAVE-THE-DATE.jpg\",\"contentUrl\":\"https:\/\/www.monlau.com\/app\/uploads\/sites\/3\/2026\/03\/Jornada-de-lAutomocio-SAVE-THE-DATE.jpg\",\"width\":750,\"height\":500},{\"@type\":\"BreadcrumbList\",\"@id\":\"https:\/\/www.monlau.com\/fp\/ca\/2023\/04\/21\/s-acosta-la-2a-jornada-de-l-automocio-de-monlau\/#breadcrumb\",\"itemListElement\":[{\"@type\":\"ListItem\",\"position\":1,\"name\":\"Portada\",\"item\":\"https:\/\/www.monlau.com\/fp\/ca\/inici\/\"},{\"@type\":\"ListItem\",\"position\":2,\"name\":\"S&#8217;acosta la 2\u00aa Jornada de l&#8217;Automoci\u00f3 de Monlau\"}]},{\"@type\":\"WebSite\",\"@id\":\"https:\/\/www.monlau.com\/fp\/ca\/#website\",\"url\":\"https:\/\/www.monlau.com\/fp\/ca\/\",\"name\":\"Formaci\u00f3n profesional\",\"description\":\"Monlau\",\"publisher\":{\"@id\":\"https:\/\/www.monlau.com\/fp\/ca\/#organization\"},\"potentialAction\":[{\"@type\":\"SearchAction\",\"target\":{\"@type\":\"EntryPoint\",\"urlTemplate\":\"https:\/\/www.monlau.com\/fp\/ca\/?s={search_term_string}\"},\"query-input\":{\"@type\":\"PropertyValueSpecification\",\"valueRequired\":true,\"valueName\":\"search_term_string\"}}],\"inLanguage\":\"ca\"},{\"@type\":\"Organization\",\"@id\":\"https:\/\/www.monlau.com\/fp\/ca\/#organization\",\"name\":\"Formaci\u00f3n profesional\",\"url\":\"https:\/\/www.monlau.com\/fp\/ca\/\",\"logo\":{\"@type\":\"ImageObject\",\"inLanguage\":\"ca\",\"@id\":\"https:\/\/www.monlau.com\/fp\/ca\/#\/schema\/logo\/image\/\",\"url\":\"https:\/\/www.monlau.com\/app\/uploads\/sites\/3\/2026\/01\/fp.png\",\"contentUrl\":\"https:\/\/www.monlau.com\/app\/uploads\/sites\/3\/2026\/01\/fp.png\",\"width\":1024,\"height\":878,\"caption\":\"Formaci\u00f3n profesional\"},\"image\":{\"@id\":\"https:\/\/www.monlau.com\/fp\/ca\/#\/schema\/logo\/image\/\"}},{\"@type\":\"Person\",\"@id\":\"https:\/\/www.monlau.com\/fp\/ca\/#\/schema\/person\/419cfdf054323e24e0a2ef1d8597f051\",\"name\":\"adsmurai\",\"image\":{\"@type\":\"ImageObject\",\"inLanguage\":\"ca\",\"@id\":\"https:\/\/secure.gravatar.com\/avatar\/0748788578f91786454454fa3b4c295644edb991ad6caadc70b41d26790d38fc?s=96&d=mm&r=g\",\"url\":\"https:\/\/secure.gravatar.com\/avatar\/0748788578f91786454454fa3b4c295644edb991ad6caadc70b41d26790d38fc?s=96&d=mm&r=g\",\"contentUrl\":\"https:\/\/secure.gravatar.com\/avatar\/0748788578f91786454454fa3b4c295644edb991ad6caadc70b41d26790d38fc?s=96&d=mm&r=g\",\"caption\":\"adsmurai\"},\"sameAs\":[\"https:\/\/www.monlau.com\"],\"url\":\"https:\/\/www.monlau.com\/fp\/ca\/author\/adsmurai\/\"}]}<\/script>\n<!-- \/ Yoast SEO plugin. -->","yoast_head_json":{"title":"S'acosta la 2\u00aa Jornada de l'Automoci\u00f3 de Monlau - Formaci\u00f3n profesional","robots":{"index":"index","follow":"follow","max-snippet":"max-snippet:-1","max-image-preview":"max-image-preview:large","max-video-preview":"max-video-preview:-1"},"canonical":"https:\/\/www.monlau.com\/fp\/ca\/2023\/04\/21\/s-acosta-la-2a-jornada-de-l-automocio-de-monlau\/","og_locale":"ca_ES","og_type":"article","og_title":"S'acosta la 2\u00aa Jornada de l'Automoci\u00f3 de Monlau - Formaci\u00f3n profesional","og_description":"Ja tenim data per a la Jornada d&#8217;Automoci\u00f3! Reserva la data perqu\u00e8 el pr\u00f2xim 30 de maig t&#8217;esperem en les instal\u00b7lacions de N\u00fcrburgreen Indoor, el Karting 100% el\u00e8ctric m\u00e9s avan\u00e7at d&#8217;Europa, per a celebrar aquesta jornada que vol reunir a alumnxs i empreses de l&#8217;Automoci\u00f3. Aquest esdeveniment \u00e9s una oportunitat \u00fanica per a lxs alumnxs [&hellip;]","og_url":"https:\/\/www.monlau.com\/fp\/ca\/2023\/04\/21\/s-acosta-la-2a-jornada-de-l-automocio-de-monlau\/","og_site_name":"Formaci\u00f3n profesional","article_published_time":"2023-04-20T22:00:00+00:00","article_modified_time":"2026-03-10T09:03:29+00:00","og_image":[{"width":750,"height":500,"url":"https:\/\/www.monlau.com\/app\/uploads\/sites\/3\/2026\/03\/Jornada-de-lAutomocio-SAVE-THE-DATE.jpg","type":"image\/jpeg"}],"author":"adsmurai","twitter_card":"summary_large_image","twitter_misc":{"Escrit per":"adsmurai","Temps estimat de lectura":"2 minuts"},"schema":{"@context":"https:\/\/schema.org","@graph":[{"@type":"Article","@id":"https:\/\/www.monlau.com\/fp\/ca\/2023\/04\/21\/s-acosta-la-2a-jornada-de-l-automocio-de-monlau\/#article","isPartOf":{"@id":"https:\/\/www.monlau.com\/fp\/ca\/2023\/04\/21\/s-acosta-la-2a-jornada-de-l-automocio-de-monlau\/"},"author":{"name":"adsmurai","@id":"https:\/\/www.monlau.com\/fp\/ca\/#\/schema\/person\/419cfdf054323e24e0a2ef1d8597f051"},"headline":"S&#8217;acosta la 2\u00aa Jornada de l&#8217;Automoci\u00f3 de Monlau","datePublished":"2023-04-20T22:00:00+00:00","dateModified":"2026-03-10T09:03:29+00:00","mainEntityOfPage":{"@id":"https:\/\/www.monlau.com\/fp\/ca\/2023\/04\/21\/s-acosta-la-2a-jornada-de-l-automocio-de-monlau\/"},"wordCount":433,"publisher":{"@id":"https:\/\/www.monlau.com\/fp\/ca\/#organization"},"image":{"@id":"https:\/\/www.monlau.com\/fp\/ca\/2023\/04\/21\/s-acosta-la-2a-jornada-de-l-automocio-de-monlau\/#primaryimage"},"thumbnailUrl":"https:\/\/www.monlau.com\/app\/uploads\/sites\/3\/2026\/03\/Jornada-de-lAutomocio-SAVE-THE-DATE.jpg","keywords":["empresas","formaci\u00f3 professional","Monlau","N\u00fcrburgreen","proyectos"],"articleSection":["Automoci\u00f3"],"inLanguage":"ca"},{"@type":"WebPage","@id":"https:\/\/www.monlau.com\/fp\/ca\/2023\/04\/21\/s-acosta-la-2a-jornada-de-l-automocio-de-monlau\/","url":"https:\/\/www.monlau.com\/fp\/ca\/2023\/04\/21\/s-acosta-la-2a-jornada-de-l-automocio-de-monlau\/","name":"S'acosta la 2\u00aa Jornada de l'Automoci\u00f3 de Monlau - Formaci\u00f3n profesional","isPartOf":{"@id":"https:\/\/www.monlau.com\/fp\/ca\/#website"},"primaryImageOfPage":{"@id":"https:\/\/www.monlau.com\/fp\/ca\/2023\/04\/21\/s-acosta-la-2a-jornada-de-l-automocio-de-monlau\/#primaryimage"},"image":{"@id":"https:\/\/www.monlau.com\/fp\/ca\/2023\/04\/21\/s-acosta-la-2a-jornada-de-l-automocio-de-monlau\/#primaryimage"},"thumbnailUrl":"https:\/\/www.monlau.com\/app\/uploads\/sites\/3\/2026\/03\/Jornada-de-lAutomocio-SAVE-THE-DATE.jpg","datePublished":"2023-04-20T22:00:00+00:00","dateModified":"2026-03-10T09:03:29+00:00","breadcrumb":{"@id":"https:\/\/www.monlau.com\/fp\/ca\/2023\/04\/21\/s-acosta-la-2a-jornada-de-l-automocio-de-monlau\/#breadcrumb"},"inLanguage":"ca","potentialAction":[{"@type":"ReadAction","target":["https:\/\/www.monlau.com\/fp\/ca\/2023\/04\/21\/s-acosta-la-2a-jornada-de-l-automocio-de-monlau\/"]}]},{"@type":"ImageObject","inLanguage":"ca","@id":"https:\/\/www.monlau.com\/fp\/ca\/2023\/04\/21\/s-acosta-la-2a-jornada-de-l-automocio-de-monlau\/#primaryimage","url":"https:\/\/www.monlau.com\/app\/uploads\/sites\/3\/2026\/03\/Jornada-de-lAutomocio-SAVE-THE-DATE.jpg","contentUrl":"https:\/\/www.monlau.com\/app\/uploads\/sites\/3\/2026\/03\/Jornada-de-lAutomocio-SAVE-THE-DATE.jpg","width":750,"height":500},{"@type":"BreadcrumbList","@id":"https:\/\/www.monlau.com\/fp\/ca\/2023\/04\/21\/s-acosta-la-2a-jornada-de-l-automocio-de-monlau\/#breadcrumb","itemListElement":[{"@type":"ListItem","position":1,"name":"Portada","item":"https:\/\/www.monlau.com\/fp\/ca\/inici\/"},{"@type":"ListItem","position":2,"name":"S&#8217;acosta la 2\u00aa Jornada de l&#8217;Automoci\u00f3 de Monlau"}]},{"@type":"WebSite","@id":"https:\/\/www.monlau.com\/fp\/ca\/#website","url":"https:\/\/www.monlau.com\/fp\/ca\/","name":"Formaci\u00f3n profesional","description":"Monlau","publisher":{"@id":"https:\/\/www.monlau.com\/fp\/ca\/#organization"},"potentialAction":[{"@type":"SearchAction","target":{"@type":"EntryPoint","urlTemplate":"https:\/\/www.monlau.com\/fp\/ca\/?s={search_term_string}"},"query-input":{"@type":"PropertyValueSpecification","valueRequired":true,"valueName":"search_term_string"}}],"inLanguage":"ca"},{"@type":"Organization","@id":"https:\/\/www.monlau.com\/fp\/ca\/#organization","name":"Formaci\u00f3n profesional","url":"https:\/\/www.monlau.com\/fp\/ca\/","logo":{"@type":"ImageObject","inLanguage":"ca","@id":"https:\/\/www.monlau.com\/fp\/ca\/#\/schema\/logo\/image\/","url":"https:\/\/www.monlau.com\/app\/uploads\/sites\/3\/2026\/01\/fp.png","contentUrl":"https:\/\/www.monlau.com\/app\/uploads\/sites\/3\/2026\/01\/fp.png","width":1024,"height":878,"caption":"Formaci\u00f3n profesional"},"image":{"@id":"https:\/\/www.monlau.com\/fp\/ca\/#\/schema\/logo\/image\/"}},{"@type":"Person","@id":"https:\/\/www.monlau.com\/fp\/ca\/#\/schema\/person\/419cfdf054323e24e0a2ef1d8597f051","name":"adsmurai","image":{"@type":"ImageObject","inLanguage":"ca","@id":"https:\/\/secure.gravatar.com\/avatar\/0748788578f91786454454fa3b4c295644edb991ad6caadc70b41d26790d38fc?s=96&d=mm&r=g","url":"https:\/\/secure.gravatar.com\/avatar\/0748788578f91786454454fa3b4c295644edb991ad6caadc70b41d26790d38fc?s=96&d=mm&r=g","contentUrl":"https:\/\/secure.gravatar.com\/avatar\/0748788578f91786454454fa3b4c295644edb991ad6caadc70b41d26790d38fc?s=96&d=mm&r=g","caption":"adsmurai"},"sameAs":["https:\/\/www.monlau.com"],"url":"https:\/\/www.monlau.com\/fp\/ca\/author\/adsmurai\/"}]}},"_links":{"self":[{"href":"https:\/\/www.monlau.com\/fp\/ca\/wp-json\/wp\/v2\/posts\/6297","targetHints":{"allow":["GET"]}}],"collection":[{"href":"https:\/\/www.monlau.com\/fp\/ca\/wp-json\/wp\/v2\/posts"}],"about":[{"href":"https:\/\/www.monlau.com\/fp\/ca\/wp-json\/wp\/v2\/types\/post"}],"author":[{"embeddable":true,"href":"https:\/\/www.monlau.com\/fp\/ca\/wp-json\/wp\/v2\/users\/1"}],"replies":[{"embeddable":true,"href":"https:\/\/www.monlau.com\/fp\/ca\/wp-json\/wp\/v2\/comments?post=6297"}],"version-history":[{"count":1,"href":"https:\/\/www.monlau.com\/fp\/ca\/wp-json\/wp\/v2\/posts\/6297\/revisions"}],"predecessor-version":[{"id":6384,"href":"https:\/\/www.monlau.com\/fp\/ca\/wp-json\/wp\/v2\/posts\/6297\/revisions\/6384"}],"wp:featuredmedia":[{"embeddable":true,"href":"https:\/\/www.monlau.com\/fp\/ca\/wp-json\/wp\/v2\/media\/3656"}],"wp:attachment":[{"href":"https:\/\/www.monlau.com\/fp\/ca\/wp-json\/wp\/v2\/media?parent=6297"}],"wp:term":[{"taxonomy":"category","embeddable":true,"href":"https:\/\/www.monlau.com\/fp\/ca\/wp-json\/wp\/v2\/categories?post=6297"},{"taxonomy":"post_tag","embeddable":true,"href":"https:\/\/www.monlau.com\/fp\/ca\/wp-json\/wp\/v2\/tags?post=6297"}],"curies":[{"name":"wp","href":"https:\/\/api.w.org\/{rel}","templated":true}]}}