{"id":6296,"date":"2023-01-18T00:00:00","date_gmt":"2023-01-17T23:00:00","guid":{"rendered":"https:\/\/www.monlau.com\/formacion-profesional\/les-professions-que-han-dapostar-per-la-tecnologia\/"},"modified":"2026-03-10T10:03:29","modified_gmt":"2026-03-10T09:03:29","slug":"les-professions-que-han-dapostar-per-la-tecnologia","status":"publish","type":"post","link":"https:\/\/www.monlau.com\/fp\/ca\/2023\/01\/18\/les-professions-que-han-dapostar-per-la-tecnologia\/","title":{"rendered":"Les professions que han d&#8217;apostar per la tecnologia"},"content":{"rendered":"<p>La societat va evolucionant i per aix\u00f2 hem d&#8217;adaptar-nos a les noves compet\u00e8ncies com vam fer anteriorment amb els idiomes o les noves tecnologies. Els recents informes de la Uni\u00f3 Europea destaquen que en la majoria dels llocs de treball requereixen compet\u00e8ncies digitals.<\/p>\n<p>Al llarg de l&#8217;any 2022 es van crear m\u00e9s de 2 milions de llocs de treball d&#8217;especialistes TIC a la Uni\u00f3 Europea, per\u00f2 aquestes dades han estat insuficients. Si parlem d&#8217;Espanya, m\u00e9s de 120.000 llocs per a perfils tecnol\u00f2gics es van quedar per cobrir l&#8217;any passat.<\/p>\n<p><strong>Per aix\u00f2 en Monlau la nostra oferta educativa est\u00e0 en constant actualitzaci\u00f3 per a poder formar a futurs t\u00e8cnics amb les millors eines que actualment hi ha en el mercat.<\/strong><\/p>\n<p>Des d&#8217;Ironhack escola l\u00edder de formaci\u00f3 tecnol\u00f2gica, revelen les sis professions que han d&#8217;apostar per l&#8217;upskilling en habilitats digitals amb l&#8217;objectiu de millorar el seu perfil professional que s\u00f3n els seg\u00fcents:<\/p>\n<ol>\n<li><strong>M\u00e0rqueting<\/strong><\/li>\n<\/ol>\n<p>Gaireb\u00e9 el 90% de les empreses t\u00e9 una \u00e0rea de m\u00e0rqueting digital i actualment \u00e9s una pe\u00e7a clau de l&#8217;estrat\u00e8gia comercial. \u00c9s per aix\u00f2 que un professional d&#8217;aquesta \u00e0rea necessita anar al mateix ritme que l&#8217;evoluci\u00f3 digital.<\/p>\n<ol start=\"2\">\n<li><strong>Comercials<\/strong><\/li>\n<\/ol>\n<p>Avui dia \u00e9s un sector totalment digitalitzat en el qual s&#8217;imposa l&#8217;automatitzaci\u00f3 a m\u00e9s d&#8217;un sistema inform\u00e0tic per a facilitar l&#8217;atenci\u00f3 al client. Per tant, aquest sector requereix una alta destresa a l&#8217;hora d&#8217;utilitzar els programes.<\/p>\n<ol start=\"3\">\n<li><strong>Financers<\/strong><\/li>\n<\/ol>\n<p>En aquest cas \u00e9s molt important per a dissenyar i planificar els recursos empresarials per a poder entendre la relaci\u00f3 entre els elements de l&#8217;empresa i el seu impacte en el compte de resultats.<\/p>\n<ol start=\"4\">\n<li><strong>Recursos humans<\/strong><\/li>\n<\/ol>\n<p>Analitzar les dades passar\u00e0 a ser una tasca m\u00e9s per als professionals d&#8217;aquest sector per a aix\u00ed poder traslladar la informaci\u00f3 \u00fatil a la direcci\u00f3 general. Diverses startups HRTech introdueixen moltes millores als processos de recursos humans que permeten potenciar el desenvolupament professional dels treballadors.<\/p>\n<ol start=\"5\">\n<li><strong>Advocats<\/strong><\/li>\n<\/ol>\n<p>La ciberseguretat actualment est\u00e0 a l&#8217;ordre del dia i la delinq\u00fc\u00e8ncia digital est\u00e0 en creixement. Els professionals d&#8217;aquest sector han d&#8217;estar preparats per a aquesta mena de casos, i per aix\u00f2 han de refor\u00e7ar el seu coneixement en aquesta \u00e0rea.<\/p>\n<ol start=\"6\">\n<li><strong>Atenci\u00f3 al client<\/strong><\/li>\n<\/ol>\n<p>La digitalitzaci\u00f3 avan\u00e7a i cada vegada m\u00e9s empreses decideixen derivar a l&#8217;usuari a posar-se en contacte a trav\u00e9s d&#8217;un mail, un assistent virtual entre altres canals de comunicaci\u00f3 digital. Per aix\u00f2 \u00e9s molt important que els professionals del sector es formin en especialistes d&#8217;experi\u00e8ncia d&#8217;usuari per a aix\u00ed poder cobrir millor les necessitats del client.<\/p>\n<p><strong>En Monlau som coneixedors d&#8217;aquestes noves necessitats i per aix\u00f2 intentem oferir als nostres alumnes programes i eines que els ajudin a cr\u00e9ixer professionalment en el futur.<\/strong><\/p>\n<p>Es tracta d&#8217;evolucionar i adaptar-se a les necessitats del mercat per a poder cr\u00e9ixer.<\/p>\n<p>Si t&#8217;interessa la ciberseguretat, en Monlau tenim un <a href=\"https:\/\/www.monlau.com\/formacio-professional\/cursos\/especialitzacio-ciberseguretat-entorns-tecnologies-informacio-ceti\/?lang=ca\">curs d&#8217;especialitzaci\u00f3 en Ciberseguretat en Entorns de les Tecnologies de la Informaci\u00f3<\/a> en el qual et podr\u00e0s formar en empreses l\u00edders del sector.<\/p>\n<p>Suma&#8217;t a la professi\u00f3 del futur.<\/p>\n","protected":false},"excerpt":{"rendered":"<p>La societat va evolucionant i per aix\u00f2 hem d&#8217;adaptar-nos a les noves compet\u00e8ncies com vam fer anteriorment amb els idiomes o les noves tecnologies. Els recents informes de la Uni\u00f3 Europea destaquen que en la majoria dels llocs de treball requereixen compet\u00e8ncies digitals. Al llarg de l&#8217;any 2022 es van crear m\u00e9s de 2 milions [&hellip;]<\/p>\n","protected":false},"author":1,"featured_media":3652,"comment_status":"closed","ping_status":"closed","sticky":false,"template":"","format":"standard","meta":{"footnotes":""},"categories":[256,255,258],"tags":[405,264,394,437],"class_list":["post-6296","post","type-post","status-publish","format-standard","has-post-thumbnail","hentry","category-empresa-i-marqueting","category-informatica","category-monlau","tag-cicle-formatiu","tag-formacio-professional","tag-fp","tag-tecnologia"],"yoast_head":"<!-- This site is optimized with the Yoast SEO plugin v27.2 - https:\/\/yoast.com\/product\/yoast-seo-wordpress\/ -->\n<title>Les professions que han d&#039;apostar per la tecnologia - Formaci\u00f3n profesional<\/title>\n<meta name=\"robots\" content=\"index, follow, max-snippet:-1, max-image-preview:large, max-video-preview:-1\" \/>\n<link rel=\"canonical\" href=\"https:\/\/www.monlau.com\/fp\/ca\/2023\/01\/18\/les-professions-que-han-dapostar-per-la-tecnologia\/\" \/>\n<meta property=\"og:locale\" content=\"ca_ES\" \/>\n<meta property=\"og:type\" content=\"article\" \/>\n<meta property=\"og:title\" content=\"Les professions que han d&#039;apostar per la tecnologia - Formaci\u00f3n profesional\" \/>\n<meta property=\"og:description\" content=\"La societat va evolucionant i per aix\u00f2 hem d&#8217;adaptar-nos a les noves compet\u00e8ncies com vam fer anteriorment amb els idiomes o les noves tecnologies. Els recents informes de la Uni\u00f3 Europea destaquen que en la majoria dels llocs de treball requereixen compet\u00e8ncies digitals. Al llarg de l&#8217;any 2022 es van crear m\u00e9s de 2 milions [&hellip;]\" \/>\n<meta property=\"og:url\" content=\"https:\/\/www.monlau.com\/fp\/ca\/2023\/01\/18\/les-professions-que-han-dapostar-per-la-tecnologia\/\" \/>\n<meta property=\"og:site_name\" content=\"Formaci\u00f3n profesional\" \/>\n<meta property=\"article:published_time\" content=\"2023-01-17T23:00:00+00:00\" \/>\n<meta property=\"article:modified_time\" content=\"2026-03-10T09:03:29+00:00\" \/>\n<meta property=\"og:image\" content=\"https:\/\/www.monlau.com\/app\/uploads\/sites\/3\/2026\/03\/noves-tecnologies-cat-BLOG.png\" \/>\n\t<meta property=\"og:image:width\" content=\"1600\" \/>\n\t<meta property=\"og:image:height\" content=\"900\" \/>\n\t<meta property=\"og:image:type\" content=\"image\/png\" \/>\n<meta name=\"author\" content=\"adsmurai\" \/>\n<meta name=\"twitter:card\" content=\"summary_large_image\" \/>\n<meta name=\"twitter:label1\" content=\"Escrit per\" \/>\n\t<meta name=\"twitter:data1\" content=\"adsmurai\" \/>\n\t<meta name=\"twitter:label2\" content=\"Temps estimat de lectura\" \/>\n\t<meta name=\"twitter:data2\" content=\"3 minuts\" \/>\n<script type=\"application\/ld+json\" class=\"yoast-schema-graph\">{\"@context\":\"https:\/\/schema.org\",\"@graph\":[{\"@type\":\"Article\",\"@id\":\"https:\/\/www.monlau.com\/fp\/ca\/2023\/01\/18\/les-professions-que-han-dapostar-per-la-tecnologia\/#article\",\"isPartOf\":{\"@id\":\"https:\/\/www.monlau.com\/fp\/ca\/2023\/01\/18\/les-professions-que-han-dapostar-per-la-tecnologia\/\"},\"author\":{\"name\":\"adsmurai\",\"@id\":\"https:\/\/www.monlau.com\/fp\/ca\/#\/schema\/person\/419cfdf054323e24e0a2ef1d8597f051\"},\"headline\":\"Les professions que han d&#8217;apostar per la tecnologia\",\"datePublished\":\"2023-01-17T23:00:00+00:00\",\"dateModified\":\"2026-03-10T09:03:29+00:00\",\"mainEntityOfPage\":{\"@id\":\"https:\/\/www.monlau.com\/fp\/ca\/2023\/01\/18\/les-professions-que-han-dapostar-per-la-tecnologia\/\"},\"wordCount\":548,\"publisher\":{\"@id\":\"https:\/\/www.monlau.com\/fp\/ca\/#organization\"},\"image\":{\"@id\":\"https:\/\/www.monlau.com\/fp\/ca\/2023\/01\/18\/les-professions-que-han-dapostar-per-la-tecnologia\/#primaryimage\"},\"thumbnailUrl\":\"https:\/\/www.monlau.com\/app\/uploads\/sites\/3\/2026\/03\/noves-tecnologies-cat-BLOG.png\",\"keywords\":[\"cicle formatiu\",\"formaci\u00f3 professional\",\"fp\",\"tecnologia\"],\"articleSection\":[\"Empresa i M\u00e0rqueting\",\"Inform\u00e0tica\",\"Monlau\"],\"inLanguage\":\"ca\"},{\"@type\":\"WebPage\",\"@id\":\"https:\/\/www.monlau.com\/fp\/ca\/2023\/01\/18\/les-professions-que-han-dapostar-per-la-tecnologia\/\",\"url\":\"https:\/\/www.monlau.com\/fp\/ca\/2023\/01\/18\/les-professions-que-han-dapostar-per-la-tecnologia\/\",\"name\":\"Les professions que han d'apostar per la tecnologia - Formaci\u00f3n profesional\",\"isPartOf\":{\"@id\":\"https:\/\/www.monlau.com\/fp\/ca\/#website\"},\"primaryImageOfPage\":{\"@id\":\"https:\/\/www.monlau.com\/fp\/ca\/2023\/01\/18\/les-professions-que-han-dapostar-per-la-tecnologia\/#primaryimage\"},\"image\":{\"@id\":\"https:\/\/www.monlau.com\/fp\/ca\/2023\/01\/18\/les-professions-que-han-dapostar-per-la-tecnologia\/#primaryimage\"},\"thumbnailUrl\":\"https:\/\/www.monlau.com\/app\/uploads\/sites\/3\/2026\/03\/noves-tecnologies-cat-BLOG.png\",\"datePublished\":\"2023-01-17T23:00:00+00:00\",\"dateModified\":\"2026-03-10T09:03:29+00:00\",\"breadcrumb\":{\"@id\":\"https:\/\/www.monlau.com\/fp\/ca\/2023\/01\/18\/les-professions-que-han-dapostar-per-la-tecnologia\/#breadcrumb\"},\"inLanguage\":\"ca\",\"potentialAction\":[{\"@type\":\"ReadAction\",\"target\":[\"https:\/\/www.monlau.com\/fp\/ca\/2023\/01\/18\/les-professions-que-han-dapostar-per-la-tecnologia\/\"]}]},{\"@type\":\"ImageObject\",\"inLanguage\":\"ca\",\"@id\":\"https:\/\/www.monlau.com\/fp\/ca\/2023\/01\/18\/les-professions-que-han-dapostar-per-la-tecnologia\/#primaryimage\",\"url\":\"https:\/\/www.monlau.com\/app\/uploads\/sites\/3\/2026\/03\/noves-tecnologies-cat-BLOG.png\",\"contentUrl\":\"https:\/\/www.monlau.com\/app\/uploads\/sites\/3\/2026\/03\/noves-tecnologies-cat-BLOG.png\",\"width\":1600,\"height\":900},{\"@type\":\"BreadcrumbList\",\"@id\":\"https:\/\/www.monlau.com\/fp\/ca\/2023\/01\/18\/les-professions-que-han-dapostar-per-la-tecnologia\/#breadcrumb\",\"itemListElement\":[{\"@type\":\"ListItem\",\"position\":1,\"name\":\"Portada\",\"item\":\"https:\/\/www.monlau.com\/fp\/ca\/inici\/\"},{\"@type\":\"ListItem\",\"position\":2,\"name\":\"Les professions que han d&#8217;apostar per la tecnologia\"}]},{\"@type\":\"WebSite\",\"@id\":\"https:\/\/www.monlau.com\/fp\/ca\/#website\",\"url\":\"https:\/\/www.monlau.com\/fp\/ca\/\",\"name\":\"Formaci\u00f3n profesional\",\"description\":\"Monlau\",\"publisher\":{\"@id\":\"https:\/\/www.monlau.com\/fp\/ca\/#organization\"},\"potentialAction\":[{\"@type\":\"SearchAction\",\"target\":{\"@type\":\"EntryPoint\",\"urlTemplate\":\"https:\/\/www.monlau.com\/fp\/ca\/?s={search_term_string}\"},\"query-input\":{\"@type\":\"PropertyValueSpecification\",\"valueRequired\":true,\"valueName\":\"search_term_string\"}}],\"inLanguage\":\"ca\"},{\"@type\":\"Organization\",\"@id\":\"https:\/\/www.monlau.com\/fp\/ca\/#organization\",\"name\":\"Formaci\u00f3n profesional\",\"url\":\"https:\/\/www.monlau.com\/fp\/ca\/\",\"logo\":{\"@type\":\"ImageObject\",\"inLanguage\":\"ca\",\"@id\":\"https:\/\/www.monlau.com\/fp\/ca\/#\/schema\/logo\/image\/\",\"url\":\"https:\/\/www.monlau.com\/app\/uploads\/sites\/3\/2026\/01\/fp.png\",\"contentUrl\":\"https:\/\/www.monlau.com\/app\/uploads\/sites\/3\/2026\/01\/fp.png\",\"width\":1024,\"height\":878,\"caption\":\"Formaci\u00f3n profesional\"},\"image\":{\"@id\":\"https:\/\/www.monlau.com\/fp\/ca\/#\/schema\/logo\/image\/\"}},{\"@type\":\"Person\",\"@id\":\"https:\/\/www.monlau.com\/fp\/ca\/#\/schema\/person\/419cfdf054323e24e0a2ef1d8597f051\",\"name\":\"adsmurai\",\"image\":{\"@type\":\"ImageObject\",\"inLanguage\":\"ca\",\"@id\":\"https:\/\/secure.gravatar.com\/avatar\/0748788578f91786454454fa3b4c295644edb991ad6caadc70b41d26790d38fc?s=96&d=mm&r=g\",\"url\":\"https:\/\/secure.gravatar.com\/avatar\/0748788578f91786454454fa3b4c295644edb991ad6caadc70b41d26790d38fc?s=96&d=mm&r=g\",\"contentUrl\":\"https:\/\/secure.gravatar.com\/avatar\/0748788578f91786454454fa3b4c295644edb991ad6caadc70b41d26790d38fc?s=96&d=mm&r=g\",\"caption\":\"adsmurai\"},\"sameAs\":[\"https:\/\/www.monlau.com\"],\"url\":\"https:\/\/www.monlau.com\/fp\/ca\/author\/adsmurai\/\"}]}<\/script>\n<!-- \/ Yoast SEO plugin. -->","yoast_head_json":{"title":"Les professions que han d'apostar per la tecnologia - Formaci\u00f3n profesional","robots":{"index":"index","follow":"follow","max-snippet":"max-snippet:-1","max-image-preview":"max-image-preview:large","max-video-preview":"max-video-preview:-1"},"canonical":"https:\/\/www.monlau.com\/fp\/ca\/2023\/01\/18\/les-professions-que-han-dapostar-per-la-tecnologia\/","og_locale":"ca_ES","og_type":"article","og_title":"Les professions que han d'apostar per la tecnologia - Formaci\u00f3n profesional","og_description":"La societat va evolucionant i per aix\u00f2 hem d&#8217;adaptar-nos a les noves compet\u00e8ncies com vam fer anteriorment amb els idiomes o les noves tecnologies. Els recents informes de la Uni\u00f3 Europea destaquen que en la majoria dels llocs de treball requereixen compet\u00e8ncies digitals. Al llarg de l&#8217;any 2022 es van crear m\u00e9s de 2 milions [&hellip;]","og_url":"https:\/\/www.monlau.com\/fp\/ca\/2023\/01\/18\/les-professions-que-han-dapostar-per-la-tecnologia\/","og_site_name":"Formaci\u00f3n profesional","article_published_time":"2023-01-17T23:00:00+00:00","article_modified_time":"2026-03-10T09:03:29+00:00","og_image":[{"width":1600,"height":900,"url":"https:\/\/www.monlau.com\/app\/uploads\/sites\/3\/2026\/03\/noves-tecnologies-cat-BLOG.png","type":"image\/png"}],"author":"adsmurai","twitter_card":"summary_large_image","twitter_misc":{"Escrit per":"adsmurai","Temps estimat de lectura":"3 minuts"},"schema":{"@context":"https:\/\/schema.org","@graph":[{"@type":"Article","@id":"https:\/\/www.monlau.com\/fp\/ca\/2023\/01\/18\/les-professions-que-han-dapostar-per-la-tecnologia\/#article","isPartOf":{"@id":"https:\/\/www.monlau.com\/fp\/ca\/2023\/01\/18\/les-professions-que-han-dapostar-per-la-tecnologia\/"},"author":{"name":"adsmurai","@id":"https:\/\/www.monlau.com\/fp\/ca\/#\/schema\/person\/419cfdf054323e24e0a2ef1d8597f051"},"headline":"Les professions que han d&#8217;apostar per la tecnologia","datePublished":"2023-01-17T23:00:00+00:00","dateModified":"2026-03-10T09:03:29+00:00","mainEntityOfPage":{"@id":"https:\/\/www.monlau.com\/fp\/ca\/2023\/01\/18\/les-professions-que-han-dapostar-per-la-tecnologia\/"},"wordCount":548,"publisher":{"@id":"https:\/\/www.monlau.com\/fp\/ca\/#organization"},"image":{"@id":"https:\/\/www.monlau.com\/fp\/ca\/2023\/01\/18\/les-professions-que-han-dapostar-per-la-tecnologia\/#primaryimage"},"thumbnailUrl":"https:\/\/www.monlau.com\/app\/uploads\/sites\/3\/2026\/03\/noves-tecnologies-cat-BLOG.png","keywords":["cicle formatiu","formaci\u00f3 professional","fp","tecnologia"],"articleSection":["Empresa i M\u00e0rqueting","Inform\u00e0tica","Monlau"],"inLanguage":"ca"},{"@type":"WebPage","@id":"https:\/\/www.monlau.com\/fp\/ca\/2023\/01\/18\/les-professions-que-han-dapostar-per-la-tecnologia\/","url":"https:\/\/www.monlau.com\/fp\/ca\/2023\/01\/18\/les-professions-que-han-dapostar-per-la-tecnologia\/","name":"Les professions que han d'apostar per la tecnologia - Formaci\u00f3n profesional","isPartOf":{"@id":"https:\/\/www.monlau.com\/fp\/ca\/#website"},"primaryImageOfPage":{"@id":"https:\/\/www.monlau.com\/fp\/ca\/2023\/01\/18\/les-professions-que-han-dapostar-per-la-tecnologia\/#primaryimage"},"image":{"@id":"https:\/\/www.monlau.com\/fp\/ca\/2023\/01\/18\/les-professions-que-han-dapostar-per-la-tecnologia\/#primaryimage"},"thumbnailUrl":"https:\/\/www.monlau.com\/app\/uploads\/sites\/3\/2026\/03\/noves-tecnologies-cat-BLOG.png","datePublished":"2023-01-17T23:00:00+00:00","dateModified":"2026-03-10T09:03:29+00:00","breadcrumb":{"@id":"https:\/\/www.monlau.com\/fp\/ca\/2023\/01\/18\/les-professions-que-han-dapostar-per-la-tecnologia\/#breadcrumb"},"inLanguage":"ca","potentialAction":[{"@type":"ReadAction","target":["https:\/\/www.monlau.com\/fp\/ca\/2023\/01\/18\/les-professions-que-han-dapostar-per-la-tecnologia\/"]}]},{"@type":"ImageObject","inLanguage":"ca","@id":"https:\/\/www.monlau.com\/fp\/ca\/2023\/01\/18\/les-professions-que-han-dapostar-per-la-tecnologia\/#primaryimage","url":"https:\/\/www.monlau.com\/app\/uploads\/sites\/3\/2026\/03\/noves-tecnologies-cat-BLOG.png","contentUrl":"https:\/\/www.monlau.com\/app\/uploads\/sites\/3\/2026\/03\/noves-tecnologies-cat-BLOG.png","width":1600,"height":900},{"@type":"BreadcrumbList","@id":"https:\/\/www.monlau.com\/fp\/ca\/2023\/01\/18\/les-professions-que-han-dapostar-per-la-tecnologia\/#breadcrumb","itemListElement":[{"@type":"ListItem","position":1,"name":"Portada","item":"https:\/\/www.monlau.com\/fp\/ca\/inici\/"},{"@type":"ListItem","position":2,"name":"Les professions que han d&#8217;apostar per la tecnologia"}]},{"@type":"WebSite","@id":"https:\/\/www.monlau.com\/fp\/ca\/#website","url":"https:\/\/www.monlau.com\/fp\/ca\/","name":"Formaci\u00f3n profesional","description":"Monlau","publisher":{"@id":"https:\/\/www.monlau.com\/fp\/ca\/#organization"},"potentialAction":[{"@type":"SearchAction","target":{"@type":"EntryPoint","urlTemplate":"https:\/\/www.monlau.com\/fp\/ca\/?s={search_term_string}"},"query-input":{"@type":"PropertyValueSpecification","valueRequired":true,"valueName":"search_term_string"}}],"inLanguage":"ca"},{"@type":"Organization","@id":"https:\/\/www.monlau.com\/fp\/ca\/#organization","name":"Formaci\u00f3n profesional","url":"https:\/\/www.monlau.com\/fp\/ca\/","logo":{"@type":"ImageObject","inLanguage":"ca","@id":"https:\/\/www.monlau.com\/fp\/ca\/#\/schema\/logo\/image\/","url":"https:\/\/www.monlau.com\/app\/uploads\/sites\/3\/2026\/01\/fp.png","contentUrl":"https:\/\/www.monlau.com\/app\/uploads\/sites\/3\/2026\/01\/fp.png","width":1024,"height":878,"caption":"Formaci\u00f3n profesional"},"image":{"@id":"https:\/\/www.monlau.com\/fp\/ca\/#\/schema\/logo\/image\/"}},{"@type":"Person","@id":"https:\/\/www.monlau.com\/fp\/ca\/#\/schema\/person\/419cfdf054323e24e0a2ef1d8597f051","name":"adsmurai","image":{"@type":"ImageObject","inLanguage":"ca","@id":"https:\/\/secure.gravatar.com\/avatar\/0748788578f91786454454fa3b4c295644edb991ad6caadc70b41d26790d38fc?s=96&d=mm&r=g","url":"https:\/\/secure.gravatar.com\/avatar\/0748788578f91786454454fa3b4c295644edb991ad6caadc70b41d26790d38fc?s=96&d=mm&r=g","contentUrl":"https:\/\/secure.gravatar.com\/avatar\/0748788578f91786454454fa3b4c295644edb991ad6caadc70b41d26790d38fc?s=96&d=mm&r=g","caption":"adsmurai"},"sameAs":["https:\/\/www.monlau.com"],"url":"https:\/\/www.monlau.com\/fp\/ca\/author\/adsmurai\/"}]}},"_links":{"self":[{"href":"https:\/\/www.monlau.com\/fp\/ca\/wp-json\/wp\/v2\/posts\/6296","targetHints":{"allow":["GET"]}}],"collection":[{"href":"https:\/\/www.monlau.com\/fp\/ca\/wp-json\/wp\/v2\/posts"}],"about":[{"href":"https:\/\/www.monlau.com\/fp\/ca\/wp-json\/wp\/v2\/types\/post"}],"author":[{"embeddable":true,"href":"https:\/\/www.monlau.com\/fp\/ca\/wp-json\/wp\/v2\/users\/1"}],"replies":[{"embeddable":true,"href":"https:\/\/www.monlau.com\/fp\/ca\/wp-json\/wp\/v2\/comments?post=6296"}],"version-history":[{"count":1,"href":"https:\/\/www.monlau.com\/fp\/ca\/wp-json\/wp\/v2\/posts\/6296\/revisions"}],"predecessor-version":[{"id":6387,"href":"https:\/\/www.monlau.com\/fp\/ca\/wp-json\/wp\/v2\/posts\/6296\/revisions\/6387"}],"wp:featuredmedia":[{"embeddable":true,"href":"https:\/\/www.monlau.com\/fp\/ca\/wp-json\/wp\/v2\/media\/3652"}],"wp:attachment":[{"href":"https:\/\/www.monlau.com\/fp\/ca\/wp-json\/wp\/v2\/media?parent=6296"}],"wp:term":[{"taxonomy":"category","embeddable":true,"href":"https:\/\/www.monlau.com\/fp\/ca\/wp-json\/wp\/v2\/categories?post=6296"},{"taxonomy":"post_tag","embeddable":true,"href":"https:\/\/www.monlau.com\/fp\/ca\/wp-json\/wp\/v2\/tags?post=6296"}],"curies":[{"name":"wp","href":"https:\/\/api.w.org\/{rel}","templated":true}]}}