{"id":6295,"date":"2022-12-20T00:00:00","date_gmt":"2022-12-19T23:00:00","guid":{"rendered":"https:\/\/www.monlau.com\/formacion-profesional\/nova-llei-per-la-formacio-professional\/"},"modified":"2026-03-10T10:03:29","modified_gmt":"2026-03-10T09:03:29","slug":"nova-llei-per-la-formacio-professional","status":"publish","type":"post","link":"https:\/\/www.monlau.com\/fp\/ca\/2022\/12\/20\/nova-llei-per-la-formacio-professional\/","title":{"rendered":"En qu\u00e8 consisteix la nova llei FP?"},"content":{"rendered":"<p>Actualment, m\u00e9s del 30% dels joves estan en l&#8217;atur i molts d&#8217;ells no pensen en la formaci\u00f3 professional. El 24,3% de la poblaci\u00f3 compta amb l&#8217;FP.<\/p>\n<p>Per sort, al mar\u00e7 d\u2019aquest any el govern va aprovar una nova Llei org\u00e0nica d&#8217;Ordenaci\u00f3 i Integraci\u00f3 de la Formaci\u00f3 Professional amb la finalitat de transformar el sistema de la formaci\u00f3 professional i convertir-lo en un sistema \u00fanic per a poder assegurar una porta a un lloc de treball de qualitat per als joves.<\/p>\n<p>El govern vol regular un r\u00e8gim de formaci\u00f3 i acompanyament de professionals, oferint-los valors i compet\u00e8ncies demandades per les noves necessitats productives i sectorials per a l&#8217;augment de la productivitat i de la generaci\u00f3 d&#8217;ocupaci\u00f3.<\/p>\n<p>Avui dia a Espanya comptem amb un 12% de joves que estudien aquest tipus de formaci\u00f3. \u00c9s per aix\u00f2, que, amb aquesta reforma, el govern ha proposat augmentar el percentatge actual al 25% europeu o fins i tot el 29% de l&#8217;OCDE per a en un futur tenir t\u00e8cnics capacitats en aquells llocs que facin falta.<\/p>\n<p>A m\u00e9s, s&#8217;aspira a elevar el 25% al 50% el percentatge de joves amb nivell de qualificaci\u00f3 mitj\u00e0.<\/p>\n<p>La reforma introdueix les seg\u00fcents novetats per a fer possible l&#8217;increment de joves que aposten per la formaci\u00f3 professional.<\/p>\n<h4>Unificar la formaci\u00f3 professional i la formaci\u00f3 per a l&#8217;ocupaci\u00f3<\/h4>\n<p>El nou sistema de la formaci\u00f3 professional ser\u00e0 m\u00e9s flexible i accessible, per a aix\u00ed oferir a treballadors i estudiants l&#8217;oportunitat de programar itineraris formatius en funci\u00f3 de les seves expectatives i necessitats.<\/p>\n<h4>Potenciar l&#8217;orientaci\u00f3 professional<\/h4>\n<p>Saber qu\u00e8 fer despr\u00e9s de finalitzar la formaci\u00f3 \u00e9s molt important per als alumnes. \u00c9s per aix\u00f2 que aquesta nova llei t\u00e9 com a objectiu presentar un servei d&#8217;acompanyament obligat a l&#8217;aprenentatge al llarg de la vida,<\/p>\n<h4>Refor\u00e7ar l&#8217;acreditaci\u00f3 de compet\u00e8ncies per via laboral.<\/h4>\n<p>Aquesta novetat beneficiar\u00e0 a la part de la poblaci\u00f3 activa que no posseeix una qualificaci\u00f3 o que no t\u00e9 les compet\u00e8ncies personals acreditades. Es vol millorar l&#8217;acc\u00e9s a l&#8217;acreditaci\u00f3 per a cobrir tota la demanda d&#8217;ocupaci\u00f3.<\/p>\n<h4>Ampliar la formaci\u00f3 dual.<\/h4>\n<p>La nova llei permet acostar m\u00e9s la formaci\u00f3 professional al m\u00f3n laboral aplicant una formaci\u00f3 dual. Amb aquesta formaci\u00f3, els estudiants podran realitzar part de la seva formaci\u00f3 en les empreses.<\/p>\n<p>En Monlau estem compromesos des de fa 40 anys per la formaci\u00f3 professional i t&#8217;animem que li donis una oportunitat a aquesta mena d&#8217;ensenyament.<\/p>\n","protected":false},"excerpt":{"rendered":"<p>Actualment, m\u00e9s del 30% dels joves estan en l&#8217;atur i molts d&#8217;ells no pensen en la formaci\u00f3 professional. El 24,3% de la poblaci\u00f3 compta amb l&#8217;FP. Per sort, al mar\u00e7 d\u2019aquest any el govern va aprovar una nova Llei org\u00e0nica d&#8217;Ordenaci\u00f3 i Integraci\u00f3 de la Formaci\u00f3 Professional amb la finalitat de transformar el sistema de [&hellip;]<\/p>\n","protected":false},"author":1,"featured_media":3648,"comment_status":"closed","ping_status":"closed","sticky":false,"template":"","format":"standard","meta":{"footnotes":""},"categories":[390,258],"tags":[405,264,394,450],"class_list":["post-6295","post","type-post","status-publish","format-standard","has-post-thumbnail","hentry","category-educatiu","category-monlau","tag-cicle-formatiu","tag-formacio-professional","tag-fp","tag-llei"],"yoast_head":"<!-- This site is optimized with the Yoast SEO plugin v27.2 - https:\/\/yoast.com\/product\/yoast-seo-wordpress\/ -->\n<title>En qu\u00e8 consisteix la nova llei FP? - Formaci\u00f3n profesional<\/title>\n<meta name=\"robots\" content=\"index, follow, max-snippet:-1, max-image-preview:large, max-video-preview:-1\" \/>\n<link rel=\"canonical\" href=\"https:\/\/www.monlau.com\/fp\/ca\/2022\/12\/20\/nova-llei-per-la-formacio-professional\/\" \/>\n<meta property=\"og:locale\" content=\"ca_ES\" \/>\n<meta property=\"og:type\" content=\"article\" \/>\n<meta property=\"og:title\" content=\"En qu\u00e8 consisteix la nova llei FP? - Formaci\u00f3n profesional\" \/>\n<meta property=\"og:description\" content=\"Actualment, m\u00e9s del 30% dels joves estan en l&#8217;atur i molts d&#8217;ells no pensen en la formaci\u00f3 professional. El 24,3% de la poblaci\u00f3 compta amb l&#8217;FP. Per sort, al mar\u00e7 d\u2019aquest any el govern va aprovar una nova Llei org\u00e0nica d&#8217;Ordenaci\u00f3 i Integraci\u00f3 de la Formaci\u00f3 Professional amb la finalitat de transformar el sistema de [&hellip;]\" \/>\n<meta property=\"og:url\" content=\"https:\/\/www.monlau.com\/fp\/ca\/2022\/12\/20\/nova-llei-per-la-formacio-professional\/\" \/>\n<meta property=\"og:site_name\" content=\"Formaci\u00f3n profesional\" \/>\n<meta property=\"article:published_time\" content=\"2022-12-19T23:00:00+00:00\" \/>\n<meta property=\"article:modified_time\" content=\"2026-03-10T09:03:29+00:00\" \/>\n<meta property=\"og:image\" content=\"https:\/\/www.monlau.com\/app\/uploads\/sites\/3\/2026\/03\/MicrosoftTeams-image-18.png\" \/>\n\t<meta property=\"og:image:width\" content=\"1600\" \/>\n\t<meta property=\"og:image:height\" content=\"900\" \/>\n\t<meta property=\"og:image:type\" content=\"image\/png\" \/>\n<meta name=\"author\" content=\"adsmurai\" \/>\n<meta name=\"twitter:card\" content=\"summary_large_image\" \/>\n<meta name=\"twitter:label1\" content=\"Escrit per\" \/>\n\t<meta name=\"twitter:data1\" content=\"adsmurai\" \/>\n\t<meta name=\"twitter:label2\" content=\"Temps estimat de lectura\" \/>\n\t<meta name=\"twitter:data2\" content=\"2 minuts\" \/>\n<script type=\"application\/ld+json\" class=\"yoast-schema-graph\">{\"@context\":\"https:\/\/schema.org\",\"@graph\":[{\"@type\":\"Article\",\"@id\":\"https:\/\/www.monlau.com\/fp\/ca\/2022\/12\/20\/nova-llei-per-la-formacio-professional\/#article\",\"isPartOf\":{\"@id\":\"https:\/\/www.monlau.com\/fp\/ca\/2022\/12\/20\/nova-llei-per-la-formacio-professional\/\"},\"author\":{\"name\":\"adsmurai\",\"@id\":\"https:\/\/www.monlau.com\/fp\/ca\/#\/schema\/person\/419cfdf054323e24e0a2ef1d8597f051\"},\"headline\":\"En qu\u00e8 consisteix la nova llei FP?\",\"datePublished\":\"2022-12-19T23:00:00+00:00\",\"dateModified\":\"2026-03-10T09:03:29+00:00\",\"mainEntityOfPage\":{\"@id\":\"https:\/\/www.monlau.com\/fp\/ca\/2022\/12\/20\/nova-llei-per-la-formacio-professional\/\"},\"wordCount\":428,\"publisher\":{\"@id\":\"https:\/\/www.monlau.com\/fp\/ca\/#organization\"},\"image\":{\"@id\":\"https:\/\/www.monlau.com\/fp\/ca\/2022\/12\/20\/nova-llei-per-la-formacio-professional\/#primaryimage\"},\"thumbnailUrl\":\"https:\/\/www.monlau.com\/app\/uploads\/sites\/3\/2026\/03\/MicrosoftTeams-image-18.png\",\"keywords\":[\"cicle formatiu\",\"formaci\u00f3 professional\",\"fp\",\"llei\"],\"articleSection\":[\"Educatiu\",\"Monlau\"],\"inLanguage\":\"ca\"},{\"@type\":\"WebPage\",\"@id\":\"https:\/\/www.monlau.com\/fp\/ca\/2022\/12\/20\/nova-llei-per-la-formacio-professional\/\",\"url\":\"https:\/\/www.monlau.com\/fp\/ca\/2022\/12\/20\/nova-llei-per-la-formacio-professional\/\",\"name\":\"En qu\u00e8 consisteix la nova llei FP? - Formaci\u00f3n profesional\",\"isPartOf\":{\"@id\":\"https:\/\/www.monlau.com\/fp\/ca\/#website\"},\"primaryImageOfPage\":{\"@id\":\"https:\/\/www.monlau.com\/fp\/ca\/2022\/12\/20\/nova-llei-per-la-formacio-professional\/#primaryimage\"},\"image\":{\"@id\":\"https:\/\/www.monlau.com\/fp\/ca\/2022\/12\/20\/nova-llei-per-la-formacio-professional\/#primaryimage\"},\"thumbnailUrl\":\"https:\/\/www.monlau.com\/app\/uploads\/sites\/3\/2026\/03\/MicrosoftTeams-image-18.png\",\"datePublished\":\"2022-12-19T23:00:00+00:00\",\"dateModified\":\"2026-03-10T09:03:29+00:00\",\"breadcrumb\":{\"@id\":\"https:\/\/www.monlau.com\/fp\/ca\/2022\/12\/20\/nova-llei-per-la-formacio-professional\/#breadcrumb\"},\"inLanguage\":\"ca\",\"potentialAction\":[{\"@type\":\"ReadAction\",\"target\":[\"https:\/\/www.monlau.com\/fp\/ca\/2022\/12\/20\/nova-llei-per-la-formacio-professional\/\"]}]},{\"@type\":\"ImageObject\",\"inLanguage\":\"ca\",\"@id\":\"https:\/\/www.monlau.com\/fp\/ca\/2022\/12\/20\/nova-llei-per-la-formacio-professional\/#primaryimage\",\"url\":\"https:\/\/www.monlau.com\/app\/uploads\/sites\/3\/2026\/03\/MicrosoftTeams-image-18.png\",\"contentUrl\":\"https:\/\/www.monlau.com\/app\/uploads\/sites\/3\/2026\/03\/MicrosoftTeams-image-18.png\",\"width\":1600,\"height\":900},{\"@type\":\"BreadcrumbList\",\"@id\":\"https:\/\/www.monlau.com\/fp\/ca\/2022\/12\/20\/nova-llei-per-la-formacio-professional\/#breadcrumb\",\"itemListElement\":[{\"@type\":\"ListItem\",\"position\":1,\"name\":\"Portada\",\"item\":\"https:\/\/www.monlau.com\/fp\/ca\/inici\/\"},{\"@type\":\"ListItem\",\"position\":2,\"name\":\"En qu\u00e8 consisteix la nova llei FP?\"}]},{\"@type\":\"WebSite\",\"@id\":\"https:\/\/www.monlau.com\/fp\/ca\/#website\",\"url\":\"https:\/\/www.monlau.com\/fp\/ca\/\",\"name\":\"Formaci\u00f3n profesional\",\"description\":\"Monlau\",\"publisher\":{\"@id\":\"https:\/\/www.monlau.com\/fp\/ca\/#organization\"},\"potentialAction\":[{\"@type\":\"SearchAction\",\"target\":{\"@type\":\"EntryPoint\",\"urlTemplate\":\"https:\/\/www.monlau.com\/fp\/ca\/?s={search_term_string}\"},\"query-input\":{\"@type\":\"PropertyValueSpecification\",\"valueRequired\":true,\"valueName\":\"search_term_string\"}}],\"inLanguage\":\"ca\"},{\"@type\":\"Organization\",\"@id\":\"https:\/\/www.monlau.com\/fp\/ca\/#organization\",\"name\":\"Formaci\u00f3n profesional\",\"url\":\"https:\/\/www.monlau.com\/fp\/ca\/\",\"logo\":{\"@type\":\"ImageObject\",\"inLanguage\":\"ca\",\"@id\":\"https:\/\/www.monlau.com\/fp\/ca\/#\/schema\/logo\/image\/\",\"url\":\"https:\/\/www.monlau.com\/app\/uploads\/sites\/3\/2026\/01\/fp.png\",\"contentUrl\":\"https:\/\/www.monlau.com\/app\/uploads\/sites\/3\/2026\/01\/fp.png\",\"width\":1024,\"height\":878,\"caption\":\"Formaci\u00f3n profesional\"},\"image\":{\"@id\":\"https:\/\/www.monlau.com\/fp\/ca\/#\/schema\/logo\/image\/\"}},{\"@type\":\"Person\",\"@id\":\"https:\/\/www.monlau.com\/fp\/ca\/#\/schema\/person\/419cfdf054323e24e0a2ef1d8597f051\",\"name\":\"adsmurai\",\"image\":{\"@type\":\"ImageObject\",\"inLanguage\":\"ca\",\"@id\":\"https:\/\/secure.gravatar.com\/avatar\/0748788578f91786454454fa3b4c295644edb991ad6caadc70b41d26790d38fc?s=96&d=mm&r=g\",\"url\":\"https:\/\/secure.gravatar.com\/avatar\/0748788578f91786454454fa3b4c295644edb991ad6caadc70b41d26790d38fc?s=96&d=mm&r=g\",\"contentUrl\":\"https:\/\/secure.gravatar.com\/avatar\/0748788578f91786454454fa3b4c295644edb991ad6caadc70b41d26790d38fc?s=96&d=mm&r=g\",\"caption\":\"adsmurai\"},\"sameAs\":[\"https:\/\/www.monlau.com\"],\"url\":\"https:\/\/www.monlau.com\/fp\/ca\/author\/adsmurai\/\"}]}<\/script>\n<!-- \/ Yoast SEO plugin. -->","yoast_head_json":{"title":"En qu\u00e8 consisteix la nova llei FP? - Formaci\u00f3n profesional","robots":{"index":"index","follow":"follow","max-snippet":"max-snippet:-1","max-image-preview":"max-image-preview:large","max-video-preview":"max-video-preview:-1"},"canonical":"https:\/\/www.monlau.com\/fp\/ca\/2022\/12\/20\/nova-llei-per-la-formacio-professional\/","og_locale":"ca_ES","og_type":"article","og_title":"En qu\u00e8 consisteix la nova llei FP? - Formaci\u00f3n profesional","og_description":"Actualment, m\u00e9s del 30% dels joves estan en l&#8217;atur i molts d&#8217;ells no pensen en la formaci\u00f3 professional. El 24,3% de la poblaci\u00f3 compta amb l&#8217;FP. Per sort, al mar\u00e7 d\u2019aquest any el govern va aprovar una nova Llei org\u00e0nica d&#8217;Ordenaci\u00f3 i Integraci\u00f3 de la Formaci\u00f3 Professional amb la finalitat de transformar el sistema de [&hellip;]","og_url":"https:\/\/www.monlau.com\/fp\/ca\/2022\/12\/20\/nova-llei-per-la-formacio-professional\/","og_site_name":"Formaci\u00f3n profesional","article_published_time":"2022-12-19T23:00:00+00:00","article_modified_time":"2026-03-10T09:03:29+00:00","og_image":[{"width":1600,"height":900,"url":"https:\/\/www.monlau.com\/app\/uploads\/sites\/3\/2026\/03\/MicrosoftTeams-image-18.png","type":"image\/png"}],"author":"adsmurai","twitter_card":"summary_large_image","twitter_misc":{"Escrit per":"adsmurai","Temps estimat de lectura":"2 minuts"},"schema":{"@context":"https:\/\/schema.org","@graph":[{"@type":"Article","@id":"https:\/\/www.monlau.com\/fp\/ca\/2022\/12\/20\/nova-llei-per-la-formacio-professional\/#article","isPartOf":{"@id":"https:\/\/www.monlau.com\/fp\/ca\/2022\/12\/20\/nova-llei-per-la-formacio-professional\/"},"author":{"name":"adsmurai","@id":"https:\/\/www.monlau.com\/fp\/ca\/#\/schema\/person\/419cfdf054323e24e0a2ef1d8597f051"},"headline":"En qu\u00e8 consisteix la nova llei FP?","datePublished":"2022-12-19T23:00:00+00:00","dateModified":"2026-03-10T09:03:29+00:00","mainEntityOfPage":{"@id":"https:\/\/www.monlau.com\/fp\/ca\/2022\/12\/20\/nova-llei-per-la-formacio-professional\/"},"wordCount":428,"publisher":{"@id":"https:\/\/www.monlau.com\/fp\/ca\/#organization"},"image":{"@id":"https:\/\/www.monlau.com\/fp\/ca\/2022\/12\/20\/nova-llei-per-la-formacio-professional\/#primaryimage"},"thumbnailUrl":"https:\/\/www.monlau.com\/app\/uploads\/sites\/3\/2026\/03\/MicrosoftTeams-image-18.png","keywords":["cicle formatiu","formaci\u00f3 professional","fp","llei"],"articleSection":["Educatiu","Monlau"],"inLanguage":"ca"},{"@type":"WebPage","@id":"https:\/\/www.monlau.com\/fp\/ca\/2022\/12\/20\/nova-llei-per-la-formacio-professional\/","url":"https:\/\/www.monlau.com\/fp\/ca\/2022\/12\/20\/nova-llei-per-la-formacio-professional\/","name":"En qu\u00e8 consisteix la nova llei FP? - Formaci\u00f3n profesional","isPartOf":{"@id":"https:\/\/www.monlau.com\/fp\/ca\/#website"},"primaryImageOfPage":{"@id":"https:\/\/www.monlau.com\/fp\/ca\/2022\/12\/20\/nova-llei-per-la-formacio-professional\/#primaryimage"},"image":{"@id":"https:\/\/www.monlau.com\/fp\/ca\/2022\/12\/20\/nova-llei-per-la-formacio-professional\/#primaryimage"},"thumbnailUrl":"https:\/\/www.monlau.com\/app\/uploads\/sites\/3\/2026\/03\/MicrosoftTeams-image-18.png","datePublished":"2022-12-19T23:00:00+00:00","dateModified":"2026-03-10T09:03:29+00:00","breadcrumb":{"@id":"https:\/\/www.monlau.com\/fp\/ca\/2022\/12\/20\/nova-llei-per-la-formacio-professional\/#breadcrumb"},"inLanguage":"ca","potentialAction":[{"@type":"ReadAction","target":["https:\/\/www.monlau.com\/fp\/ca\/2022\/12\/20\/nova-llei-per-la-formacio-professional\/"]}]},{"@type":"ImageObject","inLanguage":"ca","@id":"https:\/\/www.monlau.com\/fp\/ca\/2022\/12\/20\/nova-llei-per-la-formacio-professional\/#primaryimage","url":"https:\/\/www.monlau.com\/app\/uploads\/sites\/3\/2026\/03\/MicrosoftTeams-image-18.png","contentUrl":"https:\/\/www.monlau.com\/app\/uploads\/sites\/3\/2026\/03\/MicrosoftTeams-image-18.png","width":1600,"height":900},{"@type":"BreadcrumbList","@id":"https:\/\/www.monlau.com\/fp\/ca\/2022\/12\/20\/nova-llei-per-la-formacio-professional\/#breadcrumb","itemListElement":[{"@type":"ListItem","position":1,"name":"Portada","item":"https:\/\/www.monlau.com\/fp\/ca\/inici\/"},{"@type":"ListItem","position":2,"name":"En qu\u00e8 consisteix la nova llei FP?"}]},{"@type":"WebSite","@id":"https:\/\/www.monlau.com\/fp\/ca\/#website","url":"https:\/\/www.monlau.com\/fp\/ca\/","name":"Formaci\u00f3n profesional","description":"Monlau","publisher":{"@id":"https:\/\/www.monlau.com\/fp\/ca\/#organization"},"potentialAction":[{"@type":"SearchAction","target":{"@type":"EntryPoint","urlTemplate":"https:\/\/www.monlau.com\/fp\/ca\/?s={search_term_string}"},"query-input":{"@type":"PropertyValueSpecification","valueRequired":true,"valueName":"search_term_string"}}],"inLanguage":"ca"},{"@type":"Organization","@id":"https:\/\/www.monlau.com\/fp\/ca\/#organization","name":"Formaci\u00f3n profesional","url":"https:\/\/www.monlau.com\/fp\/ca\/","logo":{"@type":"ImageObject","inLanguage":"ca","@id":"https:\/\/www.monlau.com\/fp\/ca\/#\/schema\/logo\/image\/","url":"https:\/\/www.monlau.com\/app\/uploads\/sites\/3\/2026\/01\/fp.png","contentUrl":"https:\/\/www.monlau.com\/app\/uploads\/sites\/3\/2026\/01\/fp.png","width":1024,"height":878,"caption":"Formaci\u00f3n profesional"},"image":{"@id":"https:\/\/www.monlau.com\/fp\/ca\/#\/schema\/logo\/image\/"}},{"@type":"Person","@id":"https:\/\/www.monlau.com\/fp\/ca\/#\/schema\/person\/419cfdf054323e24e0a2ef1d8597f051","name":"adsmurai","image":{"@type":"ImageObject","inLanguage":"ca","@id":"https:\/\/secure.gravatar.com\/avatar\/0748788578f91786454454fa3b4c295644edb991ad6caadc70b41d26790d38fc?s=96&d=mm&r=g","url":"https:\/\/secure.gravatar.com\/avatar\/0748788578f91786454454fa3b4c295644edb991ad6caadc70b41d26790d38fc?s=96&d=mm&r=g","contentUrl":"https:\/\/secure.gravatar.com\/avatar\/0748788578f91786454454fa3b4c295644edb991ad6caadc70b41d26790d38fc?s=96&d=mm&r=g","caption":"adsmurai"},"sameAs":["https:\/\/www.monlau.com"],"url":"https:\/\/www.monlau.com\/fp\/ca\/author\/adsmurai\/"}]}},"_links":{"self":[{"href":"https:\/\/www.monlau.com\/fp\/ca\/wp-json\/wp\/v2\/posts\/6295","targetHints":{"allow":["GET"]}}],"collection":[{"href":"https:\/\/www.monlau.com\/fp\/ca\/wp-json\/wp\/v2\/posts"}],"about":[{"href":"https:\/\/www.monlau.com\/fp\/ca\/wp-json\/wp\/v2\/types\/post"}],"author":[{"embeddable":true,"href":"https:\/\/www.monlau.com\/fp\/ca\/wp-json\/wp\/v2\/users\/1"}],"replies":[{"embeddable":true,"href":"https:\/\/www.monlau.com\/fp\/ca\/wp-json\/wp\/v2\/comments?post=6295"}],"version-history":[{"count":1,"href":"https:\/\/www.monlau.com\/fp\/ca\/wp-json\/wp\/v2\/posts\/6295\/revisions"}],"predecessor-version":[{"id":6389,"href":"https:\/\/www.monlau.com\/fp\/ca\/wp-json\/wp\/v2\/posts\/6295\/revisions\/6389"}],"wp:featuredmedia":[{"embeddable":true,"href":"https:\/\/www.monlau.com\/fp\/ca\/wp-json\/wp\/v2\/media\/3648"}],"wp:attachment":[{"href":"https:\/\/www.monlau.com\/fp\/ca\/wp-json\/wp\/v2\/media?parent=6295"}],"wp:term":[{"taxonomy":"category","embeddable":true,"href":"https:\/\/www.monlau.com\/fp\/ca\/wp-json\/wp\/v2\/categories?post=6295"},{"taxonomy":"post_tag","embeddable":true,"href":"https:\/\/www.monlau.com\/fp\/ca\/wp-json\/wp\/v2\/tags?post=6295"}],"curies":[{"name":"wp","href":"https:\/\/api.w.org\/{rel}","templated":true}]}}