{"id":6293,"date":"2022-10-18T00:00:00","date_gmt":"2022-10-17T22:00:00","guid":{"rendered":"https:\/\/www.monlau.com\/formacion-profesional\/marc-martinez-ressalta-la-importancia-de-la-itv\/"},"modified":"2026-03-10T10:03:29","modified_gmt":"2026-03-10T09:03:29","slug":"marc-martinez-ressalta-la-importancia-de-la-itv","status":"publish","type":"post","link":"https:\/\/www.monlau.com\/fp\/ca\/2022\/10\/18\/marc-martinez-ressalta-la-importancia-de-la-itv\/","title":{"rendered":"Marc Mart\u00ednez ressalta la import\u00e0ncia de la ITV"},"content":{"rendered":"<p><span style=\"color: #000000\"><strong>La inspecci\u00f3 t\u00e8cnica en el m\u00f3n del motor \u00e9s una de les moltes sortides que pot tenir el nostre alumnat d&#8217;automoci\u00f3<\/strong>, encara que no sempre \u00e9s la m\u00e9s triada pels graduats, ja que es desconeix la import\u00e0ncia d&#8217;aquesta. \u00c9s per aix\u00f2, que <strong>el nostre excompany, el professor Marc Mart\u00ednez, va venir recentment a donar una pon\u00e8ncia al nostre alumnat de <a href=\"https:\/\/www.monlau.com\/formacio-professional\/cursos\/grau-mitja-electromecanica-vehicles-motocicletes\/?lang=ca\">Grau Mitj\u00e0 d&#8217;electromec\u00e0nica de motocicletes<\/a>.<\/strong><\/span><\/p>\n<p><span style=\"color: #000000\">L&#8217;objectiu principal de la pon\u00e8ncia va ser <strong>oferir a l&#8217;alumnat coneixements sobre la normativa de la ITV en les motocicletes i el proc\u00e9s que portava fer aquest tipus de revisi\u00f3<\/strong>. Abans d&#8217;entrar en els detalls, Marc va presentar la seva traject\u00f2ria educativa i professional per a introduir la xerrada.<\/span><\/p>\n<h4><span style=\"color: #000000\">QU\u00c8 \u00c9S LA ITV?<\/span><\/h4>\n<p>&nbsp;<\/p>\n<p><span style=\"color: #000000\"><strong>La Inspecci\u00f3 T\u00e8cnica de Vehicles \u00e9s un tr\u00e0mit obligatori al nostre pa\u00eds que es realitza amb la finalitat de garantir l&#8217;estat del vehicle i aix\u00ed reduir al m\u00e0xim possible el nombre d&#8217;accidents.<\/strong> Espanya va ser el pa\u00eds pioner a implantar aquesta inspecci\u00f3 per a les motocicletes i ciclomotors, en 1987 i 2007<strong>. Les motos han de passar la ITV la primera vegada al cap de\u00a0<span class=\"hiddenGreenError\">4<\/span>\u00a0anys des de la seva primera matriculaci\u00f3 i, tot seguit, cada\u00a0<span class=\"hiddenGreenError\">2<\/span>\u00a0anys.<\/strong><\/span><\/p>\n<h4><span style=\"color: #000000\">LA ITV \u00c9S MOLT IMPORTANT PER A PODER CIRCULAR<\/span><\/h4>\n<p>&nbsp;<\/p>\n<p><span style=\"color: #000000\">La prova d&#8217;inspecci\u00f3 t\u00e8cnica \u00e9s molt important per a poder circular per les vies, ja que en cas contrari<strong> pot arribar a ocasionar un accident de tr\u00e0nsit.<\/strong> A m\u00e9s, <strong>conduir amb una documentaci\u00f3 caducada li suposa al\u00a0<span class=\"hiddenSpellError\">conductor@<\/span> una sanci\u00f3 econ\u00f2mica entre 200 euros i 500 euros.<\/strong><\/span><br \/><span style=\"color: #000000\">Marc Mart\u00ednez va acabar l&#8217;explicaci\u00f3 comentant que el m\u00e9s aconsellable per a passar la inspecci\u00f3 a la primera \u00e9s portar el manteniment del vehicle al dia. Si es revisa amb freq\u00fc\u00e8ncia el vehicle i es cuiden tots els components, no es tindr\u00e0 cap problema a l&#8217;hora de passar la prova.<\/span><\/p>\n<p><span style=\"color: #000000\">L&#8217;alumnat va comentar que la xerrada ha estat un tremend \u00e8xit i ja est\u00e0 pendent una segona sessi\u00f3 perqu\u00e8 Marc els mostri una prova de pr\u00e0ctica amb una moto del nostre centre.<\/span><\/p>\n<p><span style=\"color: #000000\">T&#8217;agradaria saber quan es realitzar\u00e0? Et convidem que estiguis molt\u00a0<span class=\"hiddenSpellError\">atent@<\/span> les nostres <a href=\"https:\/\/linktr.ee\/monlau_fp\">xarxes socials<\/a> i al nostre <a href=\"https:\/\/www.monlau.com\/formacio-professional\/noticies\/?lang=ca\">blog<\/a>, t&#8217;esperem!<\/span><\/p>\n","protected":false},"excerpt":{"rendered":"<p>La inspecci\u00f3 t\u00e8cnica en el m\u00f3n del motor \u00e9s una de les moltes sortides que pot tenir el nostre alumnat d&#8217;automoci\u00f3, encara que no sempre \u00e9s la m\u00e9s triada pels graduats, ja que es desconeix la import\u00e0ncia d&#8217;aquesta. \u00c9s per aix\u00f2, que el nostre excompany, el professor Marc Mart\u00ednez, va venir recentment a donar una [&hellip;]<\/p>\n","protected":false},"author":1,"featured_media":3640,"comment_status":"closed","ping_status":"closed","sticky":false,"template":"","format":"standard","meta":{"footnotes":""},"categories":[252,258],"tags":[309,365,394,447,448,366,367],"class_list":["post-6293","post","type-post","status-publish","format-standard","has-post-thumbnail","hentry","category-automocio","category-monlau","tag-automocio","tag-electromecanica","tag-fp","tag-inspeccio-tecnica","tag-itv","tag-motocicletes","tag-motos"],"yoast_head":"<!-- This site is optimized with the Yoast SEO plugin v27.2 - https:\/\/yoast.com\/product\/yoast-seo-wordpress\/ -->\n<title>Marc Mart\u00ednez ressalta la import\u00e0ncia de la ITV - Formaci\u00f3n profesional<\/title>\n<meta name=\"robots\" content=\"index, follow, max-snippet:-1, max-image-preview:large, max-video-preview:-1\" \/>\n<link rel=\"canonical\" href=\"https:\/\/www.monlau.com\/fp\/ca\/2022\/10\/18\/marc-martinez-ressalta-la-importancia-de-la-itv\/\" \/>\n<meta property=\"og:locale\" content=\"ca_ES\" \/>\n<meta property=\"og:type\" content=\"article\" \/>\n<meta property=\"og:title\" content=\"Marc Mart\u00ednez ressalta la import\u00e0ncia de la ITV - Formaci\u00f3n profesional\" \/>\n<meta property=\"og:description\" content=\"La inspecci\u00f3 t\u00e8cnica en el m\u00f3n del motor \u00e9s una de les moltes sortides que pot tenir el nostre alumnat d&#8217;automoci\u00f3, encara que no sempre \u00e9s la m\u00e9s triada pels graduats, ja que es desconeix la import\u00e0ncia d&#8217;aquesta. \u00c9s per aix\u00f2, que el nostre excompany, el professor Marc Mart\u00ednez, va venir recentment a donar una [&hellip;]\" \/>\n<meta property=\"og:url\" content=\"https:\/\/www.monlau.com\/fp\/ca\/2022\/10\/18\/marc-martinez-ressalta-la-importancia-de-la-itv\/\" \/>\n<meta property=\"og:site_name\" content=\"Formaci\u00f3n profesional\" \/>\n<meta property=\"article:published_time\" content=\"2022-10-17T22:00:00+00:00\" \/>\n<meta property=\"article:modified_time\" content=\"2026-03-10T09:03:29+00:00\" \/>\n<meta property=\"og:image\" content=\"https:\/\/www.monlau.com\/app\/uploads\/sites\/3\/2026\/03\/IMG_0356-scaled.jpg\" \/>\n\t<meta property=\"og:image:width\" content=\"2560\" \/>\n\t<meta property=\"og:image:height\" content=\"1707\" \/>\n\t<meta property=\"og:image:type\" content=\"image\/jpeg\" \/>\n<meta name=\"author\" content=\"adsmurai\" \/>\n<meta name=\"twitter:card\" content=\"summary_large_image\" \/>\n<meta name=\"twitter:label1\" content=\"Escrit per\" \/>\n\t<meta name=\"twitter:data1\" content=\"adsmurai\" \/>\n\t<meta name=\"twitter:label2\" content=\"Temps estimat de lectura\" \/>\n\t<meta name=\"twitter:data2\" content=\"2 minuts\" \/>\n<script type=\"application\/ld+json\" class=\"yoast-schema-graph\">{\"@context\":\"https:\/\/schema.org\",\"@graph\":[{\"@type\":\"Article\",\"@id\":\"https:\/\/www.monlau.com\/fp\/ca\/2022\/10\/18\/marc-martinez-ressalta-la-importancia-de-la-itv\/#article\",\"isPartOf\":{\"@id\":\"https:\/\/www.monlau.com\/fp\/ca\/2022\/10\/18\/marc-martinez-ressalta-la-importancia-de-la-itv\/\"},\"author\":{\"name\":\"adsmurai\",\"@id\":\"https:\/\/www.monlau.com\/fp\/ca\/#\/schema\/person\/419cfdf054323e24e0a2ef1d8597f051\"},\"headline\":\"Marc Mart\u00ednez ressalta la import\u00e0ncia de la ITV\",\"datePublished\":\"2022-10-17T22:00:00+00:00\",\"dateModified\":\"2026-03-10T09:03:29+00:00\",\"mainEntityOfPage\":{\"@id\":\"https:\/\/www.monlau.com\/fp\/ca\/2022\/10\/18\/marc-martinez-ressalta-la-importancia-de-la-itv\/\"},\"wordCount\":398,\"publisher\":{\"@id\":\"https:\/\/www.monlau.com\/fp\/ca\/#organization\"},\"image\":{\"@id\":\"https:\/\/www.monlau.com\/fp\/ca\/2022\/10\/18\/marc-martinez-ressalta-la-importancia-de-la-itv\/#primaryimage\"},\"thumbnailUrl\":\"https:\/\/www.monlau.com\/app\/uploads\/sites\/3\/2026\/03\/IMG_0356-scaled.jpg\",\"keywords\":[\"Automoci\u00f3\",\"electromec\u00e0nica\",\"fp\",\"inspecci\u00f3 t\u00e8cnica\",\"ITV\",\"motocicletes\",\"motos\"],\"articleSection\":[\"Automoci\u00f3\",\"Monlau\"],\"inLanguage\":\"ca\"},{\"@type\":\"WebPage\",\"@id\":\"https:\/\/www.monlau.com\/fp\/ca\/2022\/10\/18\/marc-martinez-ressalta-la-importancia-de-la-itv\/\",\"url\":\"https:\/\/www.monlau.com\/fp\/ca\/2022\/10\/18\/marc-martinez-ressalta-la-importancia-de-la-itv\/\",\"name\":\"Marc Mart\u00ednez ressalta la import\u00e0ncia de la ITV - Formaci\u00f3n profesional\",\"isPartOf\":{\"@id\":\"https:\/\/www.monlau.com\/fp\/ca\/#website\"},\"primaryImageOfPage\":{\"@id\":\"https:\/\/www.monlau.com\/fp\/ca\/2022\/10\/18\/marc-martinez-ressalta-la-importancia-de-la-itv\/#primaryimage\"},\"image\":{\"@id\":\"https:\/\/www.monlau.com\/fp\/ca\/2022\/10\/18\/marc-martinez-ressalta-la-importancia-de-la-itv\/#primaryimage\"},\"thumbnailUrl\":\"https:\/\/www.monlau.com\/app\/uploads\/sites\/3\/2026\/03\/IMG_0356-scaled.jpg\",\"datePublished\":\"2022-10-17T22:00:00+00:00\",\"dateModified\":\"2026-03-10T09:03:29+00:00\",\"breadcrumb\":{\"@id\":\"https:\/\/www.monlau.com\/fp\/ca\/2022\/10\/18\/marc-martinez-ressalta-la-importancia-de-la-itv\/#breadcrumb\"},\"inLanguage\":\"ca\",\"potentialAction\":[{\"@type\":\"ReadAction\",\"target\":[\"https:\/\/www.monlau.com\/fp\/ca\/2022\/10\/18\/marc-martinez-ressalta-la-importancia-de-la-itv\/\"]}]},{\"@type\":\"ImageObject\",\"inLanguage\":\"ca\",\"@id\":\"https:\/\/www.monlau.com\/fp\/ca\/2022\/10\/18\/marc-martinez-ressalta-la-importancia-de-la-itv\/#primaryimage\",\"url\":\"https:\/\/www.monlau.com\/app\/uploads\/sites\/3\/2026\/03\/IMG_0356-scaled.jpg\",\"contentUrl\":\"https:\/\/www.monlau.com\/app\/uploads\/sites\/3\/2026\/03\/IMG_0356-scaled.jpg\",\"width\":2560,\"height\":1707},{\"@type\":\"BreadcrumbList\",\"@id\":\"https:\/\/www.monlau.com\/fp\/ca\/2022\/10\/18\/marc-martinez-ressalta-la-importancia-de-la-itv\/#breadcrumb\",\"itemListElement\":[{\"@type\":\"ListItem\",\"position\":1,\"name\":\"Portada\",\"item\":\"https:\/\/www.monlau.com\/fp\/ca\/inici\/\"},{\"@type\":\"ListItem\",\"position\":2,\"name\":\"Marc Mart\u00ednez ressalta la import\u00e0ncia de la ITV\"}]},{\"@type\":\"WebSite\",\"@id\":\"https:\/\/www.monlau.com\/fp\/ca\/#website\",\"url\":\"https:\/\/www.monlau.com\/fp\/ca\/\",\"name\":\"Formaci\u00f3n profesional\",\"description\":\"Monlau\",\"publisher\":{\"@id\":\"https:\/\/www.monlau.com\/fp\/ca\/#organization\"},\"potentialAction\":[{\"@type\":\"SearchAction\",\"target\":{\"@type\":\"EntryPoint\",\"urlTemplate\":\"https:\/\/www.monlau.com\/fp\/ca\/?s={search_term_string}\"},\"query-input\":{\"@type\":\"PropertyValueSpecification\",\"valueRequired\":true,\"valueName\":\"search_term_string\"}}],\"inLanguage\":\"ca\"},{\"@type\":\"Organization\",\"@id\":\"https:\/\/www.monlau.com\/fp\/ca\/#organization\",\"name\":\"Formaci\u00f3n profesional\",\"url\":\"https:\/\/www.monlau.com\/fp\/ca\/\",\"logo\":{\"@type\":\"ImageObject\",\"inLanguage\":\"ca\",\"@id\":\"https:\/\/www.monlau.com\/fp\/ca\/#\/schema\/logo\/image\/\",\"url\":\"https:\/\/www.monlau.com\/app\/uploads\/sites\/3\/2026\/01\/fp.png\",\"contentUrl\":\"https:\/\/www.monlau.com\/app\/uploads\/sites\/3\/2026\/01\/fp.png\",\"width\":1024,\"height\":878,\"caption\":\"Formaci\u00f3n profesional\"},\"image\":{\"@id\":\"https:\/\/www.monlau.com\/fp\/ca\/#\/schema\/logo\/image\/\"}},{\"@type\":\"Person\",\"@id\":\"https:\/\/www.monlau.com\/fp\/ca\/#\/schema\/person\/419cfdf054323e24e0a2ef1d8597f051\",\"name\":\"adsmurai\",\"image\":{\"@type\":\"ImageObject\",\"inLanguage\":\"ca\",\"@id\":\"https:\/\/secure.gravatar.com\/avatar\/0748788578f91786454454fa3b4c295644edb991ad6caadc70b41d26790d38fc?s=96&d=mm&r=g\",\"url\":\"https:\/\/secure.gravatar.com\/avatar\/0748788578f91786454454fa3b4c295644edb991ad6caadc70b41d26790d38fc?s=96&d=mm&r=g\",\"contentUrl\":\"https:\/\/secure.gravatar.com\/avatar\/0748788578f91786454454fa3b4c295644edb991ad6caadc70b41d26790d38fc?s=96&d=mm&r=g\",\"caption\":\"adsmurai\"},\"sameAs\":[\"https:\/\/www.monlau.com\"],\"url\":\"https:\/\/www.monlau.com\/fp\/ca\/author\/adsmurai\/\"}]}<\/script>\n<!-- \/ Yoast SEO plugin. -->","yoast_head_json":{"title":"Marc Mart\u00ednez ressalta la import\u00e0ncia de la ITV - Formaci\u00f3n profesional","robots":{"index":"index","follow":"follow","max-snippet":"max-snippet:-1","max-image-preview":"max-image-preview:large","max-video-preview":"max-video-preview:-1"},"canonical":"https:\/\/www.monlau.com\/fp\/ca\/2022\/10\/18\/marc-martinez-ressalta-la-importancia-de-la-itv\/","og_locale":"ca_ES","og_type":"article","og_title":"Marc Mart\u00ednez ressalta la import\u00e0ncia de la ITV - Formaci\u00f3n profesional","og_description":"La inspecci\u00f3 t\u00e8cnica en el m\u00f3n del motor \u00e9s una de les moltes sortides que pot tenir el nostre alumnat d&#8217;automoci\u00f3, encara que no sempre \u00e9s la m\u00e9s triada pels graduats, ja que es desconeix la import\u00e0ncia d&#8217;aquesta. \u00c9s per aix\u00f2, que el nostre excompany, el professor Marc Mart\u00ednez, va venir recentment a donar una [&hellip;]","og_url":"https:\/\/www.monlau.com\/fp\/ca\/2022\/10\/18\/marc-martinez-ressalta-la-importancia-de-la-itv\/","og_site_name":"Formaci\u00f3n profesional","article_published_time":"2022-10-17T22:00:00+00:00","article_modified_time":"2026-03-10T09:03:29+00:00","og_image":[{"width":2560,"height":1707,"url":"https:\/\/www.monlau.com\/app\/uploads\/sites\/3\/2026\/03\/IMG_0356-scaled.jpg","type":"image\/jpeg"}],"author":"adsmurai","twitter_card":"summary_large_image","twitter_misc":{"Escrit per":"adsmurai","Temps estimat de lectura":"2 minuts"},"schema":{"@context":"https:\/\/schema.org","@graph":[{"@type":"Article","@id":"https:\/\/www.monlau.com\/fp\/ca\/2022\/10\/18\/marc-martinez-ressalta-la-importancia-de-la-itv\/#article","isPartOf":{"@id":"https:\/\/www.monlau.com\/fp\/ca\/2022\/10\/18\/marc-martinez-ressalta-la-importancia-de-la-itv\/"},"author":{"name":"adsmurai","@id":"https:\/\/www.monlau.com\/fp\/ca\/#\/schema\/person\/419cfdf054323e24e0a2ef1d8597f051"},"headline":"Marc Mart\u00ednez ressalta la import\u00e0ncia de la ITV","datePublished":"2022-10-17T22:00:00+00:00","dateModified":"2026-03-10T09:03:29+00:00","mainEntityOfPage":{"@id":"https:\/\/www.monlau.com\/fp\/ca\/2022\/10\/18\/marc-martinez-ressalta-la-importancia-de-la-itv\/"},"wordCount":398,"publisher":{"@id":"https:\/\/www.monlau.com\/fp\/ca\/#organization"},"image":{"@id":"https:\/\/www.monlau.com\/fp\/ca\/2022\/10\/18\/marc-martinez-ressalta-la-importancia-de-la-itv\/#primaryimage"},"thumbnailUrl":"https:\/\/www.monlau.com\/app\/uploads\/sites\/3\/2026\/03\/IMG_0356-scaled.jpg","keywords":["Automoci\u00f3","electromec\u00e0nica","fp","inspecci\u00f3 t\u00e8cnica","ITV","motocicletes","motos"],"articleSection":["Automoci\u00f3","Monlau"],"inLanguage":"ca"},{"@type":"WebPage","@id":"https:\/\/www.monlau.com\/fp\/ca\/2022\/10\/18\/marc-martinez-ressalta-la-importancia-de-la-itv\/","url":"https:\/\/www.monlau.com\/fp\/ca\/2022\/10\/18\/marc-martinez-ressalta-la-importancia-de-la-itv\/","name":"Marc Mart\u00ednez ressalta la import\u00e0ncia de la ITV - Formaci\u00f3n profesional","isPartOf":{"@id":"https:\/\/www.monlau.com\/fp\/ca\/#website"},"primaryImageOfPage":{"@id":"https:\/\/www.monlau.com\/fp\/ca\/2022\/10\/18\/marc-martinez-ressalta-la-importancia-de-la-itv\/#primaryimage"},"image":{"@id":"https:\/\/www.monlau.com\/fp\/ca\/2022\/10\/18\/marc-martinez-ressalta-la-importancia-de-la-itv\/#primaryimage"},"thumbnailUrl":"https:\/\/www.monlau.com\/app\/uploads\/sites\/3\/2026\/03\/IMG_0356-scaled.jpg","datePublished":"2022-10-17T22:00:00+00:00","dateModified":"2026-03-10T09:03:29+00:00","breadcrumb":{"@id":"https:\/\/www.monlau.com\/fp\/ca\/2022\/10\/18\/marc-martinez-ressalta-la-importancia-de-la-itv\/#breadcrumb"},"inLanguage":"ca","potentialAction":[{"@type":"ReadAction","target":["https:\/\/www.monlau.com\/fp\/ca\/2022\/10\/18\/marc-martinez-ressalta-la-importancia-de-la-itv\/"]}]},{"@type":"ImageObject","inLanguage":"ca","@id":"https:\/\/www.monlau.com\/fp\/ca\/2022\/10\/18\/marc-martinez-ressalta-la-importancia-de-la-itv\/#primaryimage","url":"https:\/\/www.monlau.com\/app\/uploads\/sites\/3\/2026\/03\/IMG_0356-scaled.jpg","contentUrl":"https:\/\/www.monlau.com\/app\/uploads\/sites\/3\/2026\/03\/IMG_0356-scaled.jpg","width":2560,"height":1707},{"@type":"BreadcrumbList","@id":"https:\/\/www.monlau.com\/fp\/ca\/2022\/10\/18\/marc-martinez-ressalta-la-importancia-de-la-itv\/#breadcrumb","itemListElement":[{"@type":"ListItem","position":1,"name":"Portada","item":"https:\/\/www.monlau.com\/fp\/ca\/inici\/"},{"@type":"ListItem","position":2,"name":"Marc Mart\u00ednez ressalta la import\u00e0ncia de la ITV"}]},{"@type":"WebSite","@id":"https:\/\/www.monlau.com\/fp\/ca\/#website","url":"https:\/\/www.monlau.com\/fp\/ca\/","name":"Formaci\u00f3n profesional","description":"Monlau","publisher":{"@id":"https:\/\/www.monlau.com\/fp\/ca\/#organization"},"potentialAction":[{"@type":"SearchAction","target":{"@type":"EntryPoint","urlTemplate":"https:\/\/www.monlau.com\/fp\/ca\/?s={search_term_string}"},"query-input":{"@type":"PropertyValueSpecification","valueRequired":true,"valueName":"search_term_string"}}],"inLanguage":"ca"},{"@type":"Organization","@id":"https:\/\/www.monlau.com\/fp\/ca\/#organization","name":"Formaci\u00f3n profesional","url":"https:\/\/www.monlau.com\/fp\/ca\/","logo":{"@type":"ImageObject","inLanguage":"ca","@id":"https:\/\/www.monlau.com\/fp\/ca\/#\/schema\/logo\/image\/","url":"https:\/\/www.monlau.com\/app\/uploads\/sites\/3\/2026\/01\/fp.png","contentUrl":"https:\/\/www.monlau.com\/app\/uploads\/sites\/3\/2026\/01\/fp.png","width":1024,"height":878,"caption":"Formaci\u00f3n profesional"},"image":{"@id":"https:\/\/www.monlau.com\/fp\/ca\/#\/schema\/logo\/image\/"}},{"@type":"Person","@id":"https:\/\/www.monlau.com\/fp\/ca\/#\/schema\/person\/419cfdf054323e24e0a2ef1d8597f051","name":"adsmurai","image":{"@type":"ImageObject","inLanguage":"ca","@id":"https:\/\/secure.gravatar.com\/avatar\/0748788578f91786454454fa3b4c295644edb991ad6caadc70b41d26790d38fc?s=96&d=mm&r=g","url":"https:\/\/secure.gravatar.com\/avatar\/0748788578f91786454454fa3b4c295644edb991ad6caadc70b41d26790d38fc?s=96&d=mm&r=g","contentUrl":"https:\/\/secure.gravatar.com\/avatar\/0748788578f91786454454fa3b4c295644edb991ad6caadc70b41d26790d38fc?s=96&d=mm&r=g","caption":"adsmurai"},"sameAs":["https:\/\/www.monlau.com"],"url":"https:\/\/www.monlau.com\/fp\/ca\/author\/adsmurai\/"}]}},"_links":{"self":[{"href":"https:\/\/www.monlau.com\/fp\/ca\/wp-json\/wp\/v2\/posts\/6293","targetHints":{"allow":["GET"]}}],"collection":[{"href":"https:\/\/www.monlau.com\/fp\/ca\/wp-json\/wp\/v2\/posts"}],"about":[{"href":"https:\/\/www.monlau.com\/fp\/ca\/wp-json\/wp\/v2\/types\/post"}],"author":[{"embeddable":true,"href":"https:\/\/www.monlau.com\/fp\/ca\/wp-json\/wp\/v2\/users\/1"}],"replies":[{"embeddable":true,"href":"https:\/\/www.monlau.com\/fp\/ca\/wp-json\/wp\/v2\/comments?post=6293"}],"version-history":[{"count":1,"href":"https:\/\/www.monlau.com\/fp\/ca\/wp-json\/wp\/v2\/posts\/6293\/revisions"}],"predecessor-version":[{"id":6393,"href":"https:\/\/www.monlau.com\/fp\/ca\/wp-json\/wp\/v2\/posts\/6293\/revisions\/6393"}],"wp:featuredmedia":[{"embeddable":true,"href":"https:\/\/www.monlau.com\/fp\/ca\/wp-json\/wp\/v2\/media\/3640"}],"wp:attachment":[{"href":"https:\/\/www.monlau.com\/fp\/ca\/wp-json\/wp\/v2\/media?parent=6293"}],"wp:term":[{"taxonomy":"category","embeddable":true,"href":"https:\/\/www.monlau.com\/fp\/ca\/wp-json\/wp\/v2\/categories?post=6293"},{"taxonomy":"post_tag","embeddable":true,"href":"https:\/\/www.monlau.com\/fp\/ca\/wp-json\/wp\/v2\/tags?post=6293"}],"curies":[{"name":"wp","href":"https:\/\/api.w.org\/{rel}","templated":true}]}}