{"id":6290,"date":"2022-06-20T00:00:00","date_gmt":"2022-06-19T22:00:00","guid":{"rendered":"https:\/\/www.monlau.com\/formacion-profesional\/que-es-un-pfi\/"},"modified":"2026-03-10T10:03:29","modified_gmt":"2026-03-10T09:03:29","slug":"que-es-un-pfi","status":"publish","type":"post","link":"https:\/\/www.monlau.com\/fp\/ca\/2022\/06\/20\/que-es-un-pfi\/","title":{"rendered":"Qu\u00e8 \u00e9s un PFI?"},"content":{"rendered":"<p>Gaspar Busquets, director acad\u00e8mic, ens explica la import\u00e0ncia del\u00a0PFI\u00a0i les novetats acad\u00e8miques d&#8217;enguany.<\/p>\n<p>El\u00a0PFI\u00a0\u00e9s un <strong>programa de formaci\u00f3 i inserci\u00f3<\/strong> per a tots aquells alumnes que no han finalitzat l&#8217;ESO i vulguin continuar en el sistema educatiu. Per a entrar en aquest programa, els alumnes hauran de tenir entre 16 i 21 anys.<\/p>\n<p>Gaspar comenta que aquest programa \u00e9s molt important per a aquells alumnes que no hagin aconseguit obtenir el graduat de l&#8217;educaci\u00f3 secund\u00e0ria obligat\u00f2ria, ja que \u00e9s l&#8217;\u00fanica manera de poder continuar formant-te en l&#8217;\u00e0mbit de l&#8217;educaci\u00f3.<\/p>\n<h3>PFI en Monlau<\/h3>\n<p>En el nostre centre educatiu, comptem amb un\u00a0PFI\u00a0d&#8217;auxiliar de reparaci\u00f3 i manteniment de vehicles. Els alumnes aconseguiran compet\u00e8ncies professionals relacionades amb la reparaci\u00f3 i el manteniment en l&#8217;\u00e0mbit de la mec\u00e0nica i l&#8217;electricitat d&#8217;autom\u00f2bils i motocicletes. Tamb\u00e9 tindran un primer contacte amb el sector laboral fent pr\u00e0ctiques en tallers i concessionaris.<\/p>\n<p>A m\u00e9s dels m\u00f2duls espec\u00edfics, els alumnes impartiran els m\u00f2duls generals que hi ha en cada programa. Aquests s\u00f3n els de matem\u00e0tiques, lleng\u00fces, entorn social i territorial, entre altres.<\/p>\n<p>Anteriorment, en els programes de formaci\u00f3 i inserci\u00f3, per a passar a un cicle de grau mitj\u00e0, els alumnes inscrits a aquest curs havien de treure una nota igual o superior a un 8. A m\u00e9s, els alumnes se sotmetien a un examen per a poder accedir al grau mitj\u00e0.<\/p>\n<p>Actualment, l&#8217;alumne que aprovi el curs acad\u00e8mic podr\u00e0 passar a realitzar un curs de grau mitj\u00e0 sense cap examen pel mig. Aix\u00f2 vol dir que, ser\u00e0 m\u00e9s accessible entrar en un grau mitj\u00e0.<\/p>\n<p><strong>Si vols saber m\u00e9s sobre aquest curs o est\u00e0s interessat en ell, no dubtis a contactar amb nosaltres.<\/strong><\/p>\n","protected":false},"excerpt":{"rendered":"<p>Gaspar Busquets, director acad\u00e8mic, ens explica la import\u00e0ncia del\u00a0PFI\u00a0i les novetats acad\u00e8miques d&#8217;enguany. El\u00a0PFI\u00a0\u00e9s un programa de formaci\u00f3 i inserci\u00f3 per a tots aquells alumnes que no han finalitzat l&#8217;ESO i vulguin continuar en el sistema educatiu. Per a entrar en aquest programa, els alumnes hauran de tenir entre 16 i 21 anys. Gaspar comenta [&hellip;]<\/p>\n","protected":false},"author":1,"featured_media":3627,"comment_status":"closed","ping_status":"closed","sticky":false,"template":"","format":"standard","meta":{"footnotes":""},"categories":[412,390,258],"tags":[309,394,444,441],"class_list":["post-6290","post","type-post","status-publish","format-standard","has-post-thumbnail","hentry","category-anuari","category-educatiu","category-monlau","tag-automocio","tag-fp","tag-pfi","tag-tallers"],"yoast_head":"<!-- This site is optimized with the Yoast SEO plugin v27.2 - https:\/\/yoast.com\/product\/yoast-seo-wordpress\/ -->\n<title>Qu\u00e8 \u00e9s un PFI? - Formaci\u00f3n profesional<\/title>\n<meta name=\"robots\" content=\"index, follow, max-snippet:-1, max-image-preview:large, max-video-preview:-1\" \/>\n<link rel=\"canonical\" href=\"https:\/\/www.monlau.com\/fp\/ca\/2022\/06\/20\/que-es-un-pfi\/\" \/>\n<meta property=\"og:locale\" content=\"ca_ES\" \/>\n<meta property=\"og:type\" content=\"article\" \/>\n<meta property=\"og:title\" content=\"Qu\u00e8 \u00e9s un PFI? - Formaci\u00f3n profesional\" \/>\n<meta property=\"og:description\" content=\"Gaspar Busquets, director acad\u00e8mic, ens explica la import\u00e0ncia del\u00a0PFI\u00a0i les novetats acad\u00e8miques d&#8217;enguany. El\u00a0PFI\u00a0\u00e9s un programa de formaci\u00f3 i inserci\u00f3 per a tots aquells alumnes que no han finalitzat l&#8217;ESO i vulguin continuar en el sistema educatiu. Per a entrar en aquest programa, els alumnes hauran de tenir entre 16 i 21 anys. Gaspar comenta [&hellip;]\" \/>\n<meta property=\"og:url\" content=\"https:\/\/www.monlau.com\/fp\/ca\/2022\/06\/20\/que-es-un-pfi\/\" \/>\n<meta property=\"og:site_name\" content=\"Formaci\u00f3n profesional\" \/>\n<meta property=\"article:published_time\" content=\"2022-06-19T22:00:00+00:00\" \/>\n<meta property=\"article:modified_time\" content=\"2026-03-10T09:03:29+00:00\" \/>\n<meta property=\"og:image\" content=\"https:\/\/www.monlau.com\/app\/uploads\/sites\/3\/2026\/03\/AFG01400-scaled.jpg\" \/>\n\t<meta property=\"og:image:width\" content=\"2560\" \/>\n\t<meta property=\"og:image:height\" content=\"1816\" \/>\n\t<meta property=\"og:image:type\" content=\"image\/jpeg\" \/>\n<meta name=\"author\" content=\"adsmurai\" \/>\n<meta name=\"twitter:card\" content=\"summary_large_image\" \/>\n<meta name=\"twitter:label1\" content=\"Escrit per\" \/>\n\t<meta name=\"twitter:data1\" content=\"adsmurai\" \/>\n\t<meta name=\"twitter:label2\" content=\"Temps estimat de lectura\" \/>\n\t<meta name=\"twitter:data2\" content=\"2 minuts\" \/>\n<script type=\"application\/ld+json\" class=\"yoast-schema-graph\">{\"@context\":\"https:\/\/schema.org\",\"@graph\":[{\"@type\":\"Article\",\"@id\":\"https:\/\/www.monlau.com\/fp\/ca\/2022\/06\/20\/que-es-un-pfi\/#article\",\"isPartOf\":{\"@id\":\"https:\/\/www.monlau.com\/fp\/ca\/2022\/06\/20\/que-es-un-pfi\/\"},\"author\":{\"name\":\"adsmurai\",\"@id\":\"https:\/\/www.monlau.com\/fp\/ca\/#\/schema\/person\/419cfdf054323e24e0a2ef1d8597f051\"},\"headline\":\"Qu\u00e8 \u00e9s un PFI?\",\"datePublished\":\"2022-06-19T22:00:00+00:00\",\"dateModified\":\"2026-03-10T09:03:29+00:00\",\"mainEntityOfPage\":{\"@id\":\"https:\/\/www.monlau.com\/fp\/ca\/2022\/06\/20\/que-es-un-pfi\/\"},\"wordCount\":312,\"publisher\":{\"@id\":\"https:\/\/www.monlau.com\/fp\/ca\/#organization\"},\"image\":{\"@id\":\"https:\/\/www.monlau.com\/fp\/ca\/2022\/06\/20\/que-es-un-pfi\/#primaryimage\"},\"thumbnailUrl\":\"https:\/\/www.monlau.com\/app\/uploads\/sites\/3\/2026\/03\/AFG01400-scaled.jpg\",\"keywords\":[\"Automoci\u00f3\",\"fp\",\"PFI\",\"Tallers\"],\"articleSection\":[\"anuari\",\"Educatiu\",\"Monlau\"],\"inLanguage\":\"ca\"},{\"@type\":\"WebPage\",\"@id\":\"https:\/\/www.monlau.com\/fp\/ca\/2022\/06\/20\/que-es-un-pfi\/\",\"url\":\"https:\/\/www.monlau.com\/fp\/ca\/2022\/06\/20\/que-es-un-pfi\/\",\"name\":\"Qu\u00e8 \u00e9s un PFI? - Formaci\u00f3n profesional\",\"isPartOf\":{\"@id\":\"https:\/\/www.monlau.com\/fp\/ca\/#website\"},\"primaryImageOfPage\":{\"@id\":\"https:\/\/www.monlau.com\/fp\/ca\/2022\/06\/20\/que-es-un-pfi\/#primaryimage\"},\"image\":{\"@id\":\"https:\/\/www.monlau.com\/fp\/ca\/2022\/06\/20\/que-es-un-pfi\/#primaryimage\"},\"thumbnailUrl\":\"https:\/\/www.monlau.com\/app\/uploads\/sites\/3\/2026\/03\/AFG01400-scaled.jpg\",\"datePublished\":\"2022-06-19T22:00:00+00:00\",\"dateModified\":\"2026-03-10T09:03:29+00:00\",\"breadcrumb\":{\"@id\":\"https:\/\/www.monlau.com\/fp\/ca\/2022\/06\/20\/que-es-un-pfi\/#breadcrumb\"},\"inLanguage\":\"ca\",\"potentialAction\":[{\"@type\":\"ReadAction\",\"target\":[\"https:\/\/www.monlau.com\/fp\/ca\/2022\/06\/20\/que-es-un-pfi\/\"]}]},{\"@type\":\"ImageObject\",\"inLanguage\":\"ca\",\"@id\":\"https:\/\/www.monlau.com\/fp\/ca\/2022\/06\/20\/que-es-un-pfi\/#primaryimage\",\"url\":\"https:\/\/www.monlau.com\/app\/uploads\/sites\/3\/2026\/03\/AFG01400-scaled.jpg\",\"contentUrl\":\"https:\/\/www.monlau.com\/app\/uploads\/sites\/3\/2026\/03\/AFG01400-scaled.jpg\",\"width\":2560,\"height\":1816},{\"@type\":\"BreadcrumbList\",\"@id\":\"https:\/\/www.monlau.com\/fp\/ca\/2022\/06\/20\/que-es-un-pfi\/#breadcrumb\",\"itemListElement\":[{\"@type\":\"ListItem\",\"position\":1,\"name\":\"Portada\",\"item\":\"https:\/\/www.monlau.com\/fp\/ca\/inici\/\"},{\"@type\":\"ListItem\",\"position\":2,\"name\":\"Qu\u00e8 \u00e9s un PFI?\"}]},{\"@type\":\"WebSite\",\"@id\":\"https:\/\/www.monlau.com\/fp\/ca\/#website\",\"url\":\"https:\/\/www.monlau.com\/fp\/ca\/\",\"name\":\"Formaci\u00f3n profesional\",\"description\":\"Monlau\",\"publisher\":{\"@id\":\"https:\/\/www.monlau.com\/fp\/ca\/#organization\"},\"potentialAction\":[{\"@type\":\"SearchAction\",\"target\":{\"@type\":\"EntryPoint\",\"urlTemplate\":\"https:\/\/www.monlau.com\/fp\/ca\/?s={search_term_string}\"},\"query-input\":{\"@type\":\"PropertyValueSpecification\",\"valueRequired\":true,\"valueName\":\"search_term_string\"}}],\"inLanguage\":\"ca\"},{\"@type\":\"Organization\",\"@id\":\"https:\/\/www.monlau.com\/fp\/ca\/#organization\",\"name\":\"Formaci\u00f3n profesional\",\"url\":\"https:\/\/www.monlau.com\/fp\/ca\/\",\"logo\":{\"@type\":\"ImageObject\",\"inLanguage\":\"ca\",\"@id\":\"https:\/\/www.monlau.com\/fp\/ca\/#\/schema\/logo\/image\/\",\"url\":\"https:\/\/www.monlau.com\/app\/uploads\/sites\/3\/2026\/01\/fp.png\",\"contentUrl\":\"https:\/\/www.monlau.com\/app\/uploads\/sites\/3\/2026\/01\/fp.png\",\"width\":1024,\"height\":878,\"caption\":\"Formaci\u00f3n profesional\"},\"image\":{\"@id\":\"https:\/\/www.monlau.com\/fp\/ca\/#\/schema\/logo\/image\/\"}},{\"@type\":\"Person\",\"@id\":\"https:\/\/www.monlau.com\/fp\/ca\/#\/schema\/person\/419cfdf054323e24e0a2ef1d8597f051\",\"name\":\"adsmurai\",\"image\":{\"@type\":\"ImageObject\",\"inLanguage\":\"ca\",\"@id\":\"https:\/\/secure.gravatar.com\/avatar\/0748788578f91786454454fa3b4c295644edb991ad6caadc70b41d26790d38fc?s=96&d=mm&r=g\",\"url\":\"https:\/\/secure.gravatar.com\/avatar\/0748788578f91786454454fa3b4c295644edb991ad6caadc70b41d26790d38fc?s=96&d=mm&r=g\",\"contentUrl\":\"https:\/\/secure.gravatar.com\/avatar\/0748788578f91786454454fa3b4c295644edb991ad6caadc70b41d26790d38fc?s=96&d=mm&r=g\",\"caption\":\"adsmurai\"},\"sameAs\":[\"https:\/\/www.monlau.com\"],\"url\":\"https:\/\/www.monlau.com\/fp\/ca\/author\/adsmurai\/\"}]}<\/script>\n<!-- \/ Yoast SEO plugin. -->","yoast_head_json":{"title":"Qu\u00e8 \u00e9s un PFI? - Formaci\u00f3n profesional","robots":{"index":"index","follow":"follow","max-snippet":"max-snippet:-1","max-image-preview":"max-image-preview:large","max-video-preview":"max-video-preview:-1"},"canonical":"https:\/\/www.monlau.com\/fp\/ca\/2022\/06\/20\/que-es-un-pfi\/","og_locale":"ca_ES","og_type":"article","og_title":"Qu\u00e8 \u00e9s un PFI? - Formaci\u00f3n profesional","og_description":"Gaspar Busquets, director acad\u00e8mic, ens explica la import\u00e0ncia del\u00a0PFI\u00a0i les novetats acad\u00e8miques d&#8217;enguany. El\u00a0PFI\u00a0\u00e9s un programa de formaci\u00f3 i inserci\u00f3 per a tots aquells alumnes que no han finalitzat l&#8217;ESO i vulguin continuar en el sistema educatiu. Per a entrar en aquest programa, els alumnes hauran de tenir entre 16 i 21 anys. Gaspar comenta [&hellip;]","og_url":"https:\/\/www.monlau.com\/fp\/ca\/2022\/06\/20\/que-es-un-pfi\/","og_site_name":"Formaci\u00f3n profesional","article_published_time":"2022-06-19T22:00:00+00:00","article_modified_time":"2026-03-10T09:03:29+00:00","og_image":[{"width":2560,"height":1816,"url":"https:\/\/www.monlau.com\/app\/uploads\/sites\/3\/2026\/03\/AFG01400-scaled.jpg","type":"image\/jpeg"}],"author":"adsmurai","twitter_card":"summary_large_image","twitter_misc":{"Escrit per":"adsmurai","Temps estimat de lectura":"2 minuts"},"schema":{"@context":"https:\/\/schema.org","@graph":[{"@type":"Article","@id":"https:\/\/www.monlau.com\/fp\/ca\/2022\/06\/20\/que-es-un-pfi\/#article","isPartOf":{"@id":"https:\/\/www.monlau.com\/fp\/ca\/2022\/06\/20\/que-es-un-pfi\/"},"author":{"name":"adsmurai","@id":"https:\/\/www.monlau.com\/fp\/ca\/#\/schema\/person\/419cfdf054323e24e0a2ef1d8597f051"},"headline":"Qu\u00e8 \u00e9s un PFI?","datePublished":"2022-06-19T22:00:00+00:00","dateModified":"2026-03-10T09:03:29+00:00","mainEntityOfPage":{"@id":"https:\/\/www.monlau.com\/fp\/ca\/2022\/06\/20\/que-es-un-pfi\/"},"wordCount":312,"publisher":{"@id":"https:\/\/www.monlau.com\/fp\/ca\/#organization"},"image":{"@id":"https:\/\/www.monlau.com\/fp\/ca\/2022\/06\/20\/que-es-un-pfi\/#primaryimage"},"thumbnailUrl":"https:\/\/www.monlau.com\/app\/uploads\/sites\/3\/2026\/03\/AFG01400-scaled.jpg","keywords":["Automoci\u00f3","fp","PFI","Tallers"],"articleSection":["anuari","Educatiu","Monlau"],"inLanguage":"ca"},{"@type":"WebPage","@id":"https:\/\/www.monlau.com\/fp\/ca\/2022\/06\/20\/que-es-un-pfi\/","url":"https:\/\/www.monlau.com\/fp\/ca\/2022\/06\/20\/que-es-un-pfi\/","name":"Qu\u00e8 \u00e9s un PFI? - Formaci\u00f3n profesional","isPartOf":{"@id":"https:\/\/www.monlau.com\/fp\/ca\/#website"},"primaryImageOfPage":{"@id":"https:\/\/www.monlau.com\/fp\/ca\/2022\/06\/20\/que-es-un-pfi\/#primaryimage"},"image":{"@id":"https:\/\/www.monlau.com\/fp\/ca\/2022\/06\/20\/que-es-un-pfi\/#primaryimage"},"thumbnailUrl":"https:\/\/www.monlau.com\/app\/uploads\/sites\/3\/2026\/03\/AFG01400-scaled.jpg","datePublished":"2022-06-19T22:00:00+00:00","dateModified":"2026-03-10T09:03:29+00:00","breadcrumb":{"@id":"https:\/\/www.monlau.com\/fp\/ca\/2022\/06\/20\/que-es-un-pfi\/#breadcrumb"},"inLanguage":"ca","potentialAction":[{"@type":"ReadAction","target":["https:\/\/www.monlau.com\/fp\/ca\/2022\/06\/20\/que-es-un-pfi\/"]}]},{"@type":"ImageObject","inLanguage":"ca","@id":"https:\/\/www.monlau.com\/fp\/ca\/2022\/06\/20\/que-es-un-pfi\/#primaryimage","url":"https:\/\/www.monlau.com\/app\/uploads\/sites\/3\/2026\/03\/AFG01400-scaled.jpg","contentUrl":"https:\/\/www.monlau.com\/app\/uploads\/sites\/3\/2026\/03\/AFG01400-scaled.jpg","width":2560,"height":1816},{"@type":"BreadcrumbList","@id":"https:\/\/www.monlau.com\/fp\/ca\/2022\/06\/20\/que-es-un-pfi\/#breadcrumb","itemListElement":[{"@type":"ListItem","position":1,"name":"Portada","item":"https:\/\/www.monlau.com\/fp\/ca\/inici\/"},{"@type":"ListItem","position":2,"name":"Qu\u00e8 \u00e9s un PFI?"}]},{"@type":"WebSite","@id":"https:\/\/www.monlau.com\/fp\/ca\/#website","url":"https:\/\/www.monlau.com\/fp\/ca\/","name":"Formaci\u00f3n profesional","description":"Monlau","publisher":{"@id":"https:\/\/www.monlau.com\/fp\/ca\/#organization"},"potentialAction":[{"@type":"SearchAction","target":{"@type":"EntryPoint","urlTemplate":"https:\/\/www.monlau.com\/fp\/ca\/?s={search_term_string}"},"query-input":{"@type":"PropertyValueSpecification","valueRequired":true,"valueName":"search_term_string"}}],"inLanguage":"ca"},{"@type":"Organization","@id":"https:\/\/www.monlau.com\/fp\/ca\/#organization","name":"Formaci\u00f3n profesional","url":"https:\/\/www.monlau.com\/fp\/ca\/","logo":{"@type":"ImageObject","inLanguage":"ca","@id":"https:\/\/www.monlau.com\/fp\/ca\/#\/schema\/logo\/image\/","url":"https:\/\/www.monlau.com\/app\/uploads\/sites\/3\/2026\/01\/fp.png","contentUrl":"https:\/\/www.monlau.com\/app\/uploads\/sites\/3\/2026\/01\/fp.png","width":1024,"height":878,"caption":"Formaci\u00f3n profesional"},"image":{"@id":"https:\/\/www.monlau.com\/fp\/ca\/#\/schema\/logo\/image\/"}},{"@type":"Person","@id":"https:\/\/www.monlau.com\/fp\/ca\/#\/schema\/person\/419cfdf054323e24e0a2ef1d8597f051","name":"adsmurai","image":{"@type":"ImageObject","inLanguage":"ca","@id":"https:\/\/secure.gravatar.com\/avatar\/0748788578f91786454454fa3b4c295644edb991ad6caadc70b41d26790d38fc?s=96&d=mm&r=g","url":"https:\/\/secure.gravatar.com\/avatar\/0748788578f91786454454fa3b4c295644edb991ad6caadc70b41d26790d38fc?s=96&d=mm&r=g","contentUrl":"https:\/\/secure.gravatar.com\/avatar\/0748788578f91786454454fa3b4c295644edb991ad6caadc70b41d26790d38fc?s=96&d=mm&r=g","caption":"adsmurai"},"sameAs":["https:\/\/www.monlau.com"],"url":"https:\/\/www.monlau.com\/fp\/ca\/author\/adsmurai\/"}]}},"_links":{"self":[{"href":"https:\/\/www.monlau.com\/fp\/ca\/wp-json\/wp\/v2\/posts\/6290","targetHints":{"allow":["GET"]}}],"collection":[{"href":"https:\/\/www.monlau.com\/fp\/ca\/wp-json\/wp\/v2\/posts"}],"about":[{"href":"https:\/\/www.monlau.com\/fp\/ca\/wp-json\/wp\/v2\/types\/post"}],"author":[{"embeddable":true,"href":"https:\/\/www.monlau.com\/fp\/ca\/wp-json\/wp\/v2\/users\/1"}],"replies":[{"embeddable":true,"href":"https:\/\/www.monlau.com\/fp\/ca\/wp-json\/wp\/v2\/comments?post=6290"}],"version-history":[{"count":1,"href":"https:\/\/www.monlau.com\/fp\/ca\/wp-json\/wp\/v2\/posts\/6290\/revisions"}],"predecessor-version":[{"id":6400,"href":"https:\/\/www.monlau.com\/fp\/ca\/wp-json\/wp\/v2\/posts\/6290\/revisions\/6400"}],"wp:featuredmedia":[{"embeddable":true,"href":"https:\/\/www.monlau.com\/fp\/ca\/wp-json\/wp\/v2\/media\/3627"}],"wp:attachment":[{"href":"https:\/\/www.monlau.com\/fp\/ca\/wp-json\/wp\/v2\/media?parent=6290"}],"wp:term":[{"taxonomy":"category","embeddable":true,"href":"https:\/\/www.monlau.com\/fp\/ca\/wp-json\/wp\/v2\/categories?post=6290"},{"taxonomy":"post_tag","embeddable":true,"href":"https:\/\/www.monlau.com\/fp\/ca\/wp-json\/wp\/v2\/tags?post=6290"}],"curies":[{"name":"wp","href":"https:\/\/api.w.org\/{rel}","templated":true}]}}