{"id":6286,"date":"2022-05-31T00:00:00","date_gmt":"2022-05-30T22:00:00","guid":{"rendered":"https:\/\/www.monlau.com\/formacion-profesional\/celebrem-la-festa-de-automocio-2022\/"},"modified":"2026-03-10T10:03:29","modified_gmt":"2026-03-10T09:03:29","slug":"celebrem-la-festa-de-automocio-2022","status":"publish","type":"post","link":"https:\/\/www.monlau.com\/fp\/ca\/2022\/05\/31\/celebrem-la-festa-de-automocio-2022\/","title":{"rendered":"Celebrem la Festa de l&#8217;Automoci\u00f3 2022"},"content":{"rendered":"<p>El passat 24 de maig de 2022, des de Monlau Formaci\u00f3 Professional vam celebrar la nova edici\u00f3 de la Festa de l&#8217;Automoci\u00f3 en la Farga de l&#8217;Hospitalet; que va acollir a m\u00e9s de 150 vehicles entre cotxes, motocicletes, caravanes i karts.<\/p>\n<h3>Per\u00f2 Qu\u00e8 \u00e9s aquest esdeveniment?<\/h3>\n<p><strong>La Festa de l&#8217;Automoci\u00f3 \u00e9s l&#8217;oportunitat que tenen els alumnes tant de Grau Mitj\u00e0 com de Grau Superior d&#8217;Automoci\u00f3, de presentar els seus projectes finals enfront dels tribunals de professors<\/strong>. Per a aix\u00f2, l&#8217;alumnat realitza la restauraci\u00f3, modificaci\u00f3 o reparaci\u00f3 d&#8217;autom\u00f2bils com a motocicletes, cotxes i fins i tot karts; convertint el pavell\u00f3 en un aut\u00e8ntic espectacle automobil\u00edstic on el tuning, els cl\u00e0ssics i els motors s&#8217;emporten el protagonisme.<\/p>\n<p>Per primer any en la celebraci\u00f3, comptem a m\u00e9s amb la col\u00b7laboraci\u00f3 i participaci\u00f3 d&#8217;empreses del sector que van poder observar en primera persona l&#8217;esfor\u00e7 i coneixement dels alumnes, aix\u00ed com el desenvolupament dels seus projectes. Aix\u00ed mateix, amb l&#8217;objectiu d&#8217;aportar coneixement i valor a l&#8217;esdeveniment, <strong>les empreses van realitzar activitats i xerrades amb demostracions en viu<\/strong>; des del funcionament de la cabina d&#8217;un cami\u00f3 d&#8217;\u00faltima generaci\u00f3 amb NIRVAUTO, a la reparaci\u00f3 de tapisseries amb BLINKER.\u00a0 D&#8217;aquesta manera, tots els alumnes interessats, van poder establir contactes de cara al seu futur professional.<\/p>\n<p>D&#8217;altra banda, el grup responsables de dur a terme projecte de l&#8217;Electrocat 2022, va poder exposar el vehicle i realitzar les explicacions sobre el proc\u00e9s i creaci\u00f3 del cotxe davant el professorat, alumnat, empreses i RTVE: que els va realitzar una petita entrevista.<\/p>\n<p>Finalment, i amb l&#8217;objectiu d&#8217;oferir una major visibilitat i suport als alumnes, totes les fam\u00edlies i personal interessat va poder assistir a l&#8217;esdeveniment gaudint de les exposicions i de l&#8217;ambient. L&#8217;any vinent, tornarem amb una nova edici\u00f3 d&#8217;aquesta festa amb nous projectes i m\u00e9s activitats!<\/p>\n","protected":false},"excerpt":{"rendered":"<p>El passat 24 de maig de 2022, des de Monlau Formaci\u00f3 Professional vam celebrar la nova edici\u00f3 de la Festa de l&#8217;Automoci\u00f3 en la Farga de l&#8217;Hospitalet; que va acollir a m\u00e9s de 150 vehicles entre cotxes, motocicletes, caravanes i karts. Per\u00f2 Qu\u00e8 \u00e9s aquest esdeveniment? La Festa de l&#8217;Automoci\u00f3 \u00e9s l&#8217;oportunitat que tenen els [&hellip;]<\/p>\n","protected":false},"author":1,"featured_media":3611,"comment_status":"closed","ping_status":"closed","sticky":false,"template":"","format":"standard","meta":{"footnotes":""},"categories":[252,258],"tags":[],"class_list":["post-6286","post","type-post","status-publish","format-standard","has-post-thumbnail","hentry","category-automocio","category-monlau"],"yoast_head":"<!-- This site is optimized with the Yoast SEO plugin v27.2 - https:\/\/yoast.com\/product\/yoast-seo-wordpress\/ -->\n<title>Celebrem la Festa de l&#039;Automoci\u00f3 2022 - Formaci\u00f3n profesional<\/title>\n<meta name=\"robots\" content=\"index, follow, max-snippet:-1, max-image-preview:large, max-video-preview:-1\" \/>\n<link rel=\"canonical\" href=\"https:\/\/www.monlau.com\/fp\/ca\/2022\/05\/31\/celebrem-la-festa-de-automocio-2022\/\" \/>\n<meta property=\"og:locale\" content=\"ca_ES\" \/>\n<meta property=\"og:type\" content=\"article\" \/>\n<meta property=\"og:title\" content=\"Celebrem la Festa de l&#039;Automoci\u00f3 2022 - Formaci\u00f3n profesional\" \/>\n<meta property=\"og:description\" content=\"El passat 24 de maig de 2022, des de Monlau Formaci\u00f3 Professional vam celebrar la nova edici\u00f3 de la Festa de l&#8217;Automoci\u00f3 en la Farga de l&#8217;Hospitalet; que va acollir a m\u00e9s de 150 vehicles entre cotxes, motocicletes, caravanes i karts. Per\u00f2 Qu\u00e8 \u00e9s aquest esdeveniment? La Festa de l&#8217;Automoci\u00f3 \u00e9s l&#8217;oportunitat que tenen els [&hellip;]\" \/>\n<meta property=\"og:url\" content=\"https:\/\/www.monlau.com\/fp\/ca\/2022\/05\/31\/celebrem-la-festa-de-automocio-2022\/\" \/>\n<meta property=\"og:site_name\" content=\"Formaci\u00f3n profesional\" \/>\n<meta property=\"article:published_time\" content=\"2022-05-30T22:00:00+00:00\" \/>\n<meta property=\"article:modified_time\" content=\"2026-03-10T09:03:29+00:00\" \/>\n<meta property=\"og:image\" content=\"https:\/\/www.monlau.com\/app\/uploads\/sites\/3\/2026\/03\/IMG_8828.jpg\" \/>\n\t<meta property=\"og:image:width\" content=\"2000\" \/>\n\t<meta property=\"og:image:height\" content=\"1333\" \/>\n\t<meta property=\"og:image:type\" content=\"image\/jpeg\" \/>\n<meta name=\"author\" content=\"adsmurai\" \/>\n<meta name=\"twitter:card\" content=\"summary_large_image\" \/>\n<meta name=\"twitter:label1\" content=\"Escrit per\" \/>\n\t<meta name=\"twitter:data1\" content=\"adsmurai\" \/>\n\t<meta name=\"twitter:label2\" content=\"Temps estimat de lectura\" \/>\n\t<meta name=\"twitter:data2\" content=\"2 minuts\" \/>\n<script type=\"application\/ld+json\" class=\"yoast-schema-graph\">{\"@context\":\"https:\/\/schema.org\",\"@graph\":[{\"@type\":\"Article\",\"@id\":\"https:\/\/www.monlau.com\/fp\/ca\/2022\/05\/31\/celebrem-la-festa-de-automocio-2022\/#article\",\"isPartOf\":{\"@id\":\"https:\/\/www.monlau.com\/fp\/ca\/2022\/05\/31\/celebrem-la-festa-de-automocio-2022\/\"},\"author\":{\"name\":\"adsmurai\",\"@id\":\"https:\/\/www.monlau.com\/fp\/ca\/#\/schema\/person\/419cfdf054323e24e0a2ef1d8597f051\"},\"headline\":\"Celebrem la Festa de l&#8217;Automoci\u00f3 2022\",\"datePublished\":\"2022-05-30T22:00:00+00:00\",\"dateModified\":\"2026-03-10T09:03:29+00:00\",\"mainEntityOfPage\":{\"@id\":\"https:\/\/www.monlau.com\/fp\/ca\/2022\/05\/31\/celebrem-la-festa-de-automocio-2022\/\"},\"wordCount\":331,\"publisher\":{\"@id\":\"https:\/\/www.monlau.com\/fp\/ca\/#organization\"},\"image\":{\"@id\":\"https:\/\/www.monlau.com\/fp\/ca\/2022\/05\/31\/celebrem-la-festa-de-automocio-2022\/#primaryimage\"},\"thumbnailUrl\":\"https:\/\/www.monlau.com\/app\/uploads\/sites\/3\/2026\/03\/IMG_8828.jpg\",\"articleSection\":[\"Automoci\u00f3\",\"Monlau\"],\"inLanguage\":\"ca\"},{\"@type\":\"WebPage\",\"@id\":\"https:\/\/www.monlau.com\/fp\/ca\/2022\/05\/31\/celebrem-la-festa-de-automocio-2022\/\",\"url\":\"https:\/\/www.monlau.com\/fp\/ca\/2022\/05\/31\/celebrem-la-festa-de-automocio-2022\/\",\"name\":\"Celebrem la Festa de l'Automoci\u00f3 2022 - Formaci\u00f3n profesional\",\"isPartOf\":{\"@id\":\"https:\/\/www.monlau.com\/fp\/ca\/#website\"},\"primaryImageOfPage\":{\"@id\":\"https:\/\/www.monlau.com\/fp\/ca\/2022\/05\/31\/celebrem-la-festa-de-automocio-2022\/#primaryimage\"},\"image\":{\"@id\":\"https:\/\/www.monlau.com\/fp\/ca\/2022\/05\/31\/celebrem-la-festa-de-automocio-2022\/#primaryimage\"},\"thumbnailUrl\":\"https:\/\/www.monlau.com\/app\/uploads\/sites\/3\/2026\/03\/IMG_8828.jpg\",\"datePublished\":\"2022-05-30T22:00:00+00:00\",\"dateModified\":\"2026-03-10T09:03:29+00:00\",\"breadcrumb\":{\"@id\":\"https:\/\/www.monlau.com\/fp\/ca\/2022\/05\/31\/celebrem-la-festa-de-automocio-2022\/#breadcrumb\"},\"inLanguage\":\"ca\",\"potentialAction\":[{\"@type\":\"ReadAction\",\"target\":[\"https:\/\/www.monlau.com\/fp\/ca\/2022\/05\/31\/celebrem-la-festa-de-automocio-2022\/\"]}]},{\"@type\":\"ImageObject\",\"inLanguage\":\"ca\",\"@id\":\"https:\/\/www.monlau.com\/fp\/ca\/2022\/05\/31\/celebrem-la-festa-de-automocio-2022\/#primaryimage\",\"url\":\"https:\/\/www.monlau.com\/app\/uploads\/sites\/3\/2026\/03\/IMG_8828.jpg\",\"contentUrl\":\"https:\/\/www.monlau.com\/app\/uploads\/sites\/3\/2026\/03\/IMG_8828.jpg\",\"width\":2000,\"height\":1333},{\"@type\":\"BreadcrumbList\",\"@id\":\"https:\/\/www.monlau.com\/fp\/ca\/2022\/05\/31\/celebrem-la-festa-de-automocio-2022\/#breadcrumb\",\"itemListElement\":[{\"@type\":\"ListItem\",\"position\":1,\"name\":\"Portada\",\"item\":\"https:\/\/www.monlau.com\/fp\/ca\/inici\/\"},{\"@type\":\"ListItem\",\"position\":2,\"name\":\"Celebrem la Festa de l&#8217;Automoci\u00f3 2022\"}]},{\"@type\":\"WebSite\",\"@id\":\"https:\/\/www.monlau.com\/fp\/ca\/#website\",\"url\":\"https:\/\/www.monlau.com\/fp\/ca\/\",\"name\":\"Formaci\u00f3n profesional\",\"description\":\"Monlau\",\"publisher\":{\"@id\":\"https:\/\/www.monlau.com\/fp\/ca\/#organization\"},\"potentialAction\":[{\"@type\":\"SearchAction\",\"target\":{\"@type\":\"EntryPoint\",\"urlTemplate\":\"https:\/\/www.monlau.com\/fp\/ca\/?s={search_term_string}\"},\"query-input\":{\"@type\":\"PropertyValueSpecification\",\"valueRequired\":true,\"valueName\":\"search_term_string\"}}],\"inLanguage\":\"ca\"},{\"@type\":\"Organization\",\"@id\":\"https:\/\/www.monlau.com\/fp\/ca\/#organization\",\"name\":\"Formaci\u00f3n profesional\",\"url\":\"https:\/\/www.monlau.com\/fp\/ca\/\",\"logo\":{\"@type\":\"ImageObject\",\"inLanguage\":\"ca\",\"@id\":\"https:\/\/www.monlau.com\/fp\/ca\/#\/schema\/logo\/image\/\",\"url\":\"https:\/\/www.monlau.com\/app\/uploads\/sites\/3\/2026\/01\/fp.png\",\"contentUrl\":\"https:\/\/www.monlau.com\/app\/uploads\/sites\/3\/2026\/01\/fp.png\",\"width\":1024,\"height\":878,\"caption\":\"Formaci\u00f3n profesional\"},\"image\":{\"@id\":\"https:\/\/www.monlau.com\/fp\/ca\/#\/schema\/logo\/image\/\"}},{\"@type\":\"Person\",\"@id\":\"https:\/\/www.monlau.com\/fp\/ca\/#\/schema\/person\/419cfdf054323e24e0a2ef1d8597f051\",\"name\":\"adsmurai\",\"image\":{\"@type\":\"ImageObject\",\"inLanguage\":\"ca\",\"@id\":\"https:\/\/secure.gravatar.com\/avatar\/0748788578f91786454454fa3b4c295644edb991ad6caadc70b41d26790d38fc?s=96&d=mm&r=g\",\"url\":\"https:\/\/secure.gravatar.com\/avatar\/0748788578f91786454454fa3b4c295644edb991ad6caadc70b41d26790d38fc?s=96&d=mm&r=g\",\"contentUrl\":\"https:\/\/secure.gravatar.com\/avatar\/0748788578f91786454454fa3b4c295644edb991ad6caadc70b41d26790d38fc?s=96&d=mm&r=g\",\"caption\":\"adsmurai\"},\"sameAs\":[\"https:\/\/www.monlau.com\"],\"url\":\"https:\/\/www.monlau.com\/fp\/ca\/author\/adsmurai\/\"}]}<\/script>\n<!-- \/ Yoast SEO plugin. -->","yoast_head_json":{"title":"Celebrem la Festa de l'Automoci\u00f3 2022 - Formaci\u00f3n profesional","robots":{"index":"index","follow":"follow","max-snippet":"max-snippet:-1","max-image-preview":"max-image-preview:large","max-video-preview":"max-video-preview:-1"},"canonical":"https:\/\/www.monlau.com\/fp\/ca\/2022\/05\/31\/celebrem-la-festa-de-automocio-2022\/","og_locale":"ca_ES","og_type":"article","og_title":"Celebrem la Festa de l'Automoci\u00f3 2022 - Formaci\u00f3n profesional","og_description":"El passat 24 de maig de 2022, des de Monlau Formaci\u00f3 Professional vam celebrar la nova edici\u00f3 de la Festa de l&#8217;Automoci\u00f3 en la Farga de l&#8217;Hospitalet; que va acollir a m\u00e9s de 150 vehicles entre cotxes, motocicletes, caravanes i karts. Per\u00f2 Qu\u00e8 \u00e9s aquest esdeveniment? La Festa de l&#8217;Automoci\u00f3 \u00e9s l&#8217;oportunitat que tenen els [&hellip;]","og_url":"https:\/\/www.monlau.com\/fp\/ca\/2022\/05\/31\/celebrem-la-festa-de-automocio-2022\/","og_site_name":"Formaci\u00f3n profesional","article_published_time":"2022-05-30T22:00:00+00:00","article_modified_time":"2026-03-10T09:03:29+00:00","og_image":[{"width":2000,"height":1333,"url":"https:\/\/www.monlau.com\/app\/uploads\/sites\/3\/2026\/03\/IMG_8828.jpg","type":"image\/jpeg"}],"author":"adsmurai","twitter_card":"summary_large_image","twitter_misc":{"Escrit per":"adsmurai","Temps estimat de lectura":"2 minuts"},"schema":{"@context":"https:\/\/schema.org","@graph":[{"@type":"Article","@id":"https:\/\/www.monlau.com\/fp\/ca\/2022\/05\/31\/celebrem-la-festa-de-automocio-2022\/#article","isPartOf":{"@id":"https:\/\/www.monlau.com\/fp\/ca\/2022\/05\/31\/celebrem-la-festa-de-automocio-2022\/"},"author":{"name":"adsmurai","@id":"https:\/\/www.monlau.com\/fp\/ca\/#\/schema\/person\/419cfdf054323e24e0a2ef1d8597f051"},"headline":"Celebrem la Festa de l&#8217;Automoci\u00f3 2022","datePublished":"2022-05-30T22:00:00+00:00","dateModified":"2026-03-10T09:03:29+00:00","mainEntityOfPage":{"@id":"https:\/\/www.monlau.com\/fp\/ca\/2022\/05\/31\/celebrem-la-festa-de-automocio-2022\/"},"wordCount":331,"publisher":{"@id":"https:\/\/www.monlau.com\/fp\/ca\/#organization"},"image":{"@id":"https:\/\/www.monlau.com\/fp\/ca\/2022\/05\/31\/celebrem-la-festa-de-automocio-2022\/#primaryimage"},"thumbnailUrl":"https:\/\/www.monlau.com\/app\/uploads\/sites\/3\/2026\/03\/IMG_8828.jpg","articleSection":["Automoci\u00f3","Monlau"],"inLanguage":"ca"},{"@type":"WebPage","@id":"https:\/\/www.monlau.com\/fp\/ca\/2022\/05\/31\/celebrem-la-festa-de-automocio-2022\/","url":"https:\/\/www.monlau.com\/fp\/ca\/2022\/05\/31\/celebrem-la-festa-de-automocio-2022\/","name":"Celebrem la Festa de l'Automoci\u00f3 2022 - Formaci\u00f3n profesional","isPartOf":{"@id":"https:\/\/www.monlau.com\/fp\/ca\/#website"},"primaryImageOfPage":{"@id":"https:\/\/www.monlau.com\/fp\/ca\/2022\/05\/31\/celebrem-la-festa-de-automocio-2022\/#primaryimage"},"image":{"@id":"https:\/\/www.monlau.com\/fp\/ca\/2022\/05\/31\/celebrem-la-festa-de-automocio-2022\/#primaryimage"},"thumbnailUrl":"https:\/\/www.monlau.com\/app\/uploads\/sites\/3\/2026\/03\/IMG_8828.jpg","datePublished":"2022-05-30T22:00:00+00:00","dateModified":"2026-03-10T09:03:29+00:00","breadcrumb":{"@id":"https:\/\/www.monlau.com\/fp\/ca\/2022\/05\/31\/celebrem-la-festa-de-automocio-2022\/#breadcrumb"},"inLanguage":"ca","potentialAction":[{"@type":"ReadAction","target":["https:\/\/www.monlau.com\/fp\/ca\/2022\/05\/31\/celebrem-la-festa-de-automocio-2022\/"]}]},{"@type":"ImageObject","inLanguage":"ca","@id":"https:\/\/www.monlau.com\/fp\/ca\/2022\/05\/31\/celebrem-la-festa-de-automocio-2022\/#primaryimage","url":"https:\/\/www.monlau.com\/app\/uploads\/sites\/3\/2026\/03\/IMG_8828.jpg","contentUrl":"https:\/\/www.monlau.com\/app\/uploads\/sites\/3\/2026\/03\/IMG_8828.jpg","width":2000,"height":1333},{"@type":"BreadcrumbList","@id":"https:\/\/www.monlau.com\/fp\/ca\/2022\/05\/31\/celebrem-la-festa-de-automocio-2022\/#breadcrumb","itemListElement":[{"@type":"ListItem","position":1,"name":"Portada","item":"https:\/\/www.monlau.com\/fp\/ca\/inici\/"},{"@type":"ListItem","position":2,"name":"Celebrem la Festa de l&#8217;Automoci\u00f3 2022"}]},{"@type":"WebSite","@id":"https:\/\/www.monlau.com\/fp\/ca\/#website","url":"https:\/\/www.monlau.com\/fp\/ca\/","name":"Formaci\u00f3n profesional","description":"Monlau","publisher":{"@id":"https:\/\/www.monlau.com\/fp\/ca\/#organization"},"potentialAction":[{"@type":"SearchAction","target":{"@type":"EntryPoint","urlTemplate":"https:\/\/www.monlau.com\/fp\/ca\/?s={search_term_string}"},"query-input":{"@type":"PropertyValueSpecification","valueRequired":true,"valueName":"search_term_string"}}],"inLanguage":"ca"},{"@type":"Organization","@id":"https:\/\/www.monlau.com\/fp\/ca\/#organization","name":"Formaci\u00f3n profesional","url":"https:\/\/www.monlau.com\/fp\/ca\/","logo":{"@type":"ImageObject","inLanguage":"ca","@id":"https:\/\/www.monlau.com\/fp\/ca\/#\/schema\/logo\/image\/","url":"https:\/\/www.monlau.com\/app\/uploads\/sites\/3\/2026\/01\/fp.png","contentUrl":"https:\/\/www.monlau.com\/app\/uploads\/sites\/3\/2026\/01\/fp.png","width":1024,"height":878,"caption":"Formaci\u00f3n profesional"},"image":{"@id":"https:\/\/www.monlau.com\/fp\/ca\/#\/schema\/logo\/image\/"}},{"@type":"Person","@id":"https:\/\/www.monlau.com\/fp\/ca\/#\/schema\/person\/419cfdf054323e24e0a2ef1d8597f051","name":"adsmurai","image":{"@type":"ImageObject","inLanguage":"ca","@id":"https:\/\/secure.gravatar.com\/avatar\/0748788578f91786454454fa3b4c295644edb991ad6caadc70b41d26790d38fc?s=96&d=mm&r=g","url":"https:\/\/secure.gravatar.com\/avatar\/0748788578f91786454454fa3b4c295644edb991ad6caadc70b41d26790d38fc?s=96&d=mm&r=g","contentUrl":"https:\/\/secure.gravatar.com\/avatar\/0748788578f91786454454fa3b4c295644edb991ad6caadc70b41d26790d38fc?s=96&d=mm&r=g","caption":"adsmurai"},"sameAs":["https:\/\/www.monlau.com"],"url":"https:\/\/www.monlau.com\/fp\/ca\/author\/adsmurai\/"}]}},"_links":{"self":[{"href":"https:\/\/www.monlau.com\/fp\/ca\/wp-json\/wp\/v2\/posts\/6286","targetHints":{"allow":["GET"]}}],"collection":[{"href":"https:\/\/www.monlau.com\/fp\/ca\/wp-json\/wp\/v2\/posts"}],"about":[{"href":"https:\/\/www.monlau.com\/fp\/ca\/wp-json\/wp\/v2\/types\/post"}],"author":[{"embeddable":true,"href":"https:\/\/www.monlau.com\/fp\/ca\/wp-json\/wp\/v2\/users\/1"}],"replies":[{"embeddable":true,"href":"https:\/\/www.monlau.com\/fp\/ca\/wp-json\/wp\/v2\/comments?post=6286"}],"version-history":[{"count":1,"href":"https:\/\/www.monlau.com\/fp\/ca\/wp-json\/wp\/v2\/posts\/6286\/revisions"}],"predecessor-version":[{"id":6403,"href":"https:\/\/www.monlau.com\/fp\/ca\/wp-json\/wp\/v2\/posts\/6286\/revisions\/6403"}],"wp:featuredmedia":[{"embeddable":true,"href":"https:\/\/www.monlau.com\/fp\/ca\/wp-json\/wp\/v2\/media\/3611"}],"wp:attachment":[{"href":"https:\/\/www.monlau.com\/fp\/ca\/wp-json\/wp\/v2\/media?parent=6286"}],"wp:term":[{"taxonomy":"category","embeddable":true,"href":"https:\/\/www.monlau.com\/fp\/ca\/wp-json\/wp\/v2\/categories?post=6286"},{"taxonomy":"post_tag","embeddable":true,"href":"https:\/\/www.monlau.com\/fp\/ca\/wp-json\/wp\/v2\/tags?post=6286"}],"curies":[{"name":"wp","href":"https:\/\/api.w.org\/{rel}","templated":true}]}}