{"id":6279,"date":"2022-04-29T00:00:00","date_gmt":"2022-04-28T22:00:00","guid":{"rendered":"https:\/\/www.monlau.com\/formacion-profesional\/nova-col%c2%b7laboracio-assembler-institute-technology\/"},"modified":"2026-03-10T10:03:30","modified_gmt":"2026-03-10T09:03:30","slug":"nova-col%c2%b7laboracio-assembler-institute-technology","status":"publish","type":"post","link":"https:\/\/www.monlau.com\/fp\/ca\/2022\/04\/29\/nova-col%c2%b7laboracio-assembler-institute-technology\/","title":{"rendered":"Nova col\u00b7laboraci\u00f3 amb Assembler Institute of Technology"},"content":{"rendered":"<p>Cada vegada m\u00e9s, la programaci\u00f3 i el desenvolupament de nous <em>software<\/em> estan adquirint major pes i import\u00e0ncia en el m\u00f3n empresarial. Aquest augment en el pes del desenvolupament de <em>software<\/em> ve acompanyat per un increment en la seva complexitat, i per l&#8217;aparici\u00f3 de noves i potents eines que els professionals de la programaci\u00f3 han de con\u00e8ixer, per a garantir la seva pres\u00e8ncia en la primera l\u00ednia professional.<\/p>\n<p>\u00c9s per aquesta ra\u00f3, que, des de Monlau Formaci\u00f3 Professional, <strong>hem signat un nou acord de col\u00b7laboraci\u00f3 amb <a href=\"https:\/\/assemblerinstitute.com\/?utm_source=referrals&amp;utm_medium=blog&amp;utm_campaign=monlau_acuerdo\">Assembler Institute of Technology<\/a><\/strong>; centre de formaci\u00f3 tecnol\u00f2gica referent en el m\u00f3n de la tecnologia i la programaci\u00f3.<\/p>\n<p>L&#8217;objectiu principal d&#8217;aquest acord \u00e9s oferir als nostres alumnes del Grau Superior d&#8217;<a href=\"https:\/\/www.monlau.com\/formacio-professional\/area-informatica\/?lang=ca\">Inform\u00e0tica<\/a>, l&#8217;opci\u00f3 d&#8217;accedir a cursos, tallers i confer\u00e8ncies de la m\u00e0 de grans experts i referents del sector. Aix\u00ed mateix, brindar l&#8217;oportunitat de realitzar els m\u00e0sters en Software Development, amb condicions preferents en finalitzar la seva Formaci\u00f3 Professional.<\/p>\n<h3>Quins avantatges t\u00e9 estudiar\u00a0 en Assembler?<\/h3>\n<p>Assembler trenca amb l&#8217;educaci\u00f3 tradicional i ofereix els seus serveis enfocats principalment en la formaci\u00f3 mitjan\u00e7ant les necessitats i demandes del m\u00f3n laboral; tenint a la teva disposici\u00f3 a grans experts en programaci\u00f3 i soft skills, aix\u00ed com mentors que t&#8217;acompanyin durant el proc\u00e9s d&#8217;aprenentatge i carrera professional.<\/p>\n<p>A m\u00e9s,<strong> financen la formaci\u00f3 dels estudiants<\/strong>; pagant el 90% del preu del m\u00e0ster en trobar un treball en el sector.<\/p>\n<h3>M\u00e0ster en Software Development<\/h3>\n<p>Aquest innovador M\u00e0ster de programaci\u00f3 brinda tots els coneixements necessaris parteixi convertir-te en un programador o software developer. Aix\u00ed mateix, podr\u00e0s especialitzar-te en programador Fronted o desenvolupador Backend mitjan\u00e7ant una metodologia col\u00b7laborativa, basada en projectes i mentorizada per CTOs.<\/p>\n","protected":false},"excerpt":{"rendered":"<p>Cada vegada m\u00e9s, la programaci\u00f3 i el desenvolupament de nous software estan adquirint major pes i import\u00e0ncia en el m\u00f3n empresarial. Aquest augment en el pes del desenvolupament de software ve acompanyat per un increment en la seva complexitat, i per l&#8217;aparici\u00f3 de noves i potents eines que els professionals de la programaci\u00f3 han de [&hellip;]<\/p>\n","protected":false},"author":1,"featured_media":3601,"comment_status":"closed","ping_status":"closed","sticky":false,"template":"","format":"standard","meta":{"footnotes":""},"categories":[412,255,368],"tags":[],"class_list":["post-6279","post","type-post","status-publish","format-standard","has-post-thumbnail","hentry","category-anuari","category-informatica","category-sense-categoria"],"yoast_head":"<!-- This site is optimized with the Yoast SEO plugin v27.2 - https:\/\/yoast.com\/product\/yoast-seo-wordpress\/ -->\n<title>Nova col\u00b7laboraci\u00f3 amb Assembler Institute of Technology - Formaci\u00f3n profesional<\/title>\n<meta name=\"robots\" content=\"index, follow, max-snippet:-1, max-image-preview:large, max-video-preview:-1\" \/>\n<link rel=\"canonical\" href=\"https:\/\/www.monlau.com\/fp\/ca\/2022\/04\/29\/nova-col%c2%b7laboracio-assembler-institute-technology\/\" \/>\n<meta property=\"og:locale\" content=\"ca_ES\" \/>\n<meta property=\"og:type\" content=\"article\" \/>\n<meta property=\"og:title\" content=\"Nova col\u00b7laboraci\u00f3 amb Assembler Institute of Technology - Formaci\u00f3n profesional\" \/>\n<meta property=\"og:description\" content=\"Cada vegada m\u00e9s, la programaci\u00f3 i el desenvolupament de nous software estan adquirint major pes i import\u00e0ncia en el m\u00f3n empresarial. Aquest augment en el pes del desenvolupament de software ve acompanyat per un increment en la seva complexitat, i per l&#8217;aparici\u00f3 de noves i potents eines que els professionals de la programaci\u00f3 han de [&hellip;]\" \/>\n<meta property=\"og:url\" content=\"https:\/\/www.monlau.com\/fp\/ca\/2022\/04\/29\/nova-col%c2%b7laboracio-assembler-institute-technology\/\" \/>\n<meta property=\"og:site_name\" content=\"Formaci\u00f3n profesional\" \/>\n<meta property=\"article:published_time\" content=\"2022-04-28T22:00:00+00:00\" \/>\n<meta property=\"article:modified_time\" content=\"2026-03-10T09:03:30+00:00\" \/>\n<meta property=\"og:image\" content=\"https:\/\/www.monlau.com\/app\/uploads\/sites\/3\/2026\/03\/WhatsApp-Image-2022-04-28-at-3.26.39-PM.jpeg\" \/>\n\t<meta property=\"og:image:width\" content=\"1024\" \/>\n\t<meta property=\"og:image:height\" content=\"962\" \/>\n\t<meta property=\"og:image:type\" content=\"image\/jpeg\" \/>\n<meta name=\"author\" content=\"adsmurai\" \/>\n<meta name=\"twitter:card\" content=\"summary_large_image\" \/>\n<meta name=\"twitter:label1\" content=\"Escrit per\" \/>\n\t<meta name=\"twitter:data1\" content=\"adsmurai\" \/>\n\t<meta name=\"twitter:label2\" content=\"Temps estimat de lectura\" \/>\n\t<meta name=\"twitter:data2\" content=\"1 minut\" \/>\n<script type=\"application\/ld+json\" class=\"yoast-schema-graph\">{\"@context\":\"https:\/\/schema.org\",\"@graph\":[{\"@type\":\"Article\",\"@id\":\"https:\/\/www.monlau.com\/fp\/ca\/2022\/04\/29\/nova-col%c2%b7laboracio-assembler-institute-technology\/#article\",\"isPartOf\":{\"@id\":\"https:\/\/www.monlau.com\/fp\/ca\/2022\/04\/29\/nova-col%c2%b7laboracio-assembler-institute-technology\/\"},\"author\":{\"name\":\"adsmurai\",\"@id\":\"https:\/\/www.monlau.com\/fp\/ca\/#\/schema\/person\/419cfdf054323e24e0a2ef1d8597f051\"},\"headline\":\"Nova col\u00b7laboraci\u00f3 amb Assembler Institute of Technology\",\"datePublished\":\"2022-04-28T22:00:00+00:00\",\"dateModified\":\"2026-03-10T09:03:30+00:00\",\"mainEntityOfPage\":{\"@id\":\"https:\/\/www.monlau.com\/fp\/ca\/2022\/04\/29\/nova-col%c2%b7laboracio-assembler-institute-technology\/\"},\"wordCount\":310,\"publisher\":{\"@id\":\"https:\/\/www.monlau.com\/fp\/ca\/#organization\"},\"image\":{\"@id\":\"https:\/\/www.monlau.com\/fp\/ca\/2022\/04\/29\/nova-col%c2%b7laboracio-assembler-institute-technology\/#primaryimage\"},\"thumbnailUrl\":\"https:\/\/www.monlau.com\/app\/uploads\/sites\/3\/2026\/03\/WhatsApp-Image-2022-04-28-at-3.26.39-PM.jpeg\",\"articleSection\":[\"anuari\",\"Inform\u00e0tica\"],\"inLanguage\":\"ca\"},{\"@type\":\"WebPage\",\"@id\":\"https:\/\/www.monlau.com\/fp\/ca\/2022\/04\/29\/nova-col%c2%b7laboracio-assembler-institute-technology\/\",\"url\":\"https:\/\/www.monlau.com\/fp\/ca\/2022\/04\/29\/nova-col%c2%b7laboracio-assembler-institute-technology\/\",\"name\":\"Nova col\u00b7laboraci\u00f3 amb Assembler Institute of Technology - Formaci\u00f3n profesional\",\"isPartOf\":{\"@id\":\"https:\/\/www.monlau.com\/fp\/ca\/#website\"},\"primaryImageOfPage\":{\"@id\":\"https:\/\/www.monlau.com\/fp\/ca\/2022\/04\/29\/nova-col%c2%b7laboracio-assembler-institute-technology\/#primaryimage\"},\"image\":{\"@id\":\"https:\/\/www.monlau.com\/fp\/ca\/2022\/04\/29\/nova-col%c2%b7laboracio-assembler-institute-technology\/#primaryimage\"},\"thumbnailUrl\":\"https:\/\/www.monlau.com\/app\/uploads\/sites\/3\/2026\/03\/WhatsApp-Image-2022-04-28-at-3.26.39-PM.jpeg\",\"datePublished\":\"2022-04-28T22:00:00+00:00\",\"dateModified\":\"2026-03-10T09:03:30+00:00\",\"breadcrumb\":{\"@id\":\"https:\/\/www.monlau.com\/fp\/ca\/2022\/04\/29\/nova-col%c2%b7laboracio-assembler-institute-technology\/#breadcrumb\"},\"inLanguage\":\"ca\",\"potentialAction\":[{\"@type\":\"ReadAction\",\"target\":[\"https:\/\/www.monlau.com\/fp\/ca\/2022\/04\/29\/nova-col%c2%b7laboracio-assembler-institute-technology\/\"]}]},{\"@type\":\"ImageObject\",\"inLanguage\":\"ca\",\"@id\":\"https:\/\/www.monlau.com\/fp\/ca\/2022\/04\/29\/nova-col%c2%b7laboracio-assembler-institute-technology\/#primaryimage\",\"url\":\"https:\/\/www.monlau.com\/app\/uploads\/sites\/3\/2026\/03\/WhatsApp-Image-2022-04-28-at-3.26.39-PM.jpeg\",\"contentUrl\":\"https:\/\/www.monlau.com\/app\/uploads\/sites\/3\/2026\/03\/WhatsApp-Image-2022-04-28-at-3.26.39-PM.jpeg\",\"width\":1024,\"height\":962},{\"@type\":\"BreadcrumbList\",\"@id\":\"https:\/\/www.monlau.com\/fp\/ca\/2022\/04\/29\/nova-col%c2%b7laboracio-assembler-institute-technology\/#breadcrumb\",\"itemListElement\":[{\"@type\":\"ListItem\",\"position\":1,\"name\":\"Portada\",\"item\":\"https:\/\/www.monlau.com\/fp\/ca\/inici\/\"},{\"@type\":\"ListItem\",\"position\":2,\"name\":\"Nova col\u00b7laboraci\u00f3 amb Assembler Institute of Technology\"}]},{\"@type\":\"WebSite\",\"@id\":\"https:\/\/www.monlau.com\/fp\/ca\/#website\",\"url\":\"https:\/\/www.monlau.com\/fp\/ca\/\",\"name\":\"Formaci\u00f3n profesional\",\"description\":\"Monlau\",\"publisher\":{\"@id\":\"https:\/\/www.monlau.com\/fp\/ca\/#organization\"},\"potentialAction\":[{\"@type\":\"SearchAction\",\"target\":{\"@type\":\"EntryPoint\",\"urlTemplate\":\"https:\/\/www.monlau.com\/fp\/ca\/?s={search_term_string}\"},\"query-input\":{\"@type\":\"PropertyValueSpecification\",\"valueRequired\":true,\"valueName\":\"search_term_string\"}}],\"inLanguage\":\"ca\"},{\"@type\":\"Organization\",\"@id\":\"https:\/\/www.monlau.com\/fp\/ca\/#organization\",\"name\":\"Formaci\u00f3n profesional\",\"url\":\"https:\/\/www.monlau.com\/fp\/ca\/\",\"logo\":{\"@type\":\"ImageObject\",\"inLanguage\":\"ca\",\"@id\":\"https:\/\/www.monlau.com\/fp\/ca\/#\/schema\/logo\/image\/\",\"url\":\"https:\/\/www.monlau.com\/app\/uploads\/sites\/3\/2026\/01\/fp.png\",\"contentUrl\":\"https:\/\/www.monlau.com\/app\/uploads\/sites\/3\/2026\/01\/fp.png\",\"width\":1024,\"height\":878,\"caption\":\"Formaci\u00f3n profesional\"},\"image\":{\"@id\":\"https:\/\/www.monlau.com\/fp\/ca\/#\/schema\/logo\/image\/\"}},{\"@type\":\"Person\",\"@id\":\"https:\/\/www.monlau.com\/fp\/ca\/#\/schema\/person\/419cfdf054323e24e0a2ef1d8597f051\",\"name\":\"adsmurai\",\"image\":{\"@type\":\"ImageObject\",\"inLanguage\":\"ca\",\"@id\":\"https:\/\/secure.gravatar.com\/avatar\/0748788578f91786454454fa3b4c295644edb991ad6caadc70b41d26790d38fc?s=96&d=mm&r=g\",\"url\":\"https:\/\/secure.gravatar.com\/avatar\/0748788578f91786454454fa3b4c295644edb991ad6caadc70b41d26790d38fc?s=96&d=mm&r=g\",\"contentUrl\":\"https:\/\/secure.gravatar.com\/avatar\/0748788578f91786454454fa3b4c295644edb991ad6caadc70b41d26790d38fc?s=96&d=mm&r=g\",\"caption\":\"adsmurai\"},\"sameAs\":[\"https:\/\/www.monlau.com\"],\"url\":\"https:\/\/www.monlau.com\/fp\/ca\/author\/adsmurai\/\"}]}<\/script>\n<!-- \/ Yoast SEO plugin. -->","yoast_head_json":{"title":"Nova col\u00b7laboraci\u00f3 amb Assembler Institute of Technology - Formaci\u00f3n profesional","robots":{"index":"index","follow":"follow","max-snippet":"max-snippet:-1","max-image-preview":"max-image-preview:large","max-video-preview":"max-video-preview:-1"},"canonical":"https:\/\/www.monlau.com\/fp\/ca\/2022\/04\/29\/nova-col%c2%b7laboracio-assembler-institute-technology\/","og_locale":"ca_ES","og_type":"article","og_title":"Nova col\u00b7laboraci\u00f3 amb Assembler Institute of Technology - Formaci\u00f3n profesional","og_description":"Cada vegada m\u00e9s, la programaci\u00f3 i el desenvolupament de nous software estan adquirint major pes i import\u00e0ncia en el m\u00f3n empresarial. Aquest augment en el pes del desenvolupament de software ve acompanyat per un increment en la seva complexitat, i per l&#8217;aparici\u00f3 de noves i potents eines que els professionals de la programaci\u00f3 han de [&hellip;]","og_url":"https:\/\/www.monlau.com\/fp\/ca\/2022\/04\/29\/nova-col%c2%b7laboracio-assembler-institute-technology\/","og_site_name":"Formaci\u00f3n profesional","article_published_time":"2022-04-28T22:00:00+00:00","article_modified_time":"2026-03-10T09:03:30+00:00","og_image":[{"width":1024,"height":962,"url":"https:\/\/www.monlau.com\/app\/uploads\/sites\/3\/2026\/03\/WhatsApp-Image-2022-04-28-at-3.26.39-PM.jpeg","type":"image\/jpeg"}],"author":"adsmurai","twitter_card":"summary_large_image","twitter_misc":{"Escrit per":"adsmurai","Temps estimat de lectura":"1 minut"},"schema":{"@context":"https:\/\/schema.org","@graph":[{"@type":"Article","@id":"https:\/\/www.monlau.com\/fp\/ca\/2022\/04\/29\/nova-col%c2%b7laboracio-assembler-institute-technology\/#article","isPartOf":{"@id":"https:\/\/www.monlau.com\/fp\/ca\/2022\/04\/29\/nova-col%c2%b7laboracio-assembler-institute-technology\/"},"author":{"name":"adsmurai","@id":"https:\/\/www.monlau.com\/fp\/ca\/#\/schema\/person\/419cfdf054323e24e0a2ef1d8597f051"},"headline":"Nova col\u00b7laboraci\u00f3 amb Assembler Institute of Technology","datePublished":"2022-04-28T22:00:00+00:00","dateModified":"2026-03-10T09:03:30+00:00","mainEntityOfPage":{"@id":"https:\/\/www.monlau.com\/fp\/ca\/2022\/04\/29\/nova-col%c2%b7laboracio-assembler-institute-technology\/"},"wordCount":310,"publisher":{"@id":"https:\/\/www.monlau.com\/fp\/ca\/#organization"},"image":{"@id":"https:\/\/www.monlau.com\/fp\/ca\/2022\/04\/29\/nova-col%c2%b7laboracio-assembler-institute-technology\/#primaryimage"},"thumbnailUrl":"https:\/\/www.monlau.com\/app\/uploads\/sites\/3\/2026\/03\/WhatsApp-Image-2022-04-28-at-3.26.39-PM.jpeg","articleSection":["anuari","Inform\u00e0tica"],"inLanguage":"ca"},{"@type":"WebPage","@id":"https:\/\/www.monlau.com\/fp\/ca\/2022\/04\/29\/nova-col%c2%b7laboracio-assembler-institute-technology\/","url":"https:\/\/www.monlau.com\/fp\/ca\/2022\/04\/29\/nova-col%c2%b7laboracio-assembler-institute-technology\/","name":"Nova col\u00b7laboraci\u00f3 amb Assembler Institute of Technology - Formaci\u00f3n profesional","isPartOf":{"@id":"https:\/\/www.monlau.com\/fp\/ca\/#website"},"primaryImageOfPage":{"@id":"https:\/\/www.monlau.com\/fp\/ca\/2022\/04\/29\/nova-col%c2%b7laboracio-assembler-institute-technology\/#primaryimage"},"image":{"@id":"https:\/\/www.monlau.com\/fp\/ca\/2022\/04\/29\/nova-col%c2%b7laboracio-assembler-institute-technology\/#primaryimage"},"thumbnailUrl":"https:\/\/www.monlau.com\/app\/uploads\/sites\/3\/2026\/03\/WhatsApp-Image-2022-04-28-at-3.26.39-PM.jpeg","datePublished":"2022-04-28T22:00:00+00:00","dateModified":"2026-03-10T09:03:30+00:00","breadcrumb":{"@id":"https:\/\/www.monlau.com\/fp\/ca\/2022\/04\/29\/nova-col%c2%b7laboracio-assembler-institute-technology\/#breadcrumb"},"inLanguage":"ca","potentialAction":[{"@type":"ReadAction","target":["https:\/\/www.monlau.com\/fp\/ca\/2022\/04\/29\/nova-col%c2%b7laboracio-assembler-institute-technology\/"]}]},{"@type":"ImageObject","inLanguage":"ca","@id":"https:\/\/www.monlau.com\/fp\/ca\/2022\/04\/29\/nova-col%c2%b7laboracio-assembler-institute-technology\/#primaryimage","url":"https:\/\/www.monlau.com\/app\/uploads\/sites\/3\/2026\/03\/WhatsApp-Image-2022-04-28-at-3.26.39-PM.jpeg","contentUrl":"https:\/\/www.monlau.com\/app\/uploads\/sites\/3\/2026\/03\/WhatsApp-Image-2022-04-28-at-3.26.39-PM.jpeg","width":1024,"height":962},{"@type":"BreadcrumbList","@id":"https:\/\/www.monlau.com\/fp\/ca\/2022\/04\/29\/nova-col%c2%b7laboracio-assembler-institute-technology\/#breadcrumb","itemListElement":[{"@type":"ListItem","position":1,"name":"Portada","item":"https:\/\/www.monlau.com\/fp\/ca\/inici\/"},{"@type":"ListItem","position":2,"name":"Nova col\u00b7laboraci\u00f3 amb Assembler Institute of Technology"}]},{"@type":"WebSite","@id":"https:\/\/www.monlau.com\/fp\/ca\/#website","url":"https:\/\/www.monlau.com\/fp\/ca\/","name":"Formaci\u00f3n profesional","description":"Monlau","publisher":{"@id":"https:\/\/www.monlau.com\/fp\/ca\/#organization"},"potentialAction":[{"@type":"SearchAction","target":{"@type":"EntryPoint","urlTemplate":"https:\/\/www.monlau.com\/fp\/ca\/?s={search_term_string}"},"query-input":{"@type":"PropertyValueSpecification","valueRequired":true,"valueName":"search_term_string"}}],"inLanguage":"ca"},{"@type":"Organization","@id":"https:\/\/www.monlau.com\/fp\/ca\/#organization","name":"Formaci\u00f3n profesional","url":"https:\/\/www.monlau.com\/fp\/ca\/","logo":{"@type":"ImageObject","inLanguage":"ca","@id":"https:\/\/www.monlau.com\/fp\/ca\/#\/schema\/logo\/image\/","url":"https:\/\/www.monlau.com\/app\/uploads\/sites\/3\/2026\/01\/fp.png","contentUrl":"https:\/\/www.monlau.com\/app\/uploads\/sites\/3\/2026\/01\/fp.png","width":1024,"height":878,"caption":"Formaci\u00f3n profesional"},"image":{"@id":"https:\/\/www.monlau.com\/fp\/ca\/#\/schema\/logo\/image\/"}},{"@type":"Person","@id":"https:\/\/www.monlau.com\/fp\/ca\/#\/schema\/person\/419cfdf054323e24e0a2ef1d8597f051","name":"adsmurai","image":{"@type":"ImageObject","inLanguage":"ca","@id":"https:\/\/secure.gravatar.com\/avatar\/0748788578f91786454454fa3b4c295644edb991ad6caadc70b41d26790d38fc?s=96&d=mm&r=g","url":"https:\/\/secure.gravatar.com\/avatar\/0748788578f91786454454fa3b4c295644edb991ad6caadc70b41d26790d38fc?s=96&d=mm&r=g","contentUrl":"https:\/\/secure.gravatar.com\/avatar\/0748788578f91786454454fa3b4c295644edb991ad6caadc70b41d26790d38fc?s=96&d=mm&r=g","caption":"adsmurai"},"sameAs":["https:\/\/www.monlau.com"],"url":"https:\/\/www.monlau.com\/fp\/ca\/author\/adsmurai\/"}]}},"_links":{"self":[{"href":"https:\/\/www.monlau.com\/fp\/ca\/wp-json\/wp\/v2\/posts\/6279","targetHints":{"allow":["GET"]}}],"collection":[{"href":"https:\/\/www.monlau.com\/fp\/ca\/wp-json\/wp\/v2\/posts"}],"about":[{"href":"https:\/\/www.monlau.com\/fp\/ca\/wp-json\/wp\/v2\/types\/post"}],"author":[{"embeddable":true,"href":"https:\/\/www.monlau.com\/fp\/ca\/wp-json\/wp\/v2\/users\/1"}],"replies":[{"embeddable":true,"href":"https:\/\/www.monlau.com\/fp\/ca\/wp-json\/wp\/v2\/comments?post=6279"}],"version-history":[{"count":1,"href":"https:\/\/www.monlau.com\/fp\/ca\/wp-json\/wp\/v2\/posts\/6279\/revisions"}],"predecessor-version":[{"id":6408,"href":"https:\/\/www.monlau.com\/fp\/ca\/wp-json\/wp\/v2\/posts\/6279\/revisions\/6408"}],"wp:featuredmedia":[{"embeddable":true,"href":"https:\/\/www.monlau.com\/fp\/ca\/wp-json\/wp\/v2\/media\/3601"}],"wp:attachment":[{"href":"https:\/\/www.monlau.com\/fp\/ca\/wp-json\/wp\/v2\/media?parent=6279"}],"wp:term":[{"taxonomy":"category","embeddable":true,"href":"https:\/\/www.monlau.com\/fp\/ca\/wp-json\/wp\/v2\/categories?post=6279"},{"taxonomy":"post_tag","embeddable":true,"href":"https:\/\/www.monlau.com\/fp\/ca\/wp-json\/wp\/v2\/tags?post=6279"}],"curies":[{"name":"wp","href":"https:\/\/api.w.org\/{rel}","templated":true}]}}