{"id":6278,"date":"2022-04-22T00:00:00","date_gmt":"2022-04-21T22:00:00","guid":{"rendered":"https:\/\/www.monlau.com\/formacion-profesional\/aula-taller-de-electricitat\/"},"modified":"2026-03-10T10:03:30","modified_gmt":"2026-03-10T09:03:30","slug":"aula-taller-de-electricitat","status":"publish","type":"post","link":"https:\/\/www.monlau.com\/fp\/ca\/2022\/04\/22\/aula-taller-de-electricitat\/","title":{"rendered":"Com \u00e9s una aula-taller d&#8217;electricitat?"},"content":{"rendered":"<p>Quan parlem de la cura de l&#8217;autom\u00f2bil, el primer que probablement se&#8217;ns ve a la ment s\u00f3n peces com l&#8217;embragatge, el motor i les llandes. Si b\u00e9 la mec\u00e0nica continua sent una part important del manteniment del vehicle, la import\u00e0ncia dels sistemes electr\u00f2nics \u00e9s crucial per al funcionament normal de l&#8217;autom\u00f2bil.<\/p>\n<p>Avui dia, el nivell de complexitat dels sistemes el\u00e8ctrics automotrius ha augmentat significativament en comparaci\u00f3 amb anys anteriors. Es tracta de satisfer les creixents demandes tecnol\u00f2giques i anticipar-se a les noves necessitats.<\/p>\n<p>El<strong> sistema el\u00e8ctric<\/strong> d&#8217;un autom\u00f2bil \u00e9s el responsable del funcionament normal de l&#8217;autom\u00f2bil, pel fet que realitza operacions importants com arrencar el motor, subministrar energia, encendre les llums, activar les finestres i moltes altres funcions m\u00e9s. Per a aconseguir aix\u00f2, \u00e9s important comptar amb un mec\u00e0nic automotriu amb \u00e0mplia experi\u00e8ncia a brindar sistemes electr\u00f2nics que pugui realitzar diagn\u00f2stics a profunditat del vehicle per a evitar problemes inesperats que puguin oc\u00f3rrer en la carretera.<\/p>\n<p>Els canvis en el clima poden augmentar el nombre d&#8217;avaries i falles en el sistema el\u00e8ctric d&#8217;un vehicle. Els sistemes qu\u00edmics i de c\u00e0rrega de components com les bateries poden alentir-se, la qual cosa dificulta el seu correcte funcionament. \u00c9s important prestar especial atenci\u00f3 durant els mesos m\u00e9s freds i fer revisar el seu vehicle per mec\u00e0nics professionals i tallers de reparaci\u00f3 d&#8217;autom\u00f2bils per a evitar accidents en la carretera.<\/p>\n<h3>Taller d&#8217;Electricitat de Grau Superior<\/h3>\n<p>Els tallers d&#8217;electricitat dediquen la seva activitat a la reparaci\u00f3, manteniment i instal\u00b7laci\u00f3 dels diferents components el\u00e8ctrics dels vehicles. A Monlau, comptem amb diferents aules taller on els nostres alumnes poden posar en pr\u00e0ctica tots els coneixements adquirits. Es realitzen pr\u00e0ctiques 100% reals, al costat de les eines necess\u00e0ries destinades a desmuntar i muntar les diferents peces.<\/p>\n<p>Entre les funcions que es duen a terme en un taller d&#8217;electricitat, podem distingir les seg\u00fcents:<\/p>\n<ul>\n<li>Gestionar el servei al client<\/li>\n<li>Diagnosticar, reparar i\/o mantenir els circuits el\u00e8ctrics de l&#8217;autom\u00f2bil.<\/li>\n<li>Repara components electromec\u00e0nics<\/li>\n<\/ul>\n<p>A Monlau Formaci\u00f3 Professional impartim el <a href=\"https:\/\/www.monlau.com\/formacio-professional\/project\/grado-superior-automocion\/\">Grau Superior d&#8217;Automoci\u00f3<\/a>. En el nostre centre de la Maquinista trobar\u00e0s diferents tallers especialitzats on els nostres alumnes treballen i aprenen tot el necessari per a la posada en marxa del vehicle. Si vols veure com s\u00f3n la nostra aula taller d&#8217;electricitat, et deixem un petit clip de l&#8217;interior d&#8217;aquests.<\/p>\n","protected":false},"excerpt":{"rendered":"<p>Quan parlem de la cura de l&#8217;autom\u00f2bil, el primer que probablement se&#8217;ns ve a la ment s\u00f3n peces com l&#8217;embragatge, el motor i les llandes. Si b\u00e9 la mec\u00e0nica continua sent una part important del manteniment del vehicle, la import\u00e0ncia dels sistemes electr\u00f2nics \u00e9s crucial per al funcionament normal de l&#8217;autom\u00f2bil. Avui dia, el nivell [&hellip;]<\/p>\n","protected":false},"author":1,"featured_media":3598,"comment_status":"closed","ping_status":"closed","sticky":false,"template":"","format":"standard","meta":{"footnotes":""},"categories":[252],"tags":[],"class_list":["post-6278","post","type-post","status-publish","format-standard","has-post-thumbnail","hentry","category-automocio"],"yoast_head":"<!-- This site is optimized with the Yoast SEO plugin v27.2 - https:\/\/yoast.com\/product\/yoast-seo-wordpress\/ -->\n<title>Com \u00e9s una aula-taller d&#039;electricitat? - Formaci\u00f3n profesional<\/title>\n<meta name=\"robots\" content=\"index, follow, max-snippet:-1, max-image-preview:large, max-video-preview:-1\" \/>\n<link rel=\"canonical\" href=\"https:\/\/www.monlau.com\/fp\/ca\/2022\/04\/22\/aula-taller-de-electricitat\/\" \/>\n<meta property=\"og:locale\" content=\"ca_ES\" \/>\n<meta property=\"og:type\" content=\"article\" \/>\n<meta property=\"og:title\" content=\"Com \u00e9s una aula-taller d&#039;electricitat? - Formaci\u00f3n profesional\" \/>\n<meta property=\"og:description\" content=\"Quan parlem de la cura de l&#8217;autom\u00f2bil, el primer que probablement se&#8217;ns ve a la ment s\u00f3n peces com l&#8217;embragatge, el motor i les llandes. Si b\u00e9 la mec\u00e0nica continua sent una part important del manteniment del vehicle, la import\u00e0ncia dels sistemes electr\u00f2nics \u00e9s crucial per al funcionament normal de l&#8217;autom\u00f2bil. Avui dia, el nivell [&hellip;]\" \/>\n<meta property=\"og:url\" content=\"https:\/\/www.monlau.com\/fp\/ca\/2022\/04\/22\/aula-taller-de-electricitat\/\" \/>\n<meta property=\"og:site_name\" content=\"Formaci\u00f3n profesional\" \/>\n<meta property=\"article:published_time\" content=\"2022-04-21T22:00:00+00:00\" \/>\n<meta property=\"article:modified_time\" content=\"2026-03-10T09:03:30+00:00\" \/>\n<meta property=\"og:image\" content=\"https:\/\/www.monlau.com\/app\/uploads\/sites\/3\/2026\/03\/AulaTaller-Electricidad-scaled.jpg\" \/>\n\t<meta property=\"og:image:width\" content=\"2560\" \/>\n\t<meta property=\"og:image:height\" content=\"1707\" \/>\n\t<meta property=\"og:image:type\" content=\"image\/jpeg\" \/>\n<meta name=\"author\" content=\"adsmurai\" \/>\n<meta name=\"twitter:card\" content=\"summary_large_image\" \/>\n<meta name=\"twitter:label1\" content=\"Escrit per\" \/>\n\t<meta name=\"twitter:data1\" content=\"adsmurai\" \/>\n\t<meta name=\"twitter:label2\" content=\"Temps estimat de lectura\" \/>\n\t<meta name=\"twitter:data2\" content=\"2 minuts\" \/>\n<script type=\"application\/ld+json\" class=\"yoast-schema-graph\">{\"@context\":\"https:\/\/schema.org\",\"@graph\":[{\"@type\":\"Article\",\"@id\":\"https:\/\/www.monlau.com\/fp\/ca\/2022\/04\/22\/aula-taller-de-electricitat\/#article\",\"isPartOf\":{\"@id\":\"https:\/\/www.monlau.com\/fp\/ca\/2022\/04\/22\/aula-taller-de-electricitat\/\"},\"author\":{\"name\":\"adsmurai\",\"@id\":\"https:\/\/www.monlau.com\/fp\/ca\/#\/schema\/person\/419cfdf054323e24e0a2ef1d8597f051\"},\"headline\":\"Com \u00e9s una aula-taller d&#8217;electricitat?\",\"datePublished\":\"2022-04-21T22:00:00+00:00\",\"dateModified\":\"2026-03-10T09:03:30+00:00\",\"mainEntityOfPage\":{\"@id\":\"https:\/\/www.monlau.com\/fp\/ca\/2022\/04\/22\/aula-taller-de-electricitat\/\"},\"wordCount\":434,\"publisher\":{\"@id\":\"https:\/\/www.monlau.com\/fp\/ca\/#organization\"},\"image\":{\"@id\":\"https:\/\/www.monlau.com\/fp\/ca\/2022\/04\/22\/aula-taller-de-electricitat\/#primaryimage\"},\"thumbnailUrl\":\"https:\/\/www.monlau.com\/app\/uploads\/sites\/3\/2026\/03\/AulaTaller-Electricidad-scaled.jpg\",\"articleSection\":[\"Automoci\u00f3\"],\"inLanguage\":\"ca\"},{\"@type\":\"WebPage\",\"@id\":\"https:\/\/www.monlau.com\/fp\/ca\/2022\/04\/22\/aula-taller-de-electricitat\/\",\"url\":\"https:\/\/www.monlau.com\/fp\/ca\/2022\/04\/22\/aula-taller-de-electricitat\/\",\"name\":\"Com \u00e9s una aula-taller d'electricitat? - Formaci\u00f3n profesional\",\"isPartOf\":{\"@id\":\"https:\/\/www.monlau.com\/fp\/ca\/#website\"},\"primaryImageOfPage\":{\"@id\":\"https:\/\/www.monlau.com\/fp\/ca\/2022\/04\/22\/aula-taller-de-electricitat\/#primaryimage\"},\"image\":{\"@id\":\"https:\/\/www.monlau.com\/fp\/ca\/2022\/04\/22\/aula-taller-de-electricitat\/#primaryimage\"},\"thumbnailUrl\":\"https:\/\/www.monlau.com\/app\/uploads\/sites\/3\/2026\/03\/AulaTaller-Electricidad-scaled.jpg\",\"datePublished\":\"2022-04-21T22:00:00+00:00\",\"dateModified\":\"2026-03-10T09:03:30+00:00\",\"breadcrumb\":{\"@id\":\"https:\/\/www.monlau.com\/fp\/ca\/2022\/04\/22\/aula-taller-de-electricitat\/#breadcrumb\"},\"inLanguage\":\"ca\",\"potentialAction\":[{\"@type\":\"ReadAction\",\"target\":[\"https:\/\/www.monlau.com\/fp\/ca\/2022\/04\/22\/aula-taller-de-electricitat\/\"]}]},{\"@type\":\"ImageObject\",\"inLanguage\":\"ca\",\"@id\":\"https:\/\/www.monlau.com\/fp\/ca\/2022\/04\/22\/aula-taller-de-electricitat\/#primaryimage\",\"url\":\"https:\/\/www.monlau.com\/app\/uploads\/sites\/3\/2026\/03\/AulaTaller-Electricidad-scaled.jpg\",\"contentUrl\":\"https:\/\/www.monlau.com\/app\/uploads\/sites\/3\/2026\/03\/AulaTaller-Electricidad-scaled.jpg\",\"width\":2560,\"height\":1707},{\"@type\":\"BreadcrumbList\",\"@id\":\"https:\/\/www.monlau.com\/fp\/ca\/2022\/04\/22\/aula-taller-de-electricitat\/#breadcrumb\",\"itemListElement\":[{\"@type\":\"ListItem\",\"position\":1,\"name\":\"Portada\",\"item\":\"https:\/\/www.monlau.com\/fp\/ca\/inici\/\"},{\"@type\":\"ListItem\",\"position\":2,\"name\":\"Com \u00e9s una aula-taller d&#8217;electricitat?\"}]},{\"@type\":\"WebSite\",\"@id\":\"https:\/\/www.monlau.com\/fp\/ca\/#website\",\"url\":\"https:\/\/www.monlau.com\/fp\/ca\/\",\"name\":\"Formaci\u00f3n profesional\",\"description\":\"Monlau\",\"publisher\":{\"@id\":\"https:\/\/www.monlau.com\/fp\/ca\/#organization\"},\"potentialAction\":[{\"@type\":\"SearchAction\",\"target\":{\"@type\":\"EntryPoint\",\"urlTemplate\":\"https:\/\/www.monlau.com\/fp\/ca\/?s={search_term_string}\"},\"query-input\":{\"@type\":\"PropertyValueSpecification\",\"valueRequired\":true,\"valueName\":\"search_term_string\"}}],\"inLanguage\":\"ca\"},{\"@type\":\"Organization\",\"@id\":\"https:\/\/www.monlau.com\/fp\/ca\/#organization\",\"name\":\"Formaci\u00f3n profesional\",\"url\":\"https:\/\/www.monlau.com\/fp\/ca\/\",\"logo\":{\"@type\":\"ImageObject\",\"inLanguage\":\"ca\",\"@id\":\"https:\/\/www.monlau.com\/fp\/ca\/#\/schema\/logo\/image\/\",\"url\":\"https:\/\/www.monlau.com\/app\/uploads\/sites\/3\/2026\/01\/fp.png\",\"contentUrl\":\"https:\/\/www.monlau.com\/app\/uploads\/sites\/3\/2026\/01\/fp.png\",\"width\":1024,\"height\":878,\"caption\":\"Formaci\u00f3n profesional\"},\"image\":{\"@id\":\"https:\/\/www.monlau.com\/fp\/ca\/#\/schema\/logo\/image\/\"}},{\"@type\":\"Person\",\"@id\":\"https:\/\/www.monlau.com\/fp\/ca\/#\/schema\/person\/419cfdf054323e24e0a2ef1d8597f051\",\"name\":\"adsmurai\",\"image\":{\"@type\":\"ImageObject\",\"inLanguage\":\"ca\",\"@id\":\"https:\/\/secure.gravatar.com\/avatar\/0748788578f91786454454fa3b4c295644edb991ad6caadc70b41d26790d38fc?s=96&d=mm&r=g\",\"url\":\"https:\/\/secure.gravatar.com\/avatar\/0748788578f91786454454fa3b4c295644edb991ad6caadc70b41d26790d38fc?s=96&d=mm&r=g\",\"contentUrl\":\"https:\/\/secure.gravatar.com\/avatar\/0748788578f91786454454fa3b4c295644edb991ad6caadc70b41d26790d38fc?s=96&d=mm&r=g\",\"caption\":\"adsmurai\"},\"sameAs\":[\"https:\/\/www.monlau.com\"],\"url\":\"https:\/\/www.monlau.com\/fp\/ca\/author\/adsmurai\/\"}]}<\/script>\n<!-- \/ Yoast SEO plugin. -->","yoast_head_json":{"title":"Com \u00e9s una aula-taller d'electricitat? - Formaci\u00f3n profesional","robots":{"index":"index","follow":"follow","max-snippet":"max-snippet:-1","max-image-preview":"max-image-preview:large","max-video-preview":"max-video-preview:-1"},"canonical":"https:\/\/www.monlau.com\/fp\/ca\/2022\/04\/22\/aula-taller-de-electricitat\/","og_locale":"ca_ES","og_type":"article","og_title":"Com \u00e9s una aula-taller d'electricitat? - Formaci\u00f3n profesional","og_description":"Quan parlem de la cura de l&#8217;autom\u00f2bil, el primer que probablement se&#8217;ns ve a la ment s\u00f3n peces com l&#8217;embragatge, el motor i les llandes. Si b\u00e9 la mec\u00e0nica continua sent una part important del manteniment del vehicle, la import\u00e0ncia dels sistemes electr\u00f2nics \u00e9s crucial per al funcionament normal de l&#8217;autom\u00f2bil. Avui dia, el nivell [&hellip;]","og_url":"https:\/\/www.monlau.com\/fp\/ca\/2022\/04\/22\/aula-taller-de-electricitat\/","og_site_name":"Formaci\u00f3n profesional","article_published_time":"2022-04-21T22:00:00+00:00","article_modified_time":"2026-03-10T09:03:30+00:00","og_image":[{"width":2560,"height":1707,"url":"https:\/\/www.monlau.com\/app\/uploads\/sites\/3\/2026\/03\/AulaTaller-Electricidad-scaled.jpg","type":"image\/jpeg"}],"author":"adsmurai","twitter_card":"summary_large_image","twitter_misc":{"Escrit per":"adsmurai","Temps estimat de lectura":"2 minuts"},"schema":{"@context":"https:\/\/schema.org","@graph":[{"@type":"Article","@id":"https:\/\/www.monlau.com\/fp\/ca\/2022\/04\/22\/aula-taller-de-electricitat\/#article","isPartOf":{"@id":"https:\/\/www.monlau.com\/fp\/ca\/2022\/04\/22\/aula-taller-de-electricitat\/"},"author":{"name":"adsmurai","@id":"https:\/\/www.monlau.com\/fp\/ca\/#\/schema\/person\/419cfdf054323e24e0a2ef1d8597f051"},"headline":"Com \u00e9s una aula-taller d&#8217;electricitat?","datePublished":"2022-04-21T22:00:00+00:00","dateModified":"2026-03-10T09:03:30+00:00","mainEntityOfPage":{"@id":"https:\/\/www.monlau.com\/fp\/ca\/2022\/04\/22\/aula-taller-de-electricitat\/"},"wordCount":434,"publisher":{"@id":"https:\/\/www.monlau.com\/fp\/ca\/#organization"},"image":{"@id":"https:\/\/www.monlau.com\/fp\/ca\/2022\/04\/22\/aula-taller-de-electricitat\/#primaryimage"},"thumbnailUrl":"https:\/\/www.monlau.com\/app\/uploads\/sites\/3\/2026\/03\/AulaTaller-Electricidad-scaled.jpg","articleSection":["Automoci\u00f3"],"inLanguage":"ca"},{"@type":"WebPage","@id":"https:\/\/www.monlau.com\/fp\/ca\/2022\/04\/22\/aula-taller-de-electricitat\/","url":"https:\/\/www.monlau.com\/fp\/ca\/2022\/04\/22\/aula-taller-de-electricitat\/","name":"Com \u00e9s una aula-taller d'electricitat? - Formaci\u00f3n profesional","isPartOf":{"@id":"https:\/\/www.monlau.com\/fp\/ca\/#website"},"primaryImageOfPage":{"@id":"https:\/\/www.monlau.com\/fp\/ca\/2022\/04\/22\/aula-taller-de-electricitat\/#primaryimage"},"image":{"@id":"https:\/\/www.monlau.com\/fp\/ca\/2022\/04\/22\/aula-taller-de-electricitat\/#primaryimage"},"thumbnailUrl":"https:\/\/www.monlau.com\/app\/uploads\/sites\/3\/2026\/03\/AulaTaller-Electricidad-scaled.jpg","datePublished":"2022-04-21T22:00:00+00:00","dateModified":"2026-03-10T09:03:30+00:00","breadcrumb":{"@id":"https:\/\/www.monlau.com\/fp\/ca\/2022\/04\/22\/aula-taller-de-electricitat\/#breadcrumb"},"inLanguage":"ca","potentialAction":[{"@type":"ReadAction","target":["https:\/\/www.monlau.com\/fp\/ca\/2022\/04\/22\/aula-taller-de-electricitat\/"]}]},{"@type":"ImageObject","inLanguage":"ca","@id":"https:\/\/www.monlau.com\/fp\/ca\/2022\/04\/22\/aula-taller-de-electricitat\/#primaryimage","url":"https:\/\/www.monlau.com\/app\/uploads\/sites\/3\/2026\/03\/AulaTaller-Electricidad-scaled.jpg","contentUrl":"https:\/\/www.monlau.com\/app\/uploads\/sites\/3\/2026\/03\/AulaTaller-Electricidad-scaled.jpg","width":2560,"height":1707},{"@type":"BreadcrumbList","@id":"https:\/\/www.monlau.com\/fp\/ca\/2022\/04\/22\/aula-taller-de-electricitat\/#breadcrumb","itemListElement":[{"@type":"ListItem","position":1,"name":"Portada","item":"https:\/\/www.monlau.com\/fp\/ca\/inici\/"},{"@type":"ListItem","position":2,"name":"Com \u00e9s una aula-taller d&#8217;electricitat?"}]},{"@type":"WebSite","@id":"https:\/\/www.monlau.com\/fp\/ca\/#website","url":"https:\/\/www.monlau.com\/fp\/ca\/","name":"Formaci\u00f3n profesional","description":"Monlau","publisher":{"@id":"https:\/\/www.monlau.com\/fp\/ca\/#organization"},"potentialAction":[{"@type":"SearchAction","target":{"@type":"EntryPoint","urlTemplate":"https:\/\/www.monlau.com\/fp\/ca\/?s={search_term_string}"},"query-input":{"@type":"PropertyValueSpecification","valueRequired":true,"valueName":"search_term_string"}}],"inLanguage":"ca"},{"@type":"Organization","@id":"https:\/\/www.monlau.com\/fp\/ca\/#organization","name":"Formaci\u00f3n profesional","url":"https:\/\/www.monlau.com\/fp\/ca\/","logo":{"@type":"ImageObject","inLanguage":"ca","@id":"https:\/\/www.monlau.com\/fp\/ca\/#\/schema\/logo\/image\/","url":"https:\/\/www.monlau.com\/app\/uploads\/sites\/3\/2026\/01\/fp.png","contentUrl":"https:\/\/www.monlau.com\/app\/uploads\/sites\/3\/2026\/01\/fp.png","width":1024,"height":878,"caption":"Formaci\u00f3n profesional"},"image":{"@id":"https:\/\/www.monlau.com\/fp\/ca\/#\/schema\/logo\/image\/"}},{"@type":"Person","@id":"https:\/\/www.monlau.com\/fp\/ca\/#\/schema\/person\/419cfdf054323e24e0a2ef1d8597f051","name":"adsmurai","image":{"@type":"ImageObject","inLanguage":"ca","@id":"https:\/\/secure.gravatar.com\/avatar\/0748788578f91786454454fa3b4c295644edb991ad6caadc70b41d26790d38fc?s=96&d=mm&r=g","url":"https:\/\/secure.gravatar.com\/avatar\/0748788578f91786454454fa3b4c295644edb991ad6caadc70b41d26790d38fc?s=96&d=mm&r=g","contentUrl":"https:\/\/secure.gravatar.com\/avatar\/0748788578f91786454454fa3b4c295644edb991ad6caadc70b41d26790d38fc?s=96&d=mm&r=g","caption":"adsmurai"},"sameAs":["https:\/\/www.monlau.com"],"url":"https:\/\/www.monlau.com\/fp\/ca\/author\/adsmurai\/"}]}},"_links":{"self":[{"href":"https:\/\/www.monlau.com\/fp\/ca\/wp-json\/wp\/v2\/posts\/6278","targetHints":{"allow":["GET"]}}],"collection":[{"href":"https:\/\/www.monlau.com\/fp\/ca\/wp-json\/wp\/v2\/posts"}],"about":[{"href":"https:\/\/www.monlau.com\/fp\/ca\/wp-json\/wp\/v2\/types\/post"}],"author":[{"embeddable":true,"href":"https:\/\/www.monlau.com\/fp\/ca\/wp-json\/wp\/v2\/users\/1"}],"replies":[{"embeddable":true,"href":"https:\/\/www.monlau.com\/fp\/ca\/wp-json\/wp\/v2\/comments?post=6278"}],"version-history":[{"count":1,"href":"https:\/\/www.monlau.com\/fp\/ca\/wp-json\/wp\/v2\/posts\/6278\/revisions"}],"predecessor-version":[{"id":6410,"href":"https:\/\/www.monlau.com\/fp\/ca\/wp-json\/wp\/v2\/posts\/6278\/revisions\/6410"}],"wp:featuredmedia":[{"embeddable":true,"href":"https:\/\/www.monlau.com\/fp\/ca\/wp-json\/wp\/v2\/media\/3598"}],"wp:attachment":[{"href":"https:\/\/www.monlau.com\/fp\/ca\/wp-json\/wp\/v2\/media?parent=6278"}],"wp:term":[{"taxonomy":"category","embeddable":true,"href":"https:\/\/www.monlau.com\/fp\/ca\/wp-json\/wp\/v2\/categories?post=6278"},{"taxonomy":"post_tag","embeddable":true,"href":"https:\/\/www.monlau.com\/fp\/ca\/wp-json\/wp\/v2\/tags?post=6278"}],"curies":[{"name":"wp","href":"https:\/\/api.w.org\/{rel}","templated":true}]}}