{"id":6276,"date":"2022-04-21T00:00:00","date_gmt":"2022-04-20T22:00:00","guid":{"rendered":"https:\/\/www.monlau.com\/formacion-profesional\/como-realizar-preinscripcion-ciclos-grado-medio-fp\/"},"modified":"2026-03-10T10:03:30","modified_gmt":"2026-03-10T09:03:30","slug":"como-realizar-preinscripcion-ciclos-grado-medio-fp","status":"publish","type":"post","link":"https:\/\/www.monlau.com\/fp\/ca\/2022\/04\/21\/como-realizar-preinscripcion-ciclos-grado-medio-fp\/","title":{"rendered":"Com realitzar la preinscripci\u00f3 als cicles de Grau Mitj\u00e0 d&#8217;FP"},"content":{"rendered":"<p>Els <a href=\"https:\/\/www.monlau.com\/formacio-professional\/oferta-formativa\/?lang=ca\">cicles formatius de grau mitj\u00e0<\/a> s\u00f3n aquells que proporcionen la informaci\u00f3 necess\u00e0ria per a adquirir les compet\u00e8ncies professionals necess\u00e0ries i pr\u00f2pies de cada sector. Per a poder accedir a aquests, cal complir pr\u00e8viament amb una s\u00e8rie de requisits:<\/p>\n<ul>\n<li>Tenir el t\u00edtol de graduat en educaci\u00f3 secund\u00e0ria obligat\u00f2ria (ESO)<\/li>\n<li>Tenir el t\u00edtol de t\u00e8cnic\/a o t\u00e8cnic\/a auxiliar<\/li>\n<li>Haver superat el CAM (curs espec\u00edfic per a l&#8217;acc\u00e9s als cicles de grau mitj\u00e0)<\/li>\n<li>Tenir estudis equivalents a efectes acad\u00e8mics<\/li>\n<li>Haver superat els m\u00f2duls obligatoris d&#8217;un programa de qualificaci\u00f3 professional inicial (PQPI)<\/li>\n<li>Haver superat la prova d&#8217;acc\u00e9s a la universitat per a majors de 25 anys o de 45 anys, o haver accedit a la universitat per haver acreditat experi\u00e8ncia laboral o professional tenint complerts els 40 anys<\/li>\n<li>Tenir un t\u00edtol per a accedir a un cicle formatiu de grau superior<\/li>\n<\/ul>\n<p>En el cas de la preinscripci\u00f3 als cicles de Grau Mitj\u00e0, es dividir\u00e0 en dos processos amb dates d&#8217;inscripci\u00f3 diferents; un per a l&#8217;alumnat de continu\u00eftat d&#8217;escolaritzaci\u00f3, i un proc\u00e9s per a la resta d&#8217;alumnat. Si vols saber a quin grup pertanys, <a href=\"https:\/\/preinscripcio.gencat.cat\/ca\/estudis\/fp-grau-mitja\/informat\/criteris-assignacio\/\">fes clic aqu\u00ed<\/a>!<\/p>\n<h3>Com realitzar la preinscripci\u00f3 als cicles de grau mitj\u00e0<\/h3>\n<p>Les preinscripcions es realitzen des de la p\u00e0gina web del <a href=\"http:\/\/Com realitzar la preinscripci\u00f3 als cicles de grau mitj\u00e0  Les preinscripcions es realitzen des de la p\u00e0gina web del Departament d'Educaci\u00f3; des d'on podries tramitar la sol\u00b7licitud fins al 26 d'abril en cas de pert\u00e0nyer al primer grup.  Prepara la documentaci\u00f3 necess\u00e0ria per a acreditar la identitat de l'alumne: Eina d'identificaci\u00f3 digital (DNI electr\u00f2nic, Sistema Cl@ve, T-*CAT o *idCAT m\u00f2bil) Codi identificador de l'alumne (*RALC). Aquesta informaci\u00f3 us la proporcionar\u00e0 el centre d'origen. (No disposo de *RALC). Nota mitjana de l'etapa anterior. Aquesta informaci\u00f3 la proporcionar\u00e0 el vostre centre d'origen. En cas de no saber-la, haureu de posar qualsevol numero i el sistema el modificar\u00e0 autom\u00e0ticament. Donar d'alta a l'alumne si \u00e9s major d'edat o al tutor legal si \u00e9s menor d'edat mitjan\u00e7ant *IDCAT *MOBIL. Aquesta aplicaci\u00f3 facilitar\u00e0 una contrasenya per a poder signar i tramitar la sol\u00b7licitud.  Finalment, recorda que les preinscripcions es poden realitzar en format electr\u00f2nic o mitjan\u00e7ant un suport inform\u00e0tic.\" data-wplink-url-error=\"true\">Departament d&#8217;Educaci\u00f3<\/a>; des d&#8217;on podries tramitar la sol\u00b7licitud fins al<strong> 26 d&#8217;abril<\/strong> en cas de pert\u00e0nyer al primer grup.<\/p>\n<p>1.Prepara la documentaci\u00f3 necess\u00e0ria per a acreditar la identitat de l&#8217;alumne:<\/p>\n<ul>\n<li><strong>Eina d&#8217;identificaci\u00f3 digital<\/strong> (DNI electr\u00f2nic, Sistema Cl@ve, T-CAT o idCAT m\u00f2bil)<\/li>\n<li>Codi i<strong>dentificador de l&#8217;alumne<\/strong> (<a href=\"http:\/\/Com realitzar la preinscripci\u00f3 als cicles de grau mitj\u00e0  Les preinscripcions es realitzen des de la p\u00e0gina web del Departament d'Educaci\u00f3; des d'on podries tramitar la sol\u00b7licitud fins al 26 d'abril en cas de pert\u00e0nyer al primer grup.  Prepara la documentaci\u00f3 necess\u00e0ria per a acreditar la identitat de l'alumne: Eina d'identificaci\u00f3 digital (DNI electr\u00f2nic, Sistema Cl@ve, T-*CAT o *idCAT m\u00f2bil) Codi identificador de l'alumne (*RALC). Aquesta informaci\u00f3 us la proporcionar\u00e0 el centre d'origen. (No disposo de *RALC). Nota mitjana de l'etapa anterior. Aquesta informaci\u00f3 la proporcionar\u00e0 el vostre centre d'origen. En cas de no saber-la, haureu de posar qualsevol numero i el sistema el modificar\u00e0 autom\u00e0ticament. Donar d'alta a l'alumne si \u00e9s major d'edat o al tutor legal si \u00e9s menor d'edat mitjan\u00e7ant *IDCAT *MOBIL. Aquesta aplicaci\u00f3 facilitar\u00e0 una contrasenya per a poder signar i tramitar la sol\u00b7licitud.  Finalment, recorda que les preinscripcions es poden realitzar en format electr\u00f2nic o mitjan\u00e7ant un suport inform\u00e0tic.\" data-wplink-url-error=\"true\">RALC<\/a>). Aquesta informaci\u00f3 us la proporcionar\u00e0 el centre d&#8217;origen. (<a href=\"https:\/\/preinscripcio.gencat.cat\/ca\/estudis\/fp-grau-mitja\/informat\/prepara-documentacio\/\">No disposo de RALC<\/a>).<\/li>\n<li><strong>Nota mitjana de l&#8217;etapa anterior<\/strong>. Aquesta informaci\u00f3 la proporcionar\u00e0 el vostre centre d&#8217;origen. En cas de no saber-la, haureu de posar qualsevol numero i el sistema el modificar\u00e0 autom\u00e0ticament.<\/li>\n<\/ul>\n<p>2.Donar d&#8217;alta a l&#8217;alumne si \u00e9s major d&#8217;edat o al tutor legal si \u00e9s menor d&#8217;edat mitjan\u00e7ant <a href=\"https:\/\/idcatmobil.seu.cat\/loginSenseCertificat\">IDCAT MOBIL<\/a>. Aquesta aplicaci\u00f3 facilitar\u00e0 una contrasenya per a poder signar i tramitar la sol\u00b7licitud.<\/p>\n<p><strong>Finalment, recorda que les preinscripcions es poden realitzar en <a href=\"https:\/\/accesvalidat.ensenyament.gencat.cat\/wayf\/wayf-IDP-SM.html?entityID=https%3A%2F%2Faccesvalidat.ensenyament.gencat.cat&amp;return=https%3A%2F%2Faccesvalidat.ensenyament.gencat.cat%2FShibboleth.sso%2FLogin%3FSAMLDS%3D1%26target%3Dhttps%253A%252F%252Faccesvalidat.ensenyament.gencat.cat%252Fpls%252Fapex%252Ff%253Fp%253D20160079072543618%253A102\">format electr\u00f2nic<\/a> o mitjan\u00e7ant un <a href=\"https:\/\/aplicacions.ensenyament.gencat.cat\/pls\/apex\/f?p=20160079072543618:6:::NO:RP,6,5,10,15,20,25::&amp;cs=3y5utNRdFpxFOcAj9AlbEzWYIV_k\">suport inform\u00e0tic<\/a>.<\/strong><\/p>\n","protected":false},"excerpt":{"rendered":"<p>Els cicles formatius de grau mitj\u00e0 s\u00f3n aquells que proporcionen la informaci\u00f3 necess\u00e0ria per a adquirir les compet\u00e8ncies professionals necess\u00e0ries i pr\u00f2pies de cada sector. Per a poder accedir a aquests, cal complir pr\u00e8viament amb una s\u00e8rie de requisits: Tenir el t\u00edtol de graduat en educaci\u00f3 secund\u00e0ria obligat\u00f2ria (ESO) Tenir el t\u00edtol de t\u00e8cnic\/a o [&hellip;]<\/p>\n","protected":false},"author":1,"featured_media":3595,"comment_status":"closed","ping_status":"closed","sticky":false,"template":"","format":"standard","meta":{"footnotes":""},"categories":[412,258],"tags":[264,394,263,440],"class_list":["post-6276","post","type-post","status-publish","format-standard","has-post-thumbnail","hentry","category-anuari","category-monlau","tag-formacio-professional","tag-fp","tag-grau-mitja","tag-preinscripcion"],"yoast_head":"<!-- This site is optimized with the Yoast SEO plugin v27.2 - https:\/\/yoast.com\/product\/yoast-seo-wordpress\/ -->\n<title>Com realitzar la preinscripci\u00f3 als cicles de Grau Mitj\u00e0 d&#039;FP - Formaci\u00f3n profesional<\/title>\n<meta name=\"robots\" content=\"index, follow, max-snippet:-1, max-image-preview:large, max-video-preview:-1\" \/>\n<link rel=\"canonical\" href=\"https:\/\/www.monlau.com\/fp\/ca\/2022\/04\/21\/como-realizar-preinscripcion-ciclos-grado-medio-fp\/\" \/>\n<meta property=\"og:locale\" content=\"ca_ES\" \/>\n<meta property=\"og:type\" content=\"article\" \/>\n<meta property=\"og:title\" content=\"Com realitzar la preinscripci\u00f3 als cicles de Grau Mitj\u00e0 d&#039;FP - Formaci\u00f3n profesional\" \/>\n<meta property=\"og:description\" content=\"Els cicles formatius de grau mitj\u00e0 s\u00f3n aquells que proporcionen la informaci\u00f3 necess\u00e0ria per a adquirir les compet\u00e8ncies professionals necess\u00e0ries i pr\u00f2pies de cada sector. Per a poder accedir a aquests, cal complir pr\u00e8viament amb una s\u00e8rie de requisits: Tenir el t\u00edtol de graduat en educaci\u00f3 secund\u00e0ria obligat\u00f2ria (ESO) Tenir el t\u00edtol de t\u00e8cnic\/a o [&hellip;]\" \/>\n<meta property=\"og:url\" content=\"https:\/\/www.monlau.com\/fp\/ca\/2022\/04\/21\/como-realizar-preinscripcion-ciclos-grado-medio-fp\/\" \/>\n<meta property=\"og:site_name\" content=\"Formaci\u00f3n profesional\" \/>\n<meta property=\"article:published_time\" content=\"2022-04-20T22:00:00+00:00\" \/>\n<meta property=\"article:modified_time\" content=\"2026-03-10T09:03:30+00:00\" \/>\n<meta property=\"og:image\" content=\"https:\/\/www.monlau.com\/app\/uploads\/sites\/3\/2026\/03\/MONLAU-0004.jpg\" \/>\n\t<meta property=\"og:image:width\" content=\"2000\" \/>\n\t<meta property=\"og:image:height\" content=\"1333\" \/>\n\t<meta property=\"og:image:type\" content=\"image\/jpeg\" \/>\n<meta name=\"author\" content=\"adsmurai\" \/>\n<meta name=\"twitter:card\" content=\"summary_large_image\" \/>\n<meta name=\"twitter:label1\" content=\"Escrit per\" \/>\n\t<meta name=\"twitter:data1\" content=\"adsmurai\" \/>\n\t<meta name=\"twitter:label2\" content=\"Temps estimat de lectura\" \/>\n\t<meta name=\"twitter:data2\" content=\"2 minuts\" \/>\n<script type=\"application\/ld+json\" class=\"yoast-schema-graph\">{\"@context\":\"https:\/\/schema.org\",\"@graph\":[{\"@type\":\"Article\",\"@id\":\"https:\/\/www.monlau.com\/fp\/ca\/2022\/04\/21\/como-realizar-preinscripcion-ciclos-grado-medio-fp\/#article\",\"isPartOf\":{\"@id\":\"https:\/\/www.monlau.com\/fp\/ca\/2022\/04\/21\/como-realizar-preinscripcion-ciclos-grado-medio-fp\/\"},\"author\":{\"name\":\"adsmurai\",\"@id\":\"https:\/\/www.monlau.com\/fp\/ca\/#\/schema\/person\/419cfdf054323e24e0a2ef1d8597f051\"},\"headline\":\"Com realitzar la preinscripci\u00f3 als cicles de Grau Mitj\u00e0 d&#8217;FP\",\"datePublished\":\"2022-04-20T22:00:00+00:00\",\"dateModified\":\"2026-03-10T09:03:30+00:00\",\"mainEntityOfPage\":{\"@id\":\"https:\/\/www.monlau.com\/fp\/ca\/2022\/04\/21\/como-realizar-preinscripcion-ciclos-grado-medio-fp\/\"},\"wordCount\":401,\"publisher\":{\"@id\":\"https:\/\/www.monlau.com\/fp\/ca\/#organization\"},\"image\":{\"@id\":\"https:\/\/www.monlau.com\/fp\/ca\/2022\/04\/21\/como-realizar-preinscripcion-ciclos-grado-medio-fp\/#primaryimage\"},\"thumbnailUrl\":\"https:\/\/www.monlau.com\/app\/uploads\/sites\/3\/2026\/03\/MONLAU-0004.jpg\",\"keywords\":[\"formaci\u00f3 professional\",\"fp\",\"Grau Mitj\u00e0\",\"Preinscripci\u00f3n\"],\"articleSection\":[\"anuari\",\"Monlau\"],\"inLanguage\":\"ca\"},{\"@type\":\"WebPage\",\"@id\":\"https:\/\/www.monlau.com\/fp\/ca\/2022\/04\/21\/como-realizar-preinscripcion-ciclos-grado-medio-fp\/\",\"url\":\"https:\/\/www.monlau.com\/fp\/ca\/2022\/04\/21\/como-realizar-preinscripcion-ciclos-grado-medio-fp\/\",\"name\":\"Com realitzar la preinscripci\u00f3 als cicles de Grau Mitj\u00e0 d'FP - Formaci\u00f3n profesional\",\"isPartOf\":{\"@id\":\"https:\/\/www.monlau.com\/fp\/ca\/#website\"},\"primaryImageOfPage\":{\"@id\":\"https:\/\/www.monlau.com\/fp\/ca\/2022\/04\/21\/como-realizar-preinscripcion-ciclos-grado-medio-fp\/#primaryimage\"},\"image\":{\"@id\":\"https:\/\/www.monlau.com\/fp\/ca\/2022\/04\/21\/como-realizar-preinscripcion-ciclos-grado-medio-fp\/#primaryimage\"},\"thumbnailUrl\":\"https:\/\/www.monlau.com\/app\/uploads\/sites\/3\/2026\/03\/MONLAU-0004.jpg\",\"datePublished\":\"2022-04-20T22:00:00+00:00\",\"dateModified\":\"2026-03-10T09:03:30+00:00\",\"breadcrumb\":{\"@id\":\"https:\/\/www.monlau.com\/fp\/ca\/2022\/04\/21\/como-realizar-preinscripcion-ciclos-grado-medio-fp\/#breadcrumb\"},\"inLanguage\":\"ca\",\"potentialAction\":[{\"@type\":\"ReadAction\",\"target\":[\"https:\/\/www.monlau.com\/fp\/ca\/2022\/04\/21\/como-realizar-preinscripcion-ciclos-grado-medio-fp\/\"]}]},{\"@type\":\"ImageObject\",\"inLanguage\":\"ca\",\"@id\":\"https:\/\/www.monlau.com\/fp\/ca\/2022\/04\/21\/como-realizar-preinscripcion-ciclos-grado-medio-fp\/#primaryimage\",\"url\":\"https:\/\/www.monlau.com\/app\/uploads\/sites\/3\/2026\/03\/MONLAU-0004.jpg\",\"contentUrl\":\"https:\/\/www.monlau.com\/app\/uploads\/sites\/3\/2026\/03\/MONLAU-0004.jpg\",\"width\":2000,\"height\":1333},{\"@type\":\"BreadcrumbList\",\"@id\":\"https:\/\/www.monlau.com\/fp\/ca\/2022\/04\/21\/como-realizar-preinscripcion-ciclos-grado-medio-fp\/#breadcrumb\",\"itemListElement\":[{\"@type\":\"ListItem\",\"position\":1,\"name\":\"Portada\",\"item\":\"https:\/\/www.monlau.com\/fp\/ca\/inici\/\"},{\"@type\":\"ListItem\",\"position\":2,\"name\":\"Com realitzar la preinscripci\u00f3 als cicles de Grau Mitj\u00e0 d&#8217;FP\"}]},{\"@type\":\"WebSite\",\"@id\":\"https:\/\/www.monlau.com\/fp\/ca\/#website\",\"url\":\"https:\/\/www.monlau.com\/fp\/ca\/\",\"name\":\"Formaci\u00f3n profesional\",\"description\":\"Monlau\",\"publisher\":{\"@id\":\"https:\/\/www.monlau.com\/fp\/ca\/#organization\"},\"potentialAction\":[{\"@type\":\"SearchAction\",\"target\":{\"@type\":\"EntryPoint\",\"urlTemplate\":\"https:\/\/www.monlau.com\/fp\/ca\/?s={search_term_string}\"},\"query-input\":{\"@type\":\"PropertyValueSpecification\",\"valueRequired\":true,\"valueName\":\"search_term_string\"}}],\"inLanguage\":\"ca\"},{\"@type\":\"Organization\",\"@id\":\"https:\/\/www.monlau.com\/fp\/ca\/#organization\",\"name\":\"Formaci\u00f3n profesional\",\"url\":\"https:\/\/www.monlau.com\/fp\/ca\/\",\"logo\":{\"@type\":\"ImageObject\",\"inLanguage\":\"ca\",\"@id\":\"https:\/\/www.monlau.com\/fp\/ca\/#\/schema\/logo\/image\/\",\"url\":\"https:\/\/www.monlau.com\/app\/uploads\/sites\/3\/2026\/01\/fp.png\",\"contentUrl\":\"https:\/\/www.monlau.com\/app\/uploads\/sites\/3\/2026\/01\/fp.png\",\"width\":1024,\"height\":878,\"caption\":\"Formaci\u00f3n profesional\"},\"image\":{\"@id\":\"https:\/\/www.monlau.com\/fp\/ca\/#\/schema\/logo\/image\/\"}},{\"@type\":\"Person\",\"@id\":\"https:\/\/www.monlau.com\/fp\/ca\/#\/schema\/person\/419cfdf054323e24e0a2ef1d8597f051\",\"name\":\"adsmurai\",\"image\":{\"@type\":\"ImageObject\",\"inLanguage\":\"ca\",\"@id\":\"https:\/\/secure.gravatar.com\/avatar\/0748788578f91786454454fa3b4c295644edb991ad6caadc70b41d26790d38fc?s=96&d=mm&r=g\",\"url\":\"https:\/\/secure.gravatar.com\/avatar\/0748788578f91786454454fa3b4c295644edb991ad6caadc70b41d26790d38fc?s=96&d=mm&r=g\",\"contentUrl\":\"https:\/\/secure.gravatar.com\/avatar\/0748788578f91786454454fa3b4c295644edb991ad6caadc70b41d26790d38fc?s=96&d=mm&r=g\",\"caption\":\"adsmurai\"},\"sameAs\":[\"https:\/\/www.monlau.com\"],\"url\":\"https:\/\/www.monlau.com\/fp\/ca\/author\/adsmurai\/\"}]}<\/script>\n<!-- \/ Yoast SEO plugin. -->","yoast_head_json":{"title":"Com realitzar la preinscripci\u00f3 als cicles de Grau Mitj\u00e0 d'FP - Formaci\u00f3n profesional","robots":{"index":"index","follow":"follow","max-snippet":"max-snippet:-1","max-image-preview":"max-image-preview:large","max-video-preview":"max-video-preview:-1"},"canonical":"https:\/\/www.monlau.com\/fp\/ca\/2022\/04\/21\/como-realizar-preinscripcion-ciclos-grado-medio-fp\/","og_locale":"ca_ES","og_type":"article","og_title":"Com realitzar la preinscripci\u00f3 als cicles de Grau Mitj\u00e0 d'FP - Formaci\u00f3n profesional","og_description":"Els cicles formatius de grau mitj\u00e0 s\u00f3n aquells que proporcionen la informaci\u00f3 necess\u00e0ria per a adquirir les compet\u00e8ncies professionals necess\u00e0ries i pr\u00f2pies de cada sector. Per a poder accedir a aquests, cal complir pr\u00e8viament amb una s\u00e8rie de requisits: Tenir el t\u00edtol de graduat en educaci\u00f3 secund\u00e0ria obligat\u00f2ria (ESO) Tenir el t\u00edtol de t\u00e8cnic\/a o [&hellip;]","og_url":"https:\/\/www.monlau.com\/fp\/ca\/2022\/04\/21\/como-realizar-preinscripcion-ciclos-grado-medio-fp\/","og_site_name":"Formaci\u00f3n profesional","article_published_time":"2022-04-20T22:00:00+00:00","article_modified_time":"2026-03-10T09:03:30+00:00","og_image":[{"width":2000,"height":1333,"url":"https:\/\/www.monlau.com\/app\/uploads\/sites\/3\/2026\/03\/MONLAU-0004.jpg","type":"image\/jpeg"}],"author":"adsmurai","twitter_card":"summary_large_image","twitter_misc":{"Escrit per":"adsmurai","Temps estimat de lectura":"2 minuts"},"schema":{"@context":"https:\/\/schema.org","@graph":[{"@type":"Article","@id":"https:\/\/www.monlau.com\/fp\/ca\/2022\/04\/21\/como-realizar-preinscripcion-ciclos-grado-medio-fp\/#article","isPartOf":{"@id":"https:\/\/www.monlau.com\/fp\/ca\/2022\/04\/21\/como-realizar-preinscripcion-ciclos-grado-medio-fp\/"},"author":{"name":"adsmurai","@id":"https:\/\/www.monlau.com\/fp\/ca\/#\/schema\/person\/419cfdf054323e24e0a2ef1d8597f051"},"headline":"Com realitzar la preinscripci\u00f3 als cicles de Grau Mitj\u00e0 d&#8217;FP","datePublished":"2022-04-20T22:00:00+00:00","dateModified":"2026-03-10T09:03:30+00:00","mainEntityOfPage":{"@id":"https:\/\/www.monlau.com\/fp\/ca\/2022\/04\/21\/como-realizar-preinscripcion-ciclos-grado-medio-fp\/"},"wordCount":401,"publisher":{"@id":"https:\/\/www.monlau.com\/fp\/ca\/#organization"},"image":{"@id":"https:\/\/www.monlau.com\/fp\/ca\/2022\/04\/21\/como-realizar-preinscripcion-ciclos-grado-medio-fp\/#primaryimage"},"thumbnailUrl":"https:\/\/www.monlau.com\/app\/uploads\/sites\/3\/2026\/03\/MONLAU-0004.jpg","keywords":["formaci\u00f3 professional","fp","Grau Mitj\u00e0","Preinscripci\u00f3n"],"articleSection":["anuari","Monlau"],"inLanguage":"ca"},{"@type":"WebPage","@id":"https:\/\/www.monlau.com\/fp\/ca\/2022\/04\/21\/como-realizar-preinscripcion-ciclos-grado-medio-fp\/","url":"https:\/\/www.monlau.com\/fp\/ca\/2022\/04\/21\/como-realizar-preinscripcion-ciclos-grado-medio-fp\/","name":"Com realitzar la preinscripci\u00f3 als cicles de Grau Mitj\u00e0 d'FP - Formaci\u00f3n profesional","isPartOf":{"@id":"https:\/\/www.monlau.com\/fp\/ca\/#website"},"primaryImageOfPage":{"@id":"https:\/\/www.monlau.com\/fp\/ca\/2022\/04\/21\/como-realizar-preinscripcion-ciclos-grado-medio-fp\/#primaryimage"},"image":{"@id":"https:\/\/www.monlau.com\/fp\/ca\/2022\/04\/21\/como-realizar-preinscripcion-ciclos-grado-medio-fp\/#primaryimage"},"thumbnailUrl":"https:\/\/www.monlau.com\/app\/uploads\/sites\/3\/2026\/03\/MONLAU-0004.jpg","datePublished":"2022-04-20T22:00:00+00:00","dateModified":"2026-03-10T09:03:30+00:00","breadcrumb":{"@id":"https:\/\/www.monlau.com\/fp\/ca\/2022\/04\/21\/como-realizar-preinscripcion-ciclos-grado-medio-fp\/#breadcrumb"},"inLanguage":"ca","potentialAction":[{"@type":"ReadAction","target":["https:\/\/www.monlau.com\/fp\/ca\/2022\/04\/21\/como-realizar-preinscripcion-ciclos-grado-medio-fp\/"]}]},{"@type":"ImageObject","inLanguage":"ca","@id":"https:\/\/www.monlau.com\/fp\/ca\/2022\/04\/21\/como-realizar-preinscripcion-ciclos-grado-medio-fp\/#primaryimage","url":"https:\/\/www.monlau.com\/app\/uploads\/sites\/3\/2026\/03\/MONLAU-0004.jpg","contentUrl":"https:\/\/www.monlau.com\/app\/uploads\/sites\/3\/2026\/03\/MONLAU-0004.jpg","width":2000,"height":1333},{"@type":"BreadcrumbList","@id":"https:\/\/www.monlau.com\/fp\/ca\/2022\/04\/21\/como-realizar-preinscripcion-ciclos-grado-medio-fp\/#breadcrumb","itemListElement":[{"@type":"ListItem","position":1,"name":"Portada","item":"https:\/\/www.monlau.com\/fp\/ca\/inici\/"},{"@type":"ListItem","position":2,"name":"Com realitzar la preinscripci\u00f3 als cicles de Grau Mitj\u00e0 d&#8217;FP"}]},{"@type":"WebSite","@id":"https:\/\/www.monlau.com\/fp\/ca\/#website","url":"https:\/\/www.monlau.com\/fp\/ca\/","name":"Formaci\u00f3n profesional","description":"Monlau","publisher":{"@id":"https:\/\/www.monlau.com\/fp\/ca\/#organization"},"potentialAction":[{"@type":"SearchAction","target":{"@type":"EntryPoint","urlTemplate":"https:\/\/www.monlau.com\/fp\/ca\/?s={search_term_string}"},"query-input":{"@type":"PropertyValueSpecification","valueRequired":true,"valueName":"search_term_string"}}],"inLanguage":"ca"},{"@type":"Organization","@id":"https:\/\/www.monlau.com\/fp\/ca\/#organization","name":"Formaci\u00f3n profesional","url":"https:\/\/www.monlau.com\/fp\/ca\/","logo":{"@type":"ImageObject","inLanguage":"ca","@id":"https:\/\/www.monlau.com\/fp\/ca\/#\/schema\/logo\/image\/","url":"https:\/\/www.monlau.com\/app\/uploads\/sites\/3\/2026\/01\/fp.png","contentUrl":"https:\/\/www.monlau.com\/app\/uploads\/sites\/3\/2026\/01\/fp.png","width":1024,"height":878,"caption":"Formaci\u00f3n profesional"},"image":{"@id":"https:\/\/www.monlau.com\/fp\/ca\/#\/schema\/logo\/image\/"}},{"@type":"Person","@id":"https:\/\/www.monlau.com\/fp\/ca\/#\/schema\/person\/419cfdf054323e24e0a2ef1d8597f051","name":"adsmurai","image":{"@type":"ImageObject","inLanguage":"ca","@id":"https:\/\/secure.gravatar.com\/avatar\/0748788578f91786454454fa3b4c295644edb991ad6caadc70b41d26790d38fc?s=96&d=mm&r=g","url":"https:\/\/secure.gravatar.com\/avatar\/0748788578f91786454454fa3b4c295644edb991ad6caadc70b41d26790d38fc?s=96&d=mm&r=g","contentUrl":"https:\/\/secure.gravatar.com\/avatar\/0748788578f91786454454fa3b4c295644edb991ad6caadc70b41d26790d38fc?s=96&d=mm&r=g","caption":"adsmurai"},"sameAs":["https:\/\/www.monlau.com"],"url":"https:\/\/www.monlau.com\/fp\/ca\/author\/adsmurai\/"}]}},"_links":{"self":[{"href":"https:\/\/www.monlau.com\/fp\/ca\/wp-json\/wp\/v2\/posts\/6276","targetHints":{"allow":["GET"]}}],"collection":[{"href":"https:\/\/www.monlau.com\/fp\/ca\/wp-json\/wp\/v2\/posts"}],"about":[{"href":"https:\/\/www.monlau.com\/fp\/ca\/wp-json\/wp\/v2\/types\/post"}],"author":[{"embeddable":true,"href":"https:\/\/www.monlau.com\/fp\/ca\/wp-json\/wp\/v2\/users\/1"}],"replies":[{"embeddable":true,"href":"https:\/\/www.monlau.com\/fp\/ca\/wp-json\/wp\/v2\/comments?post=6276"}],"version-history":[{"count":1,"href":"https:\/\/www.monlau.com\/fp\/ca\/wp-json\/wp\/v2\/posts\/6276\/revisions"}],"predecessor-version":[{"id":6412,"href":"https:\/\/www.monlau.com\/fp\/ca\/wp-json\/wp\/v2\/posts\/6276\/revisions\/6412"}],"wp:featuredmedia":[{"embeddable":true,"href":"https:\/\/www.monlau.com\/fp\/ca\/wp-json\/wp\/v2\/media\/3595"}],"wp:attachment":[{"href":"https:\/\/www.monlau.com\/fp\/ca\/wp-json\/wp\/v2\/media?parent=6276"}],"wp:term":[{"taxonomy":"category","embeddable":true,"href":"https:\/\/www.monlau.com\/fp\/ca\/wp-json\/wp\/v2\/categories?post=6276"},{"taxonomy":"post_tag","embeddable":true,"href":"https:\/\/www.monlau.com\/fp\/ca\/wp-json\/wp\/v2\/tags?post=6276"}],"curies":[{"name":"wp","href":"https:\/\/api.w.org\/{rel}","templated":true}]}}