{"id":6273,"date":"2022-04-20T00:00:00","date_gmt":"2022-04-19T22:00:00","guid":{"rendered":"https:\/\/www.monlau.com\/formacion-profesional\/que-son-nous-cursos-especialitzacio-fp\/"},"modified":"2026-03-10T10:03:30","modified_gmt":"2026-03-10T09:03:30","slug":"que-son-nous-cursos-especialitzacio-fp","status":"publish","type":"post","link":"https:\/\/www.monlau.com\/fp\/ca\/2022\/04\/20\/que-son-nous-cursos-especialitzacio-fp\/","title":{"rendered":"Qu\u00e8 s\u00f3n els nous cursos d&#8217;especialitzaci\u00f3 d&#8217;FP"},"content":{"rendered":"<p>Arran les exig\u00e8ncies i demandes del m\u00f3n laboral en els \u00faltims anys, i amb la nova reforma de la FP, han sorgit nous m\u00e8todes d&#8217;ensenyament i educaci\u00f3 com <strong>els cursos d&#8217;especialitzaci\u00f3 de Formaci\u00f3 Professional<\/strong>, que es comen\u00e7aran a impartir a partir del pr\u00f2xim curs.<\/p>\n<p>Aquests estudis equivaldrien a un m\u00e0ster en l&#8217;FP, i permeten augmentar els coneixements i millorar les compet\u00e8ncies adquirides pr\u00e8viament en el cicle formatiu de Formaci\u00f3 Professional. Els cursos d&#8217;especialitzaci\u00f3 s\u00f3n d&#8217;un any lectiu, i tenen una c\u00e0rrega d&#8217;entre 300 i 700 hores; a m\u00e9s d&#8217;incloure en la majoria d&#8217;aquests un nombre de cr\u00e8dits de FCT en empreses externes.<\/p>\n<p>De la mateixa manera que els cicles d&#8217;FP, aquests cursos acrediten un <strong>ensenyament i t\u00edtol oficial<\/strong> amb validesa en tot el territori nacional.<\/p>\n<h3>Acc\u00e9s als cursos d&#8217;especialitzaci\u00f3<\/h3>\n<p>Per a poder accedir a aquests postgraus de Formaci\u00f3 Professional, \u00e9s necessari haver realitzat i tenir el <strong>t\u00edtol en Grau Mitj\u00e0 o Grau Superior de la mateixa branca que el curs d&#8217;especialitzaci\u00f3<\/strong> que es vol realitzar. Depenent del curs d&#8217;especialitzaci\u00f3 que es vulgui realitzar, l&#8217;alumne necessitar\u00e0 acreditar una formaci\u00f3 o una altra; depenent dels requisits demandats.<\/p>\n<h3>On estudiar un curs d&#8217;especialitzaci\u00f3 d&#8217;FP<\/h3>\n<p>Malgrat la gran demanda i implementaci\u00f3 d&#8217;aquestes noves especialitats, de moment nom\u00e9s hi ha uns quants centres educatius i instituts que duguin a terme aquests cursos. Si aquestes interessat a realitzar un curs d&#8217;especialitzaci\u00f3, pots consultar-los per Comunitats Aut\u00f2nomes en <a href=\"https:\/\/www.todofp.es\/que-estudiar\/ciclos\/curso-especializacion\/webs-cursos-especializacion-ccaa.html\">todofp.es.<\/a><\/p>\n<h3>CETI, el nou Curs d&#8217;Especialitzaci\u00f3 en Ciberseguretat que impartirem en Monlau<\/h3>\n<p>Actualment, s&#8217;implanten un total de 13 cursos d&#8217;especialitzaci\u00f3 de les branques d&#8217;Hostaleria i Turisme, Imatge i So, Electricitat i Electr\u00f2nica, Instal\u00b7lacions i Manteniment, Qu\u00edmica, Transport i Manteniment de Vehicles, Fabricaci\u00f3 de mec\u00e0nica i finalment <strong>Inform\u00e0tica i Comunicacions.<\/strong><\/p>\n<p>En el cas d&#8217;aquesta \u00faltima branca, a Monlau oferim la possibilitat de realitzar <a href=\"https:\/\/www.monlau.com\/formacio-professional\/cursos\/especialitzacio-ciberseguretat-entorns-tecnologies-informacio-ceti\/?lang=ca\">el Curs d&#8217;especialitzaci\u00f3 en Ciberseguretat en entorns de les tecnologies de la informaci\u00f3 (CETI)<\/a> a partir del pr\u00f2xim curs 2022\/2023.<\/p>\n<p>Aquest curs consisteix principalment a definir i implementar les estrat\u00e8gies de seguretat en els sistemes de la informaci\u00f3; fent diagn\u00f2stics i implementant les noves mesures per a mitigar-les d&#8217;acord amb la normativa vigent i est\u00e0ndards del sector. Si vols saber qu\u00e8 \u00e9s un CETI, visita el nostre<a href=\"https:\/\/www.monlau.com\/formacio-professional\/2022\/03\/22\/que-es-un-ceti-coneix-nou-curs-especializacio-en-ciberseguretat\/?lang=ca\"> article en el blog<\/a>!<\/p>\n<p>Per a poder accedir a aquest curs d&#8217;especialitzaci\u00f3 en Ciberseguretat en Entorns de les Tecnologies de la Informaci\u00f3 (CETI), ser\u00e0 necessari acreditar una de les seg\u00fcents titulacions:<\/p>\n<ul>\n<li>T\u00e8cnic superior en <a href=\"https:\/\/www.monlau.com\/formacio-professional\/cursos\/grau-superior-administracio-sistemes-informatics-xarxes-asix\/?lang=ca\">Administraci\u00f3 de Sistemes Inform\u00e0tics en Xarxa (ASIX)<\/a><\/li>\n<li>T\u00e8cnic superior en <a href=\"https:\/\/www.monlau.com\/formacio-professional\/cursos\/grau-superior-desenvolupament-aplicacions-multiplataforma-dam\/?lang=ca\">Desenvolupament d&#8217;Aplicacions Multiplataforma (DAM)<\/a><\/li>\n<li>T\u00e8cnic superior en <a href=\"https:\/\/www.monlau.com\/formacio-professional\/cursos\/grau-superior-desenvolupament-aplicacions-web-daw\/?lang=ca\">Desenvolupament d&#8217;Aplicacions Web (DAW)<\/a><\/li>\n<li>T\u00e8cnic superior en Sistemes de Telecomunicacions i Inform\u00e0tics<\/li>\n<li>T\u00e8cnic superior en Manteniment Electr\u00f2nic<\/li>\n<\/ul>\n<p><strong>Aprofita aquesta oportunitat i comen\u00e7a aquest nou c<a href=\"https:\/\/www.monlau.com\/formacio-professional\/cursos\/especialitzacio-ciberseguretat-entorns-tecnologies-informacio-ceti\/?lang=ca\">urs d&#8217;especialitzaci\u00f3 a Monlau FP<\/a>!<\/strong><\/p>\n","protected":false},"excerpt":{"rendered":"<p>Arran les exig\u00e8ncies i demandes del m\u00f3n laboral en els \u00faltims anys, i amb la nova reforma de la FP, han sorgit nous m\u00e8todes d&#8217;ensenyament i educaci\u00f3 com els cursos d&#8217;especialitzaci\u00f3 de Formaci\u00f3 Professional, que es comen\u00e7aran a impartir a partir del pr\u00f2xim curs. Aquests estudis equivaldrien a un m\u00e0ster en l&#8217;FP, i permeten augmentar [&hellip;]<\/p>\n","protected":false},"author":1,"featured_media":3591,"comment_status":"closed","ping_status":"closed","sticky":false,"template":"","format":"standard","meta":{"footnotes":""},"categories":[429,255],"tags":[430,439,264,394,281],"class_list":["post-6273","post","type-post","status-publish","format-standard","has-post-thumbnail","hentry","category-especialitzacio","category-informatica","tag-ceti","tag-curs-especialitzacio","tag-formacio-professional","tag-fp","tag-monlau"],"yoast_head":"<!-- This site is optimized with the Yoast SEO plugin v27.2 - https:\/\/yoast.com\/product\/yoast-seo-wordpress\/ -->\n<title>Qu\u00e8 s\u00f3n els nous cursos d&#039;especialitzaci\u00f3 d&#039;FP - Formaci\u00f3n profesional<\/title>\n<meta name=\"robots\" content=\"index, follow, max-snippet:-1, max-image-preview:large, max-video-preview:-1\" \/>\n<link rel=\"canonical\" href=\"https:\/\/www.monlau.com\/fp\/ca\/2022\/04\/20\/que-son-nous-cursos-especialitzacio-fp\/\" \/>\n<meta property=\"og:locale\" content=\"ca_ES\" \/>\n<meta property=\"og:type\" content=\"article\" \/>\n<meta property=\"og:title\" content=\"Qu\u00e8 s\u00f3n els nous cursos d&#039;especialitzaci\u00f3 d&#039;FP - Formaci\u00f3n profesional\" \/>\n<meta property=\"og:description\" content=\"Arran les exig\u00e8ncies i demandes del m\u00f3n laboral en els \u00faltims anys, i amb la nova reforma de la FP, han sorgit nous m\u00e8todes d&#8217;ensenyament i educaci\u00f3 com els cursos d&#8217;especialitzaci\u00f3 de Formaci\u00f3 Professional, que es comen\u00e7aran a impartir a partir del pr\u00f2xim curs. Aquests estudis equivaldrien a un m\u00e0ster en l&#8217;FP, i permeten augmentar [&hellip;]\" \/>\n<meta property=\"og:url\" content=\"https:\/\/www.monlau.com\/fp\/ca\/2022\/04\/20\/que-son-nous-cursos-especialitzacio-fp\/\" \/>\n<meta property=\"og:site_name\" content=\"Formaci\u00f3n profesional\" \/>\n<meta property=\"article:published_time\" content=\"2022-04-19T22:00:00+00:00\" \/>\n<meta property=\"article:modified_time\" content=\"2026-03-10T09:03:30+00:00\" \/>\n<meta property=\"og:image\" content=\"https:\/\/www.monlau.com\/app\/uploads\/sites\/3\/2026\/03\/IMG_1442.jpg\" \/>\n\t<meta property=\"og:image:width\" content=\"2000\" \/>\n\t<meta property=\"og:image:height\" content=\"1123\" \/>\n\t<meta property=\"og:image:type\" content=\"image\/jpeg\" \/>\n<meta name=\"author\" content=\"adsmurai\" \/>\n<meta name=\"twitter:card\" content=\"summary_large_image\" \/>\n<meta name=\"twitter:label1\" content=\"Escrit per\" \/>\n\t<meta name=\"twitter:data1\" content=\"adsmurai\" \/>\n\t<meta name=\"twitter:label2\" content=\"Temps estimat de lectura\" \/>\n\t<meta name=\"twitter:data2\" content=\"2 minuts\" \/>\n<script type=\"application\/ld+json\" class=\"yoast-schema-graph\">{\"@context\":\"https:\/\/schema.org\",\"@graph\":[{\"@type\":\"Article\",\"@id\":\"https:\/\/www.monlau.com\/fp\/ca\/2022\/04\/20\/que-son-nous-cursos-especialitzacio-fp\/#article\",\"isPartOf\":{\"@id\":\"https:\/\/www.monlau.com\/fp\/ca\/2022\/04\/20\/que-son-nous-cursos-especialitzacio-fp\/\"},\"author\":{\"name\":\"adsmurai\",\"@id\":\"https:\/\/www.monlau.com\/fp\/ca\/#\/schema\/person\/419cfdf054323e24e0a2ef1d8597f051\"},\"headline\":\"Qu\u00e8 s\u00f3n els nous cursos d&#8217;especialitzaci\u00f3 d&#8217;FP\",\"datePublished\":\"2022-04-19T22:00:00+00:00\",\"dateModified\":\"2026-03-10T09:03:30+00:00\",\"mainEntityOfPage\":{\"@id\":\"https:\/\/www.monlau.com\/fp\/ca\/2022\/04\/20\/que-son-nous-cursos-especialitzacio-fp\/\"},\"wordCount\":511,\"publisher\":{\"@id\":\"https:\/\/www.monlau.com\/fp\/ca\/#organization\"},\"image\":{\"@id\":\"https:\/\/www.monlau.com\/fp\/ca\/2022\/04\/20\/que-son-nous-cursos-especialitzacio-fp\/#primaryimage\"},\"thumbnailUrl\":\"https:\/\/www.monlau.com\/app\/uploads\/sites\/3\/2026\/03\/IMG_1442.jpg\",\"keywords\":[\"ceti\",\"curs especialitzaci\u00f3\",\"formaci\u00f3 professional\",\"fp\",\"Monlau\"],\"articleSection\":[\"Especialitzaci\u00f3\",\"Inform\u00e0tica\"],\"inLanguage\":\"ca\"},{\"@type\":\"WebPage\",\"@id\":\"https:\/\/www.monlau.com\/fp\/ca\/2022\/04\/20\/que-son-nous-cursos-especialitzacio-fp\/\",\"url\":\"https:\/\/www.monlau.com\/fp\/ca\/2022\/04\/20\/que-son-nous-cursos-especialitzacio-fp\/\",\"name\":\"Qu\u00e8 s\u00f3n els nous cursos d'especialitzaci\u00f3 d'FP - Formaci\u00f3n profesional\",\"isPartOf\":{\"@id\":\"https:\/\/www.monlau.com\/fp\/ca\/#website\"},\"primaryImageOfPage\":{\"@id\":\"https:\/\/www.monlau.com\/fp\/ca\/2022\/04\/20\/que-son-nous-cursos-especialitzacio-fp\/#primaryimage\"},\"image\":{\"@id\":\"https:\/\/www.monlau.com\/fp\/ca\/2022\/04\/20\/que-son-nous-cursos-especialitzacio-fp\/#primaryimage\"},\"thumbnailUrl\":\"https:\/\/www.monlau.com\/app\/uploads\/sites\/3\/2026\/03\/IMG_1442.jpg\",\"datePublished\":\"2022-04-19T22:00:00+00:00\",\"dateModified\":\"2026-03-10T09:03:30+00:00\",\"breadcrumb\":{\"@id\":\"https:\/\/www.monlau.com\/fp\/ca\/2022\/04\/20\/que-son-nous-cursos-especialitzacio-fp\/#breadcrumb\"},\"inLanguage\":\"ca\",\"potentialAction\":[{\"@type\":\"ReadAction\",\"target\":[\"https:\/\/www.monlau.com\/fp\/ca\/2022\/04\/20\/que-son-nous-cursos-especialitzacio-fp\/\"]}]},{\"@type\":\"ImageObject\",\"inLanguage\":\"ca\",\"@id\":\"https:\/\/www.monlau.com\/fp\/ca\/2022\/04\/20\/que-son-nous-cursos-especialitzacio-fp\/#primaryimage\",\"url\":\"https:\/\/www.monlau.com\/app\/uploads\/sites\/3\/2026\/03\/IMG_1442.jpg\",\"contentUrl\":\"https:\/\/www.monlau.com\/app\/uploads\/sites\/3\/2026\/03\/IMG_1442.jpg\",\"width\":2000,\"height\":1123},{\"@type\":\"BreadcrumbList\",\"@id\":\"https:\/\/www.monlau.com\/fp\/ca\/2022\/04\/20\/que-son-nous-cursos-especialitzacio-fp\/#breadcrumb\",\"itemListElement\":[{\"@type\":\"ListItem\",\"position\":1,\"name\":\"Portada\",\"item\":\"https:\/\/www.monlau.com\/fp\/ca\/inici\/\"},{\"@type\":\"ListItem\",\"position\":2,\"name\":\"Qu\u00e8 s\u00f3n els nous cursos d&#8217;especialitzaci\u00f3 d&#8217;FP\"}]},{\"@type\":\"WebSite\",\"@id\":\"https:\/\/www.monlau.com\/fp\/ca\/#website\",\"url\":\"https:\/\/www.monlau.com\/fp\/ca\/\",\"name\":\"Formaci\u00f3n profesional\",\"description\":\"Monlau\",\"publisher\":{\"@id\":\"https:\/\/www.monlau.com\/fp\/ca\/#organization\"},\"potentialAction\":[{\"@type\":\"SearchAction\",\"target\":{\"@type\":\"EntryPoint\",\"urlTemplate\":\"https:\/\/www.monlau.com\/fp\/ca\/?s={search_term_string}\"},\"query-input\":{\"@type\":\"PropertyValueSpecification\",\"valueRequired\":true,\"valueName\":\"search_term_string\"}}],\"inLanguage\":\"ca\"},{\"@type\":\"Organization\",\"@id\":\"https:\/\/www.monlau.com\/fp\/ca\/#organization\",\"name\":\"Formaci\u00f3n profesional\",\"url\":\"https:\/\/www.monlau.com\/fp\/ca\/\",\"logo\":{\"@type\":\"ImageObject\",\"inLanguage\":\"ca\",\"@id\":\"https:\/\/www.monlau.com\/fp\/ca\/#\/schema\/logo\/image\/\",\"url\":\"https:\/\/www.monlau.com\/app\/uploads\/sites\/3\/2026\/01\/fp.png\",\"contentUrl\":\"https:\/\/www.monlau.com\/app\/uploads\/sites\/3\/2026\/01\/fp.png\",\"width\":1024,\"height\":878,\"caption\":\"Formaci\u00f3n profesional\"},\"image\":{\"@id\":\"https:\/\/www.monlau.com\/fp\/ca\/#\/schema\/logo\/image\/\"}},{\"@type\":\"Person\",\"@id\":\"https:\/\/www.monlau.com\/fp\/ca\/#\/schema\/person\/419cfdf054323e24e0a2ef1d8597f051\",\"name\":\"adsmurai\",\"image\":{\"@type\":\"ImageObject\",\"inLanguage\":\"ca\",\"@id\":\"https:\/\/secure.gravatar.com\/avatar\/0748788578f91786454454fa3b4c295644edb991ad6caadc70b41d26790d38fc?s=96&d=mm&r=g\",\"url\":\"https:\/\/secure.gravatar.com\/avatar\/0748788578f91786454454fa3b4c295644edb991ad6caadc70b41d26790d38fc?s=96&d=mm&r=g\",\"contentUrl\":\"https:\/\/secure.gravatar.com\/avatar\/0748788578f91786454454fa3b4c295644edb991ad6caadc70b41d26790d38fc?s=96&d=mm&r=g\",\"caption\":\"adsmurai\"},\"sameAs\":[\"https:\/\/www.monlau.com\"],\"url\":\"https:\/\/www.monlau.com\/fp\/ca\/author\/adsmurai\/\"}]}<\/script>\n<!-- \/ Yoast SEO plugin. -->","yoast_head_json":{"title":"Qu\u00e8 s\u00f3n els nous cursos d'especialitzaci\u00f3 d'FP - Formaci\u00f3n profesional","robots":{"index":"index","follow":"follow","max-snippet":"max-snippet:-1","max-image-preview":"max-image-preview:large","max-video-preview":"max-video-preview:-1"},"canonical":"https:\/\/www.monlau.com\/fp\/ca\/2022\/04\/20\/que-son-nous-cursos-especialitzacio-fp\/","og_locale":"ca_ES","og_type":"article","og_title":"Qu\u00e8 s\u00f3n els nous cursos d'especialitzaci\u00f3 d'FP - Formaci\u00f3n profesional","og_description":"Arran les exig\u00e8ncies i demandes del m\u00f3n laboral en els \u00faltims anys, i amb la nova reforma de la FP, han sorgit nous m\u00e8todes d&#8217;ensenyament i educaci\u00f3 com els cursos d&#8217;especialitzaci\u00f3 de Formaci\u00f3 Professional, que es comen\u00e7aran a impartir a partir del pr\u00f2xim curs. Aquests estudis equivaldrien a un m\u00e0ster en l&#8217;FP, i permeten augmentar [&hellip;]","og_url":"https:\/\/www.monlau.com\/fp\/ca\/2022\/04\/20\/que-son-nous-cursos-especialitzacio-fp\/","og_site_name":"Formaci\u00f3n profesional","article_published_time":"2022-04-19T22:00:00+00:00","article_modified_time":"2026-03-10T09:03:30+00:00","og_image":[{"width":2000,"height":1123,"url":"https:\/\/www.monlau.com\/app\/uploads\/sites\/3\/2026\/03\/IMG_1442.jpg","type":"image\/jpeg"}],"author":"adsmurai","twitter_card":"summary_large_image","twitter_misc":{"Escrit per":"adsmurai","Temps estimat de lectura":"2 minuts"},"schema":{"@context":"https:\/\/schema.org","@graph":[{"@type":"Article","@id":"https:\/\/www.monlau.com\/fp\/ca\/2022\/04\/20\/que-son-nous-cursos-especialitzacio-fp\/#article","isPartOf":{"@id":"https:\/\/www.monlau.com\/fp\/ca\/2022\/04\/20\/que-son-nous-cursos-especialitzacio-fp\/"},"author":{"name":"adsmurai","@id":"https:\/\/www.monlau.com\/fp\/ca\/#\/schema\/person\/419cfdf054323e24e0a2ef1d8597f051"},"headline":"Qu\u00e8 s\u00f3n els nous cursos d&#8217;especialitzaci\u00f3 d&#8217;FP","datePublished":"2022-04-19T22:00:00+00:00","dateModified":"2026-03-10T09:03:30+00:00","mainEntityOfPage":{"@id":"https:\/\/www.monlau.com\/fp\/ca\/2022\/04\/20\/que-son-nous-cursos-especialitzacio-fp\/"},"wordCount":511,"publisher":{"@id":"https:\/\/www.monlau.com\/fp\/ca\/#organization"},"image":{"@id":"https:\/\/www.monlau.com\/fp\/ca\/2022\/04\/20\/que-son-nous-cursos-especialitzacio-fp\/#primaryimage"},"thumbnailUrl":"https:\/\/www.monlau.com\/app\/uploads\/sites\/3\/2026\/03\/IMG_1442.jpg","keywords":["ceti","curs especialitzaci\u00f3","formaci\u00f3 professional","fp","Monlau"],"articleSection":["Especialitzaci\u00f3","Inform\u00e0tica"],"inLanguage":"ca"},{"@type":"WebPage","@id":"https:\/\/www.monlau.com\/fp\/ca\/2022\/04\/20\/que-son-nous-cursos-especialitzacio-fp\/","url":"https:\/\/www.monlau.com\/fp\/ca\/2022\/04\/20\/que-son-nous-cursos-especialitzacio-fp\/","name":"Qu\u00e8 s\u00f3n els nous cursos d'especialitzaci\u00f3 d'FP - Formaci\u00f3n profesional","isPartOf":{"@id":"https:\/\/www.monlau.com\/fp\/ca\/#website"},"primaryImageOfPage":{"@id":"https:\/\/www.monlau.com\/fp\/ca\/2022\/04\/20\/que-son-nous-cursos-especialitzacio-fp\/#primaryimage"},"image":{"@id":"https:\/\/www.monlau.com\/fp\/ca\/2022\/04\/20\/que-son-nous-cursos-especialitzacio-fp\/#primaryimage"},"thumbnailUrl":"https:\/\/www.monlau.com\/app\/uploads\/sites\/3\/2026\/03\/IMG_1442.jpg","datePublished":"2022-04-19T22:00:00+00:00","dateModified":"2026-03-10T09:03:30+00:00","breadcrumb":{"@id":"https:\/\/www.monlau.com\/fp\/ca\/2022\/04\/20\/que-son-nous-cursos-especialitzacio-fp\/#breadcrumb"},"inLanguage":"ca","potentialAction":[{"@type":"ReadAction","target":["https:\/\/www.monlau.com\/fp\/ca\/2022\/04\/20\/que-son-nous-cursos-especialitzacio-fp\/"]}]},{"@type":"ImageObject","inLanguage":"ca","@id":"https:\/\/www.monlau.com\/fp\/ca\/2022\/04\/20\/que-son-nous-cursos-especialitzacio-fp\/#primaryimage","url":"https:\/\/www.monlau.com\/app\/uploads\/sites\/3\/2026\/03\/IMG_1442.jpg","contentUrl":"https:\/\/www.monlau.com\/app\/uploads\/sites\/3\/2026\/03\/IMG_1442.jpg","width":2000,"height":1123},{"@type":"BreadcrumbList","@id":"https:\/\/www.monlau.com\/fp\/ca\/2022\/04\/20\/que-son-nous-cursos-especialitzacio-fp\/#breadcrumb","itemListElement":[{"@type":"ListItem","position":1,"name":"Portada","item":"https:\/\/www.monlau.com\/fp\/ca\/inici\/"},{"@type":"ListItem","position":2,"name":"Qu\u00e8 s\u00f3n els nous cursos d&#8217;especialitzaci\u00f3 d&#8217;FP"}]},{"@type":"WebSite","@id":"https:\/\/www.monlau.com\/fp\/ca\/#website","url":"https:\/\/www.monlau.com\/fp\/ca\/","name":"Formaci\u00f3n profesional","description":"Monlau","publisher":{"@id":"https:\/\/www.monlau.com\/fp\/ca\/#organization"},"potentialAction":[{"@type":"SearchAction","target":{"@type":"EntryPoint","urlTemplate":"https:\/\/www.monlau.com\/fp\/ca\/?s={search_term_string}"},"query-input":{"@type":"PropertyValueSpecification","valueRequired":true,"valueName":"search_term_string"}}],"inLanguage":"ca"},{"@type":"Organization","@id":"https:\/\/www.monlau.com\/fp\/ca\/#organization","name":"Formaci\u00f3n profesional","url":"https:\/\/www.monlau.com\/fp\/ca\/","logo":{"@type":"ImageObject","inLanguage":"ca","@id":"https:\/\/www.monlau.com\/fp\/ca\/#\/schema\/logo\/image\/","url":"https:\/\/www.monlau.com\/app\/uploads\/sites\/3\/2026\/01\/fp.png","contentUrl":"https:\/\/www.monlau.com\/app\/uploads\/sites\/3\/2026\/01\/fp.png","width":1024,"height":878,"caption":"Formaci\u00f3n profesional"},"image":{"@id":"https:\/\/www.monlau.com\/fp\/ca\/#\/schema\/logo\/image\/"}},{"@type":"Person","@id":"https:\/\/www.monlau.com\/fp\/ca\/#\/schema\/person\/419cfdf054323e24e0a2ef1d8597f051","name":"adsmurai","image":{"@type":"ImageObject","inLanguage":"ca","@id":"https:\/\/secure.gravatar.com\/avatar\/0748788578f91786454454fa3b4c295644edb991ad6caadc70b41d26790d38fc?s=96&d=mm&r=g","url":"https:\/\/secure.gravatar.com\/avatar\/0748788578f91786454454fa3b4c295644edb991ad6caadc70b41d26790d38fc?s=96&d=mm&r=g","contentUrl":"https:\/\/secure.gravatar.com\/avatar\/0748788578f91786454454fa3b4c295644edb991ad6caadc70b41d26790d38fc?s=96&d=mm&r=g","caption":"adsmurai"},"sameAs":["https:\/\/www.monlau.com"],"url":"https:\/\/www.monlau.com\/fp\/ca\/author\/adsmurai\/"}]}},"_links":{"self":[{"href":"https:\/\/www.monlau.com\/fp\/ca\/wp-json\/wp\/v2\/posts\/6273","targetHints":{"allow":["GET"]}}],"collection":[{"href":"https:\/\/www.monlau.com\/fp\/ca\/wp-json\/wp\/v2\/posts"}],"about":[{"href":"https:\/\/www.monlau.com\/fp\/ca\/wp-json\/wp\/v2\/types\/post"}],"author":[{"embeddable":true,"href":"https:\/\/www.monlau.com\/fp\/ca\/wp-json\/wp\/v2\/users\/1"}],"replies":[{"embeddable":true,"href":"https:\/\/www.monlau.com\/fp\/ca\/wp-json\/wp\/v2\/comments?post=6273"}],"version-history":[{"count":1,"href":"https:\/\/www.monlau.com\/fp\/ca\/wp-json\/wp\/v2\/posts\/6273\/revisions"}],"predecessor-version":[{"id":6414,"href":"https:\/\/www.monlau.com\/fp\/ca\/wp-json\/wp\/v2\/posts\/6273\/revisions\/6414"}],"wp:featuredmedia":[{"embeddable":true,"href":"https:\/\/www.monlau.com\/fp\/ca\/wp-json\/wp\/v2\/media\/3591"}],"wp:attachment":[{"href":"https:\/\/www.monlau.com\/fp\/ca\/wp-json\/wp\/v2\/media?parent=6273"}],"wp:term":[{"taxonomy":"category","embeddable":true,"href":"https:\/\/www.monlau.com\/fp\/ca\/wp-json\/wp\/v2\/categories?post=6273"},{"taxonomy":"post_tag","embeddable":true,"href":"https:\/\/www.monlau.com\/fp\/ca\/wp-json\/wp\/v2\/tags?post=6273"}],"curies":[{"name":"wp","href":"https:\/\/api.w.org\/{rel}","templated":true}]}}