{"id":6267,"date":"2022-04-05T00:00:00","date_gmt":"2022-04-04T22:00:00","guid":{"rendered":"https:\/\/www.monlau.com\/formacion-profesional\/angel-gaitan-ressalta-importancia-tecnologia-automocion\/"},"modified":"2026-03-10T10:03:30","modified_gmt":"2026-03-10T09:03:30","slug":"angel-gaitan-ressalta-importancia-tecnologia-automocion","status":"publish","type":"post","link":"https:\/\/www.monlau.com\/fp\/ca\/2022\/04\/05\/angel-gaitan-ressalta-importancia-tecnologia-automocion\/","title":{"rendered":"\u00c1ngel Gait\u00e1n ressalta la import\u00e0ncia de la tecnologia en automoci\u00f3"},"content":{"rendered":"<p>Cada vegada m\u00e9s, el sector de l&#8217;automoci\u00f3 ha anat introduint noves tecnologies i enfocant-se cap a un sector renovat i que es troba en constant evoluci\u00f3. Per a fer const\u00e0ncia d&#8217;aix\u00f2, els alumnes de <a href=\"https:\/\/www.monlau.com\/formacio-professional\/cursos\/grau-mitja-electromecanica-vehicles-automobils\/?lang=ca\">Grau Mitj\u00e0 d&#8217;Electromec\u00e0nica de Vehicles<\/a> van rebre una xerrada per part d&#8217; \u00c1ngel Gait\u00e1n; tamb\u00e9 conegut com <a href=\"https:\/\/www.tiktok.com\/@angel_gaitan_oficial?is_from_webapp=1&amp;sender_device=pc\">el mec\u00e0nic de Tik Tok<\/a> a causa de la seva gran influ\u00e8ncia i pres\u00e8ncia en les xarxes.<\/p>\n<p>L&#8217;objectiu principal de la confer\u00e8ncia, va ser oferir a l&#8217;alumnat una visi\u00f3 innovadora i diferent sobre la mec\u00e0nica i, a m\u00e9s, brindar-los un punt de vista diferent basat en l&#8217;experi\u00e8ncia i traject\u00f2ria del ponent.<\/p>\n<p>Inicialment, abans de comen\u00e7ar a entrar en mat\u00e8ria, \u00c1ngel va introduir la seva traject\u00f2ria i va interactuar amb l&#8217;alumnat per a saber i enfocar-se cap a un sector o un altre del m\u00f3n de l&#8217;automoci\u00f3. Una vegada introdu\u00eft, va estructurar la confer\u00e8ncia en diferents punts; fent participis als alumnes durant tota l&#8217;activitat, i oferint torn de preguntes durant aquesta.<\/p>\n<h2>Les noves tecnologies<\/h2>\n<p>Un dels punts on \u00c1ngel va fer gran rellev\u00e0ncia, \u00e9s en la implementaci\u00f3 de les tecnologies actuals en vehicles no tan moderns, i la import\u00e0ncia que tenen avui dia. Hem de tenir en compte que el sector automobil\u00edstic vol brindar una nova cara i imatge cap al p\u00fablic; oblidant els antics tallers l\u00fagubres i substituint-los per la interacci\u00f3 amb el consumidor i la posada en marxa de les noves tecnologies com l&#8217;actualitzaci\u00f3 del Software.<\/p>\n<p>Aix\u00ed mateix, conforme a aix\u00f2, va exposar les diferents fases que es realitzen en el m\u00f3n de l&#8217;electromec\u00e0nica, i els aspectes relacionats amb la programaci\u00f3 i actualitzaci\u00f3 dels vehicles.<\/p>\n<h2>Valor afegit d&#8217;un bon mec\u00e0nic<\/h2>\n<p>A mitjana que va anar transcorrent la confer\u00e8ncia, aquesta es va anar centrant m\u00e9s en els aspectes relacionats amb l&#8217;alumnat i les claus de l&#8217;\u00e8xit per a ser bons mec\u00e0nics. Mitjan\u00e7ant la realitzaci\u00f3 d&#8217;exemples i experi\u00e8ncia, el ponent va ressaltar <strong>la import\u00e0ncia de l&#8217;actitud, la neteja i sobretot l&#8217;ordre per a garantir l&#8217;\u00e8xit i triomfar en el sector<\/strong>. Aquest \u00faltim, \u00e9s fonamental per sobre de tots, ja que la col\u00b7locaci\u00f3, i ordre dels productes agiliten el treball i de cara al client representa una millor imatge.<\/p>\n<p>Aix\u00ed mateix, la posada en escena i la m\u00e0 d&#8217;obra s\u00f3n claus en l&#8217;\u00e8xit d&#8217;un mec\u00e0nic; on aquest es diferencia per la seva capacitat de treball, agilitat i comunicaci\u00f3 amb el client.<\/p>\n<p>Finalment, per a concloure la presentaci\u00f3, va introduir el factor clau de les xarxes i la seva experi\u00e8ncia amb elles. En aquest punt, va ressaltar la import\u00e0ncia de la \u201cnormalitat\u201d i veritat davant dels espectadors; on el client valora m\u00e9s la naturalitat, que un gui\u00f3 o v\u00eddeo editat perfectament.<\/p>\n","protected":false},"excerpt":{"rendered":"<p>Cada vegada m\u00e9s, el sector de l&#8217;automoci\u00f3 ha anat introduint noves tecnologies i enfocant-se cap a un sector renovat i que es troba en constant evoluci\u00f3. Per a fer const\u00e0ncia d&#8217;aix\u00f2, els alumnes de Grau Mitj\u00e0 d&#8217;Electromec\u00e0nica de Vehicles van rebre una xerrada per part d&#8217; \u00c1ngel Gait\u00e1n; tamb\u00e9 conegut com el mec\u00e0nic de Tik [&hellip;]<\/p>\n","protected":false},"author":1,"featured_media":3584,"comment_status":"closed","ping_status":"closed","sticky":false,"template":"","format":"standard","meta":{"footnotes":""},"categories":[252],"tags":[309,436,437,438],"class_list":["post-6267","post","type-post","status-publish","format-standard","has-post-thumbnail","hentry","category-automocio","tag-automocio","tag-mecanic","tag-tecnologia","tag-tik-tok"],"yoast_head":"<!-- This site is optimized with the Yoast SEO plugin v27.2 - https:\/\/yoast.com\/product\/yoast-seo-wordpress\/ -->\n<title>\u00c1ngel Gait\u00e1n ressalta la import\u00e0ncia de la tecnologia en automoci\u00f3 - Formaci\u00f3n profesional<\/title>\n<meta name=\"robots\" content=\"index, follow, max-snippet:-1, max-image-preview:large, max-video-preview:-1\" \/>\n<link rel=\"canonical\" href=\"https:\/\/www.monlau.com\/fp\/ca\/2022\/04\/05\/angel-gaitan-ressalta-importancia-tecnologia-automocion\/\" \/>\n<meta property=\"og:locale\" content=\"ca_ES\" \/>\n<meta property=\"og:type\" content=\"article\" \/>\n<meta property=\"og:title\" content=\"\u00c1ngel Gait\u00e1n ressalta la import\u00e0ncia de la tecnologia en automoci\u00f3 - Formaci\u00f3n profesional\" \/>\n<meta property=\"og:description\" content=\"Cada vegada m\u00e9s, el sector de l&#8217;automoci\u00f3 ha anat introduint noves tecnologies i enfocant-se cap a un sector renovat i que es troba en constant evoluci\u00f3. Per a fer const\u00e0ncia d&#8217;aix\u00f2, els alumnes de Grau Mitj\u00e0 d&#8217;Electromec\u00e0nica de Vehicles van rebre una xerrada per part d&#8217; \u00c1ngel Gait\u00e1n; tamb\u00e9 conegut com el mec\u00e0nic de Tik [&hellip;]\" \/>\n<meta property=\"og:url\" content=\"https:\/\/www.monlau.com\/fp\/ca\/2022\/04\/05\/angel-gaitan-ressalta-importancia-tecnologia-automocion\/\" \/>\n<meta property=\"og:site_name\" content=\"Formaci\u00f3n profesional\" \/>\n<meta property=\"article:published_time\" content=\"2022-04-04T22:00:00+00:00\" \/>\n<meta property=\"article:modified_time\" content=\"2026-03-10T09:03:30+00:00\" \/>\n<meta property=\"og:image\" content=\"https:\/\/www.monlau.com\/app\/uploads\/sites\/3\/2026\/03\/IMG_2472.jpg\" \/>\n\t<meta property=\"og:image:width\" content=\"2000\" \/>\n\t<meta property=\"og:image:height\" content=\"1500\" \/>\n\t<meta property=\"og:image:type\" content=\"image\/jpeg\" \/>\n<meta name=\"author\" content=\"adsmurai\" \/>\n<meta name=\"twitter:card\" content=\"summary_large_image\" \/>\n<meta name=\"twitter:label1\" content=\"Escrit per\" \/>\n\t<meta name=\"twitter:data1\" content=\"adsmurai\" \/>\n\t<meta name=\"twitter:label2\" content=\"Temps estimat de lectura\" \/>\n\t<meta name=\"twitter:data2\" content=\"2 minuts\" \/>\n<script type=\"application\/ld+json\" class=\"yoast-schema-graph\">{\"@context\":\"https:\/\/schema.org\",\"@graph\":[{\"@type\":\"Article\",\"@id\":\"https:\/\/www.monlau.com\/fp\/ca\/2022\/04\/05\/angel-gaitan-ressalta-importancia-tecnologia-automocion\/#article\",\"isPartOf\":{\"@id\":\"https:\/\/www.monlau.com\/fp\/ca\/2022\/04\/05\/angel-gaitan-ressalta-importancia-tecnologia-automocion\/\"},\"author\":{\"name\":\"adsmurai\",\"@id\":\"https:\/\/www.monlau.com\/fp\/ca\/#\/schema\/person\/419cfdf054323e24e0a2ef1d8597f051\"},\"headline\":\"\u00c1ngel Gait\u00e1n ressalta la import\u00e0ncia de la tecnologia en automoci\u00f3\",\"datePublished\":\"2022-04-04T22:00:00+00:00\",\"dateModified\":\"2026-03-10T09:03:30+00:00\",\"mainEntityOfPage\":{\"@id\":\"https:\/\/www.monlau.com\/fp\/ca\/2022\/04\/05\/angel-gaitan-ressalta-importancia-tecnologia-automocion\/\"},\"wordCount\":511,\"publisher\":{\"@id\":\"https:\/\/www.monlau.com\/fp\/ca\/#organization\"},\"image\":{\"@id\":\"https:\/\/www.monlau.com\/fp\/ca\/2022\/04\/05\/angel-gaitan-ressalta-importancia-tecnologia-automocion\/#primaryimage\"},\"thumbnailUrl\":\"https:\/\/www.monlau.com\/app\/uploads\/sites\/3\/2026\/03\/IMG_2472.jpg\",\"keywords\":[\"Automoci\u00f3\",\"mec\u00e0nic\",\"tecnologia\",\"tik tok\"],\"articleSection\":[\"Automoci\u00f3\"],\"inLanguage\":\"ca\"},{\"@type\":\"WebPage\",\"@id\":\"https:\/\/www.monlau.com\/fp\/ca\/2022\/04\/05\/angel-gaitan-ressalta-importancia-tecnologia-automocion\/\",\"url\":\"https:\/\/www.monlau.com\/fp\/ca\/2022\/04\/05\/angel-gaitan-ressalta-importancia-tecnologia-automocion\/\",\"name\":\"\u00c1ngel Gait\u00e1n ressalta la import\u00e0ncia de la tecnologia en automoci\u00f3 - Formaci\u00f3n profesional\",\"isPartOf\":{\"@id\":\"https:\/\/www.monlau.com\/fp\/ca\/#website\"},\"primaryImageOfPage\":{\"@id\":\"https:\/\/www.monlau.com\/fp\/ca\/2022\/04\/05\/angel-gaitan-ressalta-importancia-tecnologia-automocion\/#primaryimage\"},\"image\":{\"@id\":\"https:\/\/www.monlau.com\/fp\/ca\/2022\/04\/05\/angel-gaitan-ressalta-importancia-tecnologia-automocion\/#primaryimage\"},\"thumbnailUrl\":\"https:\/\/www.monlau.com\/app\/uploads\/sites\/3\/2026\/03\/IMG_2472.jpg\",\"datePublished\":\"2022-04-04T22:00:00+00:00\",\"dateModified\":\"2026-03-10T09:03:30+00:00\",\"breadcrumb\":{\"@id\":\"https:\/\/www.monlau.com\/fp\/ca\/2022\/04\/05\/angel-gaitan-ressalta-importancia-tecnologia-automocion\/#breadcrumb\"},\"inLanguage\":\"ca\",\"potentialAction\":[{\"@type\":\"ReadAction\",\"target\":[\"https:\/\/www.monlau.com\/fp\/ca\/2022\/04\/05\/angel-gaitan-ressalta-importancia-tecnologia-automocion\/\"]}]},{\"@type\":\"ImageObject\",\"inLanguage\":\"ca\",\"@id\":\"https:\/\/www.monlau.com\/fp\/ca\/2022\/04\/05\/angel-gaitan-ressalta-importancia-tecnologia-automocion\/#primaryimage\",\"url\":\"https:\/\/www.monlau.com\/app\/uploads\/sites\/3\/2026\/03\/IMG_2472.jpg\",\"contentUrl\":\"https:\/\/www.monlau.com\/app\/uploads\/sites\/3\/2026\/03\/IMG_2472.jpg\",\"width\":2000,\"height\":1500},{\"@type\":\"BreadcrumbList\",\"@id\":\"https:\/\/www.monlau.com\/fp\/ca\/2022\/04\/05\/angel-gaitan-ressalta-importancia-tecnologia-automocion\/#breadcrumb\",\"itemListElement\":[{\"@type\":\"ListItem\",\"position\":1,\"name\":\"Portada\",\"item\":\"https:\/\/www.monlau.com\/fp\/ca\/inici\/\"},{\"@type\":\"ListItem\",\"position\":2,\"name\":\"\u00c1ngel Gait\u00e1n ressalta la import\u00e0ncia de la tecnologia en automoci\u00f3\"}]},{\"@type\":\"WebSite\",\"@id\":\"https:\/\/www.monlau.com\/fp\/ca\/#website\",\"url\":\"https:\/\/www.monlau.com\/fp\/ca\/\",\"name\":\"Formaci\u00f3n profesional\",\"description\":\"Monlau\",\"publisher\":{\"@id\":\"https:\/\/www.monlau.com\/fp\/ca\/#organization\"},\"potentialAction\":[{\"@type\":\"SearchAction\",\"target\":{\"@type\":\"EntryPoint\",\"urlTemplate\":\"https:\/\/www.monlau.com\/fp\/ca\/?s={search_term_string}\"},\"query-input\":{\"@type\":\"PropertyValueSpecification\",\"valueRequired\":true,\"valueName\":\"search_term_string\"}}],\"inLanguage\":\"ca\"},{\"@type\":\"Organization\",\"@id\":\"https:\/\/www.monlau.com\/fp\/ca\/#organization\",\"name\":\"Formaci\u00f3n profesional\",\"url\":\"https:\/\/www.monlau.com\/fp\/ca\/\",\"logo\":{\"@type\":\"ImageObject\",\"inLanguage\":\"ca\",\"@id\":\"https:\/\/www.monlau.com\/fp\/ca\/#\/schema\/logo\/image\/\",\"url\":\"https:\/\/www.monlau.com\/app\/uploads\/sites\/3\/2026\/01\/fp.png\",\"contentUrl\":\"https:\/\/www.monlau.com\/app\/uploads\/sites\/3\/2026\/01\/fp.png\",\"width\":1024,\"height\":878,\"caption\":\"Formaci\u00f3n profesional\"},\"image\":{\"@id\":\"https:\/\/www.monlau.com\/fp\/ca\/#\/schema\/logo\/image\/\"}},{\"@type\":\"Person\",\"@id\":\"https:\/\/www.monlau.com\/fp\/ca\/#\/schema\/person\/419cfdf054323e24e0a2ef1d8597f051\",\"name\":\"adsmurai\",\"image\":{\"@type\":\"ImageObject\",\"inLanguage\":\"ca\",\"@id\":\"https:\/\/secure.gravatar.com\/avatar\/0748788578f91786454454fa3b4c295644edb991ad6caadc70b41d26790d38fc?s=96&d=mm&r=g\",\"url\":\"https:\/\/secure.gravatar.com\/avatar\/0748788578f91786454454fa3b4c295644edb991ad6caadc70b41d26790d38fc?s=96&d=mm&r=g\",\"contentUrl\":\"https:\/\/secure.gravatar.com\/avatar\/0748788578f91786454454fa3b4c295644edb991ad6caadc70b41d26790d38fc?s=96&d=mm&r=g\",\"caption\":\"adsmurai\"},\"sameAs\":[\"https:\/\/www.monlau.com\"],\"url\":\"https:\/\/www.monlau.com\/fp\/ca\/author\/adsmurai\/\"}]}<\/script>\n<!-- \/ Yoast SEO plugin. -->","yoast_head_json":{"title":"\u00c1ngel Gait\u00e1n ressalta la import\u00e0ncia de la tecnologia en automoci\u00f3 - Formaci\u00f3n profesional","robots":{"index":"index","follow":"follow","max-snippet":"max-snippet:-1","max-image-preview":"max-image-preview:large","max-video-preview":"max-video-preview:-1"},"canonical":"https:\/\/www.monlau.com\/fp\/ca\/2022\/04\/05\/angel-gaitan-ressalta-importancia-tecnologia-automocion\/","og_locale":"ca_ES","og_type":"article","og_title":"\u00c1ngel Gait\u00e1n ressalta la import\u00e0ncia de la tecnologia en automoci\u00f3 - Formaci\u00f3n profesional","og_description":"Cada vegada m\u00e9s, el sector de l&#8217;automoci\u00f3 ha anat introduint noves tecnologies i enfocant-se cap a un sector renovat i que es troba en constant evoluci\u00f3. Per a fer const\u00e0ncia d&#8217;aix\u00f2, els alumnes de Grau Mitj\u00e0 d&#8217;Electromec\u00e0nica de Vehicles van rebre una xerrada per part d&#8217; \u00c1ngel Gait\u00e1n; tamb\u00e9 conegut com el mec\u00e0nic de Tik [&hellip;]","og_url":"https:\/\/www.monlau.com\/fp\/ca\/2022\/04\/05\/angel-gaitan-ressalta-importancia-tecnologia-automocion\/","og_site_name":"Formaci\u00f3n profesional","article_published_time":"2022-04-04T22:00:00+00:00","article_modified_time":"2026-03-10T09:03:30+00:00","og_image":[{"width":2000,"height":1500,"url":"https:\/\/www.monlau.com\/app\/uploads\/sites\/3\/2026\/03\/IMG_2472.jpg","type":"image\/jpeg"}],"author":"adsmurai","twitter_card":"summary_large_image","twitter_misc":{"Escrit per":"adsmurai","Temps estimat de lectura":"2 minuts"},"schema":{"@context":"https:\/\/schema.org","@graph":[{"@type":"Article","@id":"https:\/\/www.monlau.com\/fp\/ca\/2022\/04\/05\/angel-gaitan-ressalta-importancia-tecnologia-automocion\/#article","isPartOf":{"@id":"https:\/\/www.monlau.com\/fp\/ca\/2022\/04\/05\/angel-gaitan-ressalta-importancia-tecnologia-automocion\/"},"author":{"name":"adsmurai","@id":"https:\/\/www.monlau.com\/fp\/ca\/#\/schema\/person\/419cfdf054323e24e0a2ef1d8597f051"},"headline":"\u00c1ngel Gait\u00e1n ressalta la import\u00e0ncia de la tecnologia en automoci\u00f3","datePublished":"2022-04-04T22:00:00+00:00","dateModified":"2026-03-10T09:03:30+00:00","mainEntityOfPage":{"@id":"https:\/\/www.monlau.com\/fp\/ca\/2022\/04\/05\/angel-gaitan-ressalta-importancia-tecnologia-automocion\/"},"wordCount":511,"publisher":{"@id":"https:\/\/www.monlau.com\/fp\/ca\/#organization"},"image":{"@id":"https:\/\/www.monlau.com\/fp\/ca\/2022\/04\/05\/angel-gaitan-ressalta-importancia-tecnologia-automocion\/#primaryimage"},"thumbnailUrl":"https:\/\/www.monlau.com\/app\/uploads\/sites\/3\/2026\/03\/IMG_2472.jpg","keywords":["Automoci\u00f3","mec\u00e0nic","tecnologia","tik tok"],"articleSection":["Automoci\u00f3"],"inLanguage":"ca"},{"@type":"WebPage","@id":"https:\/\/www.monlau.com\/fp\/ca\/2022\/04\/05\/angel-gaitan-ressalta-importancia-tecnologia-automocion\/","url":"https:\/\/www.monlau.com\/fp\/ca\/2022\/04\/05\/angel-gaitan-ressalta-importancia-tecnologia-automocion\/","name":"\u00c1ngel Gait\u00e1n ressalta la import\u00e0ncia de la tecnologia en automoci\u00f3 - Formaci\u00f3n profesional","isPartOf":{"@id":"https:\/\/www.monlau.com\/fp\/ca\/#website"},"primaryImageOfPage":{"@id":"https:\/\/www.monlau.com\/fp\/ca\/2022\/04\/05\/angel-gaitan-ressalta-importancia-tecnologia-automocion\/#primaryimage"},"image":{"@id":"https:\/\/www.monlau.com\/fp\/ca\/2022\/04\/05\/angel-gaitan-ressalta-importancia-tecnologia-automocion\/#primaryimage"},"thumbnailUrl":"https:\/\/www.monlau.com\/app\/uploads\/sites\/3\/2026\/03\/IMG_2472.jpg","datePublished":"2022-04-04T22:00:00+00:00","dateModified":"2026-03-10T09:03:30+00:00","breadcrumb":{"@id":"https:\/\/www.monlau.com\/fp\/ca\/2022\/04\/05\/angel-gaitan-ressalta-importancia-tecnologia-automocion\/#breadcrumb"},"inLanguage":"ca","potentialAction":[{"@type":"ReadAction","target":["https:\/\/www.monlau.com\/fp\/ca\/2022\/04\/05\/angel-gaitan-ressalta-importancia-tecnologia-automocion\/"]}]},{"@type":"ImageObject","inLanguage":"ca","@id":"https:\/\/www.monlau.com\/fp\/ca\/2022\/04\/05\/angel-gaitan-ressalta-importancia-tecnologia-automocion\/#primaryimage","url":"https:\/\/www.monlau.com\/app\/uploads\/sites\/3\/2026\/03\/IMG_2472.jpg","contentUrl":"https:\/\/www.monlau.com\/app\/uploads\/sites\/3\/2026\/03\/IMG_2472.jpg","width":2000,"height":1500},{"@type":"BreadcrumbList","@id":"https:\/\/www.monlau.com\/fp\/ca\/2022\/04\/05\/angel-gaitan-ressalta-importancia-tecnologia-automocion\/#breadcrumb","itemListElement":[{"@type":"ListItem","position":1,"name":"Portada","item":"https:\/\/www.monlau.com\/fp\/ca\/inici\/"},{"@type":"ListItem","position":2,"name":"\u00c1ngel Gait\u00e1n ressalta la import\u00e0ncia de la tecnologia en automoci\u00f3"}]},{"@type":"WebSite","@id":"https:\/\/www.monlau.com\/fp\/ca\/#website","url":"https:\/\/www.monlau.com\/fp\/ca\/","name":"Formaci\u00f3n profesional","description":"Monlau","publisher":{"@id":"https:\/\/www.monlau.com\/fp\/ca\/#organization"},"potentialAction":[{"@type":"SearchAction","target":{"@type":"EntryPoint","urlTemplate":"https:\/\/www.monlau.com\/fp\/ca\/?s={search_term_string}"},"query-input":{"@type":"PropertyValueSpecification","valueRequired":true,"valueName":"search_term_string"}}],"inLanguage":"ca"},{"@type":"Organization","@id":"https:\/\/www.monlau.com\/fp\/ca\/#organization","name":"Formaci\u00f3n profesional","url":"https:\/\/www.monlau.com\/fp\/ca\/","logo":{"@type":"ImageObject","inLanguage":"ca","@id":"https:\/\/www.monlau.com\/fp\/ca\/#\/schema\/logo\/image\/","url":"https:\/\/www.monlau.com\/app\/uploads\/sites\/3\/2026\/01\/fp.png","contentUrl":"https:\/\/www.monlau.com\/app\/uploads\/sites\/3\/2026\/01\/fp.png","width":1024,"height":878,"caption":"Formaci\u00f3n profesional"},"image":{"@id":"https:\/\/www.monlau.com\/fp\/ca\/#\/schema\/logo\/image\/"}},{"@type":"Person","@id":"https:\/\/www.monlau.com\/fp\/ca\/#\/schema\/person\/419cfdf054323e24e0a2ef1d8597f051","name":"adsmurai","image":{"@type":"ImageObject","inLanguage":"ca","@id":"https:\/\/secure.gravatar.com\/avatar\/0748788578f91786454454fa3b4c295644edb991ad6caadc70b41d26790d38fc?s=96&d=mm&r=g","url":"https:\/\/secure.gravatar.com\/avatar\/0748788578f91786454454fa3b4c295644edb991ad6caadc70b41d26790d38fc?s=96&d=mm&r=g","contentUrl":"https:\/\/secure.gravatar.com\/avatar\/0748788578f91786454454fa3b4c295644edb991ad6caadc70b41d26790d38fc?s=96&d=mm&r=g","caption":"adsmurai"},"sameAs":["https:\/\/www.monlau.com"],"url":"https:\/\/www.monlau.com\/fp\/ca\/author\/adsmurai\/"}]}},"_links":{"self":[{"href":"https:\/\/www.monlau.com\/fp\/ca\/wp-json\/wp\/v2\/posts\/6267","targetHints":{"allow":["GET"]}}],"collection":[{"href":"https:\/\/www.monlau.com\/fp\/ca\/wp-json\/wp\/v2\/posts"}],"about":[{"href":"https:\/\/www.monlau.com\/fp\/ca\/wp-json\/wp\/v2\/types\/post"}],"author":[{"embeddable":true,"href":"https:\/\/www.monlau.com\/fp\/ca\/wp-json\/wp\/v2\/users\/1"}],"replies":[{"embeddable":true,"href":"https:\/\/www.monlau.com\/fp\/ca\/wp-json\/wp\/v2\/comments?post=6267"}],"version-history":[{"count":1,"href":"https:\/\/www.monlau.com\/fp\/ca\/wp-json\/wp\/v2\/posts\/6267\/revisions"}],"predecessor-version":[{"id":6416,"href":"https:\/\/www.monlau.com\/fp\/ca\/wp-json\/wp\/v2\/posts\/6267\/revisions\/6416"}],"wp:featuredmedia":[{"embeddable":true,"href":"https:\/\/www.monlau.com\/fp\/ca\/wp-json\/wp\/v2\/media\/3584"}],"wp:attachment":[{"href":"https:\/\/www.monlau.com\/fp\/ca\/wp-json\/wp\/v2\/media?parent=6267"}],"wp:term":[{"taxonomy":"category","embeddable":true,"href":"https:\/\/www.monlau.com\/fp\/ca\/wp-json\/wp\/v2\/categories?post=6267"},{"taxonomy":"post_tag","embeddable":true,"href":"https:\/\/www.monlau.com\/fp\/ca\/wp-json\/wp\/v2\/tags?post=6267"}],"curies":[{"name":"wp","href":"https:\/\/api.w.org\/{rel}","templated":true}]}}