{"id":6263,"date":"2022-03-24T00:00:00","date_gmt":"2022-03-23T23:00:00","guid":{"rendered":"https:\/\/www.monlau.com\/formacion-profesional\/reparacio-vehicles-industrials-pesats-en-automocio\/"},"modified":"2026-03-10T10:03:30","modified_gmt":"2026-03-10T09:03:30","slug":"reparacio-vehicles-industrials-pesats-en-automocio","status":"publish","type":"post","link":"https:\/\/www.monlau.com\/fp\/ca\/2022\/03\/24\/reparacio-vehicles-industrials-pesats-en-automocio\/","title":{"rendered":"La Reparaci\u00f3 de Vehicles Industrials Pesats a l&#8217;Automoci\u00f3"},"content":{"rendered":"<p>Habitualment quan parlem d&#8217;automoci\u00f3 o mec\u00e0nica solem associar-ho amb els vehicles m\u00e9s comuns com s\u00f3n els autom\u00f2bils o les motocicletes; oblidant-nos completament de l&#8217;ampli ventall de vehicles que existeixen.<\/p>\n<p>Amb l&#8217;objectiu principal <strong>d&#8217;introduir als nostres alumnes al sector de la reparaci\u00f3 dels vehicles industrials pesats<\/strong>, i ensenyar-los <strong>l&#8217;\u00e0mplia varietat de sortides professionals que ofereix<\/strong>, des de Monlau hem organitzat una taula rodona amb empreses referents del sector, i una sessi\u00f3 pr\u00e0ctica amb un dels \u00faltims models. En aquesta, hem comptat amb la col\u00b7laboraci\u00f3 i participaci\u00f3 de <a href=\"https:\/\/www.alltrucks.com\/es\/\">ALLTRUCKS<\/a> com a agrupaci\u00f3 de marques, i amb <a href=\"https:\/\/www.daf.es\/es-es\">DAF<\/a>, <a href=\"https:\/\/www.iveco.com\/spain\/pages\/home-page.aspx\">IVECO<\/a>, <a href=\"http:\/\/www.nirvauto.es\/\">NIRVAUTO<\/a> i <a href=\"https:\/\/www.viserveis.cat\/\">VISERVEIS<\/a> com a empreses interessades.<\/p>\n<h2>Una jornada amb professionals del sector<\/h2>\n<p>Per a poder dur a terme la taula rodona, l&#8217;activitat s&#8217;ha estructurat en diferents franges hor\u00e0ries; on inicialment s&#8217;ha introdu\u00eft el sector. Actualment, l&#8217;\u00e0rea dels vehicles industrials pesats ofereix una \u00e0mplia varietat de sortides laborals i compta amb una tecnologia capdavantera. No obstant aix\u00f2, es troba sota m\u00ednims i necessiten professionals que tamb\u00e9 contemplin aquesta opci\u00f3 com una sortida professional<\/p>\n<p>Per aquesta ra\u00f3, \u00e9s de vital import\u00e0ncia introduir als alumnes en el m\u00f3n de la reparaci\u00f3 d&#8217;aquesta mena de vehicles i a m\u00e9s, <strong>formar-los i assessorar-los a curt termini en la FCT i la modalitat DUAL sobre les oportunitats que se&#8217;ls brinda.<\/strong><\/p>\n<p>Despr\u00e9s de la primera introducci\u00f3 sobre Els vehicles industrials dins del m\u00f3n de la formaci\u00f3 vs m\u00f3n laboral a c\u00e0rrec de Xavier Castell\u00f3, Project Manager de Monlau Corporate Montse Barrera, Directora del departament de Promoci\u00f3 Laboral de Monlau FP, va presentar als ponents de la taula. Comptem amb la pres\u00e8ncia de Joaqu\u00edn Monle\u00f3n de ALLTRUCKS; Marwa El Yacoubi, de VISERVEIS; i amb Rub\u00e9n Murciano, Assessor de Servei, i Jos\u00e9 Luis Murciano, Assessor Comercial en Nirvauto.<\/p>\n<p>La sessi\u00f3 pr\u00e0ctica va ser a c\u00e0rrec d&#8217;aquest \u00faltim, que va explicar als alumnes les parts i components d&#8217;una cabina tractora d&#8217;\u00faltima generaci\u00f3 que van despla\u00e7ar fins a les nostres instal\u00b7lacions a Barcelona.<\/p>\n<p>Una vegada realitzada aquesta jornada, des de Monlau veiem oport\u00fa a mitj\u00e0 termini<strong> introduir conceptes mec\u00e0nics en els graus mitjans i superiors, <\/strong>amb la finalitat de, a llarg termini,<strong> comen\u00e7ar una nova especialitzaci\u00f3 en reparaci\u00f3 d&#8217;aquesta mena de vehicles<\/strong>; com ja \u00e9s el cas d&#8217;<a href=\"https:\/\/www.monlau.com\/formacio-professional\/project\/grado-medio-electromecanica-vehiculos-motocicletas\/\">especialitzaci\u00f3 de motos<\/a>.<\/p>\n","protected":false},"excerpt":{"rendered":"<p>Habitualment quan parlem d&#8217;automoci\u00f3 o mec\u00e0nica solem associar-ho amb els vehicles m\u00e9s comuns com s\u00f3n els autom\u00f2bils o les motocicletes; oblidant-nos completament de l&#8217;ampli ventall de vehicles que existeixen. Amb l&#8217;objectiu principal d&#8217;introduir als nostres alumnes al sector de la reparaci\u00f3 dels vehicles industrials pesats, i ensenyar-los l&#8217;\u00e0mplia varietat de sortides professionals que ofereix, des [&hellip;]<\/p>\n","protected":false},"author":1,"featured_media":3572,"comment_status":"closed","ping_status":"closed","sticky":false,"template":"","format":"standard","meta":{"footnotes":""},"categories":[252,429],"tags":[309,394,433],"class_list":["post-6263","post","type-post","status-publish","format-standard","has-post-thumbnail","hentry","category-automocio","category-especialitzacio","tag-automocio","tag-fp","tag-vehicles-pesats"],"yoast_head":"<!-- This site is optimized with the Yoast SEO plugin v27.2 - https:\/\/yoast.com\/product\/yoast-seo-wordpress\/ -->\n<title>La Reparaci\u00f3 de Vehicles Industrials Pesats a l&#039;Automoci\u00f3 - Formaci\u00f3n profesional<\/title>\n<meta name=\"robots\" content=\"index, follow, max-snippet:-1, max-image-preview:large, max-video-preview:-1\" \/>\n<link rel=\"canonical\" href=\"https:\/\/www.monlau.com\/fp\/ca\/2022\/03\/24\/reparacio-vehicles-industrials-pesats-en-automocio\/\" \/>\n<meta property=\"og:locale\" content=\"ca_ES\" \/>\n<meta property=\"og:type\" content=\"article\" \/>\n<meta property=\"og:title\" content=\"La Reparaci\u00f3 de Vehicles Industrials Pesats a l&#039;Automoci\u00f3 - Formaci\u00f3n profesional\" \/>\n<meta property=\"og:description\" content=\"Habitualment quan parlem d&#8217;automoci\u00f3 o mec\u00e0nica solem associar-ho amb els vehicles m\u00e9s comuns com s\u00f3n els autom\u00f2bils o les motocicletes; oblidant-nos completament de l&#8217;ampli ventall de vehicles que existeixen. Amb l&#8217;objectiu principal d&#8217;introduir als nostres alumnes al sector de la reparaci\u00f3 dels vehicles industrials pesats, i ensenyar-los l&#8217;\u00e0mplia varietat de sortides professionals que ofereix, des [&hellip;]\" \/>\n<meta property=\"og:url\" content=\"https:\/\/www.monlau.com\/fp\/ca\/2022\/03\/24\/reparacio-vehicles-industrials-pesats-en-automocio\/\" \/>\n<meta property=\"og:site_name\" content=\"Formaci\u00f3n profesional\" \/>\n<meta property=\"article:published_time\" content=\"2022-03-23T23:00:00+00:00\" \/>\n<meta property=\"article:modified_time\" content=\"2026-03-10T09:03:30+00:00\" \/>\n<meta property=\"og:image\" content=\"https:\/\/www.monlau.com\/app\/uploads\/sites\/3\/2026\/03\/IMG_7994.jpg\" \/>\n\t<meta property=\"og:image:width\" content=\"2000\" \/>\n\t<meta property=\"og:image:height\" content=\"1333\" \/>\n\t<meta property=\"og:image:type\" content=\"image\/jpeg\" \/>\n<meta name=\"author\" content=\"adsmurai\" \/>\n<meta name=\"twitter:card\" content=\"summary_large_image\" \/>\n<meta name=\"twitter:label1\" content=\"Escrit per\" \/>\n\t<meta name=\"twitter:data1\" content=\"adsmurai\" \/>\n\t<meta name=\"twitter:label2\" content=\"Temps estimat de lectura\" \/>\n\t<meta name=\"twitter:data2\" content=\"2 minuts\" \/>\n<script type=\"application\/ld+json\" class=\"yoast-schema-graph\">{\"@context\":\"https:\/\/schema.org\",\"@graph\":[{\"@type\":\"Article\",\"@id\":\"https:\/\/www.monlau.com\/fp\/ca\/2022\/03\/24\/reparacio-vehicles-industrials-pesats-en-automocio\/#article\",\"isPartOf\":{\"@id\":\"https:\/\/www.monlau.com\/fp\/ca\/2022\/03\/24\/reparacio-vehicles-industrials-pesats-en-automocio\/\"},\"author\":{\"name\":\"adsmurai\",\"@id\":\"https:\/\/www.monlau.com\/fp\/ca\/#\/schema\/person\/419cfdf054323e24e0a2ef1d8597f051\"},\"headline\":\"La Reparaci\u00f3 de Vehicles Industrials Pesats a l&#8217;Automoci\u00f3\",\"datePublished\":\"2022-03-23T23:00:00+00:00\",\"dateModified\":\"2026-03-10T09:03:30+00:00\",\"mainEntityOfPage\":{\"@id\":\"https:\/\/www.monlau.com\/fp\/ca\/2022\/03\/24\/reparacio-vehicles-industrials-pesats-en-automocio\/\"},\"wordCount\":417,\"publisher\":{\"@id\":\"https:\/\/www.monlau.com\/fp\/ca\/#organization\"},\"image\":{\"@id\":\"https:\/\/www.monlau.com\/fp\/ca\/2022\/03\/24\/reparacio-vehicles-industrials-pesats-en-automocio\/#primaryimage\"},\"thumbnailUrl\":\"https:\/\/www.monlau.com\/app\/uploads\/sites\/3\/2026\/03\/IMG_7994.jpg\",\"keywords\":[\"Automoci\u00f3\",\"fp\",\"veh\u00edcles pesats\"],\"articleSection\":[\"Automoci\u00f3\",\"Especialitzaci\u00f3\"],\"inLanguage\":\"ca\"},{\"@type\":\"WebPage\",\"@id\":\"https:\/\/www.monlau.com\/fp\/ca\/2022\/03\/24\/reparacio-vehicles-industrials-pesats-en-automocio\/\",\"url\":\"https:\/\/www.monlau.com\/fp\/ca\/2022\/03\/24\/reparacio-vehicles-industrials-pesats-en-automocio\/\",\"name\":\"La Reparaci\u00f3 de Vehicles Industrials Pesats a l'Automoci\u00f3 - Formaci\u00f3n profesional\",\"isPartOf\":{\"@id\":\"https:\/\/www.monlau.com\/fp\/ca\/#website\"},\"primaryImageOfPage\":{\"@id\":\"https:\/\/www.monlau.com\/fp\/ca\/2022\/03\/24\/reparacio-vehicles-industrials-pesats-en-automocio\/#primaryimage\"},\"image\":{\"@id\":\"https:\/\/www.monlau.com\/fp\/ca\/2022\/03\/24\/reparacio-vehicles-industrials-pesats-en-automocio\/#primaryimage\"},\"thumbnailUrl\":\"https:\/\/www.monlau.com\/app\/uploads\/sites\/3\/2026\/03\/IMG_7994.jpg\",\"datePublished\":\"2022-03-23T23:00:00+00:00\",\"dateModified\":\"2026-03-10T09:03:30+00:00\",\"breadcrumb\":{\"@id\":\"https:\/\/www.monlau.com\/fp\/ca\/2022\/03\/24\/reparacio-vehicles-industrials-pesats-en-automocio\/#breadcrumb\"},\"inLanguage\":\"ca\",\"potentialAction\":[{\"@type\":\"ReadAction\",\"target\":[\"https:\/\/www.monlau.com\/fp\/ca\/2022\/03\/24\/reparacio-vehicles-industrials-pesats-en-automocio\/\"]}]},{\"@type\":\"ImageObject\",\"inLanguage\":\"ca\",\"@id\":\"https:\/\/www.monlau.com\/fp\/ca\/2022\/03\/24\/reparacio-vehicles-industrials-pesats-en-automocio\/#primaryimage\",\"url\":\"https:\/\/www.monlau.com\/app\/uploads\/sites\/3\/2026\/03\/IMG_7994.jpg\",\"contentUrl\":\"https:\/\/www.monlau.com\/app\/uploads\/sites\/3\/2026\/03\/IMG_7994.jpg\",\"width\":2000,\"height\":1333},{\"@type\":\"BreadcrumbList\",\"@id\":\"https:\/\/www.monlau.com\/fp\/ca\/2022\/03\/24\/reparacio-vehicles-industrials-pesats-en-automocio\/#breadcrumb\",\"itemListElement\":[{\"@type\":\"ListItem\",\"position\":1,\"name\":\"Portada\",\"item\":\"https:\/\/www.monlau.com\/fp\/ca\/inici\/\"},{\"@type\":\"ListItem\",\"position\":2,\"name\":\"La Reparaci\u00f3 de Vehicles Industrials Pesats a l&#8217;Automoci\u00f3\"}]},{\"@type\":\"WebSite\",\"@id\":\"https:\/\/www.monlau.com\/fp\/ca\/#website\",\"url\":\"https:\/\/www.monlau.com\/fp\/ca\/\",\"name\":\"Formaci\u00f3n profesional\",\"description\":\"Monlau\",\"publisher\":{\"@id\":\"https:\/\/www.monlau.com\/fp\/ca\/#organization\"},\"potentialAction\":[{\"@type\":\"SearchAction\",\"target\":{\"@type\":\"EntryPoint\",\"urlTemplate\":\"https:\/\/www.monlau.com\/fp\/ca\/?s={search_term_string}\"},\"query-input\":{\"@type\":\"PropertyValueSpecification\",\"valueRequired\":true,\"valueName\":\"search_term_string\"}}],\"inLanguage\":\"ca\"},{\"@type\":\"Organization\",\"@id\":\"https:\/\/www.monlau.com\/fp\/ca\/#organization\",\"name\":\"Formaci\u00f3n profesional\",\"url\":\"https:\/\/www.monlau.com\/fp\/ca\/\",\"logo\":{\"@type\":\"ImageObject\",\"inLanguage\":\"ca\",\"@id\":\"https:\/\/www.monlau.com\/fp\/ca\/#\/schema\/logo\/image\/\",\"url\":\"https:\/\/www.monlau.com\/app\/uploads\/sites\/3\/2026\/01\/fp.png\",\"contentUrl\":\"https:\/\/www.monlau.com\/app\/uploads\/sites\/3\/2026\/01\/fp.png\",\"width\":1024,\"height\":878,\"caption\":\"Formaci\u00f3n profesional\"},\"image\":{\"@id\":\"https:\/\/www.monlau.com\/fp\/ca\/#\/schema\/logo\/image\/\"}},{\"@type\":\"Person\",\"@id\":\"https:\/\/www.monlau.com\/fp\/ca\/#\/schema\/person\/419cfdf054323e24e0a2ef1d8597f051\",\"name\":\"adsmurai\",\"image\":{\"@type\":\"ImageObject\",\"inLanguage\":\"ca\",\"@id\":\"https:\/\/secure.gravatar.com\/avatar\/0748788578f91786454454fa3b4c295644edb991ad6caadc70b41d26790d38fc?s=96&d=mm&r=g\",\"url\":\"https:\/\/secure.gravatar.com\/avatar\/0748788578f91786454454fa3b4c295644edb991ad6caadc70b41d26790d38fc?s=96&d=mm&r=g\",\"contentUrl\":\"https:\/\/secure.gravatar.com\/avatar\/0748788578f91786454454fa3b4c295644edb991ad6caadc70b41d26790d38fc?s=96&d=mm&r=g\",\"caption\":\"adsmurai\"},\"sameAs\":[\"https:\/\/www.monlau.com\"],\"url\":\"https:\/\/www.monlau.com\/fp\/ca\/author\/adsmurai\/\"}]}<\/script>\n<!-- \/ Yoast SEO plugin. -->","yoast_head_json":{"title":"La Reparaci\u00f3 de Vehicles Industrials Pesats a l'Automoci\u00f3 - Formaci\u00f3n profesional","robots":{"index":"index","follow":"follow","max-snippet":"max-snippet:-1","max-image-preview":"max-image-preview:large","max-video-preview":"max-video-preview:-1"},"canonical":"https:\/\/www.monlau.com\/fp\/ca\/2022\/03\/24\/reparacio-vehicles-industrials-pesats-en-automocio\/","og_locale":"ca_ES","og_type":"article","og_title":"La Reparaci\u00f3 de Vehicles Industrials Pesats a l'Automoci\u00f3 - Formaci\u00f3n profesional","og_description":"Habitualment quan parlem d&#8217;automoci\u00f3 o mec\u00e0nica solem associar-ho amb els vehicles m\u00e9s comuns com s\u00f3n els autom\u00f2bils o les motocicletes; oblidant-nos completament de l&#8217;ampli ventall de vehicles que existeixen. Amb l&#8217;objectiu principal d&#8217;introduir als nostres alumnes al sector de la reparaci\u00f3 dels vehicles industrials pesats, i ensenyar-los l&#8217;\u00e0mplia varietat de sortides professionals que ofereix, des [&hellip;]","og_url":"https:\/\/www.monlau.com\/fp\/ca\/2022\/03\/24\/reparacio-vehicles-industrials-pesats-en-automocio\/","og_site_name":"Formaci\u00f3n profesional","article_published_time":"2022-03-23T23:00:00+00:00","article_modified_time":"2026-03-10T09:03:30+00:00","og_image":[{"width":2000,"height":1333,"url":"https:\/\/www.monlau.com\/app\/uploads\/sites\/3\/2026\/03\/IMG_7994.jpg","type":"image\/jpeg"}],"author":"adsmurai","twitter_card":"summary_large_image","twitter_misc":{"Escrit per":"adsmurai","Temps estimat de lectura":"2 minuts"},"schema":{"@context":"https:\/\/schema.org","@graph":[{"@type":"Article","@id":"https:\/\/www.monlau.com\/fp\/ca\/2022\/03\/24\/reparacio-vehicles-industrials-pesats-en-automocio\/#article","isPartOf":{"@id":"https:\/\/www.monlau.com\/fp\/ca\/2022\/03\/24\/reparacio-vehicles-industrials-pesats-en-automocio\/"},"author":{"name":"adsmurai","@id":"https:\/\/www.monlau.com\/fp\/ca\/#\/schema\/person\/419cfdf054323e24e0a2ef1d8597f051"},"headline":"La Reparaci\u00f3 de Vehicles Industrials Pesats a l&#8217;Automoci\u00f3","datePublished":"2022-03-23T23:00:00+00:00","dateModified":"2026-03-10T09:03:30+00:00","mainEntityOfPage":{"@id":"https:\/\/www.monlau.com\/fp\/ca\/2022\/03\/24\/reparacio-vehicles-industrials-pesats-en-automocio\/"},"wordCount":417,"publisher":{"@id":"https:\/\/www.monlau.com\/fp\/ca\/#organization"},"image":{"@id":"https:\/\/www.monlau.com\/fp\/ca\/2022\/03\/24\/reparacio-vehicles-industrials-pesats-en-automocio\/#primaryimage"},"thumbnailUrl":"https:\/\/www.monlau.com\/app\/uploads\/sites\/3\/2026\/03\/IMG_7994.jpg","keywords":["Automoci\u00f3","fp","veh\u00edcles pesats"],"articleSection":["Automoci\u00f3","Especialitzaci\u00f3"],"inLanguage":"ca"},{"@type":"WebPage","@id":"https:\/\/www.monlau.com\/fp\/ca\/2022\/03\/24\/reparacio-vehicles-industrials-pesats-en-automocio\/","url":"https:\/\/www.monlau.com\/fp\/ca\/2022\/03\/24\/reparacio-vehicles-industrials-pesats-en-automocio\/","name":"La Reparaci\u00f3 de Vehicles Industrials Pesats a l'Automoci\u00f3 - Formaci\u00f3n profesional","isPartOf":{"@id":"https:\/\/www.monlau.com\/fp\/ca\/#website"},"primaryImageOfPage":{"@id":"https:\/\/www.monlau.com\/fp\/ca\/2022\/03\/24\/reparacio-vehicles-industrials-pesats-en-automocio\/#primaryimage"},"image":{"@id":"https:\/\/www.monlau.com\/fp\/ca\/2022\/03\/24\/reparacio-vehicles-industrials-pesats-en-automocio\/#primaryimage"},"thumbnailUrl":"https:\/\/www.monlau.com\/app\/uploads\/sites\/3\/2026\/03\/IMG_7994.jpg","datePublished":"2022-03-23T23:00:00+00:00","dateModified":"2026-03-10T09:03:30+00:00","breadcrumb":{"@id":"https:\/\/www.monlau.com\/fp\/ca\/2022\/03\/24\/reparacio-vehicles-industrials-pesats-en-automocio\/#breadcrumb"},"inLanguage":"ca","potentialAction":[{"@type":"ReadAction","target":["https:\/\/www.monlau.com\/fp\/ca\/2022\/03\/24\/reparacio-vehicles-industrials-pesats-en-automocio\/"]}]},{"@type":"ImageObject","inLanguage":"ca","@id":"https:\/\/www.monlau.com\/fp\/ca\/2022\/03\/24\/reparacio-vehicles-industrials-pesats-en-automocio\/#primaryimage","url":"https:\/\/www.monlau.com\/app\/uploads\/sites\/3\/2026\/03\/IMG_7994.jpg","contentUrl":"https:\/\/www.monlau.com\/app\/uploads\/sites\/3\/2026\/03\/IMG_7994.jpg","width":2000,"height":1333},{"@type":"BreadcrumbList","@id":"https:\/\/www.monlau.com\/fp\/ca\/2022\/03\/24\/reparacio-vehicles-industrials-pesats-en-automocio\/#breadcrumb","itemListElement":[{"@type":"ListItem","position":1,"name":"Portada","item":"https:\/\/www.monlau.com\/fp\/ca\/inici\/"},{"@type":"ListItem","position":2,"name":"La Reparaci\u00f3 de Vehicles Industrials Pesats a l&#8217;Automoci\u00f3"}]},{"@type":"WebSite","@id":"https:\/\/www.monlau.com\/fp\/ca\/#website","url":"https:\/\/www.monlau.com\/fp\/ca\/","name":"Formaci\u00f3n profesional","description":"Monlau","publisher":{"@id":"https:\/\/www.monlau.com\/fp\/ca\/#organization"},"potentialAction":[{"@type":"SearchAction","target":{"@type":"EntryPoint","urlTemplate":"https:\/\/www.monlau.com\/fp\/ca\/?s={search_term_string}"},"query-input":{"@type":"PropertyValueSpecification","valueRequired":true,"valueName":"search_term_string"}}],"inLanguage":"ca"},{"@type":"Organization","@id":"https:\/\/www.monlau.com\/fp\/ca\/#organization","name":"Formaci\u00f3n profesional","url":"https:\/\/www.monlau.com\/fp\/ca\/","logo":{"@type":"ImageObject","inLanguage":"ca","@id":"https:\/\/www.monlau.com\/fp\/ca\/#\/schema\/logo\/image\/","url":"https:\/\/www.monlau.com\/app\/uploads\/sites\/3\/2026\/01\/fp.png","contentUrl":"https:\/\/www.monlau.com\/app\/uploads\/sites\/3\/2026\/01\/fp.png","width":1024,"height":878,"caption":"Formaci\u00f3n profesional"},"image":{"@id":"https:\/\/www.monlau.com\/fp\/ca\/#\/schema\/logo\/image\/"}},{"@type":"Person","@id":"https:\/\/www.monlau.com\/fp\/ca\/#\/schema\/person\/419cfdf054323e24e0a2ef1d8597f051","name":"adsmurai","image":{"@type":"ImageObject","inLanguage":"ca","@id":"https:\/\/secure.gravatar.com\/avatar\/0748788578f91786454454fa3b4c295644edb991ad6caadc70b41d26790d38fc?s=96&d=mm&r=g","url":"https:\/\/secure.gravatar.com\/avatar\/0748788578f91786454454fa3b4c295644edb991ad6caadc70b41d26790d38fc?s=96&d=mm&r=g","contentUrl":"https:\/\/secure.gravatar.com\/avatar\/0748788578f91786454454fa3b4c295644edb991ad6caadc70b41d26790d38fc?s=96&d=mm&r=g","caption":"adsmurai"},"sameAs":["https:\/\/www.monlau.com"],"url":"https:\/\/www.monlau.com\/fp\/ca\/author\/adsmurai\/"}]}},"_links":{"self":[{"href":"https:\/\/www.monlau.com\/fp\/ca\/wp-json\/wp\/v2\/posts\/6263","targetHints":{"allow":["GET"]}}],"collection":[{"href":"https:\/\/www.monlau.com\/fp\/ca\/wp-json\/wp\/v2\/posts"}],"about":[{"href":"https:\/\/www.monlau.com\/fp\/ca\/wp-json\/wp\/v2\/types\/post"}],"author":[{"embeddable":true,"href":"https:\/\/www.monlau.com\/fp\/ca\/wp-json\/wp\/v2\/users\/1"}],"replies":[{"embeddable":true,"href":"https:\/\/www.monlau.com\/fp\/ca\/wp-json\/wp\/v2\/comments?post=6263"}],"version-history":[{"count":1,"href":"https:\/\/www.monlau.com\/fp\/ca\/wp-json\/wp\/v2\/posts\/6263\/revisions"}],"predecessor-version":[{"id":6420,"href":"https:\/\/www.monlau.com\/fp\/ca\/wp-json\/wp\/v2\/posts\/6263\/revisions\/6420"}],"wp:featuredmedia":[{"embeddable":true,"href":"https:\/\/www.monlau.com\/fp\/ca\/wp-json\/wp\/v2\/media\/3572"}],"wp:attachment":[{"href":"https:\/\/www.monlau.com\/fp\/ca\/wp-json\/wp\/v2\/media?parent=6263"}],"wp:term":[{"taxonomy":"category","embeddable":true,"href":"https:\/\/www.monlau.com\/fp\/ca\/wp-json\/wp\/v2\/categories?post=6263"},{"taxonomy":"post_tag","embeddable":true,"href":"https:\/\/www.monlau.com\/fp\/ca\/wp-json\/wp\/v2\/tags?post=6263"}],"curies":[{"name":"wp","href":"https:\/\/api.w.org\/{rel}","templated":true}]}}