{"id":6255,"date":"2022-02-24T00:00:00","date_gmt":"2022-02-23T23:00:00","guid":{"rendered":"https:\/\/www.monlau.com\/formacion-profesional\/aula-taller-mecanitzat\/"},"modified":"2026-03-10T10:03:31","modified_gmt":"2026-03-10T09:03:31","slug":"aula-taller-mecanitzat","status":"publish","type":"post","link":"https:\/\/www.monlau.com\/fp\/ca\/2022\/02\/24\/aula-taller-mecanitzat\/","title":{"rendered":"Com es treballa en una aula taller de mecanitzat?"},"content":{"rendered":"<p>El pas del temps fa que les formacions es reinventin per a afrontar tant les necessitats dels alumnes com les necessitats del mercat. En una <strong>aula taller de mecanitzat<\/strong> es treballa des d&#8217;una perspectiva bastant pr\u00e0ctica. En el cas dels <strong>estudis d&#8217;automoci\u00f3<\/strong> les aules es converteixen en elements fonamentals per a dur a terme l&#8217;ensenyament. Els avan\u00e7os tecnol\u00f2gics i t\u00e8cnics, els canvis, innovacions o noves tend\u00e8ncies amb alguns dels motius pels quals l&#8217;aprenentatge es torna m\u00e9s funcional. L&#8217;objectiu d&#8217;una aula taller \u00e9s acosta el m\u00f3n real als estudiants de cicles formatius de <strong>Grau Mitj\u00e0<\/strong> i <strong>Superior<\/strong>.<\/p>\n<p>La <strong>formaci\u00f3 pr\u00e0ctica<\/strong> es converteix en un gran complement a la formaci\u00f3 te\u00f2rica. Els tallers permeten als alumnes adquirir m\u00e9s coneixement i refor\u00e7ar l&#8217;existent. Dins de les instal\u00b7lacions s&#8217;utilitzen diversos vehicles per a ser reparats o utilitzats per l&#8217;alumnat. Les diferents zones de treball permeten a l&#8217;alumnat exercir diferents funcions dins d&#8217;un taller de mecanitzat real. D&#8217;aquesta manera, en cada pr\u00e0ctica ser desenvolupen els diferents rols d&#8217;un equip, experimentant aix\u00ed les funciones de cadascun d&#8217;ells.<\/p>\n<h2>Qu\u00e8 \u00e9s un taller de mecanitzat?<\/h2>\n<p>Un taller de mecanitzat \u00e9s aquell en el qual es fan treballs de disseny de peces, plegats, soldadura, treballs amb eines de corts, entre molts altres. Per a realitzar tot aquest tipus de treball es necessita un taller adaptat que compti amb les eines necess\u00e0ries per a dur a terme tots els serveis. En una aula taller trobar\u00e0s un espai real per a desenvolupar les tasques. Algunes de les activitats que es duen a terme s\u00f3n:<\/p>\n<ul>\n<li>Realitzar manteniments i revisions de vehicles<\/li>\n<li>Soldadura<\/li>\n<li>Tornejat<\/li>\n<li>Diagnosticar avaries<\/li>\n<\/ul>\n<p>Entre altres\u2026<\/p>\n<h2>Pr\u00e0ctiques en un taller de mecanitzat<\/h2>\n<p>En\u00a0<strong>Monlau<\/strong>\u00a0apostem per aprenentatges basats en casos reals. Comptem amb diferents aules tallers on nostres alumnes posen en pr\u00e0ctica els coneixements adquirits en les classes pr\u00e8vies. Es tracta de treballar en un ambient totalment pr\u00f2xim al m\u00f3n laboral. Coneix com es treballa en una aula taller de mecanitzat de manera real gr\u00e0cies als v\u00eddeos 360\u00e8. Despla\u00e7a&#8217;t per tota l&#8217;aula i endinsa&#8217;t en el funcionament de les classes. Descobreix tots els nostres tallers i coneix la nostra metodologia.<\/p>\n<p>Perqu\u00e8 puguis veure el funcionament d&#8217;una les nostres classes, et vam mostrar el taller de mecanitzaci\u00f3 de Grau Superior.<\/p>\n<p>Est\u00e0s buscant estudiar automoci\u00f3? Si vols formar-te en el sector automotriu descobreix els nostres cicles formatius de <a href=\"https:\/\/www.monlau.com\/formacio-professional\/cicles-formatius-grau-mitja\/?lang=ca\" target=\"_blank\" rel=\"noopener\"><strong>Grau Mitj\u00e0<\/strong><\/a> i <a href=\"https:\/\/www.monlau.com\/formacio-professional\/cicles-formatius-grau-superior\/?lang=ca\" target=\"_blank\" rel=\"noopener\"><strong>Grau Superior<\/strong><\/a>.<\/p>\n","protected":false},"excerpt":{"rendered":"<p>El pas del temps fa que les formacions es reinventin per a afrontar tant les necessitats dels alumnes com les necessitats del mercat. En una aula taller de mecanitzat es treballa des d&#8217;una perspectiva bastant pr\u00e0ctica. En el cas dels estudis d&#8217;automoci\u00f3 les aules es converteixen en elements fonamentals per a dur a terme l&#8217;ensenyament. [&hellip;]<\/p>\n","protected":false},"author":1,"featured_media":3558,"comment_status":"closed","ping_status":"closed","sticky":false,"template":"","format":"standard","meta":{"footnotes":""},"categories":[252,258],"tags":[],"class_list":["post-6255","post","type-post","status-publish","format-standard","has-post-thumbnail","hentry","category-automocio","category-monlau"],"yoast_head":"<!-- This site is optimized with the Yoast SEO plugin v27.2 - https:\/\/yoast.com\/product\/yoast-seo-wordpress\/ -->\n<title>Com es treballa en una aula taller de mecanitzat? - Formaci\u00f3n profesional<\/title>\n<meta name=\"robots\" content=\"index, follow, max-snippet:-1, max-image-preview:large, max-video-preview:-1\" \/>\n<link rel=\"canonical\" href=\"https:\/\/www.monlau.com\/fp\/ca\/2022\/02\/24\/aula-taller-mecanitzat\/\" \/>\n<meta property=\"og:locale\" content=\"ca_ES\" \/>\n<meta property=\"og:type\" content=\"article\" \/>\n<meta property=\"og:title\" content=\"Com es treballa en una aula taller de mecanitzat? - Formaci\u00f3n profesional\" \/>\n<meta property=\"og:description\" content=\"El pas del temps fa que les formacions es reinventin per a afrontar tant les necessitats dels alumnes com les necessitats del mercat. En una aula taller de mecanitzat es treballa des d&#8217;una perspectiva bastant pr\u00e0ctica. En el cas dels estudis d&#8217;automoci\u00f3 les aules es converteixen en elements fonamentals per a dur a terme l&#8217;ensenyament. [&hellip;]\" \/>\n<meta property=\"og:url\" content=\"https:\/\/www.monlau.com\/fp\/ca\/2022\/02\/24\/aula-taller-mecanitzat\/\" \/>\n<meta property=\"og:site_name\" content=\"Formaci\u00f3n profesional\" \/>\n<meta property=\"article:published_time\" content=\"2022-02-23T23:00:00+00:00\" \/>\n<meta property=\"article:modified_time\" content=\"2026-03-10T09:03:31+00:00\" \/>\n<meta property=\"og:image\" content=\"https:\/\/www.monlau.com\/app\/uploads\/sites\/3\/2026\/03\/MONLAU-0470-scaled.jpg\" \/>\n\t<meta property=\"og:image:width\" content=\"2560\" \/>\n\t<meta property=\"og:image:height\" content=\"1707\" \/>\n\t<meta property=\"og:image:type\" content=\"image\/jpeg\" \/>\n<meta name=\"author\" content=\"adsmurai\" \/>\n<meta name=\"twitter:card\" content=\"summary_large_image\" \/>\n<meta name=\"twitter:label1\" content=\"Escrit per\" \/>\n\t<meta name=\"twitter:data1\" content=\"adsmurai\" \/>\n\t<meta name=\"twitter:label2\" content=\"Temps estimat de lectura\" \/>\n\t<meta name=\"twitter:data2\" content=\"2 minuts\" \/>\n<script type=\"application\/ld+json\" class=\"yoast-schema-graph\">{\"@context\":\"https:\/\/schema.org\",\"@graph\":[{\"@type\":\"Article\",\"@id\":\"https:\/\/www.monlau.com\/fp\/ca\/2022\/02\/24\/aula-taller-mecanitzat\/#article\",\"isPartOf\":{\"@id\":\"https:\/\/www.monlau.com\/fp\/ca\/2022\/02\/24\/aula-taller-mecanitzat\/\"},\"author\":{\"name\":\"adsmurai\",\"@id\":\"https:\/\/www.monlau.com\/fp\/ca\/#\/schema\/person\/419cfdf054323e24e0a2ef1d8597f051\"},\"headline\":\"Com es treballa en una aula taller de mecanitzat?\",\"datePublished\":\"2022-02-23T23:00:00+00:00\",\"dateModified\":\"2026-03-10T09:03:31+00:00\",\"mainEntityOfPage\":{\"@id\":\"https:\/\/www.monlau.com\/fp\/ca\/2022\/02\/24\/aula-taller-mecanitzat\/\"},\"wordCount\":441,\"publisher\":{\"@id\":\"https:\/\/www.monlau.com\/fp\/ca\/#organization\"},\"image\":{\"@id\":\"https:\/\/www.monlau.com\/fp\/ca\/2022\/02\/24\/aula-taller-mecanitzat\/#primaryimage\"},\"thumbnailUrl\":\"https:\/\/www.monlau.com\/app\/uploads\/sites\/3\/2026\/03\/MONLAU-0470-scaled.jpg\",\"articleSection\":[\"Automoci\u00f3\",\"Monlau\"],\"inLanguage\":\"ca\"},{\"@type\":\"WebPage\",\"@id\":\"https:\/\/www.monlau.com\/fp\/ca\/2022\/02\/24\/aula-taller-mecanitzat\/\",\"url\":\"https:\/\/www.monlau.com\/fp\/ca\/2022\/02\/24\/aula-taller-mecanitzat\/\",\"name\":\"Com es treballa en una aula taller de mecanitzat? - Formaci\u00f3n profesional\",\"isPartOf\":{\"@id\":\"https:\/\/www.monlau.com\/fp\/ca\/#website\"},\"primaryImageOfPage\":{\"@id\":\"https:\/\/www.monlau.com\/fp\/ca\/2022\/02\/24\/aula-taller-mecanitzat\/#primaryimage\"},\"image\":{\"@id\":\"https:\/\/www.monlau.com\/fp\/ca\/2022\/02\/24\/aula-taller-mecanitzat\/#primaryimage\"},\"thumbnailUrl\":\"https:\/\/www.monlau.com\/app\/uploads\/sites\/3\/2026\/03\/MONLAU-0470-scaled.jpg\",\"datePublished\":\"2022-02-23T23:00:00+00:00\",\"dateModified\":\"2026-03-10T09:03:31+00:00\",\"breadcrumb\":{\"@id\":\"https:\/\/www.monlau.com\/fp\/ca\/2022\/02\/24\/aula-taller-mecanitzat\/#breadcrumb\"},\"inLanguage\":\"ca\",\"potentialAction\":[{\"@type\":\"ReadAction\",\"target\":[\"https:\/\/www.monlau.com\/fp\/ca\/2022\/02\/24\/aula-taller-mecanitzat\/\"]}]},{\"@type\":\"ImageObject\",\"inLanguage\":\"ca\",\"@id\":\"https:\/\/www.monlau.com\/fp\/ca\/2022\/02\/24\/aula-taller-mecanitzat\/#primaryimage\",\"url\":\"https:\/\/www.monlau.com\/app\/uploads\/sites\/3\/2026\/03\/MONLAU-0470-scaled.jpg\",\"contentUrl\":\"https:\/\/www.monlau.com\/app\/uploads\/sites\/3\/2026\/03\/MONLAU-0470-scaled.jpg\",\"width\":2560,\"height\":1707},{\"@type\":\"BreadcrumbList\",\"@id\":\"https:\/\/www.monlau.com\/fp\/ca\/2022\/02\/24\/aula-taller-mecanitzat\/#breadcrumb\",\"itemListElement\":[{\"@type\":\"ListItem\",\"position\":1,\"name\":\"Portada\",\"item\":\"https:\/\/www.monlau.com\/fp\/ca\/inici\/\"},{\"@type\":\"ListItem\",\"position\":2,\"name\":\"Com es treballa en una aula taller de mecanitzat?\"}]},{\"@type\":\"WebSite\",\"@id\":\"https:\/\/www.monlau.com\/fp\/ca\/#website\",\"url\":\"https:\/\/www.monlau.com\/fp\/ca\/\",\"name\":\"Formaci\u00f3n profesional\",\"description\":\"Monlau\",\"publisher\":{\"@id\":\"https:\/\/www.monlau.com\/fp\/ca\/#organization\"},\"potentialAction\":[{\"@type\":\"SearchAction\",\"target\":{\"@type\":\"EntryPoint\",\"urlTemplate\":\"https:\/\/www.monlau.com\/fp\/ca\/?s={search_term_string}\"},\"query-input\":{\"@type\":\"PropertyValueSpecification\",\"valueRequired\":true,\"valueName\":\"search_term_string\"}}],\"inLanguage\":\"ca\"},{\"@type\":\"Organization\",\"@id\":\"https:\/\/www.monlau.com\/fp\/ca\/#organization\",\"name\":\"Formaci\u00f3n profesional\",\"url\":\"https:\/\/www.monlau.com\/fp\/ca\/\",\"logo\":{\"@type\":\"ImageObject\",\"inLanguage\":\"ca\",\"@id\":\"https:\/\/www.monlau.com\/fp\/ca\/#\/schema\/logo\/image\/\",\"url\":\"https:\/\/www.monlau.com\/app\/uploads\/sites\/3\/2026\/01\/fp.png\",\"contentUrl\":\"https:\/\/www.monlau.com\/app\/uploads\/sites\/3\/2026\/01\/fp.png\",\"width\":1024,\"height\":878,\"caption\":\"Formaci\u00f3n profesional\"},\"image\":{\"@id\":\"https:\/\/www.monlau.com\/fp\/ca\/#\/schema\/logo\/image\/\"}},{\"@type\":\"Person\",\"@id\":\"https:\/\/www.monlau.com\/fp\/ca\/#\/schema\/person\/419cfdf054323e24e0a2ef1d8597f051\",\"name\":\"adsmurai\",\"image\":{\"@type\":\"ImageObject\",\"inLanguage\":\"ca\",\"@id\":\"https:\/\/secure.gravatar.com\/avatar\/0748788578f91786454454fa3b4c295644edb991ad6caadc70b41d26790d38fc?s=96&d=mm&r=g\",\"url\":\"https:\/\/secure.gravatar.com\/avatar\/0748788578f91786454454fa3b4c295644edb991ad6caadc70b41d26790d38fc?s=96&d=mm&r=g\",\"contentUrl\":\"https:\/\/secure.gravatar.com\/avatar\/0748788578f91786454454fa3b4c295644edb991ad6caadc70b41d26790d38fc?s=96&d=mm&r=g\",\"caption\":\"adsmurai\"},\"sameAs\":[\"https:\/\/www.monlau.com\"],\"url\":\"https:\/\/www.monlau.com\/fp\/ca\/author\/adsmurai\/\"}]}<\/script>\n<!-- \/ Yoast SEO plugin. -->","yoast_head_json":{"title":"Com es treballa en una aula taller de mecanitzat? - Formaci\u00f3n profesional","robots":{"index":"index","follow":"follow","max-snippet":"max-snippet:-1","max-image-preview":"max-image-preview:large","max-video-preview":"max-video-preview:-1"},"canonical":"https:\/\/www.monlau.com\/fp\/ca\/2022\/02\/24\/aula-taller-mecanitzat\/","og_locale":"ca_ES","og_type":"article","og_title":"Com es treballa en una aula taller de mecanitzat? - Formaci\u00f3n profesional","og_description":"El pas del temps fa que les formacions es reinventin per a afrontar tant les necessitats dels alumnes com les necessitats del mercat. En una aula taller de mecanitzat es treballa des d&#8217;una perspectiva bastant pr\u00e0ctica. En el cas dels estudis d&#8217;automoci\u00f3 les aules es converteixen en elements fonamentals per a dur a terme l&#8217;ensenyament. [&hellip;]","og_url":"https:\/\/www.monlau.com\/fp\/ca\/2022\/02\/24\/aula-taller-mecanitzat\/","og_site_name":"Formaci\u00f3n profesional","article_published_time":"2022-02-23T23:00:00+00:00","article_modified_time":"2026-03-10T09:03:31+00:00","og_image":[{"width":2560,"height":1707,"url":"https:\/\/www.monlau.com\/app\/uploads\/sites\/3\/2026\/03\/MONLAU-0470-scaled.jpg","type":"image\/jpeg"}],"author":"adsmurai","twitter_card":"summary_large_image","twitter_misc":{"Escrit per":"adsmurai","Temps estimat de lectura":"2 minuts"},"schema":{"@context":"https:\/\/schema.org","@graph":[{"@type":"Article","@id":"https:\/\/www.monlau.com\/fp\/ca\/2022\/02\/24\/aula-taller-mecanitzat\/#article","isPartOf":{"@id":"https:\/\/www.monlau.com\/fp\/ca\/2022\/02\/24\/aula-taller-mecanitzat\/"},"author":{"name":"adsmurai","@id":"https:\/\/www.monlau.com\/fp\/ca\/#\/schema\/person\/419cfdf054323e24e0a2ef1d8597f051"},"headline":"Com es treballa en una aula taller de mecanitzat?","datePublished":"2022-02-23T23:00:00+00:00","dateModified":"2026-03-10T09:03:31+00:00","mainEntityOfPage":{"@id":"https:\/\/www.monlau.com\/fp\/ca\/2022\/02\/24\/aula-taller-mecanitzat\/"},"wordCount":441,"publisher":{"@id":"https:\/\/www.monlau.com\/fp\/ca\/#organization"},"image":{"@id":"https:\/\/www.monlau.com\/fp\/ca\/2022\/02\/24\/aula-taller-mecanitzat\/#primaryimage"},"thumbnailUrl":"https:\/\/www.monlau.com\/app\/uploads\/sites\/3\/2026\/03\/MONLAU-0470-scaled.jpg","articleSection":["Automoci\u00f3","Monlau"],"inLanguage":"ca"},{"@type":"WebPage","@id":"https:\/\/www.monlau.com\/fp\/ca\/2022\/02\/24\/aula-taller-mecanitzat\/","url":"https:\/\/www.monlau.com\/fp\/ca\/2022\/02\/24\/aula-taller-mecanitzat\/","name":"Com es treballa en una aula taller de mecanitzat? - Formaci\u00f3n profesional","isPartOf":{"@id":"https:\/\/www.monlau.com\/fp\/ca\/#website"},"primaryImageOfPage":{"@id":"https:\/\/www.monlau.com\/fp\/ca\/2022\/02\/24\/aula-taller-mecanitzat\/#primaryimage"},"image":{"@id":"https:\/\/www.monlau.com\/fp\/ca\/2022\/02\/24\/aula-taller-mecanitzat\/#primaryimage"},"thumbnailUrl":"https:\/\/www.monlau.com\/app\/uploads\/sites\/3\/2026\/03\/MONLAU-0470-scaled.jpg","datePublished":"2022-02-23T23:00:00+00:00","dateModified":"2026-03-10T09:03:31+00:00","breadcrumb":{"@id":"https:\/\/www.monlau.com\/fp\/ca\/2022\/02\/24\/aula-taller-mecanitzat\/#breadcrumb"},"inLanguage":"ca","potentialAction":[{"@type":"ReadAction","target":["https:\/\/www.monlau.com\/fp\/ca\/2022\/02\/24\/aula-taller-mecanitzat\/"]}]},{"@type":"ImageObject","inLanguage":"ca","@id":"https:\/\/www.monlau.com\/fp\/ca\/2022\/02\/24\/aula-taller-mecanitzat\/#primaryimage","url":"https:\/\/www.monlau.com\/app\/uploads\/sites\/3\/2026\/03\/MONLAU-0470-scaled.jpg","contentUrl":"https:\/\/www.monlau.com\/app\/uploads\/sites\/3\/2026\/03\/MONLAU-0470-scaled.jpg","width":2560,"height":1707},{"@type":"BreadcrumbList","@id":"https:\/\/www.monlau.com\/fp\/ca\/2022\/02\/24\/aula-taller-mecanitzat\/#breadcrumb","itemListElement":[{"@type":"ListItem","position":1,"name":"Portada","item":"https:\/\/www.monlau.com\/fp\/ca\/inici\/"},{"@type":"ListItem","position":2,"name":"Com es treballa en una aula taller de mecanitzat?"}]},{"@type":"WebSite","@id":"https:\/\/www.monlau.com\/fp\/ca\/#website","url":"https:\/\/www.monlau.com\/fp\/ca\/","name":"Formaci\u00f3n profesional","description":"Monlau","publisher":{"@id":"https:\/\/www.monlau.com\/fp\/ca\/#organization"},"potentialAction":[{"@type":"SearchAction","target":{"@type":"EntryPoint","urlTemplate":"https:\/\/www.monlau.com\/fp\/ca\/?s={search_term_string}"},"query-input":{"@type":"PropertyValueSpecification","valueRequired":true,"valueName":"search_term_string"}}],"inLanguage":"ca"},{"@type":"Organization","@id":"https:\/\/www.monlau.com\/fp\/ca\/#organization","name":"Formaci\u00f3n profesional","url":"https:\/\/www.monlau.com\/fp\/ca\/","logo":{"@type":"ImageObject","inLanguage":"ca","@id":"https:\/\/www.monlau.com\/fp\/ca\/#\/schema\/logo\/image\/","url":"https:\/\/www.monlau.com\/app\/uploads\/sites\/3\/2026\/01\/fp.png","contentUrl":"https:\/\/www.monlau.com\/app\/uploads\/sites\/3\/2026\/01\/fp.png","width":1024,"height":878,"caption":"Formaci\u00f3n profesional"},"image":{"@id":"https:\/\/www.monlau.com\/fp\/ca\/#\/schema\/logo\/image\/"}},{"@type":"Person","@id":"https:\/\/www.monlau.com\/fp\/ca\/#\/schema\/person\/419cfdf054323e24e0a2ef1d8597f051","name":"adsmurai","image":{"@type":"ImageObject","inLanguage":"ca","@id":"https:\/\/secure.gravatar.com\/avatar\/0748788578f91786454454fa3b4c295644edb991ad6caadc70b41d26790d38fc?s=96&d=mm&r=g","url":"https:\/\/secure.gravatar.com\/avatar\/0748788578f91786454454fa3b4c295644edb991ad6caadc70b41d26790d38fc?s=96&d=mm&r=g","contentUrl":"https:\/\/secure.gravatar.com\/avatar\/0748788578f91786454454fa3b4c295644edb991ad6caadc70b41d26790d38fc?s=96&d=mm&r=g","caption":"adsmurai"},"sameAs":["https:\/\/www.monlau.com"],"url":"https:\/\/www.monlau.com\/fp\/ca\/author\/adsmurai\/"}]}},"_links":{"self":[{"href":"https:\/\/www.monlau.com\/fp\/ca\/wp-json\/wp\/v2\/posts\/6255","targetHints":{"allow":["GET"]}}],"collection":[{"href":"https:\/\/www.monlau.com\/fp\/ca\/wp-json\/wp\/v2\/posts"}],"about":[{"href":"https:\/\/www.monlau.com\/fp\/ca\/wp-json\/wp\/v2\/types\/post"}],"author":[{"embeddable":true,"href":"https:\/\/www.monlau.com\/fp\/ca\/wp-json\/wp\/v2\/users\/1"}],"replies":[{"embeddable":true,"href":"https:\/\/www.monlau.com\/fp\/ca\/wp-json\/wp\/v2\/comments?post=6255"}],"version-history":[{"count":1,"href":"https:\/\/www.monlau.com\/fp\/ca\/wp-json\/wp\/v2\/posts\/6255\/revisions"}],"predecessor-version":[{"id":6426,"href":"https:\/\/www.monlau.com\/fp\/ca\/wp-json\/wp\/v2\/posts\/6255\/revisions\/6426"}],"wp:featuredmedia":[{"embeddable":true,"href":"https:\/\/www.monlau.com\/fp\/ca\/wp-json\/wp\/v2\/media\/3558"}],"wp:attachment":[{"href":"https:\/\/www.monlau.com\/fp\/ca\/wp-json\/wp\/v2\/media?parent=6255"}],"wp:term":[{"taxonomy":"category","embeddable":true,"href":"https:\/\/www.monlau.com\/fp\/ca\/wp-json\/wp\/v2\/categories?post=6255"},{"taxonomy":"post_tag","embeddable":true,"href":"https:\/\/www.monlau.com\/fp\/ca\/wp-json\/wp\/v2\/tags?post=6255"}],"curies":[{"name":"wp","href":"https:\/\/api.w.org\/{rel}","templated":true}]}}