{"id":6252,"date":"2022-02-01T00:00:00","date_gmt":"2022-01-31T23:00:00","guid":{"rendered":"https:\/\/www.monlau.com\/formacion-profesional\/assignatura-branding-comunicacio\/"},"modified":"2026-03-10T10:03:31","modified_gmt":"2026-03-10T09:03:31","slug":"assignatura-branding-comunicacio","status":"publish","type":"post","link":"https:\/\/www.monlau.com\/fp\/ca\/2022\/02\/01\/assignatura-branding-comunicacio\/","title":{"rendered":"Qu\u00e8 s&#8217;estudia a l&#8217;assignatura de Branding i Comunicaci\u00f3?"},"content":{"rendered":"<p>Peter Hone, professor de l&#8217;<strong>assignatura de disseny, comunicaci\u00f3 i branding<\/strong> en el Grau Superior de <a href=\"https:\/\/www.monlau.com\/formacio-professional\/project\/grado-superior-marketing-publicidad\/\">M\u00e0rqueting i Publicitat<\/a>, ens explica en qu\u00e8 consisteix la seva assignatura i com es duu a terme.<\/p>\n<p>A Monlau, els nostres cicles es diferencien principalment per oferir un clar enfocament a l&#8217;adquisici\u00f3 de coneixements i compet\u00e8ncies de <strong>manera pr\u00e0ctica<\/strong>. \u00c9s aqu\u00ed on interv\u00e9 gran part d&#8217;aquesta assignatura; que ajuda a l&#8217;alumnat a situar-se en el m\u00f3n laboral a trav\u00e9s de casos reals i pr\u00e0ctics de tot tipus d&#8217;empreses.<\/p>\n<p>Actualment, les petites i mitjanes empreses volen comunicar la seva oferta i accions als seus clients de manera clara i senzilla. \u00c9s aqu\u00ed on treballa l&#8217;assignatura de branding i disseny. Aquesta t\u00e9 com a objectiu oferir els coneixements i eines necess\u00e0ries per a afrontar les peticions d&#8217;aquestes; amb eines com<a href=\"https:\/\/www.adobe.com\/es\/products\/photoshop.html\"> Photoshop<\/a>, <a href=\"https:\/\/www.invisionapp.com\/\">Invision<\/a>, Gravit, Ilustrator, LightWorks, <a href=\"https:\/\/gimp.es\/\">Gimp<\/a>\u2026<\/p>\n<p>L&#8217;assignatura en q\u00fcesti\u00f3 es duu a terme durant els dos anys del grau. En el primer curs s&#8217;imparteixen els coneixements m\u00e9s te\u00f2rics; analitzant i estudiant grans casos de branding i reconvertint la imatge de grans marques.<\/p>\n<p>En el segon curs, la teoria es passa a la pr\u00e0ctica; efectuant projectes reals del m\u00f3n laboral. Per a aix\u00f2, l&#8217;alumnat realitza el seguiment i millora de branding de petites i mitjanes empreses triades pr\u00e8viament. La finalitat \u00e9s oferir un primer contacte amb futurs clients reals; complint i efectuant les seves peticions i demandes en tot moment.<\/p>\n<p>Finalment, per a aconseguir l&#8217;\u00e8xit i la superaci\u00f3, <strong>l&#8217;objectiu \u00e9s fer treballs reeixits basant-se en projectes brillants realitzats per grans ag\u00e8ncies del m\u00f3n.<\/strong><\/p>\n","protected":false},"excerpt":{"rendered":"<p>Peter Hone, professor de l&#8217;assignatura de disseny, comunicaci\u00f3 i branding en el Grau Superior de M\u00e0rqueting i Publicitat, ens explica en qu\u00e8 consisteix la seva assignatura i com es duu a terme. A Monlau, els nostres cicles es diferencien principalment per oferir un clar enfocament a l&#8217;adquisici\u00f3 de coneixements i compet\u00e8ncies de manera pr\u00e0ctica. \u00c9s [&hellip;]<\/p>\n","protected":false},"author":1,"featured_media":3554,"comment_status":"closed","ping_status":"closed","sticky":false,"template":"","format":"standard","meta":{"footnotes":""},"categories":[256,258],"tags":[423,424,425,264,394,302,426,427],"class_list":["post-6252","post","type-post","status-publish","format-standard","has-post-thumbnail","hentry","category-empresa-i-marqueting","category-monlau","tag-comunicacio","tag-coneixamnets","tag-disseny","tag-formacio-professional","tag-fp","tag-marqueting-i-publicitat","tag-pimes","tag-practica"],"yoast_head":"<!-- This site is optimized with the Yoast SEO plugin v27.2 - https:\/\/yoast.com\/product\/yoast-seo-wordpress\/ -->\n<title>Qu\u00e8 s&#039;estudia a l&#039;assignatura de Branding i Comunicaci\u00f3? - Formaci\u00f3n profesional<\/title>\n<meta name=\"robots\" content=\"index, follow, max-snippet:-1, max-image-preview:large, max-video-preview:-1\" \/>\n<link rel=\"canonical\" href=\"https:\/\/www.monlau.com\/fp\/ca\/2022\/02\/01\/assignatura-branding-comunicacio\/\" \/>\n<meta property=\"og:locale\" content=\"ca_ES\" \/>\n<meta property=\"og:type\" content=\"article\" \/>\n<meta property=\"og:title\" content=\"Qu\u00e8 s&#039;estudia a l&#039;assignatura de Branding i Comunicaci\u00f3? - Formaci\u00f3n profesional\" \/>\n<meta property=\"og:description\" content=\"Peter Hone, professor de l&#8217;assignatura de disseny, comunicaci\u00f3 i branding en el Grau Superior de M\u00e0rqueting i Publicitat, ens explica en qu\u00e8 consisteix la seva assignatura i com es duu a terme. A Monlau, els nostres cicles es diferencien principalment per oferir un clar enfocament a l&#8217;adquisici\u00f3 de coneixements i compet\u00e8ncies de manera pr\u00e0ctica. \u00c9s [&hellip;]\" \/>\n<meta property=\"og:url\" content=\"https:\/\/www.monlau.com\/fp\/ca\/2022\/02\/01\/assignatura-branding-comunicacio\/\" \/>\n<meta property=\"og:site_name\" content=\"Formaci\u00f3n profesional\" \/>\n<meta property=\"article:published_time\" content=\"2022-01-31T23:00:00+00:00\" \/>\n<meta property=\"article:modified_time\" content=\"2026-03-10T09:03:31+00:00\" \/>\n<meta property=\"og:image\" content=\"https:\/\/www.monlau.com\/app\/uploads\/sites\/3\/2026\/03\/POST-VIDEO-1.jpg\" \/>\n\t<meta property=\"og:image:width\" content=\"533\" \/>\n\t<meta property=\"og:image:height\" content=\"600\" \/>\n\t<meta property=\"og:image:type\" content=\"image\/jpeg\" \/>\n<meta name=\"author\" content=\"adsmurai\" \/>\n<meta name=\"twitter:card\" content=\"summary_large_image\" \/>\n<meta name=\"twitter:label1\" content=\"Escrit per\" \/>\n\t<meta name=\"twitter:data1\" content=\"adsmurai\" \/>\n\t<meta name=\"twitter:label2\" content=\"Temps estimat de lectura\" \/>\n\t<meta name=\"twitter:data2\" content=\"1 minut\" \/>\n<script type=\"application\/ld+json\" class=\"yoast-schema-graph\">{\"@context\":\"https:\/\/schema.org\",\"@graph\":[{\"@type\":\"Article\",\"@id\":\"https:\/\/www.monlau.com\/fp\/ca\/2022\/02\/01\/assignatura-branding-comunicacio\/#article\",\"isPartOf\":{\"@id\":\"https:\/\/www.monlau.com\/fp\/ca\/2022\/02\/01\/assignatura-branding-comunicacio\/\"},\"author\":{\"name\":\"adsmurai\",\"@id\":\"https:\/\/www.monlau.com\/fp\/ca\/#\/schema\/person\/419cfdf054323e24e0a2ef1d8597f051\"},\"headline\":\"Qu\u00e8 s&#8217;estudia a l&#8217;assignatura de Branding i Comunicaci\u00f3?\",\"datePublished\":\"2022-01-31T23:00:00+00:00\",\"dateModified\":\"2026-03-10T09:03:31+00:00\",\"mainEntityOfPage\":{\"@id\":\"https:\/\/www.monlau.com\/fp\/ca\/2022\/02\/01\/assignatura-branding-comunicacio\/\"},\"wordCount\":292,\"publisher\":{\"@id\":\"https:\/\/www.monlau.com\/fp\/ca\/#organization\"},\"image\":{\"@id\":\"https:\/\/www.monlau.com\/fp\/ca\/2022\/02\/01\/assignatura-branding-comunicacio\/#primaryimage\"},\"thumbnailUrl\":\"https:\/\/www.monlau.com\/app\/uploads\/sites\/3\/2026\/03\/POST-VIDEO-1.jpg\",\"keywords\":[\"Comunicaci\u00f3\",\"coneixamnets\",\"disseny\",\"formaci\u00f3 professional\",\"fp\",\"M\u00e0rqueting i Publicitat\",\"pimes\",\"Pr\u00e0ctica\"],\"articleSection\":[\"Empresa i M\u00e0rqueting\",\"Monlau\"],\"inLanguage\":\"ca\"},{\"@type\":\"WebPage\",\"@id\":\"https:\/\/www.monlau.com\/fp\/ca\/2022\/02\/01\/assignatura-branding-comunicacio\/\",\"url\":\"https:\/\/www.monlau.com\/fp\/ca\/2022\/02\/01\/assignatura-branding-comunicacio\/\",\"name\":\"Qu\u00e8 s'estudia a l'assignatura de Branding i Comunicaci\u00f3? - Formaci\u00f3n profesional\",\"isPartOf\":{\"@id\":\"https:\/\/www.monlau.com\/fp\/ca\/#website\"},\"primaryImageOfPage\":{\"@id\":\"https:\/\/www.monlau.com\/fp\/ca\/2022\/02\/01\/assignatura-branding-comunicacio\/#primaryimage\"},\"image\":{\"@id\":\"https:\/\/www.monlau.com\/fp\/ca\/2022\/02\/01\/assignatura-branding-comunicacio\/#primaryimage\"},\"thumbnailUrl\":\"https:\/\/www.monlau.com\/app\/uploads\/sites\/3\/2026\/03\/POST-VIDEO-1.jpg\",\"datePublished\":\"2022-01-31T23:00:00+00:00\",\"dateModified\":\"2026-03-10T09:03:31+00:00\",\"breadcrumb\":{\"@id\":\"https:\/\/www.monlau.com\/fp\/ca\/2022\/02\/01\/assignatura-branding-comunicacio\/#breadcrumb\"},\"inLanguage\":\"ca\",\"potentialAction\":[{\"@type\":\"ReadAction\",\"target\":[\"https:\/\/www.monlau.com\/fp\/ca\/2022\/02\/01\/assignatura-branding-comunicacio\/\"]}]},{\"@type\":\"ImageObject\",\"inLanguage\":\"ca\",\"@id\":\"https:\/\/www.monlau.com\/fp\/ca\/2022\/02\/01\/assignatura-branding-comunicacio\/#primaryimage\",\"url\":\"https:\/\/www.monlau.com\/app\/uploads\/sites\/3\/2026\/03\/POST-VIDEO-1.jpg\",\"contentUrl\":\"https:\/\/www.monlau.com\/app\/uploads\/sites\/3\/2026\/03\/POST-VIDEO-1.jpg\",\"width\":533,\"height\":600},{\"@type\":\"BreadcrumbList\",\"@id\":\"https:\/\/www.monlau.com\/fp\/ca\/2022\/02\/01\/assignatura-branding-comunicacio\/#breadcrumb\",\"itemListElement\":[{\"@type\":\"ListItem\",\"position\":1,\"name\":\"Portada\",\"item\":\"https:\/\/www.monlau.com\/fp\/ca\/inici\/\"},{\"@type\":\"ListItem\",\"position\":2,\"name\":\"Qu\u00e8 s&#8217;estudia a l&#8217;assignatura de Branding i Comunicaci\u00f3?\"}]},{\"@type\":\"WebSite\",\"@id\":\"https:\/\/www.monlau.com\/fp\/ca\/#website\",\"url\":\"https:\/\/www.monlau.com\/fp\/ca\/\",\"name\":\"Formaci\u00f3n profesional\",\"description\":\"Monlau\",\"publisher\":{\"@id\":\"https:\/\/www.monlau.com\/fp\/ca\/#organization\"},\"potentialAction\":[{\"@type\":\"SearchAction\",\"target\":{\"@type\":\"EntryPoint\",\"urlTemplate\":\"https:\/\/www.monlau.com\/fp\/ca\/?s={search_term_string}\"},\"query-input\":{\"@type\":\"PropertyValueSpecification\",\"valueRequired\":true,\"valueName\":\"search_term_string\"}}],\"inLanguage\":\"ca\"},{\"@type\":\"Organization\",\"@id\":\"https:\/\/www.monlau.com\/fp\/ca\/#organization\",\"name\":\"Formaci\u00f3n profesional\",\"url\":\"https:\/\/www.monlau.com\/fp\/ca\/\",\"logo\":{\"@type\":\"ImageObject\",\"inLanguage\":\"ca\",\"@id\":\"https:\/\/www.monlau.com\/fp\/ca\/#\/schema\/logo\/image\/\",\"url\":\"https:\/\/www.monlau.com\/app\/uploads\/sites\/3\/2026\/01\/fp.png\",\"contentUrl\":\"https:\/\/www.monlau.com\/app\/uploads\/sites\/3\/2026\/01\/fp.png\",\"width\":1024,\"height\":878,\"caption\":\"Formaci\u00f3n profesional\"},\"image\":{\"@id\":\"https:\/\/www.monlau.com\/fp\/ca\/#\/schema\/logo\/image\/\"}},{\"@type\":\"Person\",\"@id\":\"https:\/\/www.monlau.com\/fp\/ca\/#\/schema\/person\/419cfdf054323e24e0a2ef1d8597f051\",\"name\":\"adsmurai\",\"image\":{\"@type\":\"ImageObject\",\"inLanguage\":\"ca\",\"@id\":\"https:\/\/secure.gravatar.com\/avatar\/0748788578f91786454454fa3b4c295644edb991ad6caadc70b41d26790d38fc?s=96&d=mm&r=g\",\"url\":\"https:\/\/secure.gravatar.com\/avatar\/0748788578f91786454454fa3b4c295644edb991ad6caadc70b41d26790d38fc?s=96&d=mm&r=g\",\"contentUrl\":\"https:\/\/secure.gravatar.com\/avatar\/0748788578f91786454454fa3b4c295644edb991ad6caadc70b41d26790d38fc?s=96&d=mm&r=g\",\"caption\":\"adsmurai\"},\"sameAs\":[\"https:\/\/www.monlau.com\"],\"url\":\"https:\/\/www.monlau.com\/fp\/ca\/author\/adsmurai\/\"}]}<\/script>\n<!-- \/ Yoast SEO plugin. -->","yoast_head_json":{"title":"Qu\u00e8 s'estudia a l'assignatura de Branding i Comunicaci\u00f3? - Formaci\u00f3n profesional","robots":{"index":"index","follow":"follow","max-snippet":"max-snippet:-1","max-image-preview":"max-image-preview:large","max-video-preview":"max-video-preview:-1"},"canonical":"https:\/\/www.monlau.com\/fp\/ca\/2022\/02\/01\/assignatura-branding-comunicacio\/","og_locale":"ca_ES","og_type":"article","og_title":"Qu\u00e8 s'estudia a l'assignatura de Branding i Comunicaci\u00f3? - Formaci\u00f3n profesional","og_description":"Peter Hone, professor de l&#8217;assignatura de disseny, comunicaci\u00f3 i branding en el Grau Superior de M\u00e0rqueting i Publicitat, ens explica en qu\u00e8 consisteix la seva assignatura i com es duu a terme. A Monlau, els nostres cicles es diferencien principalment per oferir un clar enfocament a l&#8217;adquisici\u00f3 de coneixements i compet\u00e8ncies de manera pr\u00e0ctica. \u00c9s [&hellip;]","og_url":"https:\/\/www.monlau.com\/fp\/ca\/2022\/02\/01\/assignatura-branding-comunicacio\/","og_site_name":"Formaci\u00f3n profesional","article_published_time":"2022-01-31T23:00:00+00:00","article_modified_time":"2026-03-10T09:03:31+00:00","og_image":[{"width":533,"height":600,"url":"https:\/\/www.monlau.com\/app\/uploads\/sites\/3\/2026\/03\/POST-VIDEO-1.jpg","type":"image\/jpeg"}],"author":"adsmurai","twitter_card":"summary_large_image","twitter_misc":{"Escrit per":"adsmurai","Temps estimat de lectura":"1 minut"},"schema":{"@context":"https:\/\/schema.org","@graph":[{"@type":"Article","@id":"https:\/\/www.monlau.com\/fp\/ca\/2022\/02\/01\/assignatura-branding-comunicacio\/#article","isPartOf":{"@id":"https:\/\/www.monlau.com\/fp\/ca\/2022\/02\/01\/assignatura-branding-comunicacio\/"},"author":{"name":"adsmurai","@id":"https:\/\/www.monlau.com\/fp\/ca\/#\/schema\/person\/419cfdf054323e24e0a2ef1d8597f051"},"headline":"Qu\u00e8 s&#8217;estudia a l&#8217;assignatura de Branding i Comunicaci\u00f3?","datePublished":"2022-01-31T23:00:00+00:00","dateModified":"2026-03-10T09:03:31+00:00","mainEntityOfPage":{"@id":"https:\/\/www.monlau.com\/fp\/ca\/2022\/02\/01\/assignatura-branding-comunicacio\/"},"wordCount":292,"publisher":{"@id":"https:\/\/www.monlau.com\/fp\/ca\/#organization"},"image":{"@id":"https:\/\/www.monlau.com\/fp\/ca\/2022\/02\/01\/assignatura-branding-comunicacio\/#primaryimage"},"thumbnailUrl":"https:\/\/www.monlau.com\/app\/uploads\/sites\/3\/2026\/03\/POST-VIDEO-1.jpg","keywords":["Comunicaci\u00f3","coneixamnets","disseny","formaci\u00f3 professional","fp","M\u00e0rqueting i Publicitat","pimes","Pr\u00e0ctica"],"articleSection":["Empresa i M\u00e0rqueting","Monlau"],"inLanguage":"ca"},{"@type":"WebPage","@id":"https:\/\/www.monlau.com\/fp\/ca\/2022\/02\/01\/assignatura-branding-comunicacio\/","url":"https:\/\/www.monlau.com\/fp\/ca\/2022\/02\/01\/assignatura-branding-comunicacio\/","name":"Qu\u00e8 s'estudia a l'assignatura de Branding i Comunicaci\u00f3? - Formaci\u00f3n profesional","isPartOf":{"@id":"https:\/\/www.monlau.com\/fp\/ca\/#website"},"primaryImageOfPage":{"@id":"https:\/\/www.monlau.com\/fp\/ca\/2022\/02\/01\/assignatura-branding-comunicacio\/#primaryimage"},"image":{"@id":"https:\/\/www.monlau.com\/fp\/ca\/2022\/02\/01\/assignatura-branding-comunicacio\/#primaryimage"},"thumbnailUrl":"https:\/\/www.monlau.com\/app\/uploads\/sites\/3\/2026\/03\/POST-VIDEO-1.jpg","datePublished":"2022-01-31T23:00:00+00:00","dateModified":"2026-03-10T09:03:31+00:00","breadcrumb":{"@id":"https:\/\/www.monlau.com\/fp\/ca\/2022\/02\/01\/assignatura-branding-comunicacio\/#breadcrumb"},"inLanguage":"ca","potentialAction":[{"@type":"ReadAction","target":["https:\/\/www.monlau.com\/fp\/ca\/2022\/02\/01\/assignatura-branding-comunicacio\/"]}]},{"@type":"ImageObject","inLanguage":"ca","@id":"https:\/\/www.monlau.com\/fp\/ca\/2022\/02\/01\/assignatura-branding-comunicacio\/#primaryimage","url":"https:\/\/www.monlau.com\/app\/uploads\/sites\/3\/2026\/03\/POST-VIDEO-1.jpg","contentUrl":"https:\/\/www.monlau.com\/app\/uploads\/sites\/3\/2026\/03\/POST-VIDEO-1.jpg","width":533,"height":600},{"@type":"BreadcrumbList","@id":"https:\/\/www.monlau.com\/fp\/ca\/2022\/02\/01\/assignatura-branding-comunicacio\/#breadcrumb","itemListElement":[{"@type":"ListItem","position":1,"name":"Portada","item":"https:\/\/www.monlau.com\/fp\/ca\/inici\/"},{"@type":"ListItem","position":2,"name":"Qu\u00e8 s&#8217;estudia a l&#8217;assignatura de Branding i Comunicaci\u00f3?"}]},{"@type":"WebSite","@id":"https:\/\/www.monlau.com\/fp\/ca\/#website","url":"https:\/\/www.monlau.com\/fp\/ca\/","name":"Formaci\u00f3n profesional","description":"Monlau","publisher":{"@id":"https:\/\/www.monlau.com\/fp\/ca\/#organization"},"potentialAction":[{"@type":"SearchAction","target":{"@type":"EntryPoint","urlTemplate":"https:\/\/www.monlau.com\/fp\/ca\/?s={search_term_string}"},"query-input":{"@type":"PropertyValueSpecification","valueRequired":true,"valueName":"search_term_string"}}],"inLanguage":"ca"},{"@type":"Organization","@id":"https:\/\/www.monlau.com\/fp\/ca\/#organization","name":"Formaci\u00f3n profesional","url":"https:\/\/www.monlau.com\/fp\/ca\/","logo":{"@type":"ImageObject","inLanguage":"ca","@id":"https:\/\/www.monlau.com\/fp\/ca\/#\/schema\/logo\/image\/","url":"https:\/\/www.monlau.com\/app\/uploads\/sites\/3\/2026\/01\/fp.png","contentUrl":"https:\/\/www.monlau.com\/app\/uploads\/sites\/3\/2026\/01\/fp.png","width":1024,"height":878,"caption":"Formaci\u00f3n profesional"},"image":{"@id":"https:\/\/www.monlau.com\/fp\/ca\/#\/schema\/logo\/image\/"}},{"@type":"Person","@id":"https:\/\/www.monlau.com\/fp\/ca\/#\/schema\/person\/419cfdf054323e24e0a2ef1d8597f051","name":"adsmurai","image":{"@type":"ImageObject","inLanguage":"ca","@id":"https:\/\/secure.gravatar.com\/avatar\/0748788578f91786454454fa3b4c295644edb991ad6caadc70b41d26790d38fc?s=96&d=mm&r=g","url":"https:\/\/secure.gravatar.com\/avatar\/0748788578f91786454454fa3b4c295644edb991ad6caadc70b41d26790d38fc?s=96&d=mm&r=g","contentUrl":"https:\/\/secure.gravatar.com\/avatar\/0748788578f91786454454fa3b4c295644edb991ad6caadc70b41d26790d38fc?s=96&d=mm&r=g","caption":"adsmurai"},"sameAs":["https:\/\/www.monlau.com"],"url":"https:\/\/www.monlau.com\/fp\/ca\/author\/adsmurai\/"}]}},"_links":{"self":[{"href":"https:\/\/www.monlau.com\/fp\/ca\/wp-json\/wp\/v2\/posts\/6252","targetHints":{"allow":["GET"]}}],"collection":[{"href":"https:\/\/www.monlau.com\/fp\/ca\/wp-json\/wp\/v2\/posts"}],"about":[{"href":"https:\/\/www.monlau.com\/fp\/ca\/wp-json\/wp\/v2\/types\/post"}],"author":[{"embeddable":true,"href":"https:\/\/www.monlau.com\/fp\/ca\/wp-json\/wp\/v2\/users\/1"}],"replies":[{"embeddable":true,"href":"https:\/\/www.monlau.com\/fp\/ca\/wp-json\/wp\/v2\/comments?post=6252"}],"version-history":[{"count":1,"href":"https:\/\/www.monlau.com\/fp\/ca\/wp-json\/wp\/v2\/posts\/6252\/revisions"}],"predecessor-version":[{"id":6428,"href":"https:\/\/www.monlau.com\/fp\/ca\/wp-json\/wp\/v2\/posts\/6252\/revisions\/6428"}],"wp:featuredmedia":[{"embeddable":true,"href":"https:\/\/www.monlau.com\/fp\/ca\/wp-json\/wp\/v2\/media\/3554"}],"wp:attachment":[{"href":"https:\/\/www.monlau.com\/fp\/ca\/wp-json\/wp\/v2\/media?parent=6252"}],"wp:term":[{"taxonomy":"category","embeddable":true,"href":"https:\/\/www.monlau.com\/fp\/ca\/wp-json\/wp\/v2\/categories?post=6252"},{"taxonomy":"post_tag","embeddable":true,"href":"https:\/\/www.monlau.com\/fp\/ca\/wp-json\/wp\/v2\/tags?post=6252"}],"curies":[{"name":"wp","href":"https:\/\/api.w.org\/{rel}","templated":true}]}}