{"id":6234,"date":"2022-01-14T00:00:00","date_gmt":"2022-01-13T23:00:00","guid":{"rendered":"https:\/\/www.monlau.com\/formacion-profesional\/sessio-informativa-dels-cursos-gratuits-del-soc-de-mecanica\/"},"modified":"2026-03-17T11:14:54","modified_gmt":"2026-03-17T10:14:54","slug":"sessio-informativa-dels-cursos-gratuits-del-soc-de-mecanica","status":"publish","type":"post","link":"https:\/\/www.monlau.com\/fp\/ca\/2022\/01\/14\/sessio-informativa-dels-cursos-gratuits-del-soc-de-mecanica\/","title":{"rendered":"Sessi\u00f3 informativa dels CURSOS GRATU\u00cfTS DEL SOC de Mec\u00e0nica"},"content":{"rendered":"<p>Si est\u00e0s interessats en els cursos Subvencionats del SOC (<a href=\"https:\/\/serveiocupacio.gencat.cat\/ca\/inici\">Servei d\u2019Ocupaci\u00f3 de Catalunya<\/a>) de Mec\u00e0nica i Carrosseria, <strong>el pr\u00f2xim dia 25 de gener de 2022 a les 16:00h<\/strong>, es realitzar\u00e0 una xerrada informativa en el centre d&#8217;estudis de Monlau la Maquinista situat al Carrer Caracas 35,. Per a poder accedir a aquesta, ser\u00e0 necessari a<strong>portar el DNI\/Passaport o NIE en vigor, el Curriculum vitae actualitzat i finalment el DARD<\/strong> (fulla acreditativa de l&#8217;atur). A m\u00e9s, no ser\u00e0 necessari reservar o demanar cita pr\u00e8via.<\/p>\n<p>En el cas de l&#8217;\u00e0rea<strong> d&#8217;automoci\u00f3, es realitzaran tres formacions totalment gratu\u00eftes<\/strong> per part del *SOC:<\/p>\n<ul>\n<li><a href=\"https:\/\/www.monlau.com\/formacio-professional\/cursos\/soc-operacions-auxiliars-manteniment-carrosseria-vehicles\/?lang=ca\">Operacions auxiliars de manteniment de carrosseria de vehicles<\/a><\/li>\n<li><a href=\"https:\/\/www.monlau.com\/formacio-professional\/cursos\/soc-operacions-auxiliars-de-manteniment-en-electromecanica-de-vehicles\/?lang=ca\">Operacions auxiliars de manteniment d&#8217;electromec\u00e0nica de vehicles<\/a><\/li>\n<li><a href=\"https:\/\/www.monlau.com\/formacio-professional\/?post_type=project&#038;p=11691&#038;lang=ca\">Embelliment i decoraci\u00f3 de superf\u00edcies de vehicles.<\/a><\/li>\n<\/ul>\n<p>En quant a l&#8217;horari establert per a dur a terme els cursos, \u00e9s de tardes de 15:00h a 20:00h de dilluns a divendres de manera presencial. S&#8217;iniciaran entre finals de gener i principis de febrer, depenent del curs; tots ells amb <strong>un nombre limitat de places.<\/strong><\/p>\n<p>Per a poder optar a aquests, <strong>\u00e9s necessari complir una s\u00e8rie de requisit establerts:<\/strong><\/p>\n<ul>\n<li>Tenir 16 anys o m\u00e9s<\/li>\n<li>Estar inscrit com a demandant d&#8217;ocupaci\u00f3<\/li>\n<li>Ser resident a Catalunya.<\/li>\n<\/ul>\n<p>Per a m\u00e9s informaci\u00f3 sobre aquests tres cursos subvencionats del SOC, pots <a href=\"https:\/\/www.monlau.com\/formacio-professional\/servei-ocupacio-catalunya-soc\/?lang=ca\">visitar la nostra p\u00e0gina web<\/a>, on trobar\u00e0s la informaci\u00f3 detallada de cadascuna de les formacions. A m\u00e9s, a continuaci\u00f3, trobar\u00e0s l&#8217;enlla\u00e7 QR, des del qual pots inscriure-et directament en el curs que m\u00e9s s&#8217;adeq\u00fci al teu perfil professional i gustos.<\/p>\n","protected":false},"excerpt":{"rendered":"<p>Si est\u00e0s interessats en els cursos Subvencionats del SOC (Servei d\u2019Ocupaci\u00f3 de Catalunya) de Mec\u00e0nica i Carrosseria, el pr\u00f2xim dia 25 de gener de 2022 a les 16:00h, es realitzar\u00e0 una xerrada informativa en el centre d&#8217;estudis de Monlau la Maquinista situat al Carrer Caracas 35,. Per a poder accedir a aquesta, ser\u00e0 necessari aportar [&hellip;]<\/p>\n","protected":false},"author":1,"featured_media":6235,"comment_status":"closed","ping_status":"closed","sticky":false,"template":"","format":"standard","meta":{"footnotes":""},"categories":[252,258],"tags":[],"class_list":["post-6234","post","type-post","status-publish","format-standard","has-post-thumbnail","hentry","category-automocio","category-monlau"],"yoast_head":"<!-- This site is optimized with the Yoast SEO plugin v27.2 - https:\/\/yoast.com\/product\/yoast-seo-wordpress\/ -->\n<title>Sessi\u00f3 informativa dels CURSOS GRATU\u00cfTS DEL SOC de Mec\u00e0nica - Formaci\u00f3n profesional<\/title>\n<meta name=\"robots\" content=\"index, follow, max-snippet:-1, max-image-preview:large, max-video-preview:-1\" \/>\n<link rel=\"canonical\" href=\"https:\/\/www.monlau.com\/fp\/ca\/2022\/01\/14\/sessio-informativa-dels-cursos-gratuits-del-soc-de-mecanica\/\" \/>\n<meta property=\"og:locale\" content=\"ca_ES\" \/>\n<meta property=\"og:type\" content=\"article\" \/>\n<meta property=\"og:title\" content=\"Sessi\u00f3 informativa dels CURSOS GRATU\u00cfTS DEL SOC de Mec\u00e0nica - Formaci\u00f3n profesional\" \/>\n<meta property=\"og:description\" content=\"Si est\u00e0s interessats en els cursos Subvencionats del SOC (Servei d\u2019Ocupaci\u00f3 de Catalunya) de Mec\u00e0nica i Carrosseria, el pr\u00f2xim dia 25 de gener de 2022 a les 16:00h, es realitzar\u00e0 una xerrada informativa en el centre d&#8217;estudis de Monlau la Maquinista situat al Carrer Caracas 35,. Per a poder accedir a aquesta, ser\u00e0 necessari aportar [&hellip;]\" \/>\n<meta property=\"og:url\" content=\"https:\/\/www.monlau.com\/fp\/ca\/2022\/01\/14\/sessio-informativa-dels-cursos-gratuits-del-soc-de-mecanica\/\" \/>\n<meta property=\"og:site_name\" content=\"Formaci\u00f3n profesional\" \/>\n<meta property=\"article:published_time\" content=\"2022-01-13T23:00:00+00:00\" \/>\n<meta property=\"article:modified_time\" content=\"2026-03-17T10:14:54+00:00\" \/>\n<meta property=\"og:image\" content=\"https:\/\/www.monlau.com\/app\/uploads\/sites\/3\/2026\/03\/Cursos-SOC-header.jpg\" \/>\n\t<meta property=\"og:image:width\" content=\"994\" \/>\n\t<meta property=\"og:image:height\" content=\"685\" \/>\n\t<meta property=\"og:image:type\" content=\"image\/jpeg\" \/>\n<meta name=\"author\" content=\"adsmurai\" \/>\n<meta name=\"twitter:card\" content=\"summary_large_image\" \/>\n<meta name=\"twitter:label1\" content=\"Escrit per\" \/>\n\t<meta name=\"twitter:data1\" content=\"adsmurai\" \/>\n\t<meta name=\"twitter:label2\" content=\"Temps estimat de lectura\" \/>\n\t<meta name=\"twitter:data2\" content=\"1 minut\" \/>\n<script type=\"application\/ld+json\" class=\"yoast-schema-graph\">{\"@context\":\"https:\/\/schema.org\",\"@graph\":[{\"@type\":\"Article\",\"@id\":\"https:\/\/www.monlau.com\/fp\/ca\/2022\/01\/14\/sessio-informativa-dels-cursos-gratuits-del-soc-de-mecanica\/#article\",\"isPartOf\":{\"@id\":\"https:\/\/www.monlau.com\/fp\/ca\/2022\/01\/14\/sessio-informativa-dels-cursos-gratuits-del-soc-de-mecanica\/\"},\"author\":{\"name\":\"adsmurai\",\"@id\":\"https:\/\/www.monlau.com\/fp\/ca\/#\/schema\/person\/419cfdf054323e24e0a2ef1d8597f051\"},\"headline\":\"Sessi\u00f3 informativa dels CURSOS GRATU\u00cfTS DEL SOC de Mec\u00e0nica\",\"datePublished\":\"2022-01-13T23:00:00+00:00\",\"dateModified\":\"2026-03-17T10:14:54+00:00\",\"mainEntityOfPage\":{\"@id\":\"https:\/\/www.monlau.com\/fp\/ca\/2022\/01\/14\/sessio-informativa-dels-cursos-gratuits-del-soc-de-mecanica\/\"},\"wordCount\":284,\"publisher\":{\"@id\":\"https:\/\/www.monlau.com\/fp\/ca\/#organization\"},\"image\":{\"@id\":\"https:\/\/www.monlau.com\/fp\/ca\/2022\/01\/14\/sessio-informativa-dels-cursos-gratuits-del-soc-de-mecanica\/#primaryimage\"},\"thumbnailUrl\":\"https:\/\/www.monlau.com\/app\/uploads\/sites\/3\/2026\/03\/Cursos-SOC-header.jpg\",\"articleSection\":[\"Automoci\u00f3\",\"Monlau\"],\"inLanguage\":\"ca\"},{\"@type\":\"WebPage\",\"@id\":\"https:\/\/www.monlau.com\/fp\/ca\/2022\/01\/14\/sessio-informativa-dels-cursos-gratuits-del-soc-de-mecanica\/\",\"url\":\"https:\/\/www.monlau.com\/fp\/ca\/2022\/01\/14\/sessio-informativa-dels-cursos-gratuits-del-soc-de-mecanica\/\",\"name\":\"Sessi\u00f3 informativa dels CURSOS GRATU\u00cfTS DEL SOC de Mec\u00e0nica - Formaci\u00f3n profesional\",\"isPartOf\":{\"@id\":\"https:\/\/www.monlau.com\/fp\/ca\/#website\"},\"primaryImageOfPage\":{\"@id\":\"https:\/\/www.monlau.com\/fp\/ca\/2022\/01\/14\/sessio-informativa-dels-cursos-gratuits-del-soc-de-mecanica\/#primaryimage\"},\"image\":{\"@id\":\"https:\/\/www.monlau.com\/fp\/ca\/2022\/01\/14\/sessio-informativa-dels-cursos-gratuits-del-soc-de-mecanica\/#primaryimage\"},\"thumbnailUrl\":\"https:\/\/www.monlau.com\/app\/uploads\/sites\/3\/2026\/03\/Cursos-SOC-header.jpg\",\"datePublished\":\"2022-01-13T23:00:00+00:00\",\"dateModified\":\"2026-03-17T10:14:54+00:00\",\"breadcrumb\":{\"@id\":\"https:\/\/www.monlau.com\/fp\/ca\/2022\/01\/14\/sessio-informativa-dels-cursos-gratuits-del-soc-de-mecanica\/#breadcrumb\"},\"inLanguage\":\"ca\",\"potentialAction\":[{\"@type\":\"ReadAction\",\"target\":[\"https:\/\/www.monlau.com\/fp\/ca\/2022\/01\/14\/sessio-informativa-dels-cursos-gratuits-del-soc-de-mecanica\/\"]}]},{\"@type\":\"ImageObject\",\"inLanguage\":\"ca\",\"@id\":\"https:\/\/www.monlau.com\/fp\/ca\/2022\/01\/14\/sessio-informativa-dels-cursos-gratuits-del-soc-de-mecanica\/#primaryimage\",\"url\":\"https:\/\/www.monlau.com\/app\/uploads\/sites\/3\/2026\/03\/Cursos-SOC-header.jpg\",\"contentUrl\":\"https:\/\/www.monlau.com\/app\/uploads\/sites\/3\/2026\/03\/Cursos-SOC-header.jpg\",\"width\":994,\"height\":685},{\"@type\":\"BreadcrumbList\",\"@id\":\"https:\/\/www.monlau.com\/fp\/ca\/2022\/01\/14\/sessio-informativa-dels-cursos-gratuits-del-soc-de-mecanica\/#breadcrumb\",\"itemListElement\":[{\"@type\":\"ListItem\",\"position\":1,\"name\":\"Portada\",\"item\":\"https:\/\/www.monlau.com\/fp\/ca\/inici\/\"},{\"@type\":\"ListItem\",\"position\":2,\"name\":\"Sessi\u00f3 informativa dels CURSOS GRATU\u00cfTS DEL SOC de Mec\u00e0nica\"}]},{\"@type\":\"WebSite\",\"@id\":\"https:\/\/www.monlau.com\/fp\/ca\/#website\",\"url\":\"https:\/\/www.monlau.com\/fp\/ca\/\",\"name\":\"Formaci\u00f3n profesional\",\"description\":\"Monlau\",\"publisher\":{\"@id\":\"https:\/\/www.monlau.com\/fp\/ca\/#organization\"},\"potentialAction\":[{\"@type\":\"SearchAction\",\"target\":{\"@type\":\"EntryPoint\",\"urlTemplate\":\"https:\/\/www.monlau.com\/fp\/ca\/?s={search_term_string}\"},\"query-input\":{\"@type\":\"PropertyValueSpecification\",\"valueRequired\":true,\"valueName\":\"search_term_string\"}}],\"inLanguage\":\"ca\"},{\"@type\":\"Organization\",\"@id\":\"https:\/\/www.monlau.com\/fp\/ca\/#organization\",\"name\":\"Formaci\u00f3n profesional\",\"url\":\"https:\/\/www.monlau.com\/fp\/ca\/\",\"logo\":{\"@type\":\"ImageObject\",\"inLanguage\":\"ca\",\"@id\":\"https:\/\/www.monlau.com\/fp\/ca\/#\/schema\/logo\/image\/\",\"url\":\"https:\/\/www.monlau.com\/app\/uploads\/sites\/3\/2026\/01\/fp.png\",\"contentUrl\":\"https:\/\/www.monlau.com\/app\/uploads\/sites\/3\/2026\/01\/fp.png\",\"width\":1024,\"height\":878,\"caption\":\"Formaci\u00f3n profesional\"},\"image\":{\"@id\":\"https:\/\/www.monlau.com\/fp\/ca\/#\/schema\/logo\/image\/\"}},{\"@type\":\"Person\",\"@id\":\"https:\/\/www.monlau.com\/fp\/ca\/#\/schema\/person\/419cfdf054323e24e0a2ef1d8597f051\",\"name\":\"adsmurai\",\"image\":{\"@type\":\"ImageObject\",\"inLanguage\":\"ca\",\"@id\":\"https:\/\/secure.gravatar.com\/avatar\/0748788578f91786454454fa3b4c295644edb991ad6caadc70b41d26790d38fc?s=96&d=mm&r=g\",\"url\":\"https:\/\/secure.gravatar.com\/avatar\/0748788578f91786454454fa3b4c295644edb991ad6caadc70b41d26790d38fc?s=96&d=mm&r=g\",\"contentUrl\":\"https:\/\/secure.gravatar.com\/avatar\/0748788578f91786454454fa3b4c295644edb991ad6caadc70b41d26790d38fc?s=96&d=mm&r=g\",\"caption\":\"adsmurai\"},\"sameAs\":[\"https:\/\/www.monlau.com\"],\"url\":\"https:\/\/www.monlau.com\/fp\/ca\/author\/adsmurai\/\"}]}<\/script>\n<!-- \/ Yoast SEO plugin. -->","yoast_head_json":{"title":"Sessi\u00f3 informativa dels CURSOS GRATU\u00cfTS DEL SOC de Mec\u00e0nica - Formaci\u00f3n profesional","robots":{"index":"index","follow":"follow","max-snippet":"max-snippet:-1","max-image-preview":"max-image-preview:large","max-video-preview":"max-video-preview:-1"},"canonical":"https:\/\/www.monlau.com\/fp\/ca\/2022\/01\/14\/sessio-informativa-dels-cursos-gratuits-del-soc-de-mecanica\/","og_locale":"ca_ES","og_type":"article","og_title":"Sessi\u00f3 informativa dels CURSOS GRATU\u00cfTS DEL SOC de Mec\u00e0nica - Formaci\u00f3n profesional","og_description":"Si est\u00e0s interessats en els cursos Subvencionats del SOC (Servei d\u2019Ocupaci\u00f3 de Catalunya) de Mec\u00e0nica i Carrosseria, el pr\u00f2xim dia 25 de gener de 2022 a les 16:00h, es realitzar\u00e0 una xerrada informativa en el centre d&#8217;estudis de Monlau la Maquinista situat al Carrer Caracas 35,. Per a poder accedir a aquesta, ser\u00e0 necessari aportar [&hellip;]","og_url":"https:\/\/www.monlau.com\/fp\/ca\/2022\/01\/14\/sessio-informativa-dels-cursos-gratuits-del-soc-de-mecanica\/","og_site_name":"Formaci\u00f3n profesional","article_published_time":"2022-01-13T23:00:00+00:00","article_modified_time":"2026-03-17T10:14:54+00:00","og_image":[{"width":994,"height":685,"url":"https:\/\/www.monlau.com\/app\/uploads\/sites\/3\/2026\/03\/Cursos-SOC-header.jpg","type":"image\/jpeg"}],"author":"adsmurai","twitter_card":"summary_large_image","twitter_misc":{"Escrit per":"adsmurai","Temps estimat de lectura":"1 minut"},"schema":{"@context":"https:\/\/schema.org","@graph":[{"@type":"Article","@id":"https:\/\/www.monlau.com\/fp\/ca\/2022\/01\/14\/sessio-informativa-dels-cursos-gratuits-del-soc-de-mecanica\/#article","isPartOf":{"@id":"https:\/\/www.monlau.com\/fp\/ca\/2022\/01\/14\/sessio-informativa-dels-cursos-gratuits-del-soc-de-mecanica\/"},"author":{"name":"adsmurai","@id":"https:\/\/www.monlau.com\/fp\/ca\/#\/schema\/person\/419cfdf054323e24e0a2ef1d8597f051"},"headline":"Sessi\u00f3 informativa dels CURSOS GRATU\u00cfTS DEL SOC de Mec\u00e0nica","datePublished":"2022-01-13T23:00:00+00:00","dateModified":"2026-03-17T10:14:54+00:00","mainEntityOfPage":{"@id":"https:\/\/www.monlau.com\/fp\/ca\/2022\/01\/14\/sessio-informativa-dels-cursos-gratuits-del-soc-de-mecanica\/"},"wordCount":284,"publisher":{"@id":"https:\/\/www.monlau.com\/fp\/ca\/#organization"},"image":{"@id":"https:\/\/www.monlau.com\/fp\/ca\/2022\/01\/14\/sessio-informativa-dels-cursos-gratuits-del-soc-de-mecanica\/#primaryimage"},"thumbnailUrl":"https:\/\/www.monlau.com\/app\/uploads\/sites\/3\/2026\/03\/Cursos-SOC-header.jpg","articleSection":["Automoci\u00f3","Monlau"],"inLanguage":"ca"},{"@type":"WebPage","@id":"https:\/\/www.monlau.com\/fp\/ca\/2022\/01\/14\/sessio-informativa-dels-cursos-gratuits-del-soc-de-mecanica\/","url":"https:\/\/www.monlau.com\/fp\/ca\/2022\/01\/14\/sessio-informativa-dels-cursos-gratuits-del-soc-de-mecanica\/","name":"Sessi\u00f3 informativa dels CURSOS GRATU\u00cfTS DEL SOC de Mec\u00e0nica - Formaci\u00f3n profesional","isPartOf":{"@id":"https:\/\/www.monlau.com\/fp\/ca\/#website"},"primaryImageOfPage":{"@id":"https:\/\/www.monlau.com\/fp\/ca\/2022\/01\/14\/sessio-informativa-dels-cursos-gratuits-del-soc-de-mecanica\/#primaryimage"},"image":{"@id":"https:\/\/www.monlau.com\/fp\/ca\/2022\/01\/14\/sessio-informativa-dels-cursos-gratuits-del-soc-de-mecanica\/#primaryimage"},"thumbnailUrl":"https:\/\/www.monlau.com\/app\/uploads\/sites\/3\/2026\/03\/Cursos-SOC-header.jpg","datePublished":"2022-01-13T23:00:00+00:00","dateModified":"2026-03-17T10:14:54+00:00","breadcrumb":{"@id":"https:\/\/www.monlau.com\/fp\/ca\/2022\/01\/14\/sessio-informativa-dels-cursos-gratuits-del-soc-de-mecanica\/#breadcrumb"},"inLanguage":"ca","potentialAction":[{"@type":"ReadAction","target":["https:\/\/www.monlau.com\/fp\/ca\/2022\/01\/14\/sessio-informativa-dels-cursos-gratuits-del-soc-de-mecanica\/"]}]},{"@type":"ImageObject","inLanguage":"ca","@id":"https:\/\/www.monlau.com\/fp\/ca\/2022\/01\/14\/sessio-informativa-dels-cursos-gratuits-del-soc-de-mecanica\/#primaryimage","url":"https:\/\/www.monlau.com\/app\/uploads\/sites\/3\/2026\/03\/Cursos-SOC-header.jpg","contentUrl":"https:\/\/www.monlau.com\/app\/uploads\/sites\/3\/2026\/03\/Cursos-SOC-header.jpg","width":994,"height":685},{"@type":"BreadcrumbList","@id":"https:\/\/www.monlau.com\/fp\/ca\/2022\/01\/14\/sessio-informativa-dels-cursos-gratuits-del-soc-de-mecanica\/#breadcrumb","itemListElement":[{"@type":"ListItem","position":1,"name":"Portada","item":"https:\/\/www.monlau.com\/fp\/ca\/inici\/"},{"@type":"ListItem","position":2,"name":"Sessi\u00f3 informativa dels CURSOS GRATU\u00cfTS DEL SOC de Mec\u00e0nica"}]},{"@type":"WebSite","@id":"https:\/\/www.monlau.com\/fp\/ca\/#website","url":"https:\/\/www.monlau.com\/fp\/ca\/","name":"Formaci\u00f3n profesional","description":"Monlau","publisher":{"@id":"https:\/\/www.monlau.com\/fp\/ca\/#organization"},"potentialAction":[{"@type":"SearchAction","target":{"@type":"EntryPoint","urlTemplate":"https:\/\/www.monlau.com\/fp\/ca\/?s={search_term_string}"},"query-input":{"@type":"PropertyValueSpecification","valueRequired":true,"valueName":"search_term_string"}}],"inLanguage":"ca"},{"@type":"Organization","@id":"https:\/\/www.monlau.com\/fp\/ca\/#organization","name":"Formaci\u00f3n profesional","url":"https:\/\/www.monlau.com\/fp\/ca\/","logo":{"@type":"ImageObject","inLanguage":"ca","@id":"https:\/\/www.monlau.com\/fp\/ca\/#\/schema\/logo\/image\/","url":"https:\/\/www.monlau.com\/app\/uploads\/sites\/3\/2026\/01\/fp.png","contentUrl":"https:\/\/www.monlau.com\/app\/uploads\/sites\/3\/2026\/01\/fp.png","width":1024,"height":878,"caption":"Formaci\u00f3n profesional"},"image":{"@id":"https:\/\/www.monlau.com\/fp\/ca\/#\/schema\/logo\/image\/"}},{"@type":"Person","@id":"https:\/\/www.monlau.com\/fp\/ca\/#\/schema\/person\/419cfdf054323e24e0a2ef1d8597f051","name":"adsmurai","image":{"@type":"ImageObject","inLanguage":"ca","@id":"https:\/\/secure.gravatar.com\/avatar\/0748788578f91786454454fa3b4c295644edb991ad6caadc70b41d26790d38fc?s=96&d=mm&r=g","url":"https:\/\/secure.gravatar.com\/avatar\/0748788578f91786454454fa3b4c295644edb991ad6caadc70b41d26790d38fc?s=96&d=mm&r=g","contentUrl":"https:\/\/secure.gravatar.com\/avatar\/0748788578f91786454454fa3b4c295644edb991ad6caadc70b41d26790d38fc?s=96&d=mm&r=g","caption":"adsmurai"},"sameAs":["https:\/\/www.monlau.com"],"url":"https:\/\/www.monlau.com\/fp\/ca\/author\/adsmurai\/"}]}},"_links":{"self":[{"href":"https:\/\/www.monlau.com\/fp\/ca\/wp-json\/wp\/v2\/posts\/6234","targetHints":{"allow":["GET"]}}],"collection":[{"href":"https:\/\/www.monlau.com\/fp\/ca\/wp-json\/wp\/v2\/posts"}],"about":[{"href":"https:\/\/www.monlau.com\/fp\/ca\/wp-json\/wp\/v2\/types\/post"}],"author":[{"embeddable":true,"href":"https:\/\/www.monlau.com\/fp\/ca\/wp-json\/wp\/v2\/users\/1"}],"replies":[{"embeddable":true,"href":"https:\/\/www.monlau.com\/fp\/ca\/wp-json\/wp\/v2\/comments?post=6234"}],"version-history":[{"count":1,"href":"https:\/\/www.monlau.com\/fp\/ca\/wp-json\/wp\/v2\/posts\/6234\/revisions"}],"predecessor-version":[{"id":6433,"href":"https:\/\/www.monlau.com\/fp\/ca\/wp-json\/wp\/v2\/posts\/6234\/revisions\/6433"}],"wp:featuredmedia":[{"embeddable":true,"href":"https:\/\/www.monlau.com\/fp\/ca\/wp-json\/wp\/v2\/media\/6235"}],"wp:attachment":[{"href":"https:\/\/www.monlau.com\/fp\/ca\/wp-json\/wp\/v2\/media?parent=6234"}],"wp:term":[{"taxonomy":"category","embeddable":true,"href":"https:\/\/www.monlau.com\/fp\/ca\/wp-json\/wp\/v2\/categories?post=6234"},{"taxonomy":"post_tag","embeddable":true,"href":"https:\/\/www.monlau.com\/fp\/ca\/wp-json\/wp\/v2\/tags?post=6234"}],"curies":[{"name":"wp","href":"https:\/\/api.w.org\/{rel}","templated":true}]}}