{"id":6223,"date":"2021-11-22T00:00:00","date_gmt":"2021-11-21T23:00:00","guid":{"rendered":"https:\/\/www.monlau.com\/formacion-profesional\/la-formacio-professional-es-la-mes-demandada-a-espanya\/"},"modified":"2026-03-10T10:03:31","modified_gmt":"2026-03-10T09:03:31","slug":"la-formacio-professional-es-la-mes-demandada-a-espanya","status":"publish","type":"post","link":"https:\/\/www.monlau.com\/fp\/ca\/2021\/11\/22\/la-formacio-professional-es-la-mes-demandada-a-espanya\/","title":{"rendered":"La Formaci\u00f3 Professional \u00e9s la m\u00e9s demandada a Espanya"},"content":{"rendered":"<p>Arran de la pand\u00e8mia de la COVID en 2020, hi ha hagut un gran desajustament del sector laboral i, com a resultat un entorn insegur i canviant. Aquest actualment <strong>demanda habilitats toves i compet\u00e8ncies socials i t\u00e8cniques<\/strong>, per a garantir la recuperaci\u00f3 de l&#8217;ocupaci\u00f3 i competitivitat al pa\u00eds. Aquestes habilitats venen donades per la <strong>Formaci\u00f3 Professional<\/strong> i l&#8217;experi\u00e8ncia laboral que ofereix i es veu reflectida en els resultats; l&#8217;FP a Espanya dona acc\u00e9s a quatre de cada deu ofertes de treball, sent la formaci\u00f3 m\u00e9s demandada. Aquests resultats els ha publicat recentment El Pa\u00eds en <a href=\"https:\/\/elpais-com.cdn.ampproject.org\/c\/s\/elpais.com\/economia\/formacion\/2021-09-17\/asi-son-los-perfiles-profesionales-que-tendran-mas-demanda-en-2022.html?outputType=amp\">Aix\u00ed s\u00f3n els perfils professionals que tindran m\u00e9s demanda en 2022.<\/a><\/p>\n<p>No obstant aix\u00f2, els perfils professionals canvien i evolucionen r\u00e0pidament, per la qual cosa \u201c<em>\u00e9s de gran import\u00e0ncia <strong>l&#8217;especialitzaci\u00f3 en m\u00e0sters<\/strong> cont\u00ednuament per a respondre a totes les demandes del mercat<\/em>\u201d. Tal com anuncia Mar\u00eda Concepci\u00f3n Garc\u00eda<a href=\"https:\/\/www.ucm.es\/vicerrectorado-de-transferencia-del-conocimiento-y-emprendimiento\">, vicerectora d&#8217;Ocupabilitat i Emprenedoria<\/a> de la Universitat Complutense de Madrid.<\/p>\n<blockquote>\n<p>Compet\u00e8ncies socials, habilitats professionals i una aposta per l&#8217;educaci\u00f3 interm\u00e8dia \u00e9s el que el sector professional i laboral demanda actualment.<\/p>\n<\/blockquote>\n<p>Unes de les \u00e0rees m\u00e9s demandades actualment que requereixen la titulaci\u00f3 de Formaci\u00f3 Professional i les habilitats que aquesta ofereix, \u00e9s la <a href=\"https:\/\/www.monlau.com\/formacio-professional\/area-informatica\/?lang=ca\">Inform\u00e0tica<\/a> (13,2%). A Monlau comptem amb 4 cicles formatius d&#8217;aquesta \u00e0rea que <strong>permet als joves desenvolupar les habilitats i capacitats que requereix el mercat i sector professional<\/strong>. No obstant aix\u00f2, malgrat existir una alta demanda de perfils t\u00e8cnics i digitals, hi ha una gran manca de professionals preparats amb les habilitats necess\u00e0ries per a dur a terme aquest tipus de rols. En conseq\u00fc\u00e8ncia, un gran mercat esperant persones que dominin les eines claus per a poder afrontar la digitalitzaci\u00f3 i reptes del futur.<\/p>\n<p>&nbsp;<\/p>\n<p>&nbsp;<\/p>\n","protected":false},"excerpt":{"rendered":"<p>Arran de la pand\u00e8mia de la COVID en 2020, hi ha hagut un gran desajustament del sector laboral i, com a resultat un entorn insegur i canviant. Aquest actualment demanda habilitats toves i compet\u00e8ncies socials i t\u00e8cniques, per a garantir la recuperaci\u00f3 de l&#8217;ocupaci\u00f3 i competitivitat al pa\u00eds. Aquestes habilitats venen donades per la Formaci\u00f3 [&hellip;]<\/p>\n","protected":false},"author":1,"featured_media":3520,"comment_status":"closed","ping_status":"closed","sticky":false,"template":"","format":"standard","meta":{"footnotes":""},"categories":[412,255,258],"tags":[413,264,312,414,415,280,416,417],"class_list":["post-6223","post","type-post","status-publish","format-standard","has-post-thumbnail","hentry","category-anuari","category-informatica","category-monlau","tag-el-pais","tag-formacio-professional","tag-grau-superior","tag-habilitats-competencials","tag-habilitats-professionals","tag-informatica","tag-ofertes-de-treball","tag-sector-professional"],"yoast_head":"<!-- This site is optimized with the Yoast SEO plugin v27.2 - https:\/\/yoast.com\/product\/yoast-seo-wordpress\/ -->\n<title>La Formaci\u00f3 Professional \u00e9s la m\u00e9s demandada a Espanya - Formaci\u00f3n profesional<\/title>\n<meta name=\"robots\" content=\"index, follow, max-snippet:-1, max-image-preview:large, max-video-preview:-1\" \/>\n<link rel=\"canonical\" href=\"https:\/\/www.monlau.com\/fp\/ca\/2021\/11\/22\/la-formacio-professional-es-la-mes-demandada-a-espanya\/\" \/>\n<meta property=\"og:locale\" content=\"ca_ES\" \/>\n<meta property=\"og:type\" content=\"article\" \/>\n<meta property=\"og:title\" content=\"La Formaci\u00f3 Professional \u00e9s la m\u00e9s demandada a Espanya - Formaci\u00f3n profesional\" \/>\n<meta property=\"og:description\" content=\"Arran de la pand\u00e8mia de la COVID en 2020, hi ha hagut un gran desajustament del sector laboral i, com a resultat un entorn insegur i canviant. Aquest actualment demanda habilitats toves i compet\u00e8ncies socials i t\u00e8cniques, per a garantir la recuperaci\u00f3 de l&#8217;ocupaci\u00f3 i competitivitat al pa\u00eds. Aquestes habilitats venen donades per la Formaci\u00f3 [&hellip;]\" \/>\n<meta property=\"og:url\" content=\"https:\/\/www.monlau.com\/fp\/ca\/2021\/11\/22\/la-formacio-professional-es-la-mes-demandada-a-espanya\/\" \/>\n<meta property=\"og:site_name\" content=\"Formaci\u00f3n profesional\" \/>\n<meta property=\"article:published_time\" content=\"2021-11-21T23:00:00+00:00\" \/>\n<meta property=\"article:modified_time\" content=\"2026-03-10T09:03:31+00:00\" \/>\n<meta property=\"og:image\" content=\"https:\/\/www.monlau.com\/app\/uploads\/sites\/3\/2026\/03\/WhatsApp-Image-2021-10-20-at-11.44.01-1.jpeg\" \/>\n\t<meta property=\"og:image:width\" content=\"2048\" \/>\n\t<meta property=\"og:image:height\" content=\"1536\" \/>\n\t<meta property=\"og:image:type\" content=\"image\/jpeg\" \/>\n<meta name=\"author\" content=\"adsmurai\" \/>\n<meta name=\"twitter:card\" content=\"summary_large_image\" \/>\n<meta name=\"twitter:label1\" content=\"Escrit per\" \/>\n\t<meta name=\"twitter:data1\" content=\"adsmurai\" \/>\n\t<meta name=\"twitter:label2\" content=\"Temps estimat de lectura\" \/>\n\t<meta name=\"twitter:data2\" content=\"2 minuts\" \/>\n<script type=\"application\/ld+json\" class=\"yoast-schema-graph\">{\"@context\":\"https:\/\/schema.org\",\"@graph\":[{\"@type\":\"Article\",\"@id\":\"https:\/\/www.monlau.com\/fp\/ca\/2021\/11\/22\/la-formacio-professional-es-la-mes-demandada-a-espanya\/#article\",\"isPartOf\":{\"@id\":\"https:\/\/www.monlau.com\/fp\/ca\/2021\/11\/22\/la-formacio-professional-es-la-mes-demandada-a-espanya\/\"},\"author\":{\"name\":\"adsmurai\",\"@id\":\"https:\/\/www.monlau.com\/fp\/ca\/#\/schema\/person\/419cfdf054323e24e0a2ef1d8597f051\"},\"headline\":\"La Formaci\u00f3 Professional \u00e9s la m\u00e9s demandada a Espanya\",\"datePublished\":\"2021-11-21T23:00:00+00:00\",\"dateModified\":\"2026-03-10T09:03:31+00:00\",\"mainEntityOfPage\":{\"@id\":\"https:\/\/www.monlau.com\/fp\/ca\/2021\/11\/22\/la-formacio-professional-es-la-mes-demandada-a-espanya\/\"},\"wordCount\":317,\"publisher\":{\"@id\":\"https:\/\/www.monlau.com\/fp\/ca\/#organization\"},\"image\":{\"@id\":\"https:\/\/www.monlau.com\/fp\/ca\/2021\/11\/22\/la-formacio-professional-es-la-mes-demandada-a-espanya\/#primaryimage\"},\"thumbnailUrl\":\"https:\/\/www.monlau.com\/app\/uploads\/sites\/3\/2026\/03\/WhatsApp-Image-2021-10-20-at-11.44.01-1.jpeg\",\"keywords\":[\"El Pa\u00eds\",\"formaci\u00f3 professional\",\"Grau Superior\",\"habilitats competencials\",\"habilitats professionals\",\"Inform\u00e0tica\",\"ofertes de treball\",\"sector professional\"],\"articleSection\":[\"anuari\",\"Inform\u00e0tica\",\"Monlau\"],\"inLanguage\":\"ca\"},{\"@type\":\"WebPage\",\"@id\":\"https:\/\/www.monlau.com\/fp\/ca\/2021\/11\/22\/la-formacio-professional-es-la-mes-demandada-a-espanya\/\",\"url\":\"https:\/\/www.monlau.com\/fp\/ca\/2021\/11\/22\/la-formacio-professional-es-la-mes-demandada-a-espanya\/\",\"name\":\"La Formaci\u00f3 Professional \u00e9s la m\u00e9s demandada a Espanya - Formaci\u00f3n profesional\",\"isPartOf\":{\"@id\":\"https:\/\/www.monlau.com\/fp\/ca\/#website\"},\"primaryImageOfPage\":{\"@id\":\"https:\/\/www.monlau.com\/fp\/ca\/2021\/11\/22\/la-formacio-professional-es-la-mes-demandada-a-espanya\/#primaryimage\"},\"image\":{\"@id\":\"https:\/\/www.monlau.com\/fp\/ca\/2021\/11\/22\/la-formacio-professional-es-la-mes-demandada-a-espanya\/#primaryimage\"},\"thumbnailUrl\":\"https:\/\/www.monlau.com\/app\/uploads\/sites\/3\/2026\/03\/WhatsApp-Image-2021-10-20-at-11.44.01-1.jpeg\",\"datePublished\":\"2021-11-21T23:00:00+00:00\",\"dateModified\":\"2026-03-10T09:03:31+00:00\",\"breadcrumb\":{\"@id\":\"https:\/\/www.monlau.com\/fp\/ca\/2021\/11\/22\/la-formacio-professional-es-la-mes-demandada-a-espanya\/#breadcrumb\"},\"inLanguage\":\"ca\",\"potentialAction\":[{\"@type\":\"ReadAction\",\"target\":[\"https:\/\/www.monlau.com\/fp\/ca\/2021\/11\/22\/la-formacio-professional-es-la-mes-demandada-a-espanya\/\"]}]},{\"@type\":\"ImageObject\",\"inLanguage\":\"ca\",\"@id\":\"https:\/\/www.monlau.com\/fp\/ca\/2021\/11\/22\/la-formacio-professional-es-la-mes-demandada-a-espanya\/#primaryimage\",\"url\":\"https:\/\/www.monlau.com\/app\/uploads\/sites\/3\/2026\/03\/WhatsApp-Image-2021-10-20-at-11.44.01-1.jpeg\",\"contentUrl\":\"https:\/\/www.monlau.com\/app\/uploads\/sites\/3\/2026\/03\/WhatsApp-Image-2021-10-20-at-11.44.01-1.jpeg\",\"width\":2048,\"height\":1536},{\"@type\":\"BreadcrumbList\",\"@id\":\"https:\/\/www.monlau.com\/fp\/ca\/2021\/11\/22\/la-formacio-professional-es-la-mes-demandada-a-espanya\/#breadcrumb\",\"itemListElement\":[{\"@type\":\"ListItem\",\"position\":1,\"name\":\"Portada\",\"item\":\"https:\/\/www.monlau.com\/fp\/ca\/inici\/\"},{\"@type\":\"ListItem\",\"position\":2,\"name\":\"La Formaci\u00f3 Professional \u00e9s la m\u00e9s demandada a Espanya\"}]},{\"@type\":\"WebSite\",\"@id\":\"https:\/\/www.monlau.com\/fp\/ca\/#website\",\"url\":\"https:\/\/www.monlau.com\/fp\/ca\/\",\"name\":\"Formaci\u00f3n profesional\",\"description\":\"Monlau\",\"publisher\":{\"@id\":\"https:\/\/www.monlau.com\/fp\/ca\/#organization\"},\"potentialAction\":[{\"@type\":\"SearchAction\",\"target\":{\"@type\":\"EntryPoint\",\"urlTemplate\":\"https:\/\/www.monlau.com\/fp\/ca\/?s={search_term_string}\"},\"query-input\":{\"@type\":\"PropertyValueSpecification\",\"valueRequired\":true,\"valueName\":\"search_term_string\"}}],\"inLanguage\":\"ca\"},{\"@type\":\"Organization\",\"@id\":\"https:\/\/www.monlau.com\/fp\/ca\/#organization\",\"name\":\"Formaci\u00f3n profesional\",\"url\":\"https:\/\/www.monlau.com\/fp\/ca\/\",\"logo\":{\"@type\":\"ImageObject\",\"inLanguage\":\"ca\",\"@id\":\"https:\/\/www.monlau.com\/fp\/ca\/#\/schema\/logo\/image\/\",\"url\":\"https:\/\/www.monlau.com\/app\/uploads\/sites\/3\/2026\/01\/fp.png\",\"contentUrl\":\"https:\/\/www.monlau.com\/app\/uploads\/sites\/3\/2026\/01\/fp.png\",\"width\":1024,\"height\":878,\"caption\":\"Formaci\u00f3n profesional\"},\"image\":{\"@id\":\"https:\/\/www.monlau.com\/fp\/ca\/#\/schema\/logo\/image\/\"}},{\"@type\":\"Person\",\"@id\":\"https:\/\/www.monlau.com\/fp\/ca\/#\/schema\/person\/419cfdf054323e24e0a2ef1d8597f051\",\"name\":\"adsmurai\",\"image\":{\"@type\":\"ImageObject\",\"inLanguage\":\"ca\",\"@id\":\"https:\/\/secure.gravatar.com\/avatar\/0748788578f91786454454fa3b4c295644edb991ad6caadc70b41d26790d38fc?s=96&d=mm&r=g\",\"url\":\"https:\/\/secure.gravatar.com\/avatar\/0748788578f91786454454fa3b4c295644edb991ad6caadc70b41d26790d38fc?s=96&d=mm&r=g\",\"contentUrl\":\"https:\/\/secure.gravatar.com\/avatar\/0748788578f91786454454fa3b4c295644edb991ad6caadc70b41d26790d38fc?s=96&d=mm&r=g\",\"caption\":\"adsmurai\"},\"sameAs\":[\"https:\/\/www.monlau.com\"],\"url\":\"https:\/\/www.monlau.com\/fp\/ca\/author\/adsmurai\/\"}]}<\/script>\n<!-- \/ Yoast SEO plugin. -->","yoast_head_json":{"title":"La Formaci\u00f3 Professional \u00e9s la m\u00e9s demandada a Espanya - Formaci\u00f3n profesional","robots":{"index":"index","follow":"follow","max-snippet":"max-snippet:-1","max-image-preview":"max-image-preview:large","max-video-preview":"max-video-preview:-1"},"canonical":"https:\/\/www.monlau.com\/fp\/ca\/2021\/11\/22\/la-formacio-professional-es-la-mes-demandada-a-espanya\/","og_locale":"ca_ES","og_type":"article","og_title":"La Formaci\u00f3 Professional \u00e9s la m\u00e9s demandada a Espanya - Formaci\u00f3n profesional","og_description":"Arran de la pand\u00e8mia de la COVID en 2020, hi ha hagut un gran desajustament del sector laboral i, com a resultat un entorn insegur i canviant. Aquest actualment demanda habilitats toves i compet\u00e8ncies socials i t\u00e8cniques, per a garantir la recuperaci\u00f3 de l&#8217;ocupaci\u00f3 i competitivitat al pa\u00eds. Aquestes habilitats venen donades per la Formaci\u00f3 [&hellip;]","og_url":"https:\/\/www.monlau.com\/fp\/ca\/2021\/11\/22\/la-formacio-professional-es-la-mes-demandada-a-espanya\/","og_site_name":"Formaci\u00f3n profesional","article_published_time":"2021-11-21T23:00:00+00:00","article_modified_time":"2026-03-10T09:03:31+00:00","og_image":[{"width":2048,"height":1536,"url":"https:\/\/www.monlau.com\/app\/uploads\/sites\/3\/2026\/03\/WhatsApp-Image-2021-10-20-at-11.44.01-1.jpeg","type":"image\/jpeg"}],"author":"adsmurai","twitter_card":"summary_large_image","twitter_misc":{"Escrit per":"adsmurai","Temps estimat de lectura":"2 minuts"},"schema":{"@context":"https:\/\/schema.org","@graph":[{"@type":"Article","@id":"https:\/\/www.monlau.com\/fp\/ca\/2021\/11\/22\/la-formacio-professional-es-la-mes-demandada-a-espanya\/#article","isPartOf":{"@id":"https:\/\/www.monlau.com\/fp\/ca\/2021\/11\/22\/la-formacio-professional-es-la-mes-demandada-a-espanya\/"},"author":{"name":"adsmurai","@id":"https:\/\/www.monlau.com\/fp\/ca\/#\/schema\/person\/419cfdf054323e24e0a2ef1d8597f051"},"headline":"La Formaci\u00f3 Professional \u00e9s la m\u00e9s demandada a Espanya","datePublished":"2021-11-21T23:00:00+00:00","dateModified":"2026-03-10T09:03:31+00:00","mainEntityOfPage":{"@id":"https:\/\/www.monlau.com\/fp\/ca\/2021\/11\/22\/la-formacio-professional-es-la-mes-demandada-a-espanya\/"},"wordCount":317,"publisher":{"@id":"https:\/\/www.monlau.com\/fp\/ca\/#organization"},"image":{"@id":"https:\/\/www.monlau.com\/fp\/ca\/2021\/11\/22\/la-formacio-professional-es-la-mes-demandada-a-espanya\/#primaryimage"},"thumbnailUrl":"https:\/\/www.monlau.com\/app\/uploads\/sites\/3\/2026\/03\/WhatsApp-Image-2021-10-20-at-11.44.01-1.jpeg","keywords":["El Pa\u00eds","formaci\u00f3 professional","Grau Superior","habilitats competencials","habilitats professionals","Inform\u00e0tica","ofertes de treball","sector professional"],"articleSection":["anuari","Inform\u00e0tica","Monlau"],"inLanguage":"ca"},{"@type":"WebPage","@id":"https:\/\/www.monlau.com\/fp\/ca\/2021\/11\/22\/la-formacio-professional-es-la-mes-demandada-a-espanya\/","url":"https:\/\/www.monlau.com\/fp\/ca\/2021\/11\/22\/la-formacio-professional-es-la-mes-demandada-a-espanya\/","name":"La Formaci\u00f3 Professional \u00e9s la m\u00e9s demandada a Espanya - Formaci\u00f3n profesional","isPartOf":{"@id":"https:\/\/www.monlau.com\/fp\/ca\/#website"},"primaryImageOfPage":{"@id":"https:\/\/www.monlau.com\/fp\/ca\/2021\/11\/22\/la-formacio-professional-es-la-mes-demandada-a-espanya\/#primaryimage"},"image":{"@id":"https:\/\/www.monlau.com\/fp\/ca\/2021\/11\/22\/la-formacio-professional-es-la-mes-demandada-a-espanya\/#primaryimage"},"thumbnailUrl":"https:\/\/www.monlau.com\/app\/uploads\/sites\/3\/2026\/03\/WhatsApp-Image-2021-10-20-at-11.44.01-1.jpeg","datePublished":"2021-11-21T23:00:00+00:00","dateModified":"2026-03-10T09:03:31+00:00","breadcrumb":{"@id":"https:\/\/www.monlau.com\/fp\/ca\/2021\/11\/22\/la-formacio-professional-es-la-mes-demandada-a-espanya\/#breadcrumb"},"inLanguage":"ca","potentialAction":[{"@type":"ReadAction","target":["https:\/\/www.monlau.com\/fp\/ca\/2021\/11\/22\/la-formacio-professional-es-la-mes-demandada-a-espanya\/"]}]},{"@type":"ImageObject","inLanguage":"ca","@id":"https:\/\/www.monlau.com\/fp\/ca\/2021\/11\/22\/la-formacio-professional-es-la-mes-demandada-a-espanya\/#primaryimage","url":"https:\/\/www.monlau.com\/app\/uploads\/sites\/3\/2026\/03\/WhatsApp-Image-2021-10-20-at-11.44.01-1.jpeg","contentUrl":"https:\/\/www.monlau.com\/app\/uploads\/sites\/3\/2026\/03\/WhatsApp-Image-2021-10-20-at-11.44.01-1.jpeg","width":2048,"height":1536},{"@type":"BreadcrumbList","@id":"https:\/\/www.monlau.com\/fp\/ca\/2021\/11\/22\/la-formacio-professional-es-la-mes-demandada-a-espanya\/#breadcrumb","itemListElement":[{"@type":"ListItem","position":1,"name":"Portada","item":"https:\/\/www.monlau.com\/fp\/ca\/inici\/"},{"@type":"ListItem","position":2,"name":"La Formaci\u00f3 Professional \u00e9s la m\u00e9s demandada a Espanya"}]},{"@type":"WebSite","@id":"https:\/\/www.monlau.com\/fp\/ca\/#website","url":"https:\/\/www.monlau.com\/fp\/ca\/","name":"Formaci\u00f3n profesional","description":"Monlau","publisher":{"@id":"https:\/\/www.monlau.com\/fp\/ca\/#organization"},"potentialAction":[{"@type":"SearchAction","target":{"@type":"EntryPoint","urlTemplate":"https:\/\/www.monlau.com\/fp\/ca\/?s={search_term_string}"},"query-input":{"@type":"PropertyValueSpecification","valueRequired":true,"valueName":"search_term_string"}}],"inLanguage":"ca"},{"@type":"Organization","@id":"https:\/\/www.monlau.com\/fp\/ca\/#organization","name":"Formaci\u00f3n profesional","url":"https:\/\/www.monlau.com\/fp\/ca\/","logo":{"@type":"ImageObject","inLanguage":"ca","@id":"https:\/\/www.monlau.com\/fp\/ca\/#\/schema\/logo\/image\/","url":"https:\/\/www.monlau.com\/app\/uploads\/sites\/3\/2026\/01\/fp.png","contentUrl":"https:\/\/www.monlau.com\/app\/uploads\/sites\/3\/2026\/01\/fp.png","width":1024,"height":878,"caption":"Formaci\u00f3n profesional"},"image":{"@id":"https:\/\/www.monlau.com\/fp\/ca\/#\/schema\/logo\/image\/"}},{"@type":"Person","@id":"https:\/\/www.monlau.com\/fp\/ca\/#\/schema\/person\/419cfdf054323e24e0a2ef1d8597f051","name":"adsmurai","image":{"@type":"ImageObject","inLanguage":"ca","@id":"https:\/\/secure.gravatar.com\/avatar\/0748788578f91786454454fa3b4c295644edb991ad6caadc70b41d26790d38fc?s=96&d=mm&r=g","url":"https:\/\/secure.gravatar.com\/avatar\/0748788578f91786454454fa3b4c295644edb991ad6caadc70b41d26790d38fc?s=96&d=mm&r=g","contentUrl":"https:\/\/secure.gravatar.com\/avatar\/0748788578f91786454454fa3b4c295644edb991ad6caadc70b41d26790d38fc?s=96&d=mm&r=g","caption":"adsmurai"},"sameAs":["https:\/\/www.monlau.com"],"url":"https:\/\/www.monlau.com\/fp\/ca\/author\/adsmurai\/"}]}},"_links":{"self":[{"href":"https:\/\/www.monlau.com\/fp\/ca\/wp-json\/wp\/v2\/posts\/6223","targetHints":{"allow":["GET"]}}],"collection":[{"href":"https:\/\/www.monlau.com\/fp\/ca\/wp-json\/wp\/v2\/posts"}],"about":[{"href":"https:\/\/www.monlau.com\/fp\/ca\/wp-json\/wp\/v2\/types\/post"}],"author":[{"embeddable":true,"href":"https:\/\/www.monlau.com\/fp\/ca\/wp-json\/wp\/v2\/users\/1"}],"replies":[{"embeddable":true,"href":"https:\/\/www.monlau.com\/fp\/ca\/wp-json\/wp\/v2\/comments?post=6223"}],"version-history":[{"count":1,"href":"https:\/\/www.monlau.com\/fp\/ca\/wp-json\/wp\/v2\/posts\/6223\/revisions"}],"predecessor-version":[{"id":6437,"href":"https:\/\/www.monlau.com\/fp\/ca\/wp-json\/wp\/v2\/posts\/6223\/revisions\/6437"}],"wp:featuredmedia":[{"embeddable":true,"href":"https:\/\/www.monlau.com\/fp\/ca\/wp-json\/wp\/v2\/media\/3520"}],"wp:attachment":[{"href":"https:\/\/www.monlau.com\/fp\/ca\/wp-json\/wp\/v2\/media?parent=6223"}],"wp:term":[{"taxonomy":"category","embeddable":true,"href":"https:\/\/www.monlau.com\/fp\/ca\/wp-json\/wp\/v2\/categories?post=6223"},{"taxonomy":"post_tag","embeddable":true,"href":"https:\/\/www.monlau.com\/fp\/ca\/wp-json\/wp\/v2\/tags?post=6223"}],"curies":[{"name":"wp","href":"https:\/\/api.w.org\/{rel}","templated":true}]}}