{"id":6220,"date":"2021-11-12T00:00:00","date_gmt":"2021-11-11T23:00:00","guid":{"rendered":"https:\/\/www.monlau.com\/formacion-profesional\/augmenta-linteres-pel-sector-dels-vehicles-classics\/"},"modified":"2026-03-10T10:03:31","modified_gmt":"2026-03-10T09:03:31","slug":"augmenta-linteres-pel-sector-dels-vehicles-classics","status":"publish","type":"post","link":"https:\/\/www.monlau.com\/fp\/ca\/2021\/11\/12\/augmenta-linteres-pel-sector-dels-vehicles-classics\/","title":{"rendered":"Augmenta l&#8217;inter\u00e8s pel sector dels vehicles cl\u00e0ssics"},"content":{"rendered":"<p>El m\u00f3n automobil\u00edstic \u00e9s apassionant i immens, i al llarg de la hist\u00f2ria ens ha ofert <strong>aut\u00e8ntiques joies<\/strong> <strong>de la carretera<\/strong> com el SEAT 600, el Renault 4L o el Citro\u00ebn 2CV que haur\u00edem de conservar. No obstant aix\u00f2, aquests vehicles cl\u00e0ssics i antics necessiten un manteniment i reparaci\u00f3 constant.<\/p>\n<p>Per aquesta ra\u00f3, <strong><a href=\"https:\/\/www.monlau.com\/formacio-professional\/area-automocio\/?lang=ca\">els alumnes d&#8217;Automoci\u00f3<\/a><\/strong> han assistit a la confer\u00e8ncia a c\u00e0rrec del Sr. Pablo Gimeno, especialista en vehicles, membre del <a href=\"https:\/\/www.feva.es\/\">FEVA (Federaci\u00f3 Espanyola de Vehicles Antics)<\/a> i responsable de l&#8217;\u00e0rea de la joventut de la federaci\u00f3. Li acompanyava tamb\u00e9 del Sr. Francesc Palau, propietari d&#8217;una de les millors col\u00b7leccions de cotxes antics de tota Catalunya.<\/p>\n<p>L&#8217;objectiu principal de la confer\u00e8ncia va ser <strong>introduir als nostres alumnes en el m\u00f3n de la restauraci\u00f3 de vehicles antics.<\/strong> Els ponents van ressaltar la import\u00e0ncia i el que representen dins del m\u00f3n de l&#8217;automoci\u00f3 aquests autom\u00f2bils. D&#8217;aquesta manera, van despertar la seva curiositat pels autom\u00f2bils, motos, camions i altres vehicles que definim com a cl\u00e0ssics i antics per l&#8217;inter\u00e8s hist\u00f2ric que tenen per si mateixos. Tal com van exposar en la confer\u00e8ncia, <span style=\"color: #557fc9;\">\u201c<em>restaurar un cotxe antic \u00e9s recordar els colors, la hist\u00f2ria i records d&#8217;aquesta \u00e8poca en aquest cotxe, cada cotxe \u00e9s \u00fanic\u201d.<\/em><\/span><\/p>\n<p>D&#8217;altra banda, en determinats casos, podria ser una <strong>possible opci\u00f3 de treball en un futur,<\/strong> ja que la restauraci\u00f3 i conservaci\u00f3 d&#8217;aquests vehicles requereix <strong>d&#8217;oficis que en molts casos formen part de la Formaci\u00f3 Professional:<\/strong> Mec\u00e0nica, xapa, fusteria, tapisseria, pintura\u2026 A m\u00e9s dels inevitables oficis de torner, fresador i altres, que lamentablement amb el pas del temps es van perdent a Espanya. Paradoxalment, ens trobem en un moment en el qual hi ha literalment centenars de milers de joves en atur, i una gran demanda de persones formades en aquests oficis.<\/p>\n","protected":false},"excerpt":{"rendered":"<p>El m\u00f3n automobil\u00edstic \u00e9s apassionant i immens, i al llarg de la hist\u00f2ria ens ha ofert aut\u00e8ntiques joies de la carretera com el SEAT 600, el Renault 4L o el Citro\u00ebn 2CV que haur\u00edem de conservar. No obstant aix\u00f2, aquests vehicles cl\u00e0ssics i antics necessiten un manteniment i reparaci\u00f3 constant. Per aquesta ra\u00f3, els alumnes [&hellip;]<\/p>\n","protected":false},"author":1,"featured_media":3516,"comment_status":"closed","ping_status":"closed","sticky":false,"template":"","format":"standard","meta":{"footnotes":""},"categories":[252],"tags":[309,405,264,407,408,409,410,411],"class_list":["post-6220","post","type-post","status-publish","format-standard","has-post-thumbnail","hentry","category-automocio","tag-automocio","tag-cicle-formatiu","tag-formacio-professional","tag-fusteria","tag-mecanica","tag-vehicles-antics","tag-vehicles-classics","tag-xapa"],"yoast_head":"<!-- This site is optimized with the Yoast SEO plugin v27.2 - https:\/\/yoast.com\/product\/yoast-seo-wordpress\/ -->\n<title>Augmenta l&#039;inter\u00e8s pel sector dels vehicles cl\u00e0ssics - Formaci\u00f3n profesional<\/title>\n<meta name=\"robots\" content=\"index, follow, max-snippet:-1, max-image-preview:large, max-video-preview:-1\" \/>\n<link rel=\"canonical\" href=\"https:\/\/www.monlau.com\/fp\/ca\/2021\/11\/12\/augmenta-linteres-pel-sector-dels-vehicles-classics\/\" \/>\n<meta property=\"og:locale\" content=\"ca_ES\" \/>\n<meta property=\"og:type\" content=\"article\" \/>\n<meta property=\"og:title\" content=\"Augmenta l&#039;inter\u00e8s pel sector dels vehicles cl\u00e0ssics - Formaci\u00f3n profesional\" \/>\n<meta property=\"og:description\" content=\"El m\u00f3n automobil\u00edstic \u00e9s apassionant i immens, i al llarg de la hist\u00f2ria ens ha ofert aut\u00e8ntiques joies de la carretera com el SEAT 600, el Renault 4L o el Citro\u00ebn 2CV que haur\u00edem de conservar. No obstant aix\u00f2, aquests vehicles cl\u00e0ssics i antics necessiten un manteniment i reparaci\u00f3 constant. Per aquesta ra\u00f3, els alumnes [&hellip;]\" \/>\n<meta property=\"og:url\" content=\"https:\/\/www.monlau.com\/fp\/ca\/2021\/11\/12\/augmenta-linteres-pel-sector-dels-vehicles-classics\/\" \/>\n<meta property=\"og:site_name\" content=\"Formaci\u00f3n profesional\" \/>\n<meta property=\"article:published_time\" content=\"2021-11-11T23:00:00+00:00\" \/>\n<meta property=\"article:modified_time\" content=\"2026-03-10T09:03:31+00:00\" \/>\n<meta property=\"og:image\" content=\"https:\/\/www.monlau.com\/app\/uploads\/sites\/3\/2026\/03\/WhatsApp-Image-2021-11-10-at-11.11.57-17.jpeg\" \/>\n\t<meta property=\"og:image:width\" content=\"1024\" \/>\n\t<meta property=\"og:image:height\" content=\"768\" \/>\n\t<meta property=\"og:image:type\" content=\"image\/jpeg\" \/>\n<meta name=\"author\" content=\"adsmurai\" \/>\n<meta name=\"twitter:card\" content=\"summary_large_image\" \/>\n<meta name=\"twitter:label1\" content=\"Escrit per\" \/>\n\t<meta name=\"twitter:data1\" content=\"adsmurai\" \/>\n\t<meta name=\"twitter:label2\" content=\"Temps estimat de lectura\" \/>\n\t<meta name=\"twitter:data2\" content=\"2 minuts\" \/>\n<script type=\"application\/ld+json\" class=\"yoast-schema-graph\">{\"@context\":\"https:\/\/schema.org\",\"@graph\":[{\"@type\":\"Article\",\"@id\":\"https:\/\/www.monlau.com\/fp\/ca\/2021\/11\/12\/augmenta-linteres-pel-sector-dels-vehicles-classics\/#article\",\"isPartOf\":{\"@id\":\"https:\/\/www.monlau.com\/fp\/ca\/2021\/11\/12\/augmenta-linteres-pel-sector-dels-vehicles-classics\/\"},\"author\":{\"name\":\"adsmurai\",\"@id\":\"https:\/\/www.monlau.com\/fp\/ca\/#\/schema\/person\/419cfdf054323e24e0a2ef1d8597f051\"},\"headline\":\"Augmenta l&#8217;inter\u00e8s pel sector dels vehicles cl\u00e0ssics\",\"datePublished\":\"2021-11-11T23:00:00+00:00\",\"dateModified\":\"2026-03-10T09:03:31+00:00\",\"mainEntityOfPage\":{\"@id\":\"https:\/\/www.monlau.com\/fp\/ca\/2021\/11\/12\/augmenta-linteres-pel-sector-dels-vehicles-classics\/\"},\"wordCount\":335,\"publisher\":{\"@id\":\"https:\/\/www.monlau.com\/fp\/ca\/#organization\"},\"image\":{\"@id\":\"https:\/\/www.monlau.com\/fp\/ca\/2021\/11\/12\/augmenta-linteres-pel-sector-dels-vehicles-classics\/#primaryimage\"},\"thumbnailUrl\":\"https:\/\/www.monlau.com\/app\/uploads\/sites\/3\/2026\/03\/WhatsApp-Image-2021-11-10-at-11.11.57-17.jpeg\",\"keywords\":[\"Automoci\u00f3\",\"cicle formatiu\",\"formaci\u00f3 professional\",\"fusteria\",\"mec\u00e0nica\",\"vehicles antics\",\"vehicles cl\u00e0ssics\",\"xapa\"],\"articleSection\":[\"Automoci\u00f3\"],\"inLanguage\":\"ca\"},{\"@type\":\"WebPage\",\"@id\":\"https:\/\/www.monlau.com\/fp\/ca\/2021\/11\/12\/augmenta-linteres-pel-sector-dels-vehicles-classics\/\",\"url\":\"https:\/\/www.monlau.com\/fp\/ca\/2021\/11\/12\/augmenta-linteres-pel-sector-dels-vehicles-classics\/\",\"name\":\"Augmenta l'inter\u00e8s pel sector dels vehicles cl\u00e0ssics - Formaci\u00f3n profesional\",\"isPartOf\":{\"@id\":\"https:\/\/www.monlau.com\/fp\/ca\/#website\"},\"primaryImageOfPage\":{\"@id\":\"https:\/\/www.monlau.com\/fp\/ca\/2021\/11\/12\/augmenta-linteres-pel-sector-dels-vehicles-classics\/#primaryimage\"},\"image\":{\"@id\":\"https:\/\/www.monlau.com\/fp\/ca\/2021\/11\/12\/augmenta-linteres-pel-sector-dels-vehicles-classics\/#primaryimage\"},\"thumbnailUrl\":\"https:\/\/www.monlau.com\/app\/uploads\/sites\/3\/2026\/03\/WhatsApp-Image-2021-11-10-at-11.11.57-17.jpeg\",\"datePublished\":\"2021-11-11T23:00:00+00:00\",\"dateModified\":\"2026-03-10T09:03:31+00:00\",\"breadcrumb\":{\"@id\":\"https:\/\/www.monlau.com\/fp\/ca\/2021\/11\/12\/augmenta-linteres-pel-sector-dels-vehicles-classics\/#breadcrumb\"},\"inLanguage\":\"ca\",\"potentialAction\":[{\"@type\":\"ReadAction\",\"target\":[\"https:\/\/www.monlau.com\/fp\/ca\/2021\/11\/12\/augmenta-linteres-pel-sector-dels-vehicles-classics\/\"]}]},{\"@type\":\"ImageObject\",\"inLanguage\":\"ca\",\"@id\":\"https:\/\/www.monlau.com\/fp\/ca\/2021\/11\/12\/augmenta-linteres-pel-sector-dels-vehicles-classics\/#primaryimage\",\"url\":\"https:\/\/www.monlau.com\/app\/uploads\/sites\/3\/2026\/03\/WhatsApp-Image-2021-11-10-at-11.11.57-17.jpeg\",\"contentUrl\":\"https:\/\/www.monlau.com\/app\/uploads\/sites\/3\/2026\/03\/WhatsApp-Image-2021-11-10-at-11.11.57-17.jpeg\",\"width\":1024,\"height\":768},{\"@type\":\"BreadcrumbList\",\"@id\":\"https:\/\/www.monlau.com\/fp\/ca\/2021\/11\/12\/augmenta-linteres-pel-sector-dels-vehicles-classics\/#breadcrumb\",\"itemListElement\":[{\"@type\":\"ListItem\",\"position\":1,\"name\":\"Portada\",\"item\":\"https:\/\/www.monlau.com\/fp\/ca\/inici\/\"},{\"@type\":\"ListItem\",\"position\":2,\"name\":\"Augmenta l&#8217;inter\u00e8s pel sector dels vehicles cl\u00e0ssics\"}]},{\"@type\":\"WebSite\",\"@id\":\"https:\/\/www.monlau.com\/fp\/ca\/#website\",\"url\":\"https:\/\/www.monlau.com\/fp\/ca\/\",\"name\":\"Formaci\u00f3n profesional\",\"description\":\"Monlau\",\"publisher\":{\"@id\":\"https:\/\/www.monlau.com\/fp\/ca\/#organization\"},\"potentialAction\":[{\"@type\":\"SearchAction\",\"target\":{\"@type\":\"EntryPoint\",\"urlTemplate\":\"https:\/\/www.monlau.com\/fp\/ca\/?s={search_term_string}\"},\"query-input\":{\"@type\":\"PropertyValueSpecification\",\"valueRequired\":true,\"valueName\":\"search_term_string\"}}],\"inLanguage\":\"ca\"},{\"@type\":\"Organization\",\"@id\":\"https:\/\/www.monlau.com\/fp\/ca\/#organization\",\"name\":\"Formaci\u00f3n profesional\",\"url\":\"https:\/\/www.monlau.com\/fp\/ca\/\",\"logo\":{\"@type\":\"ImageObject\",\"inLanguage\":\"ca\",\"@id\":\"https:\/\/www.monlau.com\/fp\/ca\/#\/schema\/logo\/image\/\",\"url\":\"https:\/\/www.monlau.com\/app\/uploads\/sites\/3\/2026\/01\/fp.png\",\"contentUrl\":\"https:\/\/www.monlau.com\/app\/uploads\/sites\/3\/2026\/01\/fp.png\",\"width\":1024,\"height\":878,\"caption\":\"Formaci\u00f3n profesional\"},\"image\":{\"@id\":\"https:\/\/www.monlau.com\/fp\/ca\/#\/schema\/logo\/image\/\"}},{\"@type\":\"Person\",\"@id\":\"https:\/\/www.monlau.com\/fp\/ca\/#\/schema\/person\/419cfdf054323e24e0a2ef1d8597f051\",\"name\":\"adsmurai\",\"image\":{\"@type\":\"ImageObject\",\"inLanguage\":\"ca\",\"@id\":\"https:\/\/secure.gravatar.com\/avatar\/0748788578f91786454454fa3b4c295644edb991ad6caadc70b41d26790d38fc?s=96&d=mm&r=g\",\"url\":\"https:\/\/secure.gravatar.com\/avatar\/0748788578f91786454454fa3b4c295644edb991ad6caadc70b41d26790d38fc?s=96&d=mm&r=g\",\"contentUrl\":\"https:\/\/secure.gravatar.com\/avatar\/0748788578f91786454454fa3b4c295644edb991ad6caadc70b41d26790d38fc?s=96&d=mm&r=g\",\"caption\":\"adsmurai\"},\"sameAs\":[\"https:\/\/www.monlau.com\"],\"url\":\"https:\/\/www.monlau.com\/fp\/ca\/author\/adsmurai\/\"}]}<\/script>\n<!-- \/ Yoast SEO plugin. -->","yoast_head_json":{"title":"Augmenta l'inter\u00e8s pel sector dels vehicles cl\u00e0ssics - Formaci\u00f3n profesional","robots":{"index":"index","follow":"follow","max-snippet":"max-snippet:-1","max-image-preview":"max-image-preview:large","max-video-preview":"max-video-preview:-1"},"canonical":"https:\/\/www.monlau.com\/fp\/ca\/2021\/11\/12\/augmenta-linteres-pel-sector-dels-vehicles-classics\/","og_locale":"ca_ES","og_type":"article","og_title":"Augmenta l'inter\u00e8s pel sector dels vehicles cl\u00e0ssics - Formaci\u00f3n profesional","og_description":"El m\u00f3n automobil\u00edstic \u00e9s apassionant i immens, i al llarg de la hist\u00f2ria ens ha ofert aut\u00e8ntiques joies de la carretera com el SEAT 600, el Renault 4L o el Citro\u00ebn 2CV que haur\u00edem de conservar. No obstant aix\u00f2, aquests vehicles cl\u00e0ssics i antics necessiten un manteniment i reparaci\u00f3 constant. Per aquesta ra\u00f3, els alumnes [&hellip;]","og_url":"https:\/\/www.monlau.com\/fp\/ca\/2021\/11\/12\/augmenta-linteres-pel-sector-dels-vehicles-classics\/","og_site_name":"Formaci\u00f3n profesional","article_published_time":"2021-11-11T23:00:00+00:00","article_modified_time":"2026-03-10T09:03:31+00:00","og_image":[{"width":1024,"height":768,"url":"https:\/\/www.monlau.com\/app\/uploads\/sites\/3\/2026\/03\/WhatsApp-Image-2021-11-10-at-11.11.57-17.jpeg","type":"image\/jpeg"}],"author":"adsmurai","twitter_card":"summary_large_image","twitter_misc":{"Escrit per":"adsmurai","Temps estimat de lectura":"2 minuts"},"schema":{"@context":"https:\/\/schema.org","@graph":[{"@type":"Article","@id":"https:\/\/www.monlau.com\/fp\/ca\/2021\/11\/12\/augmenta-linteres-pel-sector-dels-vehicles-classics\/#article","isPartOf":{"@id":"https:\/\/www.monlau.com\/fp\/ca\/2021\/11\/12\/augmenta-linteres-pel-sector-dels-vehicles-classics\/"},"author":{"name":"adsmurai","@id":"https:\/\/www.monlau.com\/fp\/ca\/#\/schema\/person\/419cfdf054323e24e0a2ef1d8597f051"},"headline":"Augmenta l&#8217;inter\u00e8s pel sector dels vehicles cl\u00e0ssics","datePublished":"2021-11-11T23:00:00+00:00","dateModified":"2026-03-10T09:03:31+00:00","mainEntityOfPage":{"@id":"https:\/\/www.monlau.com\/fp\/ca\/2021\/11\/12\/augmenta-linteres-pel-sector-dels-vehicles-classics\/"},"wordCount":335,"publisher":{"@id":"https:\/\/www.monlau.com\/fp\/ca\/#organization"},"image":{"@id":"https:\/\/www.monlau.com\/fp\/ca\/2021\/11\/12\/augmenta-linteres-pel-sector-dels-vehicles-classics\/#primaryimage"},"thumbnailUrl":"https:\/\/www.monlau.com\/app\/uploads\/sites\/3\/2026\/03\/WhatsApp-Image-2021-11-10-at-11.11.57-17.jpeg","keywords":["Automoci\u00f3","cicle formatiu","formaci\u00f3 professional","fusteria","mec\u00e0nica","vehicles antics","vehicles cl\u00e0ssics","xapa"],"articleSection":["Automoci\u00f3"],"inLanguage":"ca"},{"@type":"WebPage","@id":"https:\/\/www.monlau.com\/fp\/ca\/2021\/11\/12\/augmenta-linteres-pel-sector-dels-vehicles-classics\/","url":"https:\/\/www.monlau.com\/fp\/ca\/2021\/11\/12\/augmenta-linteres-pel-sector-dels-vehicles-classics\/","name":"Augmenta l'inter\u00e8s pel sector dels vehicles cl\u00e0ssics - Formaci\u00f3n profesional","isPartOf":{"@id":"https:\/\/www.monlau.com\/fp\/ca\/#website"},"primaryImageOfPage":{"@id":"https:\/\/www.monlau.com\/fp\/ca\/2021\/11\/12\/augmenta-linteres-pel-sector-dels-vehicles-classics\/#primaryimage"},"image":{"@id":"https:\/\/www.monlau.com\/fp\/ca\/2021\/11\/12\/augmenta-linteres-pel-sector-dels-vehicles-classics\/#primaryimage"},"thumbnailUrl":"https:\/\/www.monlau.com\/app\/uploads\/sites\/3\/2026\/03\/WhatsApp-Image-2021-11-10-at-11.11.57-17.jpeg","datePublished":"2021-11-11T23:00:00+00:00","dateModified":"2026-03-10T09:03:31+00:00","breadcrumb":{"@id":"https:\/\/www.monlau.com\/fp\/ca\/2021\/11\/12\/augmenta-linteres-pel-sector-dels-vehicles-classics\/#breadcrumb"},"inLanguage":"ca","potentialAction":[{"@type":"ReadAction","target":["https:\/\/www.monlau.com\/fp\/ca\/2021\/11\/12\/augmenta-linteres-pel-sector-dels-vehicles-classics\/"]}]},{"@type":"ImageObject","inLanguage":"ca","@id":"https:\/\/www.monlau.com\/fp\/ca\/2021\/11\/12\/augmenta-linteres-pel-sector-dels-vehicles-classics\/#primaryimage","url":"https:\/\/www.monlau.com\/app\/uploads\/sites\/3\/2026\/03\/WhatsApp-Image-2021-11-10-at-11.11.57-17.jpeg","contentUrl":"https:\/\/www.monlau.com\/app\/uploads\/sites\/3\/2026\/03\/WhatsApp-Image-2021-11-10-at-11.11.57-17.jpeg","width":1024,"height":768},{"@type":"BreadcrumbList","@id":"https:\/\/www.monlau.com\/fp\/ca\/2021\/11\/12\/augmenta-linteres-pel-sector-dels-vehicles-classics\/#breadcrumb","itemListElement":[{"@type":"ListItem","position":1,"name":"Portada","item":"https:\/\/www.monlau.com\/fp\/ca\/inici\/"},{"@type":"ListItem","position":2,"name":"Augmenta l&#8217;inter\u00e8s pel sector dels vehicles cl\u00e0ssics"}]},{"@type":"WebSite","@id":"https:\/\/www.monlau.com\/fp\/ca\/#website","url":"https:\/\/www.monlau.com\/fp\/ca\/","name":"Formaci\u00f3n profesional","description":"Monlau","publisher":{"@id":"https:\/\/www.monlau.com\/fp\/ca\/#organization"},"potentialAction":[{"@type":"SearchAction","target":{"@type":"EntryPoint","urlTemplate":"https:\/\/www.monlau.com\/fp\/ca\/?s={search_term_string}"},"query-input":{"@type":"PropertyValueSpecification","valueRequired":true,"valueName":"search_term_string"}}],"inLanguage":"ca"},{"@type":"Organization","@id":"https:\/\/www.monlau.com\/fp\/ca\/#organization","name":"Formaci\u00f3n profesional","url":"https:\/\/www.monlau.com\/fp\/ca\/","logo":{"@type":"ImageObject","inLanguage":"ca","@id":"https:\/\/www.monlau.com\/fp\/ca\/#\/schema\/logo\/image\/","url":"https:\/\/www.monlau.com\/app\/uploads\/sites\/3\/2026\/01\/fp.png","contentUrl":"https:\/\/www.monlau.com\/app\/uploads\/sites\/3\/2026\/01\/fp.png","width":1024,"height":878,"caption":"Formaci\u00f3n profesional"},"image":{"@id":"https:\/\/www.monlau.com\/fp\/ca\/#\/schema\/logo\/image\/"}},{"@type":"Person","@id":"https:\/\/www.monlau.com\/fp\/ca\/#\/schema\/person\/419cfdf054323e24e0a2ef1d8597f051","name":"adsmurai","image":{"@type":"ImageObject","inLanguage":"ca","@id":"https:\/\/secure.gravatar.com\/avatar\/0748788578f91786454454fa3b4c295644edb991ad6caadc70b41d26790d38fc?s=96&d=mm&r=g","url":"https:\/\/secure.gravatar.com\/avatar\/0748788578f91786454454fa3b4c295644edb991ad6caadc70b41d26790d38fc?s=96&d=mm&r=g","contentUrl":"https:\/\/secure.gravatar.com\/avatar\/0748788578f91786454454fa3b4c295644edb991ad6caadc70b41d26790d38fc?s=96&d=mm&r=g","caption":"adsmurai"},"sameAs":["https:\/\/www.monlau.com"],"url":"https:\/\/www.monlau.com\/fp\/ca\/author\/adsmurai\/"}]}},"_links":{"self":[{"href":"https:\/\/www.monlau.com\/fp\/ca\/wp-json\/wp\/v2\/posts\/6220","targetHints":{"allow":["GET"]}}],"collection":[{"href":"https:\/\/www.monlau.com\/fp\/ca\/wp-json\/wp\/v2\/posts"}],"about":[{"href":"https:\/\/www.monlau.com\/fp\/ca\/wp-json\/wp\/v2\/types\/post"}],"author":[{"embeddable":true,"href":"https:\/\/www.monlau.com\/fp\/ca\/wp-json\/wp\/v2\/users\/1"}],"replies":[{"embeddable":true,"href":"https:\/\/www.monlau.com\/fp\/ca\/wp-json\/wp\/v2\/comments?post=6220"}],"version-history":[{"count":1,"href":"https:\/\/www.monlau.com\/fp\/ca\/wp-json\/wp\/v2\/posts\/6220\/revisions"}],"predecessor-version":[{"id":6439,"href":"https:\/\/www.monlau.com\/fp\/ca\/wp-json\/wp\/v2\/posts\/6220\/revisions\/6439"}],"wp:featuredmedia":[{"embeddable":true,"href":"https:\/\/www.monlau.com\/fp\/ca\/wp-json\/wp\/v2\/media\/3516"}],"wp:attachment":[{"href":"https:\/\/www.monlau.com\/fp\/ca\/wp-json\/wp\/v2\/media?parent=6220"}],"wp:term":[{"taxonomy":"category","embeddable":true,"href":"https:\/\/www.monlau.com\/fp\/ca\/wp-json\/wp\/v2\/categories?post=6220"},{"taxonomy":"post_tag","embeddable":true,"href":"https:\/\/www.monlau.com\/fp\/ca\/wp-json\/wp\/v2\/tags?post=6220"}],"curies":[{"name":"wp","href":"https:\/\/api.w.org\/{rel}","templated":true}]}}