{"id":6212,"date":"2021-06-02T00:00:00","date_gmt":"2021-06-01T22:00:00","guid":{"rendered":"https:\/\/www.monlau.com\/formacion-profesional\/la-formacio-professional-la-clau-del-futur-laboral\/"},"modified":"2026-03-10T10:03:31","modified_gmt":"2026-03-10T09:03:31","slug":"la-formacio-professional-la-clau-del-futur-laboral","status":"publish","type":"post","link":"https:\/\/www.monlau.com\/fp\/ca\/2021\/06\/02\/la-formacio-professional-la-clau-del-futur-laboral\/","title":{"rendered":"La Formaci\u00f3 Professional, la clau del futur laboral"},"content":{"rendered":"<h3 style=\"text-align: center\"><strong>Un 21.2% de les ofertes de treball del nostre pa\u00eds van dirigides a candidats amb formaci\u00f3 professional.<\/strong> Aquesta \u00e9s una de les raons principals per les quals estudiar una FP, <strong>pel seu alt percentatge d&#8217;ocupabilitat, que \u00e9s molt superior al de les carreres universit\u00e0ries.<\/strong> A m\u00e9s, en general el cost dels estudis de formaci\u00f3 professional s\u00f3n m\u00e9s accessibles que les taxes universitaries i et permeten compaginar el treball.<\/h3>\n<p><strong>Es treballen continguts molt espec\u00edfics on l&#8217;aplicaci\u00f3 pr\u00e0ctica suposa un paper molt important. <\/strong>A m\u00e9s l&#8217;alumne assenta els coneixements i sap com realitzar les funcions que se li ensenyen, a difer\u00e8ncia d&#8217;altres estudis en els quals el m\u00e9s important \u00e9s passar un examen te\u00f2ric.<\/p>\n<p>Es tracta d&#8217;una formaci\u00f3 continuada, els cicles de grau mitj\u00e0 et permeten accedir als cicles de grau superior i aquests als graus universitaris de manera que puguis optar pel cam\u00ed que m\u00e9s t&#8217;interessi.<\/p>\n<p>Per a tenir acc\u00e9s a aquesta formaci\u00f3 es necessita tenir el t\u00edtol de Batxillerat o haver aprovat una FP de grau mitj\u00e0<strong>. En la majoria gaireb\u00e9 un 70% de les activitats s\u00f3n pr\u00e0ctiques; la resta \u00e9s formaci\u00f3 conceptual i te\u00f2rica\u201d.<\/strong><\/p>\n<p>En aquests cicles es considera molt important les <strong><a href=\"https:\/\/www.monlau.com\/formacio-professional\/2021\/01\/29\/les-soft-skills-i-com-vencer-a-terminator\/?lang=ca\">Soft Skills<\/a>\u00a0capacitats personals i professionals que els alumnes treballen com a pensament anal\u00edtic, aprenentatge actiu, resoluci\u00f3 de problemes, \u00fas de tecnologies, lideratge\u2026 <\/strong>les quals cada vegada s\u00f3n m\u00e9s considerades per les empreses a l&#8217;hora de seleccionar als candidats. <strong>Rebr\u00e0s un t\u00edtol de t\u00e8cnic o t\u00e8cnic superior que acreditar\u00e0 que tens les capacitats per a poder entrar en el m\u00f3n laboral.<\/strong><\/p>\n<p>Hi ha m\u00e9s de 150 cicles d&#8217;FP, distribu\u00efts en 26 fam\u00edlies professionals que abasten pr\u00e0cticament tots els sectors productius a Espanya: turisme, electricitat, sanitat, desenvolupament d&#8217;aplicacions, inform\u00e0tica\u2026 Per\u00f2 tots tenen un objectiu com\u00fa: oferir un entrenament t\u00e8cnic i pr\u00e0ctic dirigit a la realitat del dia a dia en un lloc de treball.<\/p>\n<p><strong>I encara que es defineix com un pont cap al treball, tamb\u00e9 es pot utilitzar com una via per a continuar estudiant<\/strong>. \u00c9s un cam\u00ed d&#8217;anada i volta que tracta de facilitar a l&#8217;estudiant arribar a \u00a0l&#8217;objectiu al qual aspira.<\/p>\n<p>T&#8217;agradaria estudiar un grau superior per\u00f2 encara no saps quin? A Monlau disposem dels seg\u00fcents graus:<\/p>\n<p><a href=\"https:\/\/www.monlau.com\/formacio-professional\/?post_type=project&#038;p=7501&#038;lang=ca\">Gesti\u00f3 d&#8217;Allotjaments Tur\u00edstics<\/a>, <a href=\"https:\/\/www.monlau.com\/formacio-professional\/cursos\/grau-superior-marketing-publicitat\/?lang=ca\">M\u00e0rqueting i Publicitat,<\/a> <a href=\"https:\/\/www.monlau.com\/formacio-professional\/cursos\/grau-superior-administracio-sistemes-informatics-xarxes-asix\/?lang=ca\">Administraci\u00f3 i Sistemes Inform\u00e0tics i Xarxes (ASIX)<\/a>, <a href=\"https:\/\/www.monlau.com\/formacio-professional\/cursos\/grau-superior-desenvolupament-aplicacions-web-daw\/?lang=ca\">Desenvolupament d&#8217;Aplicacions Web (DAW),<\/a> <a href=\"https:\/\/www.monlau.com\/formacio-professional\/cursos\/grau-superior-desenvolupament-aplicacions-multiplataforma-dam\/?lang=ca\">Desenvolupament d&#8217;aplicacions Multiplataforma<\/a> i <a href=\"https:\/\/www.monlau.com\/formacio-professional\/cursos\/grau-superior-automocio\/?lang=ca\">Automoci\u00f3<\/a> tant presencial com online.<\/p>\n","protected":false},"excerpt":{"rendered":"<p>Un 21.2% de les ofertes de treball del nostre pa\u00eds van dirigides a candidats amb formaci\u00f3 professional. Aquesta \u00e9s una de les raons principals per les quals estudiar una FP, pel seu alt percentatge d&#8217;ocupabilitat, que \u00e9s molt superior al de les carreres universit\u00e0ries. A m\u00e9s, en general el cost dels estudis de formaci\u00f3 professional [&hellip;]<\/p>\n","protected":false},"author":1,"featured_media":3507,"comment_status":"closed","ping_status":"closed","sticky":false,"template":"","format":"standard","meta":{"footnotes":""},"categories":[252,390,256,254,255],"tags":[364,309,391,264,312],"class_list":["post-6212","post","type-post","status-publish","format-standard","has-post-thumbnail","hentry","category-automocio","category-educatiu","category-empresa-i-marqueting","category-hoteleria-i-turisme","category-informatica","tag-alumnes","tag-automocio","tag-estudios-profesionales","tag-formacio-professional","tag-grau-superior"],"yoast_head":"<!-- This site is optimized with the Yoast SEO plugin v27.2 - https:\/\/yoast.com\/product\/yoast-seo-wordpress\/ -->\n<title>La Formaci\u00f3 Professional, la clau del futur laboral - Formaci\u00f3n profesional<\/title>\n<meta name=\"robots\" content=\"index, follow, max-snippet:-1, max-image-preview:large, max-video-preview:-1\" \/>\n<link rel=\"canonical\" href=\"https:\/\/www.monlau.com\/fp\/ca\/2021\/06\/02\/la-formacio-professional-la-clau-del-futur-laboral\/\" \/>\n<meta property=\"og:locale\" content=\"ca_ES\" \/>\n<meta property=\"og:type\" content=\"article\" \/>\n<meta property=\"og:title\" content=\"La Formaci\u00f3 Professional, la clau del futur laboral - Formaci\u00f3n profesional\" \/>\n<meta property=\"og:description\" content=\"Un 21.2% de les ofertes de treball del nostre pa\u00eds van dirigides a candidats amb formaci\u00f3 professional. Aquesta \u00e9s una de les raons principals per les quals estudiar una FP, pel seu alt percentatge d&#8217;ocupabilitat, que \u00e9s molt superior al de les carreres universit\u00e0ries. A m\u00e9s, en general el cost dels estudis de formaci\u00f3 professional [&hellip;]\" \/>\n<meta property=\"og:url\" content=\"https:\/\/www.monlau.com\/fp\/ca\/2021\/06\/02\/la-formacio-professional-la-clau-del-futur-laboral\/\" \/>\n<meta property=\"og:site_name\" content=\"Formaci\u00f3n profesional\" \/>\n<meta property=\"article:published_time\" content=\"2021-06-01T22:00:00+00:00\" \/>\n<meta property=\"article:modified_time\" content=\"2026-03-10T09:03:31+00:00\" \/>\n<meta property=\"og:image\" content=\"https:\/\/www.monlau.com\/app\/uploads\/sites\/3\/2026\/03\/formacio-laboral-CAT-blog.png\" \/>\n\t<meta property=\"og:image:width\" content=\"1080\" \/>\n\t<meta property=\"og:image:height\" content=\"610\" \/>\n\t<meta property=\"og:image:type\" content=\"image\/png\" \/>\n<meta name=\"author\" content=\"adsmurai\" \/>\n<meta name=\"twitter:card\" content=\"summary_large_image\" \/>\n<meta name=\"twitter:label1\" content=\"Escrit per\" \/>\n\t<meta name=\"twitter:data1\" content=\"adsmurai\" \/>\n\t<meta name=\"twitter:label2\" content=\"Temps estimat de lectura\" \/>\n\t<meta name=\"twitter:data2\" content=\"2 minuts\" \/>\n<script type=\"application\/ld+json\" class=\"yoast-schema-graph\">{\"@context\":\"https:\/\/schema.org\",\"@graph\":[{\"@type\":\"Article\",\"@id\":\"https:\/\/www.monlau.com\/fp\/ca\/2021\/06\/02\/la-formacio-professional-la-clau-del-futur-laboral\/#article\",\"isPartOf\":{\"@id\":\"https:\/\/www.monlau.com\/fp\/ca\/2021\/06\/02\/la-formacio-professional-la-clau-del-futur-laboral\/\"},\"author\":{\"name\":\"adsmurai\",\"@id\":\"https:\/\/www.monlau.com\/fp\/ca\/#\/schema\/person\/419cfdf054323e24e0a2ef1d8597f051\"},\"headline\":\"La Formaci\u00f3 Professional, la clau del futur laboral\",\"datePublished\":\"2021-06-01T22:00:00+00:00\",\"dateModified\":\"2026-03-10T09:03:31+00:00\",\"mainEntityOfPage\":{\"@id\":\"https:\/\/www.monlau.com\/fp\/ca\/2021\/06\/02\/la-formacio-professional-la-clau-del-futur-laboral\/\"},\"wordCount\":444,\"publisher\":{\"@id\":\"https:\/\/www.monlau.com\/fp\/ca\/#organization\"},\"image\":{\"@id\":\"https:\/\/www.monlau.com\/fp\/ca\/2021\/06\/02\/la-formacio-professional-la-clau-del-futur-laboral\/#primaryimage\"},\"thumbnailUrl\":\"https:\/\/www.monlau.com\/app\/uploads\/sites\/3\/2026\/03\/formacio-laboral-CAT-blog.png\",\"keywords\":[\"alumnes\",\"Automoci\u00f3\",\"estudios profesionales\",\"formaci\u00f3 professional\",\"Grau Superior\"],\"articleSection\":[\"Automoci\u00f3\",\"Educatiu\",\"Empresa i M\u00e0rqueting\",\"Hoteleria i Turisme\",\"Inform\u00e0tica\"],\"inLanguage\":\"ca\"},{\"@type\":\"WebPage\",\"@id\":\"https:\/\/www.monlau.com\/fp\/ca\/2021\/06\/02\/la-formacio-professional-la-clau-del-futur-laboral\/\",\"url\":\"https:\/\/www.monlau.com\/fp\/ca\/2021\/06\/02\/la-formacio-professional-la-clau-del-futur-laboral\/\",\"name\":\"La Formaci\u00f3 Professional, la clau del futur laboral - Formaci\u00f3n profesional\",\"isPartOf\":{\"@id\":\"https:\/\/www.monlau.com\/fp\/ca\/#website\"},\"primaryImageOfPage\":{\"@id\":\"https:\/\/www.monlau.com\/fp\/ca\/2021\/06\/02\/la-formacio-professional-la-clau-del-futur-laboral\/#primaryimage\"},\"image\":{\"@id\":\"https:\/\/www.monlau.com\/fp\/ca\/2021\/06\/02\/la-formacio-professional-la-clau-del-futur-laboral\/#primaryimage\"},\"thumbnailUrl\":\"https:\/\/www.monlau.com\/app\/uploads\/sites\/3\/2026\/03\/formacio-laboral-CAT-blog.png\",\"datePublished\":\"2021-06-01T22:00:00+00:00\",\"dateModified\":\"2026-03-10T09:03:31+00:00\",\"breadcrumb\":{\"@id\":\"https:\/\/www.monlau.com\/fp\/ca\/2021\/06\/02\/la-formacio-professional-la-clau-del-futur-laboral\/#breadcrumb\"},\"inLanguage\":\"ca\",\"potentialAction\":[{\"@type\":\"ReadAction\",\"target\":[\"https:\/\/www.monlau.com\/fp\/ca\/2021\/06\/02\/la-formacio-professional-la-clau-del-futur-laboral\/\"]}]},{\"@type\":\"ImageObject\",\"inLanguage\":\"ca\",\"@id\":\"https:\/\/www.monlau.com\/fp\/ca\/2021\/06\/02\/la-formacio-professional-la-clau-del-futur-laboral\/#primaryimage\",\"url\":\"https:\/\/www.monlau.com\/app\/uploads\/sites\/3\/2026\/03\/formacio-laboral-CAT-blog.png\",\"contentUrl\":\"https:\/\/www.monlau.com\/app\/uploads\/sites\/3\/2026\/03\/formacio-laboral-CAT-blog.png\",\"width\":1080,\"height\":610},{\"@type\":\"BreadcrumbList\",\"@id\":\"https:\/\/www.monlau.com\/fp\/ca\/2021\/06\/02\/la-formacio-professional-la-clau-del-futur-laboral\/#breadcrumb\",\"itemListElement\":[{\"@type\":\"ListItem\",\"position\":1,\"name\":\"Portada\",\"item\":\"https:\/\/www.monlau.com\/fp\/ca\/inici\/\"},{\"@type\":\"ListItem\",\"position\":2,\"name\":\"La Formaci\u00f3 Professional, la clau del futur laboral\"}]},{\"@type\":\"WebSite\",\"@id\":\"https:\/\/www.monlau.com\/fp\/ca\/#website\",\"url\":\"https:\/\/www.monlau.com\/fp\/ca\/\",\"name\":\"Formaci\u00f3n profesional\",\"description\":\"Monlau\",\"publisher\":{\"@id\":\"https:\/\/www.monlau.com\/fp\/ca\/#organization\"},\"potentialAction\":[{\"@type\":\"SearchAction\",\"target\":{\"@type\":\"EntryPoint\",\"urlTemplate\":\"https:\/\/www.monlau.com\/fp\/ca\/?s={search_term_string}\"},\"query-input\":{\"@type\":\"PropertyValueSpecification\",\"valueRequired\":true,\"valueName\":\"search_term_string\"}}],\"inLanguage\":\"ca\"},{\"@type\":\"Organization\",\"@id\":\"https:\/\/www.monlau.com\/fp\/ca\/#organization\",\"name\":\"Formaci\u00f3n profesional\",\"url\":\"https:\/\/www.monlau.com\/fp\/ca\/\",\"logo\":{\"@type\":\"ImageObject\",\"inLanguage\":\"ca\",\"@id\":\"https:\/\/www.monlau.com\/fp\/ca\/#\/schema\/logo\/image\/\",\"url\":\"https:\/\/www.monlau.com\/app\/uploads\/sites\/3\/2026\/01\/fp.png\",\"contentUrl\":\"https:\/\/www.monlau.com\/app\/uploads\/sites\/3\/2026\/01\/fp.png\",\"width\":1024,\"height\":878,\"caption\":\"Formaci\u00f3n profesional\"},\"image\":{\"@id\":\"https:\/\/www.monlau.com\/fp\/ca\/#\/schema\/logo\/image\/\"}},{\"@type\":\"Person\",\"@id\":\"https:\/\/www.monlau.com\/fp\/ca\/#\/schema\/person\/419cfdf054323e24e0a2ef1d8597f051\",\"name\":\"adsmurai\",\"image\":{\"@type\":\"ImageObject\",\"inLanguage\":\"ca\",\"@id\":\"https:\/\/secure.gravatar.com\/avatar\/0748788578f91786454454fa3b4c295644edb991ad6caadc70b41d26790d38fc?s=96&d=mm&r=g\",\"url\":\"https:\/\/secure.gravatar.com\/avatar\/0748788578f91786454454fa3b4c295644edb991ad6caadc70b41d26790d38fc?s=96&d=mm&r=g\",\"contentUrl\":\"https:\/\/secure.gravatar.com\/avatar\/0748788578f91786454454fa3b4c295644edb991ad6caadc70b41d26790d38fc?s=96&d=mm&r=g\",\"caption\":\"adsmurai\"},\"sameAs\":[\"https:\/\/www.monlau.com\"],\"url\":\"https:\/\/www.monlau.com\/fp\/ca\/author\/adsmurai\/\"}]}<\/script>\n<!-- \/ Yoast SEO plugin. -->","yoast_head_json":{"title":"La Formaci\u00f3 Professional, la clau del futur laboral - Formaci\u00f3n profesional","robots":{"index":"index","follow":"follow","max-snippet":"max-snippet:-1","max-image-preview":"max-image-preview:large","max-video-preview":"max-video-preview:-1"},"canonical":"https:\/\/www.monlau.com\/fp\/ca\/2021\/06\/02\/la-formacio-professional-la-clau-del-futur-laboral\/","og_locale":"ca_ES","og_type":"article","og_title":"La Formaci\u00f3 Professional, la clau del futur laboral - Formaci\u00f3n profesional","og_description":"Un 21.2% de les ofertes de treball del nostre pa\u00eds van dirigides a candidats amb formaci\u00f3 professional. Aquesta \u00e9s una de les raons principals per les quals estudiar una FP, pel seu alt percentatge d&#8217;ocupabilitat, que \u00e9s molt superior al de les carreres universit\u00e0ries. A m\u00e9s, en general el cost dels estudis de formaci\u00f3 professional [&hellip;]","og_url":"https:\/\/www.monlau.com\/fp\/ca\/2021\/06\/02\/la-formacio-professional-la-clau-del-futur-laboral\/","og_site_name":"Formaci\u00f3n profesional","article_published_time":"2021-06-01T22:00:00+00:00","article_modified_time":"2026-03-10T09:03:31+00:00","og_image":[{"width":1080,"height":610,"url":"https:\/\/www.monlau.com\/app\/uploads\/sites\/3\/2026\/03\/formacio-laboral-CAT-blog.png","type":"image\/png"}],"author":"adsmurai","twitter_card":"summary_large_image","twitter_misc":{"Escrit per":"adsmurai","Temps estimat de lectura":"2 minuts"},"schema":{"@context":"https:\/\/schema.org","@graph":[{"@type":"Article","@id":"https:\/\/www.monlau.com\/fp\/ca\/2021\/06\/02\/la-formacio-professional-la-clau-del-futur-laboral\/#article","isPartOf":{"@id":"https:\/\/www.monlau.com\/fp\/ca\/2021\/06\/02\/la-formacio-professional-la-clau-del-futur-laboral\/"},"author":{"name":"adsmurai","@id":"https:\/\/www.monlau.com\/fp\/ca\/#\/schema\/person\/419cfdf054323e24e0a2ef1d8597f051"},"headline":"La Formaci\u00f3 Professional, la clau del futur laboral","datePublished":"2021-06-01T22:00:00+00:00","dateModified":"2026-03-10T09:03:31+00:00","mainEntityOfPage":{"@id":"https:\/\/www.monlau.com\/fp\/ca\/2021\/06\/02\/la-formacio-professional-la-clau-del-futur-laboral\/"},"wordCount":444,"publisher":{"@id":"https:\/\/www.monlau.com\/fp\/ca\/#organization"},"image":{"@id":"https:\/\/www.monlau.com\/fp\/ca\/2021\/06\/02\/la-formacio-professional-la-clau-del-futur-laboral\/#primaryimage"},"thumbnailUrl":"https:\/\/www.monlau.com\/app\/uploads\/sites\/3\/2026\/03\/formacio-laboral-CAT-blog.png","keywords":["alumnes","Automoci\u00f3","estudios profesionales","formaci\u00f3 professional","Grau Superior"],"articleSection":["Automoci\u00f3","Educatiu","Empresa i M\u00e0rqueting","Hoteleria i Turisme","Inform\u00e0tica"],"inLanguage":"ca"},{"@type":"WebPage","@id":"https:\/\/www.monlau.com\/fp\/ca\/2021\/06\/02\/la-formacio-professional-la-clau-del-futur-laboral\/","url":"https:\/\/www.monlau.com\/fp\/ca\/2021\/06\/02\/la-formacio-professional-la-clau-del-futur-laboral\/","name":"La Formaci\u00f3 Professional, la clau del futur laboral - Formaci\u00f3n profesional","isPartOf":{"@id":"https:\/\/www.monlau.com\/fp\/ca\/#website"},"primaryImageOfPage":{"@id":"https:\/\/www.monlau.com\/fp\/ca\/2021\/06\/02\/la-formacio-professional-la-clau-del-futur-laboral\/#primaryimage"},"image":{"@id":"https:\/\/www.monlau.com\/fp\/ca\/2021\/06\/02\/la-formacio-professional-la-clau-del-futur-laboral\/#primaryimage"},"thumbnailUrl":"https:\/\/www.monlau.com\/app\/uploads\/sites\/3\/2026\/03\/formacio-laboral-CAT-blog.png","datePublished":"2021-06-01T22:00:00+00:00","dateModified":"2026-03-10T09:03:31+00:00","breadcrumb":{"@id":"https:\/\/www.monlau.com\/fp\/ca\/2021\/06\/02\/la-formacio-professional-la-clau-del-futur-laboral\/#breadcrumb"},"inLanguage":"ca","potentialAction":[{"@type":"ReadAction","target":["https:\/\/www.monlau.com\/fp\/ca\/2021\/06\/02\/la-formacio-professional-la-clau-del-futur-laboral\/"]}]},{"@type":"ImageObject","inLanguage":"ca","@id":"https:\/\/www.monlau.com\/fp\/ca\/2021\/06\/02\/la-formacio-professional-la-clau-del-futur-laboral\/#primaryimage","url":"https:\/\/www.monlau.com\/app\/uploads\/sites\/3\/2026\/03\/formacio-laboral-CAT-blog.png","contentUrl":"https:\/\/www.monlau.com\/app\/uploads\/sites\/3\/2026\/03\/formacio-laboral-CAT-blog.png","width":1080,"height":610},{"@type":"BreadcrumbList","@id":"https:\/\/www.monlau.com\/fp\/ca\/2021\/06\/02\/la-formacio-professional-la-clau-del-futur-laboral\/#breadcrumb","itemListElement":[{"@type":"ListItem","position":1,"name":"Portada","item":"https:\/\/www.monlau.com\/fp\/ca\/inici\/"},{"@type":"ListItem","position":2,"name":"La Formaci\u00f3 Professional, la clau del futur laboral"}]},{"@type":"WebSite","@id":"https:\/\/www.monlau.com\/fp\/ca\/#website","url":"https:\/\/www.monlau.com\/fp\/ca\/","name":"Formaci\u00f3n profesional","description":"Monlau","publisher":{"@id":"https:\/\/www.monlau.com\/fp\/ca\/#organization"},"potentialAction":[{"@type":"SearchAction","target":{"@type":"EntryPoint","urlTemplate":"https:\/\/www.monlau.com\/fp\/ca\/?s={search_term_string}"},"query-input":{"@type":"PropertyValueSpecification","valueRequired":true,"valueName":"search_term_string"}}],"inLanguage":"ca"},{"@type":"Organization","@id":"https:\/\/www.monlau.com\/fp\/ca\/#organization","name":"Formaci\u00f3n profesional","url":"https:\/\/www.monlau.com\/fp\/ca\/","logo":{"@type":"ImageObject","inLanguage":"ca","@id":"https:\/\/www.monlau.com\/fp\/ca\/#\/schema\/logo\/image\/","url":"https:\/\/www.monlau.com\/app\/uploads\/sites\/3\/2026\/01\/fp.png","contentUrl":"https:\/\/www.monlau.com\/app\/uploads\/sites\/3\/2026\/01\/fp.png","width":1024,"height":878,"caption":"Formaci\u00f3n profesional"},"image":{"@id":"https:\/\/www.monlau.com\/fp\/ca\/#\/schema\/logo\/image\/"}},{"@type":"Person","@id":"https:\/\/www.monlau.com\/fp\/ca\/#\/schema\/person\/419cfdf054323e24e0a2ef1d8597f051","name":"adsmurai","image":{"@type":"ImageObject","inLanguage":"ca","@id":"https:\/\/secure.gravatar.com\/avatar\/0748788578f91786454454fa3b4c295644edb991ad6caadc70b41d26790d38fc?s=96&d=mm&r=g","url":"https:\/\/secure.gravatar.com\/avatar\/0748788578f91786454454fa3b4c295644edb991ad6caadc70b41d26790d38fc?s=96&d=mm&r=g","contentUrl":"https:\/\/secure.gravatar.com\/avatar\/0748788578f91786454454fa3b4c295644edb991ad6caadc70b41d26790d38fc?s=96&d=mm&r=g","caption":"adsmurai"},"sameAs":["https:\/\/www.monlau.com"],"url":"https:\/\/www.monlau.com\/fp\/ca\/author\/adsmurai\/"}]}},"_links":{"self":[{"href":"https:\/\/www.monlau.com\/fp\/ca\/wp-json\/wp\/v2\/posts\/6212","targetHints":{"allow":["GET"]}}],"collection":[{"href":"https:\/\/www.monlau.com\/fp\/ca\/wp-json\/wp\/v2\/posts"}],"about":[{"href":"https:\/\/www.monlau.com\/fp\/ca\/wp-json\/wp\/v2\/types\/post"}],"author":[{"embeddable":true,"href":"https:\/\/www.monlau.com\/fp\/ca\/wp-json\/wp\/v2\/users\/1"}],"replies":[{"embeddable":true,"href":"https:\/\/www.monlau.com\/fp\/ca\/wp-json\/wp\/v2\/comments?post=6212"}],"version-history":[{"count":1,"href":"https:\/\/www.monlau.com\/fp\/ca\/wp-json\/wp\/v2\/posts\/6212\/revisions"}],"predecessor-version":[{"id":6443,"href":"https:\/\/www.monlau.com\/fp\/ca\/wp-json\/wp\/v2\/posts\/6212\/revisions\/6443"}],"wp:featuredmedia":[{"embeddable":true,"href":"https:\/\/www.monlau.com\/fp\/ca\/wp-json\/wp\/v2\/media\/3507"}],"wp:attachment":[{"href":"https:\/\/www.monlau.com\/fp\/ca\/wp-json\/wp\/v2\/media?parent=6212"}],"wp:term":[{"taxonomy":"category","embeddable":true,"href":"https:\/\/www.monlau.com\/fp\/ca\/wp-json\/wp\/v2\/categories?post=6212"},{"taxonomy":"post_tag","embeddable":true,"href":"https:\/\/www.monlau.com\/fp\/ca\/wp-json\/wp\/v2\/tags?post=6212"}],"curies":[{"name":"wp","href":"https:\/\/api.w.org\/{rel}","templated":true}]}}