{"id":6203,"date":"2021-05-10T00:00:00","date_gmt":"2021-05-09T22:00:00","guid":{"rendered":"https:\/\/www.monlau.com\/formacion-profesional\/gestio-administrativa-el-grau-mitja-amb-mes-insercio-laboral\/"},"modified":"2026-03-10T10:03:32","modified_gmt":"2026-03-10T09:03:32","slug":"gestio-administrativa-el-grau-mitja-amb-mes-insercio-laboral","status":"publish","type":"post","link":"https:\/\/www.monlau.com\/fp\/ca\/2021\/05\/10\/gestio-administrativa-el-grau-mitja-amb-mes-insercio-laboral\/","title":{"rendered":"Gesti\u00f3 Administrativa, el Grau Mitj\u00e0 amb m\u00e9s inserci\u00f3 laboral"},"content":{"rendered":"<p style=\"text-align: center\"><strong>La formaci\u00f3 professional \u00e9s el nivell d&#8217;estudis que a Espanya genera una major demanda laboral. Actualment aconsegueix la xifra del 42,2%, 4 punts per sobre dels titulats universitaris.<\/strong> En el cas dels Graus Mitjans, a m\u00e9s, la taxa de desocupaci\u00f3 dels joves amb aquest nivell d&#8217;estudis \u00e9s tres vegades menor que la resta.<\/p>\n<p>Davant aquestes dades, quan ens interessem per la formaci\u00f3 \u00e9s important que coneguem la situaci\u00f3 en la qual es troba el seu mercat laboral. La titulaci\u00f3 <strong>de gesti\u00f3 administrativa \u00e9s una de les professions amb m\u00e9s demanda en el mercat<\/strong>, amb m\u00e9s de 160.000 contractes en l&#8217;any passat.<\/p>\n<p>Els estudis de <a href=\"https:\/\/www.monlau.com\/formacio-professional\/cursos\/grau-mitja-gestio-administrativa\/?lang=ca\"><strong>Gesti\u00f3 Administrativa<\/strong><\/a> a Monlau s&#8217;adapten perfectament a les teves necessitats ja que pot estudiar en <strong>modalitat presencial online<\/strong>, perqu\u00e8 puguis organitzar-te de la millor manera possible. Els nostres alumnes reben molta formaci\u00f3 pr\u00e0ctica i tenen <strong>una presa de contacte directe amb el m\u00f3n laboral ja que utilitzen els mateixos programes que les empreses, com Factusol o Contasol<\/strong>, amb els quals realitzen la facturaci\u00f3 <strong>i realitzen una simulaci\u00f3 d&#8217;una empresa real.<\/strong><\/p>\n<p>Per\u00f2 anem al que m\u00e9s ens interessa, les sortides professionals que ofereix aquesta formaci\u00f3 administrativa:<\/p>\n<ul>\n<li>Auxiliar administratiu d&#8217;oficina, comercial, financer, comptable, log\u00edstic, segurs, recursos humans i\/o administraci\u00f3 p\u00fablica.<\/li>\n<li>Atenci\u00f3 al client<\/li>\n<li>Recepci\u00f3 i ajudant d&#8217;oficina<\/li>\n<li>Tresoreria i m\u00e8todes de pagament<\/li>\n<\/ul>\n<p><strong>On podr\u00e9 treballar?<\/strong><\/p>\n<ul>\n<li>Banca i finances<\/li>\n<li>Comer\u00e7<\/li>\n<li>Serveis per a empreses<\/li>\n<li>Departament administratiu i\/o comptable de qualsevol sector<\/li>\n<li>Turisme i hostaleria<\/li>\n<\/ul>\n<p>A m\u00e9s, durant el primer any estudies mat\u00e8ries com:<\/p>\n<p>Comunicaci\u00f3 empresarial i servei al client, Administraci\u00f3 de compra i venda, Inform\u00e0tica, Suport administratiu, Empresa, fiscalitat, emprenedoria i AAPP, M\u00e0rqueting i publicitat i t\u00e8cniques de venda.<strong> Pots veure m\u00e9s en profunditat la metodologia que utilitzem per a ensenyar assignatures com a <a href=\"https:\/\/www.monlau.com\/formacio-professional\/2021\/03\/11\/que-es-fa-a-compra-venda-elena-de-la-mota\/?lang=ca\">Compra-Venda<\/a><\/strong>.<\/p>\n<p><strong>Algunes de les assignatures destacades del segon any s\u00f3n Recursos Humans, Tresoreria, finances i assegurances, Angl\u00e8s i simulaci\u00f3 de negocis.<\/strong><\/p>\n<p>Confiem en la import\u00e0ncia de tenir un bon domini de lleng\u00fces i \u00e9s per aix\u00f2 que <strong>comptem amb un programa internacional d&#8217;Erasmus per Europa per a practicar angl\u00e8s i fer pr\u00e0ctiques en empreses internacionals<\/strong>. Realitzem seminaris de professionals en els quals col\u00b7laboren professionals del sector en actiu amb la formaci\u00f3 dels nostres alumnes.<\/p>\n<p>Una vegada acabat el cicle formatiu de grau mitj\u00e0 en Gesti\u00f3 Administrativa, podr\u00e0s endinsar-te en el m\u00f3n laboral o continuar estudiant<\/p>\n<p>en el nostre <strong><a href=\"https:\/\/www.monlau.com\/formacio-professional\/cursos\/grau-superior-marketing-publicitat\/?lang=ca\">Grau Superior en M\u00e0rqueting i Publicitat <\/a><\/strong>o<a href=\"https:\/\/www.monlau.com\/formacio-professional\/?post_type=project&#038;p=7501&#038;lang=ca\"><strong> Grau Superior en Gesti\u00f3 d&#8217;Allotjaments Tur\u00edstics. <\/strong><\/a><\/p>\n<p><strong>\u00a0<\/strong><\/p>\n<h3>\u00a0<\/h3>\n<h3>Vols m\u00e9s informaci\u00f3?<\/h3>\n<p>Si aquestes interessat a rebre m\u00e9s informaci\u00f3 sobre el cicle formatiu de grau mitj\u00e0 de gesti\u00f3<\/p>\n<p>administrativa, emplena el seg\u00fcent formulari i contactarem amb tu al m\u00e9s aviat possible<\/p>\n<p>per a resoldre els teus dubtes.<\/p>\n<p>[contact-form-7 id=&#8221;8551&#8243; title=&#8221;Informaci\u00f3 general CAT&#8221;]<\/p>\n","protected":false},"excerpt":{"rendered":"<p>La formaci\u00f3 professional \u00e9s el nivell d&#8217;estudis que a Espanya genera una major demanda laboral. Actualment aconsegueix la xifra del 42,2%, 4 punts per sobre dels titulats universitaris. En el cas dels Graus Mitjans, a m\u00e9s, la taxa de desocupaci\u00f3 dels joves amb aquest nivell d&#8217;estudis \u00e9s tres vegades menor que la resta. Davant aquestes [&hellip;]<\/p>\n","protected":false},"author":1,"featured_media":3492,"comment_status":"closed","ping_status":"closed","sticky":false,"template":"","format":"standard","meta":{"footnotes":""},"categories":[256],"tags":[364,391,386,264,262,263,312,320,297,281],"class_list":["post-6203","post","type-post","status-publish","format-standard","has-post-thumbnail","hentry","category-empresa-i-marqueting","tag-alumnes","tag-estudios-profesionales","tag-estudis-professionals","tag-formacio-professional","tag-futur","tag-grau-mitja","tag-grau-superior","tag-insercio-laboral","tag-mon-laboral","tag-monlau"],"yoast_head":"<!-- This site is optimized with the Yoast SEO plugin v27.2 - https:\/\/yoast.com\/product\/yoast-seo-wordpress\/ -->\n<title>Gesti\u00f3 Administrativa, el Grau Mitj\u00e0 amb m\u00e9s inserci\u00f3 laboral - Formaci\u00f3n profesional<\/title>\n<meta name=\"robots\" content=\"index, follow, max-snippet:-1, max-image-preview:large, max-video-preview:-1\" \/>\n<link rel=\"canonical\" href=\"https:\/\/www.monlau.com\/fp\/ca\/2021\/05\/10\/gestio-administrativa-el-grau-mitja-amb-mes-insercio-laboral\/\" \/>\n<meta property=\"og:locale\" content=\"ca_ES\" \/>\n<meta property=\"og:type\" content=\"article\" \/>\n<meta property=\"og:title\" content=\"Gesti\u00f3 Administrativa, el Grau Mitj\u00e0 amb m\u00e9s inserci\u00f3 laboral - Formaci\u00f3n profesional\" \/>\n<meta property=\"og:description\" content=\"La formaci\u00f3 professional \u00e9s el nivell d&#8217;estudis que a Espanya genera una major demanda laboral. Actualment aconsegueix la xifra del 42,2%, 4 punts per sobre dels titulats universitaris. En el cas dels Graus Mitjans, a m\u00e9s, la taxa de desocupaci\u00f3 dels joves amb aquest nivell d&#8217;estudis \u00e9s tres vegades menor que la resta. Davant aquestes [&hellip;]\" \/>\n<meta property=\"og:url\" content=\"https:\/\/www.monlau.com\/fp\/ca\/2021\/05\/10\/gestio-administrativa-el-grau-mitja-amb-mes-insercio-laboral\/\" \/>\n<meta property=\"og:site_name\" content=\"Formaci\u00f3n profesional\" \/>\n<meta property=\"article:published_time\" content=\"2021-05-09T22:00:00+00:00\" \/>\n<meta property=\"article:modified_time\" content=\"2026-03-10T09:03:32+00:00\" \/>\n<meta property=\"og:image\" content=\"https:\/\/www.monlau.com\/app\/uploads\/sites\/3\/2026\/03\/Gestion-Administrativa-BLOG-CAT.jpg\" \/>\n\t<meta property=\"og:image:width\" content=\"1080\" \/>\n\t<meta property=\"og:image:height\" content=\"610\" \/>\n\t<meta property=\"og:image:type\" content=\"image\/jpeg\" \/>\n<meta name=\"author\" content=\"adsmurai\" \/>\n<meta name=\"twitter:card\" content=\"summary_large_image\" \/>\n<meta name=\"twitter:label1\" content=\"Escrit per\" \/>\n\t<meta name=\"twitter:data1\" content=\"adsmurai\" \/>\n\t<meta name=\"twitter:label2\" content=\"Temps estimat de lectura\" \/>\n\t<meta name=\"twitter:data2\" content=\"2 minuts\" \/>\n<script type=\"application\/ld+json\" class=\"yoast-schema-graph\">{\"@context\":\"https:\/\/schema.org\",\"@graph\":[{\"@type\":\"Article\",\"@id\":\"https:\/\/www.monlau.com\/fp\/ca\/2021\/05\/10\/gestio-administrativa-el-grau-mitja-amb-mes-insercio-laboral\/#article\",\"isPartOf\":{\"@id\":\"https:\/\/www.monlau.com\/fp\/ca\/2021\/05\/10\/gestio-administrativa-el-grau-mitja-amb-mes-insercio-laboral\/\"},\"author\":{\"name\":\"adsmurai\",\"@id\":\"https:\/\/www.monlau.com\/fp\/ca\/#\/schema\/person\/419cfdf054323e24e0a2ef1d8597f051\"},\"headline\":\"Gesti\u00f3 Administrativa, el Grau Mitj\u00e0 amb m\u00e9s inserci\u00f3 laboral\",\"datePublished\":\"2021-05-09T22:00:00+00:00\",\"dateModified\":\"2026-03-10T09:03:32+00:00\",\"mainEntityOfPage\":{\"@id\":\"https:\/\/www.monlau.com\/fp\/ca\/2021\/05\/10\/gestio-administrativa-el-grau-mitja-amb-mes-insercio-laboral\/\"},\"wordCount\":488,\"publisher\":{\"@id\":\"https:\/\/www.monlau.com\/fp\/ca\/#organization\"},\"image\":{\"@id\":\"https:\/\/www.monlau.com\/fp\/ca\/2021\/05\/10\/gestio-administrativa-el-grau-mitja-amb-mes-insercio-laboral\/#primaryimage\"},\"thumbnailUrl\":\"https:\/\/www.monlau.com\/app\/uploads\/sites\/3\/2026\/03\/Gestion-Administrativa-BLOG-CAT.jpg\",\"keywords\":[\"alumnes\",\"estudios profesionales\",\"estudis professionals\",\"formaci\u00f3 professional\",\"Futur\",\"Grau Mitj\u00e0\",\"Grau Superior\",\"Inserci\u00f3 laboral\",\"m\u00f3n laboral\",\"Monlau\"],\"articleSection\":[\"Empresa i M\u00e0rqueting\"],\"inLanguage\":\"ca\"},{\"@type\":\"WebPage\",\"@id\":\"https:\/\/www.monlau.com\/fp\/ca\/2021\/05\/10\/gestio-administrativa-el-grau-mitja-amb-mes-insercio-laboral\/\",\"url\":\"https:\/\/www.monlau.com\/fp\/ca\/2021\/05\/10\/gestio-administrativa-el-grau-mitja-amb-mes-insercio-laboral\/\",\"name\":\"Gesti\u00f3 Administrativa, el Grau Mitj\u00e0 amb m\u00e9s inserci\u00f3 laboral - Formaci\u00f3n profesional\",\"isPartOf\":{\"@id\":\"https:\/\/www.monlau.com\/fp\/ca\/#website\"},\"primaryImageOfPage\":{\"@id\":\"https:\/\/www.monlau.com\/fp\/ca\/2021\/05\/10\/gestio-administrativa-el-grau-mitja-amb-mes-insercio-laboral\/#primaryimage\"},\"image\":{\"@id\":\"https:\/\/www.monlau.com\/fp\/ca\/2021\/05\/10\/gestio-administrativa-el-grau-mitja-amb-mes-insercio-laboral\/#primaryimage\"},\"thumbnailUrl\":\"https:\/\/www.monlau.com\/app\/uploads\/sites\/3\/2026\/03\/Gestion-Administrativa-BLOG-CAT.jpg\",\"datePublished\":\"2021-05-09T22:00:00+00:00\",\"dateModified\":\"2026-03-10T09:03:32+00:00\",\"breadcrumb\":{\"@id\":\"https:\/\/www.monlau.com\/fp\/ca\/2021\/05\/10\/gestio-administrativa-el-grau-mitja-amb-mes-insercio-laboral\/#breadcrumb\"},\"inLanguage\":\"ca\",\"potentialAction\":[{\"@type\":\"ReadAction\",\"target\":[\"https:\/\/www.monlau.com\/fp\/ca\/2021\/05\/10\/gestio-administrativa-el-grau-mitja-amb-mes-insercio-laboral\/\"]}]},{\"@type\":\"ImageObject\",\"inLanguage\":\"ca\",\"@id\":\"https:\/\/www.monlau.com\/fp\/ca\/2021\/05\/10\/gestio-administrativa-el-grau-mitja-amb-mes-insercio-laboral\/#primaryimage\",\"url\":\"https:\/\/www.monlau.com\/app\/uploads\/sites\/3\/2026\/03\/Gestion-Administrativa-BLOG-CAT.jpg\",\"contentUrl\":\"https:\/\/www.monlau.com\/app\/uploads\/sites\/3\/2026\/03\/Gestion-Administrativa-BLOG-CAT.jpg\",\"width\":1080,\"height\":610},{\"@type\":\"BreadcrumbList\",\"@id\":\"https:\/\/www.monlau.com\/fp\/ca\/2021\/05\/10\/gestio-administrativa-el-grau-mitja-amb-mes-insercio-laboral\/#breadcrumb\",\"itemListElement\":[{\"@type\":\"ListItem\",\"position\":1,\"name\":\"Portada\",\"item\":\"https:\/\/www.monlau.com\/fp\/ca\/inici\/\"},{\"@type\":\"ListItem\",\"position\":2,\"name\":\"Gesti\u00f3 Administrativa, el Grau Mitj\u00e0 amb m\u00e9s inserci\u00f3 laboral\"}]},{\"@type\":\"WebSite\",\"@id\":\"https:\/\/www.monlau.com\/fp\/ca\/#website\",\"url\":\"https:\/\/www.monlau.com\/fp\/ca\/\",\"name\":\"Formaci\u00f3n profesional\",\"description\":\"Monlau\",\"publisher\":{\"@id\":\"https:\/\/www.monlau.com\/fp\/ca\/#organization\"},\"potentialAction\":[{\"@type\":\"SearchAction\",\"target\":{\"@type\":\"EntryPoint\",\"urlTemplate\":\"https:\/\/www.monlau.com\/fp\/ca\/?s={search_term_string}\"},\"query-input\":{\"@type\":\"PropertyValueSpecification\",\"valueRequired\":true,\"valueName\":\"search_term_string\"}}],\"inLanguage\":\"ca\"},{\"@type\":\"Organization\",\"@id\":\"https:\/\/www.monlau.com\/fp\/ca\/#organization\",\"name\":\"Formaci\u00f3n profesional\",\"url\":\"https:\/\/www.monlau.com\/fp\/ca\/\",\"logo\":{\"@type\":\"ImageObject\",\"inLanguage\":\"ca\",\"@id\":\"https:\/\/www.monlau.com\/fp\/ca\/#\/schema\/logo\/image\/\",\"url\":\"https:\/\/www.monlau.com\/app\/uploads\/sites\/3\/2026\/01\/fp.png\",\"contentUrl\":\"https:\/\/www.monlau.com\/app\/uploads\/sites\/3\/2026\/01\/fp.png\",\"width\":1024,\"height\":878,\"caption\":\"Formaci\u00f3n profesional\"},\"image\":{\"@id\":\"https:\/\/www.monlau.com\/fp\/ca\/#\/schema\/logo\/image\/\"}},{\"@type\":\"Person\",\"@id\":\"https:\/\/www.monlau.com\/fp\/ca\/#\/schema\/person\/419cfdf054323e24e0a2ef1d8597f051\",\"name\":\"adsmurai\",\"image\":{\"@type\":\"ImageObject\",\"inLanguage\":\"ca\",\"@id\":\"https:\/\/secure.gravatar.com\/avatar\/0748788578f91786454454fa3b4c295644edb991ad6caadc70b41d26790d38fc?s=96&d=mm&r=g\",\"url\":\"https:\/\/secure.gravatar.com\/avatar\/0748788578f91786454454fa3b4c295644edb991ad6caadc70b41d26790d38fc?s=96&d=mm&r=g\",\"contentUrl\":\"https:\/\/secure.gravatar.com\/avatar\/0748788578f91786454454fa3b4c295644edb991ad6caadc70b41d26790d38fc?s=96&d=mm&r=g\",\"caption\":\"adsmurai\"},\"sameAs\":[\"https:\/\/www.monlau.com\"],\"url\":\"https:\/\/www.monlau.com\/fp\/ca\/author\/adsmurai\/\"}]}<\/script>\n<!-- \/ Yoast SEO plugin. -->","yoast_head_json":{"title":"Gesti\u00f3 Administrativa, el Grau Mitj\u00e0 amb m\u00e9s inserci\u00f3 laboral - Formaci\u00f3n profesional","robots":{"index":"index","follow":"follow","max-snippet":"max-snippet:-1","max-image-preview":"max-image-preview:large","max-video-preview":"max-video-preview:-1"},"canonical":"https:\/\/www.monlau.com\/fp\/ca\/2021\/05\/10\/gestio-administrativa-el-grau-mitja-amb-mes-insercio-laboral\/","og_locale":"ca_ES","og_type":"article","og_title":"Gesti\u00f3 Administrativa, el Grau Mitj\u00e0 amb m\u00e9s inserci\u00f3 laboral - Formaci\u00f3n profesional","og_description":"La formaci\u00f3 professional \u00e9s el nivell d&#8217;estudis que a Espanya genera una major demanda laboral. Actualment aconsegueix la xifra del 42,2%, 4 punts per sobre dels titulats universitaris. En el cas dels Graus Mitjans, a m\u00e9s, la taxa de desocupaci\u00f3 dels joves amb aquest nivell d&#8217;estudis \u00e9s tres vegades menor que la resta. Davant aquestes [&hellip;]","og_url":"https:\/\/www.monlau.com\/fp\/ca\/2021\/05\/10\/gestio-administrativa-el-grau-mitja-amb-mes-insercio-laboral\/","og_site_name":"Formaci\u00f3n profesional","article_published_time":"2021-05-09T22:00:00+00:00","article_modified_time":"2026-03-10T09:03:32+00:00","og_image":[{"width":1080,"height":610,"url":"https:\/\/www.monlau.com\/app\/uploads\/sites\/3\/2026\/03\/Gestion-Administrativa-BLOG-CAT.jpg","type":"image\/jpeg"}],"author":"adsmurai","twitter_card":"summary_large_image","twitter_misc":{"Escrit per":"adsmurai","Temps estimat de lectura":"2 minuts"},"schema":{"@context":"https:\/\/schema.org","@graph":[{"@type":"Article","@id":"https:\/\/www.monlau.com\/fp\/ca\/2021\/05\/10\/gestio-administrativa-el-grau-mitja-amb-mes-insercio-laboral\/#article","isPartOf":{"@id":"https:\/\/www.monlau.com\/fp\/ca\/2021\/05\/10\/gestio-administrativa-el-grau-mitja-amb-mes-insercio-laboral\/"},"author":{"name":"adsmurai","@id":"https:\/\/www.monlau.com\/fp\/ca\/#\/schema\/person\/419cfdf054323e24e0a2ef1d8597f051"},"headline":"Gesti\u00f3 Administrativa, el Grau Mitj\u00e0 amb m\u00e9s inserci\u00f3 laboral","datePublished":"2021-05-09T22:00:00+00:00","dateModified":"2026-03-10T09:03:32+00:00","mainEntityOfPage":{"@id":"https:\/\/www.monlau.com\/fp\/ca\/2021\/05\/10\/gestio-administrativa-el-grau-mitja-amb-mes-insercio-laboral\/"},"wordCount":488,"publisher":{"@id":"https:\/\/www.monlau.com\/fp\/ca\/#organization"},"image":{"@id":"https:\/\/www.monlau.com\/fp\/ca\/2021\/05\/10\/gestio-administrativa-el-grau-mitja-amb-mes-insercio-laboral\/#primaryimage"},"thumbnailUrl":"https:\/\/www.monlau.com\/app\/uploads\/sites\/3\/2026\/03\/Gestion-Administrativa-BLOG-CAT.jpg","keywords":["alumnes","estudios profesionales","estudis professionals","formaci\u00f3 professional","Futur","Grau Mitj\u00e0","Grau Superior","Inserci\u00f3 laboral","m\u00f3n laboral","Monlau"],"articleSection":["Empresa i M\u00e0rqueting"],"inLanguage":"ca"},{"@type":"WebPage","@id":"https:\/\/www.monlau.com\/fp\/ca\/2021\/05\/10\/gestio-administrativa-el-grau-mitja-amb-mes-insercio-laboral\/","url":"https:\/\/www.monlau.com\/fp\/ca\/2021\/05\/10\/gestio-administrativa-el-grau-mitja-amb-mes-insercio-laboral\/","name":"Gesti\u00f3 Administrativa, el Grau Mitj\u00e0 amb m\u00e9s inserci\u00f3 laboral - Formaci\u00f3n profesional","isPartOf":{"@id":"https:\/\/www.monlau.com\/fp\/ca\/#website"},"primaryImageOfPage":{"@id":"https:\/\/www.monlau.com\/fp\/ca\/2021\/05\/10\/gestio-administrativa-el-grau-mitja-amb-mes-insercio-laboral\/#primaryimage"},"image":{"@id":"https:\/\/www.monlau.com\/fp\/ca\/2021\/05\/10\/gestio-administrativa-el-grau-mitja-amb-mes-insercio-laboral\/#primaryimage"},"thumbnailUrl":"https:\/\/www.monlau.com\/app\/uploads\/sites\/3\/2026\/03\/Gestion-Administrativa-BLOG-CAT.jpg","datePublished":"2021-05-09T22:00:00+00:00","dateModified":"2026-03-10T09:03:32+00:00","breadcrumb":{"@id":"https:\/\/www.monlau.com\/fp\/ca\/2021\/05\/10\/gestio-administrativa-el-grau-mitja-amb-mes-insercio-laboral\/#breadcrumb"},"inLanguage":"ca","potentialAction":[{"@type":"ReadAction","target":["https:\/\/www.monlau.com\/fp\/ca\/2021\/05\/10\/gestio-administrativa-el-grau-mitja-amb-mes-insercio-laboral\/"]}]},{"@type":"ImageObject","inLanguage":"ca","@id":"https:\/\/www.monlau.com\/fp\/ca\/2021\/05\/10\/gestio-administrativa-el-grau-mitja-amb-mes-insercio-laboral\/#primaryimage","url":"https:\/\/www.monlau.com\/app\/uploads\/sites\/3\/2026\/03\/Gestion-Administrativa-BLOG-CAT.jpg","contentUrl":"https:\/\/www.monlau.com\/app\/uploads\/sites\/3\/2026\/03\/Gestion-Administrativa-BLOG-CAT.jpg","width":1080,"height":610},{"@type":"BreadcrumbList","@id":"https:\/\/www.monlau.com\/fp\/ca\/2021\/05\/10\/gestio-administrativa-el-grau-mitja-amb-mes-insercio-laboral\/#breadcrumb","itemListElement":[{"@type":"ListItem","position":1,"name":"Portada","item":"https:\/\/www.monlau.com\/fp\/ca\/inici\/"},{"@type":"ListItem","position":2,"name":"Gesti\u00f3 Administrativa, el Grau Mitj\u00e0 amb m\u00e9s inserci\u00f3 laboral"}]},{"@type":"WebSite","@id":"https:\/\/www.monlau.com\/fp\/ca\/#website","url":"https:\/\/www.monlau.com\/fp\/ca\/","name":"Formaci\u00f3n profesional","description":"Monlau","publisher":{"@id":"https:\/\/www.monlau.com\/fp\/ca\/#organization"},"potentialAction":[{"@type":"SearchAction","target":{"@type":"EntryPoint","urlTemplate":"https:\/\/www.monlau.com\/fp\/ca\/?s={search_term_string}"},"query-input":{"@type":"PropertyValueSpecification","valueRequired":true,"valueName":"search_term_string"}}],"inLanguage":"ca"},{"@type":"Organization","@id":"https:\/\/www.monlau.com\/fp\/ca\/#organization","name":"Formaci\u00f3n profesional","url":"https:\/\/www.monlau.com\/fp\/ca\/","logo":{"@type":"ImageObject","inLanguage":"ca","@id":"https:\/\/www.monlau.com\/fp\/ca\/#\/schema\/logo\/image\/","url":"https:\/\/www.monlau.com\/app\/uploads\/sites\/3\/2026\/01\/fp.png","contentUrl":"https:\/\/www.monlau.com\/app\/uploads\/sites\/3\/2026\/01\/fp.png","width":1024,"height":878,"caption":"Formaci\u00f3n profesional"},"image":{"@id":"https:\/\/www.monlau.com\/fp\/ca\/#\/schema\/logo\/image\/"}},{"@type":"Person","@id":"https:\/\/www.monlau.com\/fp\/ca\/#\/schema\/person\/419cfdf054323e24e0a2ef1d8597f051","name":"adsmurai","image":{"@type":"ImageObject","inLanguage":"ca","@id":"https:\/\/secure.gravatar.com\/avatar\/0748788578f91786454454fa3b4c295644edb991ad6caadc70b41d26790d38fc?s=96&d=mm&r=g","url":"https:\/\/secure.gravatar.com\/avatar\/0748788578f91786454454fa3b4c295644edb991ad6caadc70b41d26790d38fc?s=96&d=mm&r=g","contentUrl":"https:\/\/secure.gravatar.com\/avatar\/0748788578f91786454454fa3b4c295644edb991ad6caadc70b41d26790d38fc?s=96&d=mm&r=g","caption":"adsmurai"},"sameAs":["https:\/\/www.monlau.com"],"url":"https:\/\/www.monlau.com\/fp\/ca\/author\/adsmurai\/"}]}},"_links":{"self":[{"href":"https:\/\/www.monlau.com\/fp\/ca\/wp-json\/wp\/v2\/posts\/6203","targetHints":{"allow":["GET"]}}],"collection":[{"href":"https:\/\/www.monlau.com\/fp\/ca\/wp-json\/wp\/v2\/posts"}],"about":[{"href":"https:\/\/www.monlau.com\/fp\/ca\/wp-json\/wp\/v2\/types\/post"}],"author":[{"embeddable":true,"href":"https:\/\/www.monlau.com\/fp\/ca\/wp-json\/wp\/v2\/users\/1"}],"replies":[{"embeddable":true,"href":"https:\/\/www.monlau.com\/fp\/ca\/wp-json\/wp\/v2\/comments?post=6203"}],"version-history":[{"count":1,"href":"https:\/\/www.monlau.com\/fp\/ca\/wp-json\/wp\/v2\/posts\/6203\/revisions"}],"predecessor-version":[{"id":6449,"href":"https:\/\/www.monlau.com\/fp\/ca\/wp-json\/wp\/v2\/posts\/6203\/revisions\/6449"}],"wp:featuredmedia":[{"embeddable":true,"href":"https:\/\/www.monlau.com\/fp\/ca\/wp-json\/wp\/v2\/media\/3492"}],"wp:attachment":[{"href":"https:\/\/www.monlau.com\/fp\/ca\/wp-json\/wp\/v2\/media?parent=6203"}],"wp:term":[{"taxonomy":"category","embeddable":true,"href":"https:\/\/www.monlau.com\/fp\/ca\/wp-json\/wp\/v2\/categories?post=6203"},{"taxonomy":"post_tag","embeddable":true,"href":"https:\/\/www.monlau.com\/fp\/ca\/wp-json\/wp\/v2\/tags?post=6203"}],"curies":[{"name":"wp","href":"https:\/\/api.w.org\/{rel}","templated":true}]}}