{"id":6193,"date":"2021-04-22T00:00:00","date_gmt":"2021-04-21T22:00:00","guid":{"rendered":"https:\/\/www.monlau.com\/formacion-profesional\/la-gestio-dallotjaments-turistics-en-practica\/"},"modified":"2026-03-10T10:03:32","modified_gmt":"2026-03-10T09:03:32","slug":"la-gestio-dallotjaments-turistics-en-practica","status":"publish","type":"post","link":"https:\/\/www.monlau.com\/fp\/ca\/2021\/04\/22\/la-gestio-dallotjaments-turistics-en-practica\/","title":{"rendered":"La Gesti\u00f3 d&#8217;Allotjaments tur\u00edstics en pr\u00e0ctica"},"content":{"rendered":"<p>&nbsp;<\/p>\n<p>Ell es David Casanelles, professor i responsable d&#8217;\u00e0rea del <a href=\"https:\/\/www.monlau.com\/formacio-professional\/cursos\/grau-superior-gestio-allotjaments-turistics\/?lang=ca\"><strong><u>Cicle de Grau Superior de Gesti\u00f3 d&#8217;Allotjaments Tur\u00edstics<\/u><\/strong><\/a> i ens explica la metodologia amb la qual ensenyen als alumnes i els avantatges de tenir un hotel propi on aprendre.<\/p>\n<p>&nbsp;<\/p>\n<p><strong>El sector tur\u00edstic<\/strong> com s&#8217;ha demostrat en els \u00faltims anys <strong>\u00e9s un dels pilars principals de l&#8217;economia del nostre pa\u00eds<\/strong>. Un sector que ha tingut la seva r\u00e0pida evoluci\u00f3 i que requereix de professionals amb coneixements t\u00e8cnics i habilitats molt espec\u00edfiques per a donar servei a aquest viatger que \u00e9s cada vegada m\u00e9s exigent.<\/p>\n<p><strong>Comptem amb el nostre propi Hotel, l&#8217;Hotel, Laumon *** (de tres estrelles)<\/strong> que funciona amb visitants de tot el m\u00f3n. S\u00f3n les instal\u00b7lacions perfectes perqu\u00e8 els nostres alumnes puguin executar i practicar els coneixements apresos.<\/p>\n<p>Disposem d&#8217;un <strong>programa internacional d&#8217;Erasmus per a practicar angl\u00e8s per Europa i fer pr\u00e0ctiques en hotels i ag\u00e8ncies internacionals. <\/strong><\/p>\n<p>El nostre cicle d&#8217;allotjaments tur\u00edstics est\u00e0 totalment <strong>a<\/strong>ctualitzat per a proporcionar compet\u00e8ncies t\u00e8cniques i habilitats que necessites per a donar resposta a les exig\u00e8ncies d&#8217;aquest sector on podr\u00e0s comptar amb programes inform\u00e0tics reals que s&#8217;utilitzen en el dia a dia del sector i <strong>podr\u00e0s aprendre les estrat\u00e8gies en Revenue Management o la gesti\u00f3 de preus din\u00e0mics que s&#8217;estan aplicant avui dia en aquest sector tur\u00edstic.<\/strong><\/p>\n<p>Els nostres alumnes estudien assignatures com \u00a0Direcci\u00f3 del Departament de Pisos, M\u00e0rqueting Tur\u00edstic, <strong>Projecte de Gesti\u00f3 d&#8217;Allotjament Tur\u00edstic, angl\u00e8s, Restauraci\u00f3, Alemany, Gesti\u00f3 de la restauraci\u00f3 Estructura del Mercat Tur\u00edstic durant el primer any.<\/strong> I Gesti\u00f3 d&#8217;Allotjaments Tur\u00edstics, Protocol i Relacions P\u00fabliques, Recursos Humans en Allotjaments, Ingl\u00e9s, Franc\u00e9s, Empresa i iniciativa emprenedora i Restauraci\u00f3 durant el segon any entre altres.<\/p>\n<p>A m\u00e9s reforcem habilitats com la capacitat de controlar i organitzar establiments d&#8217;allotjaments tur\u00edstics, aplicar <strong>pol\u00edtiques empresarials <\/strong>centrades en objectius espec\u00edfics, dur a terme <strong>accions comercials i garantir resultats econ\u00f2mics<\/strong>. Sempre treballant des d&#8217;un servei al client de qualitat que garanteixi la seva satisfacci\u00f3.<\/p>\n<p>Podr\u00e0s tenir l&#8217;oportunitat d&#8217;ocupar llocs de treball com:<\/p>\n<ul>\n<li>Director de l&#8217;\u00e0rea d&#8217;allotjament d&#8217;establiments tur\u00edstics<\/li>\n<li>Cap de recepci\u00f3 i gestor de reserves<\/li>\n<li>Gerent General del pis i servei de neteja, d&#8217;allotjament en cases rurals, resid\u00e8ncies, hospitals i similars<\/li>\n<li>Coordinador d&#8217;esdeveniments<\/li>\n<li>Responsable de vendes en establiments d&#8217;allotjament tur\u00edstic<\/li>\n<li>Responsable de l&#8217;\u00e0rea comercial d&#8217;allotjaments tur\u00edstics<\/li>\n<\/ul>\n<p>I una vegada acabat el cicle formatiu de grau superior en Gesti\u00f3 d&#8217;Allotjaments Tur\u00edstics, podr\u00e0s <strong>accedir a la Universitat<\/strong> o al m\u00f3n laboral.<\/p>\n<h3>\u00a0<\/h3>\n<h3>Vols m\u00e9s informaci\u00f3?<\/h3>\n<p>Si estas interessat en rebre m\u00e9s informaci\u00f3n sobre el cicle formatiu de grau superior de M\u00e0rqueting i Publicitat, emplena el seg\u00fcent formulari i contactarem amb tu al m\u00e9s aviat possible per a resoldre els teus dubtes.<\/p>\n<p>[contact-form-7 id=&#8221;8551&#8243; title=&#8221;Informaci\u00f3 general CAT&#8221;]<\/p>\n","protected":false},"excerpt":{"rendered":"<p>&nbsp; Ell es David Casanelles, professor i responsable d&#8217;\u00e0rea del Cicle de Grau Superior de Gesti\u00f3 d&#8217;Allotjaments Tur\u00edstics i ens explica la metodologia amb la qual ensenyen als alumnes i els avantatges de tenir un hotel propi on aprendre. &nbsp; El sector tur\u00edstic com s&#8217;ha demostrat en els \u00faltims anys \u00e9s un dels pilars principals [&hellip;]<\/p>\n","protected":false},"author":1,"featured_media":3473,"comment_status":"closed","ping_status":"closed","sticky":false,"template":"","format":"standard","meta":{"footnotes":""},"categories":[254],"tags":[277,190,404,141],"class_list":["post-6193","post","type-post","status-publish","format-standard","has-post-thumbnail","hentry","category-hoteleria-i-turisme","tag-gestio-dallotjaments-turistics","tag-insercio-laboral","tag-sector-del-turisme","tag-turisme"],"yoast_head":"<!-- This site is optimized with the Yoast SEO plugin v27.2 - https:\/\/yoast.com\/product\/yoast-seo-wordpress\/ -->\n<title>La Gesti\u00f3 d&#039;Allotjaments tur\u00edstics en pr\u00e0ctica - Formaci\u00f3n profesional<\/title>\n<meta name=\"robots\" content=\"index, follow, max-snippet:-1, max-image-preview:large, max-video-preview:-1\" \/>\n<link rel=\"canonical\" href=\"https:\/\/www.monlau.com\/fp\/ca\/2021\/04\/22\/la-gestio-dallotjaments-turistics-en-practica\/\" \/>\n<meta property=\"og:locale\" content=\"ca_ES\" \/>\n<meta property=\"og:type\" content=\"article\" \/>\n<meta property=\"og:title\" content=\"La Gesti\u00f3 d&#039;Allotjaments tur\u00edstics en pr\u00e0ctica - Formaci\u00f3n profesional\" \/>\n<meta property=\"og:description\" content=\"&nbsp; Ell es David Casanelles, professor i responsable d&#8217;\u00e0rea del Cicle de Grau Superior de Gesti\u00f3 d&#8217;Allotjaments Tur\u00edstics i ens explica la metodologia amb la qual ensenyen als alumnes i els avantatges de tenir un hotel propi on aprendre. &nbsp; El sector tur\u00edstic com s&#8217;ha demostrat en els \u00faltims anys \u00e9s un dels pilars principals [&hellip;]\" \/>\n<meta property=\"og:url\" content=\"https:\/\/www.monlau.com\/fp\/ca\/2021\/04\/22\/la-gestio-dallotjaments-turistics-en-practica\/\" \/>\n<meta property=\"og:site_name\" content=\"Formaci\u00f3n profesional\" \/>\n<meta property=\"article:published_time\" content=\"2021-04-21T22:00:00+00:00\" \/>\n<meta property=\"article:modified_time\" content=\"2026-03-10T09:03:32+00:00\" \/>\n<meta property=\"og:image\" content=\"https:\/\/www.monlau.com\/app\/uploads\/sites\/3\/2026\/03\/David-Casanellas-Que-se-hace-en-Gestion-de-alojamientos-BLOG-CAT.jpg\" \/>\n\t<meta property=\"og:image:width\" content=\"1085\" \/>\n\t<meta property=\"og:image:height\" content=\"610\" \/>\n\t<meta property=\"og:image:type\" content=\"image\/jpeg\" \/>\n<meta name=\"author\" content=\"adsmurai\" \/>\n<meta name=\"twitter:card\" content=\"summary_large_image\" \/>\n<meta name=\"twitter:label1\" content=\"Escrit per\" \/>\n\t<meta name=\"twitter:data1\" content=\"adsmurai\" \/>\n\t<meta name=\"twitter:label2\" content=\"Temps estimat de lectura\" \/>\n\t<meta name=\"twitter:data2\" content=\"2 minuts\" \/>\n<script type=\"application\/ld+json\" class=\"yoast-schema-graph\">{\"@context\":\"https:\/\/schema.org\",\"@graph\":[{\"@type\":\"Article\",\"@id\":\"https:\/\/www.monlau.com\/fp\/ca\/2021\/04\/22\/la-gestio-dallotjaments-turistics-en-practica\/#article\",\"isPartOf\":{\"@id\":\"https:\/\/www.monlau.com\/fp\/ca\/2021\/04\/22\/la-gestio-dallotjaments-turistics-en-practica\/\"},\"author\":{\"name\":\"adsmurai\",\"@id\":\"https:\/\/www.monlau.com\/fp\/ca\/#\/schema\/person\/419cfdf054323e24e0a2ef1d8597f051\"},\"headline\":\"La Gesti\u00f3 d&#8217;Allotjaments tur\u00edstics en pr\u00e0ctica\",\"datePublished\":\"2021-04-21T22:00:00+00:00\",\"dateModified\":\"2026-03-10T09:03:32+00:00\",\"mainEntityOfPage\":{\"@id\":\"https:\/\/www.monlau.com\/fp\/ca\/2021\/04\/22\/la-gestio-dallotjaments-turistics-en-practica\/\"},\"wordCount\":521,\"publisher\":{\"@id\":\"https:\/\/www.monlau.com\/fp\/ca\/#organization\"},\"image\":{\"@id\":\"https:\/\/www.monlau.com\/fp\/ca\/2021\/04\/22\/la-gestio-dallotjaments-turistics-en-practica\/#primaryimage\"},\"thumbnailUrl\":\"https:\/\/www.monlau.com\/app\/uploads\/sites\/3\/2026\/03\/David-Casanellas-Que-se-hace-en-Gestion-de-alojamientos-BLOG-CAT.jpg\",\"keywords\":[\"Gesti\u00f3 d'Allotjaments Tur\u00edstics\",\"Inserci\u00f3 laboral\",\"sector del turisme\",\"Turisme\"],\"articleSection\":[\"Hoteleria i Turisme\"],\"inLanguage\":\"ca\"},{\"@type\":\"WebPage\",\"@id\":\"https:\/\/www.monlau.com\/fp\/ca\/2021\/04\/22\/la-gestio-dallotjaments-turistics-en-practica\/\",\"url\":\"https:\/\/www.monlau.com\/fp\/ca\/2021\/04\/22\/la-gestio-dallotjaments-turistics-en-practica\/\",\"name\":\"La Gesti\u00f3 d'Allotjaments tur\u00edstics en pr\u00e0ctica - Formaci\u00f3n profesional\",\"isPartOf\":{\"@id\":\"https:\/\/www.monlau.com\/fp\/ca\/#website\"},\"primaryImageOfPage\":{\"@id\":\"https:\/\/www.monlau.com\/fp\/ca\/2021\/04\/22\/la-gestio-dallotjaments-turistics-en-practica\/#primaryimage\"},\"image\":{\"@id\":\"https:\/\/www.monlau.com\/fp\/ca\/2021\/04\/22\/la-gestio-dallotjaments-turistics-en-practica\/#primaryimage\"},\"thumbnailUrl\":\"https:\/\/www.monlau.com\/app\/uploads\/sites\/3\/2026\/03\/David-Casanellas-Que-se-hace-en-Gestion-de-alojamientos-BLOG-CAT.jpg\",\"datePublished\":\"2021-04-21T22:00:00+00:00\",\"dateModified\":\"2026-03-10T09:03:32+00:00\",\"breadcrumb\":{\"@id\":\"https:\/\/www.monlau.com\/fp\/ca\/2021\/04\/22\/la-gestio-dallotjaments-turistics-en-practica\/#breadcrumb\"},\"inLanguage\":\"ca\",\"potentialAction\":[{\"@type\":\"ReadAction\",\"target\":[\"https:\/\/www.monlau.com\/fp\/ca\/2021\/04\/22\/la-gestio-dallotjaments-turistics-en-practica\/\"]}]},{\"@type\":\"ImageObject\",\"inLanguage\":\"ca\",\"@id\":\"https:\/\/www.monlau.com\/fp\/ca\/2021\/04\/22\/la-gestio-dallotjaments-turistics-en-practica\/#primaryimage\",\"url\":\"https:\/\/www.monlau.com\/app\/uploads\/sites\/3\/2026\/03\/David-Casanellas-Que-se-hace-en-Gestion-de-alojamientos-BLOG-CAT.jpg\",\"contentUrl\":\"https:\/\/www.monlau.com\/app\/uploads\/sites\/3\/2026\/03\/David-Casanellas-Que-se-hace-en-Gestion-de-alojamientos-BLOG-CAT.jpg\",\"width\":1085,\"height\":610},{\"@type\":\"BreadcrumbList\",\"@id\":\"https:\/\/www.monlau.com\/fp\/ca\/2021\/04\/22\/la-gestio-dallotjaments-turistics-en-practica\/#breadcrumb\",\"itemListElement\":[{\"@type\":\"ListItem\",\"position\":1,\"name\":\"Portada\",\"item\":\"https:\/\/www.monlau.com\/fp\/ca\/inici\/\"},{\"@type\":\"ListItem\",\"position\":2,\"name\":\"La Gesti\u00f3 d&#8217;Allotjaments tur\u00edstics en pr\u00e0ctica\"}]},{\"@type\":\"WebSite\",\"@id\":\"https:\/\/www.monlau.com\/fp\/ca\/#website\",\"url\":\"https:\/\/www.monlau.com\/fp\/ca\/\",\"name\":\"Formaci\u00f3n profesional\",\"description\":\"Monlau\",\"publisher\":{\"@id\":\"https:\/\/www.monlau.com\/fp\/ca\/#organization\"},\"potentialAction\":[{\"@type\":\"SearchAction\",\"target\":{\"@type\":\"EntryPoint\",\"urlTemplate\":\"https:\/\/www.monlau.com\/fp\/ca\/?s={search_term_string}\"},\"query-input\":{\"@type\":\"PropertyValueSpecification\",\"valueRequired\":true,\"valueName\":\"search_term_string\"}}],\"inLanguage\":\"ca\"},{\"@type\":\"Organization\",\"@id\":\"https:\/\/www.monlau.com\/fp\/ca\/#organization\",\"name\":\"Formaci\u00f3n profesional\",\"url\":\"https:\/\/www.monlau.com\/fp\/ca\/\",\"logo\":{\"@type\":\"ImageObject\",\"inLanguage\":\"ca\",\"@id\":\"https:\/\/www.monlau.com\/fp\/ca\/#\/schema\/logo\/image\/\",\"url\":\"https:\/\/www.monlau.com\/app\/uploads\/sites\/3\/2026\/01\/fp.png\",\"contentUrl\":\"https:\/\/www.monlau.com\/app\/uploads\/sites\/3\/2026\/01\/fp.png\",\"width\":1024,\"height\":878,\"caption\":\"Formaci\u00f3n profesional\"},\"image\":{\"@id\":\"https:\/\/www.monlau.com\/fp\/ca\/#\/schema\/logo\/image\/\"}},{\"@type\":\"Person\",\"@id\":\"https:\/\/www.monlau.com\/fp\/ca\/#\/schema\/person\/419cfdf054323e24e0a2ef1d8597f051\",\"name\":\"adsmurai\",\"image\":{\"@type\":\"ImageObject\",\"inLanguage\":\"ca\",\"@id\":\"https:\/\/secure.gravatar.com\/avatar\/0748788578f91786454454fa3b4c295644edb991ad6caadc70b41d26790d38fc?s=96&d=mm&r=g\",\"url\":\"https:\/\/secure.gravatar.com\/avatar\/0748788578f91786454454fa3b4c295644edb991ad6caadc70b41d26790d38fc?s=96&d=mm&r=g\",\"contentUrl\":\"https:\/\/secure.gravatar.com\/avatar\/0748788578f91786454454fa3b4c295644edb991ad6caadc70b41d26790d38fc?s=96&d=mm&r=g\",\"caption\":\"adsmurai\"},\"sameAs\":[\"https:\/\/www.monlau.com\"],\"url\":\"https:\/\/www.monlau.com\/fp\/ca\/author\/adsmurai\/\"}]}<\/script>\n<!-- \/ Yoast SEO plugin. -->","yoast_head_json":{"title":"La Gesti\u00f3 d'Allotjaments tur\u00edstics en pr\u00e0ctica - Formaci\u00f3n profesional","robots":{"index":"index","follow":"follow","max-snippet":"max-snippet:-1","max-image-preview":"max-image-preview:large","max-video-preview":"max-video-preview:-1"},"canonical":"https:\/\/www.monlau.com\/fp\/ca\/2021\/04\/22\/la-gestio-dallotjaments-turistics-en-practica\/","og_locale":"ca_ES","og_type":"article","og_title":"La Gesti\u00f3 d'Allotjaments tur\u00edstics en pr\u00e0ctica - Formaci\u00f3n profesional","og_description":"&nbsp; Ell es David Casanelles, professor i responsable d&#8217;\u00e0rea del Cicle de Grau Superior de Gesti\u00f3 d&#8217;Allotjaments Tur\u00edstics i ens explica la metodologia amb la qual ensenyen als alumnes i els avantatges de tenir un hotel propi on aprendre. &nbsp; El sector tur\u00edstic com s&#8217;ha demostrat en els \u00faltims anys \u00e9s un dels pilars principals [&hellip;]","og_url":"https:\/\/www.monlau.com\/fp\/ca\/2021\/04\/22\/la-gestio-dallotjaments-turistics-en-practica\/","og_site_name":"Formaci\u00f3n profesional","article_published_time":"2021-04-21T22:00:00+00:00","article_modified_time":"2026-03-10T09:03:32+00:00","og_image":[{"width":1085,"height":610,"url":"https:\/\/www.monlau.com\/app\/uploads\/sites\/3\/2026\/03\/David-Casanellas-Que-se-hace-en-Gestion-de-alojamientos-BLOG-CAT.jpg","type":"image\/jpeg"}],"author":"adsmurai","twitter_card":"summary_large_image","twitter_misc":{"Escrit per":"adsmurai","Temps estimat de lectura":"2 minuts"},"schema":{"@context":"https:\/\/schema.org","@graph":[{"@type":"Article","@id":"https:\/\/www.monlau.com\/fp\/ca\/2021\/04\/22\/la-gestio-dallotjaments-turistics-en-practica\/#article","isPartOf":{"@id":"https:\/\/www.monlau.com\/fp\/ca\/2021\/04\/22\/la-gestio-dallotjaments-turistics-en-practica\/"},"author":{"name":"adsmurai","@id":"https:\/\/www.monlau.com\/fp\/ca\/#\/schema\/person\/419cfdf054323e24e0a2ef1d8597f051"},"headline":"La Gesti\u00f3 d&#8217;Allotjaments tur\u00edstics en pr\u00e0ctica","datePublished":"2021-04-21T22:00:00+00:00","dateModified":"2026-03-10T09:03:32+00:00","mainEntityOfPage":{"@id":"https:\/\/www.monlau.com\/fp\/ca\/2021\/04\/22\/la-gestio-dallotjaments-turistics-en-practica\/"},"wordCount":521,"publisher":{"@id":"https:\/\/www.monlau.com\/fp\/ca\/#organization"},"image":{"@id":"https:\/\/www.monlau.com\/fp\/ca\/2021\/04\/22\/la-gestio-dallotjaments-turistics-en-practica\/#primaryimage"},"thumbnailUrl":"https:\/\/www.monlau.com\/app\/uploads\/sites\/3\/2026\/03\/David-Casanellas-Que-se-hace-en-Gestion-de-alojamientos-BLOG-CAT.jpg","keywords":["Gesti\u00f3 d'Allotjaments Tur\u00edstics","Inserci\u00f3 laboral","sector del turisme","Turisme"],"articleSection":["Hoteleria i Turisme"],"inLanguage":"ca"},{"@type":"WebPage","@id":"https:\/\/www.monlau.com\/fp\/ca\/2021\/04\/22\/la-gestio-dallotjaments-turistics-en-practica\/","url":"https:\/\/www.monlau.com\/fp\/ca\/2021\/04\/22\/la-gestio-dallotjaments-turistics-en-practica\/","name":"La Gesti\u00f3 d'Allotjaments tur\u00edstics en pr\u00e0ctica - Formaci\u00f3n profesional","isPartOf":{"@id":"https:\/\/www.monlau.com\/fp\/ca\/#website"},"primaryImageOfPage":{"@id":"https:\/\/www.monlau.com\/fp\/ca\/2021\/04\/22\/la-gestio-dallotjaments-turistics-en-practica\/#primaryimage"},"image":{"@id":"https:\/\/www.monlau.com\/fp\/ca\/2021\/04\/22\/la-gestio-dallotjaments-turistics-en-practica\/#primaryimage"},"thumbnailUrl":"https:\/\/www.monlau.com\/app\/uploads\/sites\/3\/2026\/03\/David-Casanellas-Que-se-hace-en-Gestion-de-alojamientos-BLOG-CAT.jpg","datePublished":"2021-04-21T22:00:00+00:00","dateModified":"2026-03-10T09:03:32+00:00","breadcrumb":{"@id":"https:\/\/www.monlau.com\/fp\/ca\/2021\/04\/22\/la-gestio-dallotjaments-turistics-en-practica\/#breadcrumb"},"inLanguage":"ca","potentialAction":[{"@type":"ReadAction","target":["https:\/\/www.monlau.com\/fp\/ca\/2021\/04\/22\/la-gestio-dallotjaments-turistics-en-practica\/"]}]},{"@type":"ImageObject","inLanguage":"ca","@id":"https:\/\/www.monlau.com\/fp\/ca\/2021\/04\/22\/la-gestio-dallotjaments-turistics-en-practica\/#primaryimage","url":"https:\/\/www.monlau.com\/app\/uploads\/sites\/3\/2026\/03\/David-Casanellas-Que-se-hace-en-Gestion-de-alojamientos-BLOG-CAT.jpg","contentUrl":"https:\/\/www.monlau.com\/app\/uploads\/sites\/3\/2026\/03\/David-Casanellas-Que-se-hace-en-Gestion-de-alojamientos-BLOG-CAT.jpg","width":1085,"height":610},{"@type":"BreadcrumbList","@id":"https:\/\/www.monlau.com\/fp\/ca\/2021\/04\/22\/la-gestio-dallotjaments-turistics-en-practica\/#breadcrumb","itemListElement":[{"@type":"ListItem","position":1,"name":"Portada","item":"https:\/\/www.monlau.com\/fp\/ca\/inici\/"},{"@type":"ListItem","position":2,"name":"La Gesti\u00f3 d&#8217;Allotjaments tur\u00edstics en pr\u00e0ctica"}]},{"@type":"WebSite","@id":"https:\/\/www.monlau.com\/fp\/ca\/#website","url":"https:\/\/www.monlau.com\/fp\/ca\/","name":"Formaci\u00f3n profesional","description":"Monlau","publisher":{"@id":"https:\/\/www.monlau.com\/fp\/ca\/#organization"},"potentialAction":[{"@type":"SearchAction","target":{"@type":"EntryPoint","urlTemplate":"https:\/\/www.monlau.com\/fp\/ca\/?s={search_term_string}"},"query-input":{"@type":"PropertyValueSpecification","valueRequired":true,"valueName":"search_term_string"}}],"inLanguage":"ca"},{"@type":"Organization","@id":"https:\/\/www.monlau.com\/fp\/ca\/#organization","name":"Formaci\u00f3n profesional","url":"https:\/\/www.monlau.com\/fp\/ca\/","logo":{"@type":"ImageObject","inLanguage":"ca","@id":"https:\/\/www.monlau.com\/fp\/ca\/#\/schema\/logo\/image\/","url":"https:\/\/www.monlau.com\/app\/uploads\/sites\/3\/2026\/01\/fp.png","contentUrl":"https:\/\/www.monlau.com\/app\/uploads\/sites\/3\/2026\/01\/fp.png","width":1024,"height":878,"caption":"Formaci\u00f3n profesional"},"image":{"@id":"https:\/\/www.monlau.com\/fp\/ca\/#\/schema\/logo\/image\/"}},{"@type":"Person","@id":"https:\/\/www.monlau.com\/fp\/ca\/#\/schema\/person\/419cfdf054323e24e0a2ef1d8597f051","name":"adsmurai","image":{"@type":"ImageObject","inLanguage":"ca","@id":"https:\/\/secure.gravatar.com\/avatar\/0748788578f91786454454fa3b4c295644edb991ad6caadc70b41d26790d38fc?s=96&d=mm&r=g","url":"https:\/\/secure.gravatar.com\/avatar\/0748788578f91786454454fa3b4c295644edb991ad6caadc70b41d26790d38fc?s=96&d=mm&r=g","contentUrl":"https:\/\/secure.gravatar.com\/avatar\/0748788578f91786454454fa3b4c295644edb991ad6caadc70b41d26790d38fc?s=96&d=mm&r=g","caption":"adsmurai"},"sameAs":["https:\/\/www.monlau.com"],"url":"https:\/\/www.monlau.com\/fp\/ca\/author\/adsmurai\/"}]}},"_links":{"self":[{"href":"https:\/\/www.monlau.com\/fp\/ca\/wp-json\/wp\/v2\/posts\/6193","targetHints":{"allow":["GET"]}}],"collection":[{"href":"https:\/\/www.monlau.com\/fp\/ca\/wp-json\/wp\/v2\/posts"}],"about":[{"href":"https:\/\/www.monlau.com\/fp\/ca\/wp-json\/wp\/v2\/types\/post"}],"author":[{"embeddable":true,"href":"https:\/\/www.monlau.com\/fp\/ca\/wp-json\/wp\/v2\/users\/1"}],"replies":[{"embeddable":true,"href":"https:\/\/www.monlau.com\/fp\/ca\/wp-json\/wp\/v2\/comments?post=6193"}],"version-history":[{"count":1,"href":"https:\/\/www.monlau.com\/fp\/ca\/wp-json\/wp\/v2\/posts\/6193\/revisions"}],"predecessor-version":[{"id":6457,"href":"https:\/\/www.monlau.com\/fp\/ca\/wp-json\/wp\/v2\/posts\/6193\/revisions\/6457"}],"wp:featuredmedia":[{"embeddable":true,"href":"https:\/\/www.monlau.com\/fp\/ca\/wp-json\/wp\/v2\/media\/3473"}],"wp:attachment":[{"href":"https:\/\/www.monlau.com\/fp\/ca\/wp-json\/wp\/v2\/media?parent=6193"}],"wp:term":[{"taxonomy":"category","embeddable":true,"href":"https:\/\/www.monlau.com\/fp\/ca\/wp-json\/wp\/v2\/categories?post=6193"},{"taxonomy":"post_tag","embeddable":true,"href":"https:\/\/www.monlau.com\/fp\/ca\/wp-json\/wp\/v2\/tags?post=6193"}],"curies":[{"name":"wp","href":"https:\/\/api.w.org\/{rel}","templated":true}]}}