{"id":6189,"date":"2021-03-25T00:00:00","date_gmt":"2021-03-24T23:00:00","guid":{"rendered":"https:\/\/www.monlau.com\/formacion-profesional\/ladministracio-de-les-bases-de-dades-javier-salvador\/"},"modified":"2026-03-10T10:03:32","modified_gmt":"2026-03-10T09:03:32","slug":"ladministracio-de-les-bases-de-dades-javier-salvador","status":"publish","type":"post","link":"https:\/\/www.monlau.com\/fp\/ca\/2021\/03\/25\/ladministracio-de-les-bases-de-dades-javier-salvador\/","title":{"rendered":"L&#8217;administraci\u00f3 de les bases de dades \u2013 Javier Salvador"},"content":{"rendered":"<p>Ell es Javier Salvador, coordinador de l&#8217;\u00e0rea d&#8217;inform\u00e0tica i professor del <strong>Cicle Formatiu de Grau Superior en Administraci\u00f3 de Sistemes Inform\u00e0tics i Xarxes \u2013 ASIX<\/strong> \u00a0i ens parla de l&#8217;administraci\u00f3 de la base de dades.<\/p>\n<p>&nbsp;<\/p>\n<p>&nbsp;<\/p>\n<p>\u00c9s una part molt important de la inform\u00e0tica i la qual <strong>treballem en el grau perqu\u00e8 els alumnes puguin administrar i configurar una base de dades <\/strong>en un motor tan potent com Oracle. \u00c9s bastant pioner en el mercat avui dia i assegura la informaci\u00f3 a trav\u00e9s de diferents eines com Datapath, una de les quals m\u00e9s demandada dins de la consultoria inform\u00e0tica i gr\u00e0cies a aquest m\u00f2dul podr\u00e0s obtenir tot el que necessites per a poder treballar d&#8217;administrador de base de dades en un futur.<\/p>\n<p><strong>En el primer curs<\/strong> realitzessis assignatures com a implantaci\u00f3 de sistemes operatius, gesti\u00f3 de bases de dades, programaci\u00f3 b\u00e0sica, llenguatges de marques i administraci\u00f3 de sistemes operatius i de gesti\u00f3 de bases de dades entre altres.<\/p>\n<p>I en el segon curs <strong>fonaments de maquin\u00e0ria, serveis de xarxa i Internet, Implantaci\u00f3 d&#8217;aplicacions Web<\/strong>, Planificaci\u00f3 i administraci\u00f3 de xarxes, Formaci\u00f3 i orientaci\u00f3 laboral (FOL), Empresa i emprenedoria (EIE), Projecte d&#8217;administraci\u00f3 de sistemes inform\u00e0tics i xarxes<\/p>\n<p>Pots estudiar aquest cicle tant en modalitat<strong> presencial com online a trav\u00e9s de Linkia FP.<\/strong><\/p>\n<p><strong>Podr\u00e0s endinsar-te en el m\u00f3n laboral<\/strong> o\u00a0en llocs com:<\/p>\n<ul>\n<li>T\u00e8cnic en administraci\u00f3 de sistemes<\/li>\n<li>Cap d&#8217;inform\u00e0tica<\/li>\n<li>T\u00e8cnic en serveis d&#8217;Internet, missatgeria electr\u00f2nica, assist\u00e8ncia remota i gesti\u00f3 de bases de dades<\/li>\n<li>Supervisor de sistemes<\/li>\n<li>T\u00e8cnic en xarxes, serveis de comunicacions i entorns web<\/li>\n<\/ul>\n<p><strong>Treballem colze amb colze amb les millors empreses del sector, <\/strong>nacionals i internacionals com Axxon, BDO, Fractalia Grup, Toyota Material Handling. Per a poder millorar la formaci\u00f3 dels nostres alumnes i la seva inserci\u00f3 laboral una vegada acabat el cicle formatiu.<\/p>\n<p>Tamb\u00e9 pots realitzar una continu\u00eftat acad\u00e8mica endinsant-te al <strong>m\u00f3n universitari o b\u00e9 cursant un altre any per a obtenir el <a href=\"https:\/\/www.monlau.com\/formacio-professional\/cursos\/grau-superior-desenvolupament-aplicacions-multiplataforma-dam\/?lang=ca\">Grau Superior de Desenvolupament d&#8217;Aplicacions Multiplataforma \u2013 DAM.<\/a><\/strong><\/p>\n<p>&nbsp;<\/p>\n<h3>Vols m\u00e9s informaci\u00f3?<\/h3>\n<p>Si estas interessat en rebre m\u00e9s informaci\u00f3 sobre el cicle formatiu de grau superior en administraci\u00f3 de sistemes inform\u00e0tics i xarxes \u2013 ASIX, emplena el seg\u00fcent formulari i contactarem amb tu el m\u00e9s aviat possible per a resoldre els teus dubtes.<\/p>\n<p>&nbsp;<br \/>\n[contact-form-7 id=&#8221;8551&#8243; title=&#8221;Informaci\u00f3 general CAT&#8221;]<\/p>\n","protected":false},"excerpt":{"rendered":"<p>Ell es Javier Salvador, coordinador de l&#8217;\u00e0rea d&#8217;inform\u00e0tica i professor del Cicle Formatiu de Grau Superior en Administraci\u00f3 de Sistemes Inform\u00e0tics i Xarxes \u2013 ASIX \u00a0i ens parla de l&#8217;administraci\u00f3 de la base de dades. &nbsp; &nbsp; \u00c9s una part molt important de la inform\u00e0tica i la qual treballem en el grau perqu\u00e8 els alumnes [&hellip;]<\/p>\n","protected":false},"author":1,"featured_media":3463,"comment_status":"closed","ping_status":"closed","sticky":false,"template":"","format":"standard","meta":{"footnotes":""},"categories":[255,368],"tags":[401,316,391,386,264,402,312,280,320,297],"class_list":["post-6189","post","type-post","status-publish","format-standard","has-post-thumbnail","hentry","category-informatica","category-sense-categoria","tag-base-de-dades","tag-cicle-superior","tag-estudios-profesionales","tag-estudis-professionals","tag-formacio-professional","tag-gestio-de-dades","tag-grau-superior","tag-informatica","tag-insercio-laboral","tag-mon-laboral"],"yoast_head":"<!-- This site is optimized with the Yoast SEO plugin v27.2 - https:\/\/yoast.com\/product\/yoast-seo-wordpress\/ -->\n<title>L&#039;administraci\u00f3 de les bases de dades \u2013 Javier Salvador - Formaci\u00f3n profesional<\/title>\n<meta name=\"robots\" content=\"index, follow, max-snippet:-1, max-image-preview:large, max-video-preview:-1\" \/>\n<link rel=\"canonical\" href=\"https:\/\/www.monlau.com\/fp\/ca\/2021\/03\/25\/ladministracio-de-les-bases-de-dades-javier-salvador\/\" \/>\n<meta property=\"og:locale\" content=\"ca_ES\" \/>\n<meta property=\"og:type\" content=\"article\" \/>\n<meta property=\"og:title\" content=\"L&#039;administraci\u00f3 de les bases de dades \u2013 Javier Salvador - Formaci\u00f3n profesional\" \/>\n<meta property=\"og:description\" content=\"Ell es Javier Salvador, coordinador de l&#8217;\u00e0rea d&#8217;inform\u00e0tica i professor del Cicle Formatiu de Grau Superior en Administraci\u00f3 de Sistemes Inform\u00e0tics i Xarxes \u2013 ASIX \u00a0i ens parla de l&#8217;administraci\u00f3 de la base de dades. &nbsp; &nbsp; \u00c9s una part molt important de la inform\u00e0tica i la qual treballem en el grau perqu\u00e8 els alumnes [&hellip;]\" \/>\n<meta property=\"og:url\" content=\"https:\/\/www.monlau.com\/fp\/ca\/2021\/03\/25\/ladministracio-de-les-bases-de-dades-javier-salvador\/\" \/>\n<meta property=\"og:site_name\" content=\"Formaci\u00f3n profesional\" \/>\n<meta property=\"article:published_time\" content=\"2021-03-24T23:00:00+00:00\" \/>\n<meta property=\"article:modified_time\" content=\"2026-03-10T09:03:32+00:00\" \/>\n<meta property=\"og:image\" content=\"https:\/\/www.monlau.com\/app\/uploads\/sites\/3\/2026\/03\/MicrosoftTeams-image-5.jpg\" \/>\n\t<meta property=\"og:image:width\" content=\"1085\" \/>\n\t<meta property=\"og:image:height\" content=\"610\" \/>\n\t<meta property=\"og:image:type\" content=\"image\/jpeg\" \/>\n<meta name=\"author\" content=\"adsmurai\" \/>\n<meta name=\"twitter:card\" content=\"summary_large_image\" \/>\n<meta name=\"twitter:label1\" content=\"Escrit per\" \/>\n\t<meta name=\"twitter:data1\" content=\"adsmurai\" \/>\n\t<meta name=\"twitter:label2\" content=\"Temps estimat de lectura\" \/>\n\t<meta name=\"twitter:data2\" content=\"2 minuts\" \/>\n<script type=\"application\/ld+json\" class=\"yoast-schema-graph\">{\"@context\":\"https:\/\/schema.org\",\"@graph\":[{\"@type\":\"Article\",\"@id\":\"https:\/\/www.monlau.com\/fp\/ca\/2021\/03\/25\/ladministracio-de-les-bases-de-dades-javier-salvador\/#article\",\"isPartOf\":{\"@id\":\"https:\/\/www.monlau.com\/fp\/ca\/2021\/03\/25\/ladministracio-de-les-bases-de-dades-javier-salvador\/\"},\"author\":{\"name\":\"adsmurai\",\"@id\":\"https:\/\/www.monlau.com\/fp\/ca\/#\/schema\/person\/419cfdf054323e24e0a2ef1d8597f051\"},\"headline\":\"L&#8217;administraci\u00f3 de les bases de dades \u2013 Javier Salvador\",\"datePublished\":\"2021-03-24T23:00:00+00:00\",\"dateModified\":\"2026-03-10T09:03:32+00:00\",\"mainEntityOfPage\":{\"@id\":\"https:\/\/www.monlau.com\/fp\/ca\/2021\/03\/25\/ladministracio-de-les-bases-de-dades-javier-salvador\/\"},\"wordCount\":419,\"publisher\":{\"@id\":\"https:\/\/www.monlau.com\/fp\/ca\/#organization\"},\"image\":{\"@id\":\"https:\/\/www.monlau.com\/fp\/ca\/2021\/03\/25\/ladministracio-de-les-bases-de-dades-javier-salvador\/#primaryimage\"},\"thumbnailUrl\":\"https:\/\/www.monlau.com\/app\/uploads\/sites\/3\/2026\/03\/MicrosoftTeams-image-5.jpg\",\"keywords\":[\"base de dades\",\"Cicle Superior\",\"estudios profesionales\",\"estudis professionals\",\"formaci\u00f3 professional\",\"gesti\u00f3 de dades\",\"Grau Superior\",\"Inform\u00e0tica\",\"Inserci\u00f3 laboral\",\"m\u00f3n laboral\"],\"articleSection\":[\"Inform\u00e0tica\"],\"inLanguage\":\"ca\"},{\"@type\":\"WebPage\",\"@id\":\"https:\/\/www.monlau.com\/fp\/ca\/2021\/03\/25\/ladministracio-de-les-bases-de-dades-javier-salvador\/\",\"url\":\"https:\/\/www.monlau.com\/fp\/ca\/2021\/03\/25\/ladministracio-de-les-bases-de-dades-javier-salvador\/\",\"name\":\"L'administraci\u00f3 de les bases de dades \u2013 Javier Salvador - Formaci\u00f3n profesional\",\"isPartOf\":{\"@id\":\"https:\/\/www.monlau.com\/fp\/ca\/#website\"},\"primaryImageOfPage\":{\"@id\":\"https:\/\/www.monlau.com\/fp\/ca\/2021\/03\/25\/ladministracio-de-les-bases-de-dades-javier-salvador\/#primaryimage\"},\"image\":{\"@id\":\"https:\/\/www.monlau.com\/fp\/ca\/2021\/03\/25\/ladministracio-de-les-bases-de-dades-javier-salvador\/#primaryimage\"},\"thumbnailUrl\":\"https:\/\/www.monlau.com\/app\/uploads\/sites\/3\/2026\/03\/MicrosoftTeams-image-5.jpg\",\"datePublished\":\"2021-03-24T23:00:00+00:00\",\"dateModified\":\"2026-03-10T09:03:32+00:00\",\"breadcrumb\":{\"@id\":\"https:\/\/www.monlau.com\/fp\/ca\/2021\/03\/25\/ladministracio-de-les-bases-de-dades-javier-salvador\/#breadcrumb\"},\"inLanguage\":\"ca\",\"potentialAction\":[{\"@type\":\"ReadAction\",\"target\":[\"https:\/\/www.monlau.com\/fp\/ca\/2021\/03\/25\/ladministracio-de-les-bases-de-dades-javier-salvador\/\"]}]},{\"@type\":\"ImageObject\",\"inLanguage\":\"ca\",\"@id\":\"https:\/\/www.monlau.com\/fp\/ca\/2021\/03\/25\/ladministracio-de-les-bases-de-dades-javier-salvador\/#primaryimage\",\"url\":\"https:\/\/www.monlau.com\/app\/uploads\/sites\/3\/2026\/03\/MicrosoftTeams-image-5.jpg\",\"contentUrl\":\"https:\/\/www.monlau.com\/app\/uploads\/sites\/3\/2026\/03\/MicrosoftTeams-image-5.jpg\",\"width\":1085,\"height\":610},{\"@type\":\"BreadcrumbList\",\"@id\":\"https:\/\/www.monlau.com\/fp\/ca\/2021\/03\/25\/ladministracio-de-les-bases-de-dades-javier-salvador\/#breadcrumb\",\"itemListElement\":[{\"@type\":\"ListItem\",\"position\":1,\"name\":\"Portada\",\"item\":\"https:\/\/www.monlau.com\/fp\/ca\/inici\/\"},{\"@type\":\"ListItem\",\"position\":2,\"name\":\"L&#8217;administraci\u00f3 de les bases de dades \u2013 Javier Salvador\"}]},{\"@type\":\"WebSite\",\"@id\":\"https:\/\/www.monlau.com\/fp\/ca\/#website\",\"url\":\"https:\/\/www.monlau.com\/fp\/ca\/\",\"name\":\"Formaci\u00f3n profesional\",\"description\":\"Monlau\",\"publisher\":{\"@id\":\"https:\/\/www.monlau.com\/fp\/ca\/#organization\"},\"potentialAction\":[{\"@type\":\"SearchAction\",\"target\":{\"@type\":\"EntryPoint\",\"urlTemplate\":\"https:\/\/www.monlau.com\/fp\/ca\/?s={search_term_string}\"},\"query-input\":{\"@type\":\"PropertyValueSpecification\",\"valueRequired\":true,\"valueName\":\"search_term_string\"}}],\"inLanguage\":\"ca\"},{\"@type\":\"Organization\",\"@id\":\"https:\/\/www.monlau.com\/fp\/ca\/#organization\",\"name\":\"Formaci\u00f3n profesional\",\"url\":\"https:\/\/www.monlau.com\/fp\/ca\/\",\"logo\":{\"@type\":\"ImageObject\",\"inLanguage\":\"ca\",\"@id\":\"https:\/\/www.monlau.com\/fp\/ca\/#\/schema\/logo\/image\/\",\"url\":\"https:\/\/www.monlau.com\/app\/uploads\/sites\/3\/2026\/01\/fp.png\",\"contentUrl\":\"https:\/\/www.monlau.com\/app\/uploads\/sites\/3\/2026\/01\/fp.png\",\"width\":1024,\"height\":878,\"caption\":\"Formaci\u00f3n profesional\"},\"image\":{\"@id\":\"https:\/\/www.monlau.com\/fp\/ca\/#\/schema\/logo\/image\/\"}},{\"@type\":\"Person\",\"@id\":\"https:\/\/www.monlau.com\/fp\/ca\/#\/schema\/person\/419cfdf054323e24e0a2ef1d8597f051\",\"name\":\"adsmurai\",\"image\":{\"@type\":\"ImageObject\",\"inLanguage\":\"ca\",\"@id\":\"https:\/\/secure.gravatar.com\/avatar\/0748788578f91786454454fa3b4c295644edb991ad6caadc70b41d26790d38fc?s=96&d=mm&r=g\",\"url\":\"https:\/\/secure.gravatar.com\/avatar\/0748788578f91786454454fa3b4c295644edb991ad6caadc70b41d26790d38fc?s=96&d=mm&r=g\",\"contentUrl\":\"https:\/\/secure.gravatar.com\/avatar\/0748788578f91786454454fa3b4c295644edb991ad6caadc70b41d26790d38fc?s=96&d=mm&r=g\",\"caption\":\"adsmurai\"},\"sameAs\":[\"https:\/\/www.monlau.com\"],\"url\":\"https:\/\/www.monlau.com\/fp\/ca\/author\/adsmurai\/\"}]}<\/script>\n<!-- \/ Yoast SEO plugin. -->","yoast_head_json":{"title":"L'administraci\u00f3 de les bases de dades \u2013 Javier Salvador - Formaci\u00f3n profesional","robots":{"index":"index","follow":"follow","max-snippet":"max-snippet:-1","max-image-preview":"max-image-preview:large","max-video-preview":"max-video-preview:-1"},"canonical":"https:\/\/www.monlau.com\/fp\/ca\/2021\/03\/25\/ladministracio-de-les-bases-de-dades-javier-salvador\/","og_locale":"ca_ES","og_type":"article","og_title":"L'administraci\u00f3 de les bases de dades \u2013 Javier Salvador - Formaci\u00f3n profesional","og_description":"Ell es Javier Salvador, coordinador de l&#8217;\u00e0rea d&#8217;inform\u00e0tica i professor del Cicle Formatiu de Grau Superior en Administraci\u00f3 de Sistemes Inform\u00e0tics i Xarxes \u2013 ASIX \u00a0i ens parla de l&#8217;administraci\u00f3 de la base de dades. &nbsp; &nbsp; \u00c9s una part molt important de la inform\u00e0tica i la qual treballem en el grau perqu\u00e8 els alumnes [&hellip;]","og_url":"https:\/\/www.monlau.com\/fp\/ca\/2021\/03\/25\/ladministracio-de-les-bases-de-dades-javier-salvador\/","og_site_name":"Formaci\u00f3n profesional","article_published_time":"2021-03-24T23:00:00+00:00","article_modified_time":"2026-03-10T09:03:32+00:00","og_image":[{"width":1085,"height":610,"url":"https:\/\/www.monlau.com\/app\/uploads\/sites\/3\/2026\/03\/MicrosoftTeams-image-5.jpg","type":"image\/jpeg"}],"author":"adsmurai","twitter_card":"summary_large_image","twitter_misc":{"Escrit per":"adsmurai","Temps estimat de lectura":"2 minuts"},"schema":{"@context":"https:\/\/schema.org","@graph":[{"@type":"Article","@id":"https:\/\/www.monlau.com\/fp\/ca\/2021\/03\/25\/ladministracio-de-les-bases-de-dades-javier-salvador\/#article","isPartOf":{"@id":"https:\/\/www.monlau.com\/fp\/ca\/2021\/03\/25\/ladministracio-de-les-bases-de-dades-javier-salvador\/"},"author":{"name":"adsmurai","@id":"https:\/\/www.monlau.com\/fp\/ca\/#\/schema\/person\/419cfdf054323e24e0a2ef1d8597f051"},"headline":"L&#8217;administraci\u00f3 de les bases de dades \u2013 Javier Salvador","datePublished":"2021-03-24T23:00:00+00:00","dateModified":"2026-03-10T09:03:32+00:00","mainEntityOfPage":{"@id":"https:\/\/www.monlau.com\/fp\/ca\/2021\/03\/25\/ladministracio-de-les-bases-de-dades-javier-salvador\/"},"wordCount":419,"publisher":{"@id":"https:\/\/www.monlau.com\/fp\/ca\/#organization"},"image":{"@id":"https:\/\/www.monlau.com\/fp\/ca\/2021\/03\/25\/ladministracio-de-les-bases-de-dades-javier-salvador\/#primaryimage"},"thumbnailUrl":"https:\/\/www.monlau.com\/app\/uploads\/sites\/3\/2026\/03\/MicrosoftTeams-image-5.jpg","keywords":["base de dades","Cicle Superior","estudios profesionales","estudis professionals","formaci\u00f3 professional","gesti\u00f3 de dades","Grau Superior","Inform\u00e0tica","Inserci\u00f3 laboral","m\u00f3n laboral"],"articleSection":["Inform\u00e0tica"],"inLanguage":"ca"},{"@type":"WebPage","@id":"https:\/\/www.monlau.com\/fp\/ca\/2021\/03\/25\/ladministracio-de-les-bases-de-dades-javier-salvador\/","url":"https:\/\/www.monlau.com\/fp\/ca\/2021\/03\/25\/ladministracio-de-les-bases-de-dades-javier-salvador\/","name":"L'administraci\u00f3 de les bases de dades \u2013 Javier Salvador - Formaci\u00f3n profesional","isPartOf":{"@id":"https:\/\/www.monlau.com\/fp\/ca\/#website"},"primaryImageOfPage":{"@id":"https:\/\/www.monlau.com\/fp\/ca\/2021\/03\/25\/ladministracio-de-les-bases-de-dades-javier-salvador\/#primaryimage"},"image":{"@id":"https:\/\/www.monlau.com\/fp\/ca\/2021\/03\/25\/ladministracio-de-les-bases-de-dades-javier-salvador\/#primaryimage"},"thumbnailUrl":"https:\/\/www.monlau.com\/app\/uploads\/sites\/3\/2026\/03\/MicrosoftTeams-image-5.jpg","datePublished":"2021-03-24T23:00:00+00:00","dateModified":"2026-03-10T09:03:32+00:00","breadcrumb":{"@id":"https:\/\/www.monlau.com\/fp\/ca\/2021\/03\/25\/ladministracio-de-les-bases-de-dades-javier-salvador\/#breadcrumb"},"inLanguage":"ca","potentialAction":[{"@type":"ReadAction","target":["https:\/\/www.monlau.com\/fp\/ca\/2021\/03\/25\/ladministracio-de-les-bases-de-dades-javier-salvador\/"]}]},{"@type":"ImageObject","inLanguage":"ca","@id":"https:\/\/www.monlau.com\/fp\/ca\/2021\/03\/25\/ladministracio-de-les-bases-de-dades-javier-salvador\/#primaryimage","url":"https:\/\/www.monlau.com\/app\/uploads\/sites\/3\/2026\/03\/MicrosoftTeams-image-5.jpg","contentUrl":"https:\/\/www.monlau.com\/app\/uploads\/sites\/3\/2026\/03\/MicrosoftTeams-image-5.jpg","width":1085,"height":610},{"@type":"BreadcrumbList","@id":"https:\/\/www.monlau.com\/fp\/ca\/2021\/03\/25\/ladministracio-de-les-bases-de-dades-javier-salvador\/#breadcrumb","itemListElement":[{"@type":"ListItem","position":1,"name":"Portada","item":"https:\/\/www.monlau.com\/fp\/ca\/inici\/"},{"@type":"ListItem","position":2,"name":"L&#8217;administraci\u00f3 de les bases de dades \u2013 Javier Salvador"}]},{"@type":"WebSite","@id":"https:\/\/www.monlau.com\/fp\/ca\/#website","url":"https:\/\/www.monlau.com\/fp\/ca\/","name":"Formaci\u00f3n profesional","description":"Monlau","publisher":{"@id":"https:\/\/www.monlau.com\/fp\/ca\/#organization"},"potentialAction":[{"@type":"SearchAction","target":{"@type":"EntryPoint","urlTemplate":"https:\/\/www.monlau.com\/fp\/ca\/?s={search_term_string}"},"query-input":{"@type":"PropertyValueSpecification","valueRequired":true,"valueName":"search_term_string"}}],"inLanguage":"ca"},{"@type":"Organization","@id":"https:\/\/www.monlau.com\/fp\/ca\/#organization","name":"Formaci\u00f3n profesional","url":"https:\/\/www.monlau.com\/fp\/ca\/","logo":{"@type":"ImageObject","inLanguage":"ca","@id":"https:\/\/www.monlau.com\/fp\/ca\/#\/schema\/logo\/image\/","url":"https:\/\/www.monlau.com\/app\/uploads\/sites\/3\/2026\/01\/fp.png","contentUrl":"https:\/\/www.monlau.com\/app\/uploads\/sites\/3\/2026\/01\/fp.png","width":1024,"height":878,"caption":"Formaci\u00f3n profesional"},"image":{"@id":"https:\/\/www.monlau.com\/fp\/ca\/#\/schema\/logo\/image\/"}},{"@type":"Person","@id":"https:\/\/www.monlau.com\/fp\/ca\/#\/schema\/person\/419cfdf054323e24e0a2ef1d8597f051","name":"adsmurai","image":{"@type":"ImageObject","inLanguage":"ca","@id":"https:\/\/secure.gravatar.com\/avatar\/0748788578f91786454454fa3b4c295644edb991ad6caadc70b41d26790d38fc?s=96&d=mm&r=g","url":"https:\/\/secure.gravatar.com\/avatar\/0748788578f91786454454fa3b4c295644edb991ad6caadc70b41d26790d38fc?s=96&d=mm&r=g","contentUrl":"https:\/\/secure.gravatar.com\/avatar\/0748788578f91786454454fa3b4c295644edb991ad6caadc70b41d26790d38fc?s=96&d=mm&r=g","caption":"adsmurai"},"sameAs":["https:\/\/www.monlau.com"],"url":"https:\/\/www.monlau.com\/fp\/ca\/author\/adsmurai\/"}]}},"_links":{"self":[{"href":"https:\/\/www.monlau.com\/fp\/ca\/wp-json\/wp\/v2\/posts\/6189","targetHints":{"allow":["GET"]}}],"collection":[{"href":"https:\/\/www.monlau.com\/fp\/ca\/wp-json\/wp\/v2\/posts"}],"about":[{"href":"https:\/\/www.monlau.com\/fp\/ca\/wp-json\/wp\/v2\/types\/post"}],"author":[{"embeddable":true,"href":"https:\/\/www.monlau.com\/fp\/ca\/wp-json\/wp\/v2\/users\/1"}],"replies":[{"embeddable":true,"href":"https:\/\/www.monlau.com\/fp\/ca\/wp-json\/wp\/v2\/comments?post=6189"}],"version-history":[{"count":1,"href":"https:\/\/www.monlau.com\/fp\/ca\/wp-json\/wp\/v2\/posts\/6189\/revisions"}],"predecessor-version":[{"id":6462,"href":"https:\/\/www.monlau.com\/fp\/ca\/wp-json\/wp\/v2\/posts\/6189\/revisions\/6462"}],"wp:featuredmedia":[{"embeddable":true,"href":"https:\/\/www.monlau.com\/fp\/ca\/wp-json\/wp\/v2\/media\/3463"}],"wp:attachment":[{"href":"https:\/\/www.monlau.com\/fp\/ca\/wp-json\/wp\/v2\/media?parent=6189"}],"wp:term":[{"taxonomy":"category","embeddable":true,"href":"https:\/\/www.monlau.com\/fp\/ca\/wp-json\/wp\/v2\/categories?post=6189"},{"taxonomy":"post_tag","embeddable":true,"href":"https:\/\/www.monlau.com\/fp\/ca\/wp-json\/wp\/v2\/tags?post=6189"}],"curies":[{"name":"wp","href":"https:\/\/api.w.org\/{rel}","templated":true}]}}