{"id":6186,"date":"2021-04-13T00:00:00","date_gmt":"2021-04-12T22:00:00","guid":{"rendered":"https:\/\/www.monlau.com\/formacion-profesional\/carlos-diaz-noves-professions-del-marketing\/"},"modified":"2026-03-10T10:03:32","modified_gmt":"2026-03-10T09:03:32","slug":"carlos-diaz-noves-professions-del-marketing","status":"publish","type":"post","link":"https:\/\/www.monlau.com\/fp\/ca\/2021\/04\/13\/carlos-diaz-noves-professions-del-marketing\/","title":{"rendered":"Carlos D\u00edaz- Noves professions del Marketing"},"content":{"rendered":"<p>Ell es Carlos D\u00edaz, <strong>professor del <a href=\"https:\/\/www.monlau.com\/formacio-professional\/cursos\/grau-superior-marketing-publicitat\/?lang=ca\">cicle formatiu de grau superior de M\u00e0rqueting i Publicitat<\/a> i responsable de l&#8217;\u00e0rea<\/strong> i ens explica la preparaci\u00f3 que reben els alumnes de M\u00e0rqueting i Publicitat per a convertir-se en professionals del sector d&#8217;acord amb la demanda actual.<\/p>\n<p>Avui dia estem en l&#8217;entorn m\u00e9s canviant de la <strong>hist\u00f2ria mai abans tot havia evolucionat tan r\u00e0pid<\/strong> i el M\u00e0rqueting i la Publicitat no anava a quedar-se fora d&#8217;aquest canvi. <strong>El 70% dels treballs que avui no existeixen estan enfocats a gent t\u00e8cnica,<\/strong> com la gent que fa cicles formatius de grau superior el m\u00f3n necessita t\u00e8cnics i aquests han d&#8217;estar formats de la millor manera possible. <strong>Aquesta \u00e9s la labor que es fa des de Monlau<\/strong>, ensenyant a que els nostres alumnes adaptin les seves habilitats al que demanda el mercat.<\/p>\n<p><strong>Al primer curs <\/strong>s&#8217;imparteixen assignatures com a <strong>M\u00e0rqueting Digital, Recerca comercial, Angl\u00e8s, Disseny i publicitat de materials de comunicaci\u00f3\u2026<\/strong> I s&#8217;estudia al mat\u00ed.<\/p>\n<p>Mentre que en el segon curs treballen Gesti\u00f3 econ\u00f2mica i financera de l&#8217;empresa, llan\u00e7ament de productes i serveis, mitjans de comunicaci\u00f3, relacions p\u00fabliques i organitzaci\u00f3 d&#8217;esdeveniments entre altres i s&#8217;estudia a la tarda.<\/p>\n<p><strong>L&#8217;avantatge d&#8217;aquest cicle de grau superior <\/strong>\u00e9s que es tracta d&#8217;un cicle amb un clar enfocament en l&#8217;adquisici\u00f3 de coneixements i compet\u00e8ncies pr\u00e0ctiques on es treballa per projectes i la major part del temps en equip. D&#8217;aquesta manera aprenen a tenir un alt nivell d&#8217;adaptabilitat a l&#8217;hora de treballar amb persones de tota mena. <strong>Tamb\u00e9 reben seminaris de Professionals especialitzats en actiu<\/strong> que col\u00b7laboren amb la formaci\u00f3 dels nostres alumnes. Pots estudiar aquest cicle tant <strong>en modalitat presencial com online a trav\u00e9s de Linkia.<\/strong><\/p>\n<p>Podr\u00e0s endinsar-te en el m\u00f3n laboral o en llocs com:<\/p>\n<ul>\n<li>T\u00e8cnic de m\u00e0rqueting i publicitat (Community Manager, Copywriter\u2026)<\/li>\n<li>Especialista en anal\u00edtica web<\/li>\n<li>T\u00e8cnic en relacions p\u00fabliques<\/li>\n<li>T\u00e8cnic en planificaci\u00f3 de mitjans i publicitat (SEM)<\/li>\n<li>T\u00e8cnic en estudis de mercat en opini\u00f3 p\u00fablica<\/li>\n<\/ul>\n<p><strong>A m\u00e9s tindr\u00e0s acc\u00e9s a la Universitat<\/strong>, especialment en graus de comunicaci\u00f3 audiovisual, periodisme i comunicaci\u00f3 corporativa, publicitat i relacions p\u00fabliques.<\/p>\n<h3>Vols m\u00e9s informaci\u00f3?<\/h3>\n<p>Si aquestes interessat a rebre m\u00e9s informaci\u00f3 sobre el cicle formatiu de grau superior de M\u00e0rqueting i Publicitat, emplena el seg\u00fcent formulari i contactarem amb tu al m\u00e9s aviat possible per a resoldre els teus dubtes.<br \/>\n[contact-form-7 id=&#8221;8551&#8243; title=&#8221;Informaci\u00f3 general CAT&#8221;]<\/p>\n","protected":false},"excerpt":{"rendered":"<p>Ell es Carlos D\u00edaz, professor del cicle formatiu de grau superior de M\u00e0rqueting i Publicitat i responsable de l&#8217;\u00e0rea i ens explica la preparaci\u00f3 que reben els alumnes de M\u00e0rqueting i Publicitat per a convertir-se en professionals del sector d&#8217;acord amb la demanda actual. Avui dia estem en l&#8217;entorn m\u00e9s canviant de la hist\u00f2ria mai [&hellip;]<\/p>\n","protected":false},"author":1,"featured_media":3457,"comment_status":"closed","ping_status":"closed","sticky":false,"template":"","format":"standard","meta":{"footnotes":""},"categories":[256],"tags":[345,294,391,386,312,265,302,281,298],"class_list":["post-6186","post","type-post","status-publish","format-standard","has-post-thumbnail","hentry","category-empresa-i-marqueting","tag-covid-19","tag-empresas","tag-estudios-profesionales","tag-estudis-professionals","tag-grau-superior","tag-hard-skills","tag-marqueting-i-publicitat","tag-monlau","tag-necessitats"],"yoast_head":"<!-- This site is optimized with the Yoast SEO plugin v27.2 - https:\/\/yoast.com\/product\/yoast-seo-wordpress\/ -->\n<title>Carlos D\u00edaz- Noves professions del Marketing - Formaci\u00f3n profesional<\/title>\n<meta name=\"robots\" content=\"index, follow, max-snippet:-1, max-image-preview:large, max-video-preview:-1\" \/>\n<link rel=\"canonical\" href=\"https:\/\/www.monlau.com\/fp\/ca\/2021\/04\/13\/carlos-diaz-noves-professions-del-marketing\/\" \/>\n<meta property=\"og:locale\" content=\"ca_ES\" \/>\n<meta property=\"og:type\" content=\"article\" \/>\n<meta property=\"og:title\" content=\"Carlos D\u00edaz- Noves professions del Marketing - Formaci\u00f3n profesional\" \/>\n<meta property=\"og:description\" content=\"Ell es Carlos D\u00edaz, professor del cicle formatiu de grau superior de M\u00e0rqueting i Publicitat i responsable de l&#8217;\u00e0rea i ens explica la preparaci\u00f3 que reben els alumnes de M\u00e0rqueting i Publicitat per a convertir-se en professionals del sector d&#8217;acord amb la demanda actual. Avui dia estem en l&#8217;entorn m\u00e9s canviant de la hist\u00f2ria mai [&hellip;]\" \/>\n<meta property=\"og:url\" content=\"https:\/\/www.monlau.com\/fp\/ca\/2021\/04\/13\/carlos-diaz-noves-professions-del-marketing\/\" \/>\n<meta property=\"og:site_name\" content=\"Formaci\u00f3n profesional\" \/>\n<meta property=\"article:published_time\" content=\"2021-04-12T22:00:00+00:00\" \/>\n<meta property=\"article:modified_time\" content=\"2026-03-10T09:03:32+00:00\" \/>\n<meta property=\"og:image\" content=\"https:\/\/www.monlau.com\/app\/uploads\/sites\/3\/2026\/03\/Carlos-Diaz-nuevas-profesiones-del-Marketing-blog-cat.jpg\" \/>\n\t<meta property=\"og:image:width\" content=\"1085\" \/>\n\t<meta property=\"og:image:height\" content=\"610\" \/>\n\t<meta property=\"og:image:type\" content=\"image\/jpeg\" \/>\n<meta name=\"author\" content=\"adsmurai\" \/>\n<meta name=\"twitter:card\" content=\"summary_large_image\" \/>\n<meta name=\"twitter:label1\" content=\"Escrit per\" \/>\n\t<meta name=\"twitter:data1\" content=\"adsmurai\" \/>\n\t<meta name=\"twitter:label2\" content=\"Temps estimat de lectura\" \/>\n\t<meta name=\"twitter:data2\" content=\"2 minuts\" \/>\n<script type=\"application\/ld+json\" class=\"yoast-schema-graph\">{\"@context\":\"https:\/\/schema.org\",\"@graph\":[{\"@type\":\"Article\",\"@id\":\"https:\/\/www.monlau.com\/fp\/ca\/2021\/04\/13\/carlos-diaz-noves-professions-del-marketing\/#article\",\"isPartOf\":{\"@id\":\"https:\/\/www.monlau.com\/fp\/ca\/2021\/04\/13\/carlos-diaz-noves-professions-del-marketing\/\"},\"author\":{\"name\":\"adsmurai\",\"@id\":\"https:\/\/www.monlau.com\/fp\/ca\/#\/schema\/person\/419cfdf054323e24e0a2ef1d8597f051\"},\"headline\":\"Carlos D\u00edaz- Noves professions del Marketing\",\"datePublished\":\"2021-04-12T22:00:00+00:00\",\"dateModified\":\"2026-03-10T09:03:32+00:00\",\"mainEntityOfPage\":{\"@id\":\"https:\/\/www.monlau.com\/fp\/ca\/2021\/04\/13\/carlos-diaz-noves-professions-del-marketing\/\"},\"wordCount\":445,\"publisher\":{\"@id\":\"https:\/\/www.monlau.com\/fp\/ca\/#organization\"},\"image\":{\"@id\":\"https:\/\/www.monlau.com\/fp\/ca\/2021\/04\/13\/carlos-diaz-noves-professions-del-marketing\/#primaryimage\"},\"thumbnailUrl\":\"https:\/\/www.monlau.com\/app\/uploads\/sites\/3\/2026\/03\/Carlos-Diaz-nuevas-profesiones-del-Marketing-blog-cat.jpg\",\"keywords\":[\"covid-19\",\"empresas\",\"estudios profesionales\",\"estudis professionals\",\"Grau Superior\",\"hard skills\",\"M\u00e0rqueting i Publicitat\",\"Monlau\",\"necessitats\"],\"articleSection\":[\"Empresa i M\u00e0rqueting\"],\"inLanguage\":\"ca\"},{\"@type\":\"WebPage\",\"@id\":\"https:\/\/www.monlau.com\/fp\/ca\/2021\/04\/13\/carlos-diaz-noves-professions-del-marketing\/\",\"url\":\"https:\/\/www.monlau.com\/fp\/ca\/2021\/04\/13\/carlos-diaz-noves-professions-del-marketing\/\",\"name\":\"Carlos D\u00edaz- Noves professions del Marketing - Formaci\u00f3n profesional\",\"isPartOf\":{\"@id\":\"https:\/\/www.monlau.com\/fp\/ca\/#website\"},\"primaryImageOfPage\":{\"@id\":\"https:\/\/www.monlau.com\/fp\/ca\/2021\/04\/13\/carlos-diaz-noves-professions-del-marketing\/#primaryimage\"},\"image\":{\"@id\":\"https:\/\/www.monlau.com\/fp\/ca\/2021\/04\/13\/carlos-diaz-noves-professions-del-marketing\/#primaryimage\"},\"thumbnailUrl\":\"https:\/\/www.monlau.com\/app\/uploads\/sites\/3\/2026\/03\/Carlos-Diaz-nuevas-profesiones-del-Marketing-blog-cat.jpg\",\"datePublished\":\"2021-04-12T22:00:00+00:00\",\"dateModified\":\"2026-03-10T09:03:32+00:00\",\"breadcrumb\":{\"@id\":\"https:\/\/www.monlau.com\/fp\/ca\/2021\/04\/13\/carlos-diaz-noves-professions-del-marketing\/#breadcrumb\"},\"inLanguage\":\"ca\",\"potentialAction\":[{\"@type\":\"ReadAction\",\"target\":[\"https:\/\/www.monlau.com\/fp\/ca\/2021\/04\/13\/carlos-diaz-noves-professions-del-marketing\/\"]}]},{\"@type\":\"ImageObject\",\"inLanguage\":\"ca\",\"@id\":\"https:\/\/www.monlau.com\/fp\/ca\/2021\/04\/13\/carlos-diaz-noves-professions-del-marketing\/#primaryimage\",\"url\":\"https:\/\/www.monlau.com\/app\/uploads\/sites\/3\/2026\/03\/Carlos-Diaz-nuevas-profesiones-del-Marketing-blog-cat.jpg\",\"contentUrl\":\"https:\/\/www.monlau.com\/app\/uploads\/sites\/3\/2026\/03\/Carlos-Diaz-nuevas-profesiones-del-Marketing-blog-cat.jpg\",\"width\":1085,\"height\":610},{\"@type\":\"BreadcrumbList\",\"@id\":\"https:\/\/www.monlau.com\/fp\/ca\/2021\/04\/13\/carlos-diaz-noves-professions-del-marketing\/#breadcrumb\",\"itemListElement\":[{\"@type\":\"ListItem\",\"position\":1,\"name\":\"Portada\",\"item\":\"https:\/\/www.monlau.com\/fp\/ca\/inici\/\"},{\"@type\":\"ListItem\",\"position\":2,\"name\":\"Carlos D\u00edaz- Noves professions del Marketing\"}]},{\"@type\":\"WebSite\",\"@id\":\"https:\/\/www.monlau.com\/fp\/ca\/#website\",\"url\":\"https:\/\/www.monlau.com\/fp\/ca\/\",\"name\":\"Formaci\u00f3n profesional\",\"description\":\"Monlau\",\"publisher\":{\"@id\":\"https:\/\/www.monlau.com\/fp\/ca\/#organization\"},\"potentialAction\":[{\"@type\":\"SearchAction\",\"target\":{\"@type\":\"EntryPoint\",\"urlTemplate\":\"https:\/\/www.monlau.com\/fp\/ca\/?s={search_term_string}\"},\"query-input\":{\"@type\":\"PropertyValueSpecification\",\"valueRequired\":true,\"valueName\":\"search_term_string\"}}],\"inLanguage\":\"ca\"},{\"@type\":\"Organization\",\"@id\":\"https:\/\/www.monlau.com\/fp\/ca\/#organization\",\"name\":\"Formaci\u00f3n profesional\",\"url\":\"https:\/\/www.monlau.com\/fp\/ca\/\",\"logo\":{\"@type\":\"ImageObject\",\"inLanguage\":\"ca\",\"@id\":\"https:\/\/www.monlau.com\/fp\/ca\/#\/schema\/logo\/image\/\",\"url\":\"https:\/\/www.monlau.com\/app\/uploads\/sites\/3\/2026\/01\/fp.png\",\"contentUrl\":\"https:\/\/www.monlau.com\/app\/uploads\/sites\/3\/2026\/01\/fp.png\",\"width\":1024,\"height\":878,\"caption\":\"Formaci\u00f3n profesional\"},\"image\":{\"@id\":\"https:\/\/www.monlau.com\/fp\/ca\/#\/schema\/logo\/image\/\"}},{\"@type\":\"Person\",\"@id\":\"https:\/\/www.monlau.com\/fp\/ca\/#\/schema\/person\/419cfdf054323e24e0a2ef1d8597f051\",\"name\":\"adsmurai\",\"image\":{\"@type\":\"ImageObject\",\"inLanguage\":\"ca\",\"@id\":\"https:\/\/secure.gravatar.com\/avatar\/0748788578f91786454454fa3b4c295644edb991ad6caadc70b41d26790d38fc?s=96&d=mm&r=g\",\"url\":\"https:\/\/secure.gravatar.com\/avatar\/0748788578f91786454454fa3b4c295644edb991ad6caadc70b41d26790d38fc?s=96&d=mm&r=g\",\"contentUrl\":\"https:\/\/secure.gravatar.com\/avatar\/0748788578f91786454454fa3b4c295644edb991ad6caadc70b41d26790d38fc?s=96&d=mm&r=g\",\"caption\":\"adsmurai\"},\"sameAs\":[\"https:\/\/www.monlau.com\"],\"url\":\"https:\/\/www.monlau.com\/fp\/ca\/author\/adsmurai\/\"}]}<\/script>\n<!-- \/ Yoast SEO plugin. -->","yoast_head_json":{"title":"Carlos D\u00edaz- Noves professions del Marketing - Formaci\u00f3n profesional","robots":{"index":"index","follow":"follow","max-snippet":"max-snippet:-1","max-image-preview":"max-image-preview:large","max-video-preview":"max-video-preview:-1"},"canonical":"https:\/\/www.monlau.com\/fp\/ca\/2021\/04\/13\/carlos-diaz-noves-professions-del-marketing\/","og_locale":"ca_ES","og_type":"article","og_title":"Carlos D\u00edaz- Noves professions del Marketing - Formaci\u00f3n profesional","og_description":"Ell es Carlos D\u00edaz, professor del cicle formatiu de grau superior de M\u00e0rqueting i Publicitat i responsable de l&#8217;\u00e0rea i ens explica la preparaci\u00f3 que reben els alumnes de M\u00e0rqueting i Publicitat per a convertir-se en professionals del sector d&#8217;acord amb la demanda actual. Avui dia estem en l&#8217;entorn m\u00e9s canviant de la hist\u00f2ria mai [&hellip;]","og_url":"https:\/\/www.monlau.com\/fp\/ca\/2021\/04\/13\/carlos-diaz-noves-professions-del-marketing\/","og_site_name":"Formaci\u00f3n profesional","article_published_time":"2021-04-12T22:00:00+00:00","article_modified_time":"2026-03-10T09:03:32+00:00","og_image":[{"width":1085,"height":610,"url":"https:\/\/www.monlau.com\/app\/uploads\/sites\/3\/2026\/03\/Carlos-Diaz-nuevas-profesiones-del-Marketing-blog-cat.jpg","type":"image\/jpeg"}],"author":"adsmurai","twitter_card":"summary_large_image","twitter_misc":{"Escrit per":"adsmurai","Temps estimat de lectura":"2 minuts"},"schema":{"@context":"https:\/\/schema.org","@graph":[{"@type":"Article","@id":"https:\/\/www.monlau.com\/fp\/ca\/2021\/04\/13\/carlos-diaz-noves-professions-del-marketing\/#article","isPartOf":{"@id":"https:\/\/www.monlau.com\/fp\/ca\/2021\/04\/13\/carlos-diaz-noves-professions-del-marketing\/"},"author":{"name":"adsmurai","@id":"https:\/\/www.monlau.com\/fp\/ca\/#\/schema\/person\/419cfdf054323e24e0a2ef1d8597f051"},"headline":"Carlos D\u00edaz- Noves professions del Marketing","datePublished":"2021-04-12T22:00:00+00:00","dateModified":"2026-03-10T09:03:32+00:00","mainEntityOfPage":{"@id":"https:\/\/www.monlau.com\/fp\/ca\/2021\/04\/13\/carlos-diaz-noves-professions-del-marketing\/"},"wordCount":445,"publisher":{"@id":"https:\/\/www.monlau.com\/fp\/ca\/#organization"},"image":{"@id":"https:\/\/www.monlau.com\/fp\/ca\/2021\/04\/13\/carlos-diaz-noves-professions-del-marketing\/#primaryimage"},"thumbnailUrl":"https:\/\/www.monlau.com\/app\/uploads\/sites\/3\/2026\/03\/Carlos-Diaz-nuevas-profesiones-del-Marketing-blog-cat.jpg","keywords":["covid-19","empresas","estudios profesionales","estudis professionals","Grau Superior","hard skills","M\u00e0rqueting i Publicitat","Monlau","necessitats"],"articleSection":["Empresa i M\u00e0rqueting"],"inLanguage":"ca"},{"@type":"WebPage","@id":"https:\/\/www.monlau.com\/fp\/ca\/2021\/04\/13\/carlos-diaz-noves-professions-del-marketing\/","url":"https:\/\/www.monlau.com\/fp\/ca\/2021\/04\/13\/carlos-diaz-noves-professions-del-marketing\/","name":"Carlos D\u00edaz- Noves professions del Marketing - Formaci\u00f3n profesional","isPartOf":{"@id":"https:\/\/www.monlau.com\/fp\/ca\/#website"},"primaryImageOfPage":{"@id":"https:\/\/www.monlau.com\/fp\/ca\/2021\/04\/13\/carlos-diaz-noves-professions-del-marketing\/#primaryimage"},"image":{"@id":"https:\/\/www.monlau.com\/fp\/ca\/2021\/04\/13\/carlos-diaz-noves-professions-del-marketing\/#primaryimage"},"thumbnailUrl":"https:\/\/www.monlau.com\/app\/uploads\/sites\/3\/2026\/03\/Carlos-Diaz-nuevas-profesiones-del-Marketing-blog-cat.jpg","datePublished":"2021-04-12T22:00:00+00:00","dateModified":"2026-03-10T09:03:32+00:00","breadcrumb":{"@id":"https:\/\/www.monlau.com\/fp\/ca\/2021\/04\/13\/carlos-diaz-noves-professions-del-marketing\/#breadcrumb"},"inLanguage":"ca","potentialAction":[{"@type":"ReadAction","target":["https:\/\/www.monlau.com\/fp\/ca\/2021\/04\/13\/carlos-diaz-noves-professions-del-marketing\/"]}]},{"@type":"ImageObject","inLanguage":"ca","@id":"https:\/\/www.monlau.com\/fp\/ca\/2021\/04\/13\/carlos-diaz-noves-professions-del-marketing\/#primaryimage","url":"https:\/\/www.monlau.com\/app\/uploads\/sites\/3\/2026\/03\/Carlos-Diaz-nuevas-profesiones-del-Marketing-blog-cat.jpg","contentUrl":"https:\/\/www.monlau.com\/app\/uploads\/sites\/3\/2026\/03\/Carlos-Diaz-nuevas-profesiones-del-Marketing-blog-cat.jpg","width":1085,"height":610},{"@type":"BreadcrumbList","@id":"https:\/\/www.monlau.com\/fp\/ca\/2021\/04\/13\/carlos-diaz-noves-professions-del-marketing\/#breadcrumb","itemListElement":[{"@type":"ListItem","position":1,"name":"Portada","item":"https:\/\/www.monlau.com\/fp\/ca\/inici\/"},{"@type":"ListItem","position":2,"name":"Carlos D\u00edaz- Noves professions del Marketing"}]},{"@type":"WebSite","@id":"https:\/\/www.monlau.com\/fp\/ca\/#website","url":"https:\/\/www.monlau.com\/fp\/ca\/","name":"Formaci\u00f3n profesional","description":"Monlau","publisher":{"@id":"https:\/\/www.monlau.com\/fp\/ca\/#organization"},"potentialAction":[{"@type":"SearchAction","target":{"@type":"EntryPoint","urlTemplate":"https:\/\/www.monlau.com\/fp\/ca\/?s={search_term_string}"},"query-input":{"@type":"PropertyValueSpecification","valueRequired":true,"valueName":"search_term_string"}}],"inLanguage":"ca"},{"@type":"Organization","@id":"https:\/\/www.monlau.com\/fp\/ca\/#organization","name":"Formaci\u00f3n profesional","url":"https:\/\/www.monlau.com\/fp\/ca\/","logo":{"@type":"ImageObject","inLanguage":"ca","@id":"https:\/\/www.monlau.com\/fp\/ca\/#\/schema\/logo\/image\/","url":"https:\/\/www.monlau.com\/app\/uploads\/sites\/3\/2026\/01\/fp.png","contentUrl":"https:\/\/www.monlau.com\/app\/uploads\/sites\/3\/2026\/01\/fp.png","width":1024,"height":878,"caption":"Formaci\u00f3n profesional"},"image":{"@id":"https:\/\/www.monlau.com\/fp\/ca\/#\/schema\/logo\/image\/"}},{"@type":"Person","@id":"https:\/\/www.monlau.com\/fp\/ca\/#\/schema\/person\/419cfdf054323e24e0a2ef1d8597f051","name":"adsmurai","image":{"@type":"ImageObject","inLanguage":"ca","@id":"https:\/\/secure.gravatar.com\/avatar\/0748788578f91786454454fa3b4c295644edb991ad6caadc70b41d26790d38fc?s=96&d=mm&r=g","url":"https:\/\/secure.gravatar.com\/avatar\/0748788578f91786454454fa3b4c295644edb991ad6caadc70b41d26790d38fc?s=96&d=mm&r=g","contentUrl":"https:\/\/secure.gravatar.com\/avatar\/0748788578f91786454454fa3b4c295644edb991ad6caadc70b41d26790d38fc?s=96&d=mm&r=g","caption":"adsmurai"},"sameAs":["https:\/\/www.monlau.com"],"url":"https:\/\/www.monlau.com\/fp\/ca\/author\/adsmurai\/"}]}},"_links":{"self":[{"href":"https:\/\/www.monlau.com\/fp\/ca\/wp-json\/wp\/v2\/posts\/6186","targetHints":{"allow":["GET"]}}],"collection":[{"href":"https:\/\/www.monlau.com\/fp\/ca\/wp-json\/wp\/v2\/posts"}],"about":[{"href":"https:\/\/www.monlau.com\/fp\/ca\/wp-json\/wp\/v2\/types\/post"}],"author":[{"embeddable":true,"href":"https:\/\/www.monlau.com\/fp\/ca\/wp-json\/wp\/v2\/users\/1"}],"replies":[{"embeddable":true,"href":"https:\/\/www.monlau.com\/fp\/ca\/wp-json\/wp\/v2\/comments?post=6186"}],"version-history":[{"count":1,"href":"https:\/\/www.monlau.com\/fp\/ca\/wp-json\/wp\/v2\/posts\/6186\/revisions"}],"predecessor-version":[{"id":6458,"href":"https:\/\/www.monlau.com\/fp\/ca\/wp-json\/wp\/v2\/posts\/6186\/revisions\/6458"}],"wp:featuredmedia":[{"embeddable":true,"href":"https:\/\/www.monlau.com\/fp\/ca\/wp-json\/wp\/v2\/media\/3457"}],"wp:attachment":[{"href":"https:\/\/www.monlau.com\/fp\/ca\/wp-json\/wp\/v2\/media?parent=6186"}],"wp:term":[{"taxonomy":"category","embeddable":true,"href":"https:\/\/www.monlau.com\/fp\/ca\/wp-json\/wp\/v2\/categories?post=6186"},{"taxonomy":"post_tag","embeddable":true,"href":"https:\/\/www.monlau.com\/fp\/ca\/wp-json\/wp\/v2\/tags?post=6186"}],"curies":[{"name":"wp","href":"https:\/\/api.w.org\/{rel}","templated":true}]}}